{"id":1019,"date":"2022-12-12T12:55:00","date_gmt":"2022-12-12T12:55:00","guid":{"rendered":""},"modified":"2022-12-14T08:24:33","modified_gmt":"2022-12-14T08:24:33","slug":"regionscrossmeisterschaften-in-essen","status":"publish","type":"post","link":"https:\/\/www.psv-wuppertal-leichtathletik.de\/?p=1019","title":{"rendered":"Regionscrossmeisterschaften in Essen &#8211; Werden"},"content":{"rendered":"<div><\/div>\n<div style=\"text-align: center;\"><b><span style=\"font-size: large;\">Crosslaufmeitstertitel f\u00fcr den PSV Wuppertal<\/span><\/b><\/div>\n<div style=\"text-align: left;\"><b><span style=\"font-size: large;\"><br \/><\/span><\/b><\/div>\n<div style=\"text-align: left;\"><span style=\"font-size: medium;\"><b>Der PSV startete am gestrigen Sonntag bei den Regionsmeisterschaften im Crosslauf in Essen. An der sch\u00f6nen Laufstrecke an der Ruhr wurden den Athleten auf der Strecke alles abverlangt. Die U14 musste \u00fcber 2000m und die U 16 \u00fcber 2600m gehen. Ivan Solodkyi war vom Start weg in der Spitzengruppe und konnte sich am Ende als Erster das Ziel durchlaufen. In einem gleichm\u00e4\u00dfigen Lauf holte sich Jannis Ruf im \u00e4lteren Jahrgang einen sch\u00f6nen 3. Platz. Leider viel Nick Buckmann aus und so hatte meine leider keine Mannschaft mehr. Bei der U16 lief Lucian Unverzagt trotz eines Sturzes ein tolles Rennen und holte sich den Regionstitel. Sein Vereinsfreund Tim Fiedrich konnte trotz starker Erk\u00e4ltung nach tollem Kampf Platz 2 erzielen. Jarno Voth hatte Leistenschmerzen und Luftprobleme. Er k\u00e4mpfte sich jedoch f\u00fcr die Mannschaftswertung \u00fcber die Strecke und holte mit seiner&nbsp; Truppe den Vizetitel. Geschlagen wurden die Drei nur vom \u00e4lteren Jahrgang aus D\u00fcsseldorf. Justus Ehser lief ein gleichm\u00e4\u00dfiges Tempo und sammelte weiter Wettkampferfahrung.<\/p>\n<table align=\"center\" cellpadding=\"0\" cellspacing=\"0\" class=\"tr-caption-container\" style=\"float: left; margin-right: 1em; text-align: left;\">\n<tbody>\n<tr>\n<td style=\"text-align: center;\"><a href=\"https:\/\/blogger.googleusercontent.com\/img\/b\/R29vZ2xl\/AVvXsEgHNvxxpnnwJ4aIvK1ydpkFvro1mR41yN9aUDhIM0iqjsHDHtdAamkAH1V2EK4xQprOm-jS3bCRZjJ3dZfO98En2UqgApB6pnVksWKlfuCmFk3BDkj8P1aXPqIQWR9_XrSt8qt-auiJsxRA1Y0Ol4UnM_wwRAWX5f4qdgX0N79iQY8PUipwgHwHl2ctrg\/s4160\/IMG_20221211_112654.jpg\" imageanchor=\"1\" style=\"font-weight: 400; margin-left: auto; margin-right: auto;\"><img fetchpriority=\"high\" fetchpriority=\"high\" decoding=\"async\" border=\"0\" data-original-height=\"4160\" data-original-width=\"3120\" height=\"320\" src=\"https:\/\/www.psv-wuppertal-leichtathletik.de\/wp-content\/uploads\/2022\/12\/IMG_20221211_112654.jpg\" class=\"wp-image-1020\" width=\"240\" \/><\/a><\/td>\n<\/tr>\n<tr>\n<td class=\"tr-caption\" style=\"text-align: center;\"><b>Jannis u. Ivan beim Start<\/b><\/td>\n<\/tr>\n<\/tbody>\n<\/table>\n<div style=\"text-align: left;\"><span style=\"font-size: medium;\"><b><br \/><\/b><\/span><\/div>\n<table align=\"center\" cellpadding=\"0\" cellspacing=\"0\" class=\"tr-caption-container\" style=\"margin-left: auto; margin-right: auto;\">\n<tbody>\n<tr>\n<td style=\"text-align: center;\"><a href=\"https:\/\/blogger.googleusercontent.com\/img\/b\/R29vZ2xl\/AVvXsEhMUSOue0t-6tD46RnOxxcTVHRBqSftNTcswNpkrzKsneuWHgcvYfwUnrnwp4fFcdWGYOU1CsYJny9N7pwSWKOivKtfT0JtiC4FB1D6r9-U5sqDz-g3-EYXZukAZWRoksvjEJbYim2lBZG72Kl4gKnP8W8R4gMUMB24wJwH_hUbVdl98oFVnNr82m4gVg\/s4160\/IMG_20221211_113000.jpg\" imageanchor=\"1\" style=\"font-weight: 400; margin-left: auto; margin-right: auto; text-align: center;\"><img decoding=\"async\" border=\"0\" data-original-height=\"3120\" data-original-width=\"4160\" height=\"300\" src=\"https:\/\/www.psv-wuppertal-leichtathletik.de\/wp-content\/uploads\/2022\/12\/IMG_20221211_113000.jpg\" class=\"wp-image-1021\" width=\"400\" \/><\/a><\/td>\n<\/tr>\n<tr>\n<td class=\"tr-caption\" style=\"text-align: center;\"><b>Starterfeld kurz vor dem Rennen<\/b><\/td>\n<\/tr>\n<\/tbody>\n<\/table>\n<div style=\"text-align: left;\"><span style=\"font-size: medium;\"><b><br \/><\/b><\/span><\/div>\n<div style=\"text-align: left;\"><\/div>\n<p><\/b><\/p>\n<table align=\"center\" cellpadding=\"0\" cellspacing=\"0\" class=\"tr-caption-container\" style=\"float: left; margin-right: 1em; text-align: left;\">\n<tbody>\n<tr>\n<td style=\"text-align: center;\"><a href=\"https:\/\/blogger.googleusercontent.com\/img\/b\/R29vZ2xl\/AVvXsEhfNt45jVUhFzrLfAX_11jew37sygwzmxiqDF_QLqAc3TrdZz35W8mEFMNznl-AqluNL-QGojbWEABMBODmsSOqv0dR9xVJB7ysnyI3EszSAqVjyTL-cwxsNa5W4VJtplGlCordPDr0M5XB8-1npIGVmR5R5DtfcADkbPU2Y1nOfgz69_iq9xdsBswV_g\/s4160\/IMG_20221211_113014.jpg\" imageanchor=\"1\" style=\"margin-left: auto; margin-right: auto;\"><img decoding=\"async\" border=\"0\" data-original-height=\"3120\" data-original-width=\"4160\" height=\"240\" src=\"https:\/\/www.psv-wuppertal-leichtathletik.de\/wp-content\/uploads\/2022\/12\/IMG_20221211_113014.jpg\" class=\"wp-image-1022\" width=\"320\" \/><\/a><\/td>\n<\/tr>\n<tr>\n<td class=\"tr-caption\" style=\"text-align: center;\"><b>Jannis Ruf<\/b><\/td>\n<\/tr>\n<\/tbody>\n<\/table>\n<p><\/p>\n<table align=\"center\" cellpadding=\"0\" cellspacing=\"0\" class=\"tr-caption-container\" style=\"margin-left: auto; margin-right: auto;\">\n<tbody>\n<tr>\n<td style=\"text-align: center;\"><a href=\"https:\/\/blogger.googleusercontent.com\/img\/b\/R29vZ2xl\/AVvXsEiRKMTTTNXmTNm-pdPp5Z_eJz1WH4089VwCcoL6x6RC1mtG187VfNv3ObfTbP1Ko6upW_V9mH_DFynSWOOQORDDAaRCFXBLP4tNrBFjL7oDfiAci0UsK6YMsSGTP6avHANuBfhSKaYswmbmxc1c21gdSYb7yNmyiPWshEIH6SeYFSK6G6UGSRRorT-_jw\/s4160\/IMG_20221211_121911.jpg\" imageanchor=\"1\" style=\"margin-left: auto; margin-right: auto;\"><img loading=\"lazy\" loading=\"lazy\" decoding=\"async\" border=\"0\" data-original-height=\"4160\" data-original-width=\"3120\" height=\"320\" src=\"https:\/\/www.psv-wuppertal-leichtathletik.de\/wp-content\/uploads\/2022\/12\/IMG_20221211_121911.jpg\" class=\"wp-image-1023\" width=\"240\" \/><\/a><\/td>\n<\/tr>\n<tr>\n<td class=\"tr-caption\" style=\"text-align: center;\"><b>Tim, Lucian, Jarno u. Justus<\/b><\/td>\n<\/tr>\n<\/tbody>\n<\/table>\n<p><\/span><\/p>\n<table align=\"center\" cellpadding=\"0\" cellspacing=\"0\" class=\"tr-caption-container\" style=\"float: right; margin-left: 1em; text-align: right;\">\n<tbody>\n<tr>\n<td style=\"text-align: center;\"><a href=\"https:\/\/blogger.googleusercontent.com\/img\/b\/R29vZ2xl\/AVvXsEj2szSB5ej5Jz7hqgZ5UronHRhxg6hLdXQnKc20ao5DauAuH7AZowrW0JT6OMv7wLaVzGpS4Nh5GBKLmiBAdrTz3qzBKd8wYbmOOiXDsCp9b9Iv3T8BDNB4n1WCzmR0LJBvUIYNYqlQjYPzZQREorpgDFeFVTYHgLwr85M5U89K2LlSexr30ghk5qWfYw\/s2048\/IMG-20221211-WA0014.jpg\" imageanchor=\"1\" style=\"margin-left: auto; margin-right: auto; text-align: center;\"><img loading=\"lazy\" loading=\"lazy\" decoding=\"async\" border=\"0\" data-original-height=\"2048\" data-original-width=\"1536\" height=\"320\" src=\"https:\/\/www.psv-wuppertal-leichtathletik.de\/wp-content\/uploads\/2022\/12\/IMG-20221211-WA0014.jpg\" class=\"wp-image-1024\" width=\"240\" \/><\/a><\/td>\n<\/tr>\n<tr>\n<td class=\"tr-caption\" style=\"text-align: center;\"><b>Jarno an der Ruhr<\/b><\/td>\n<\/tr>\n<\/tbody>\n<\/table>\n<p><span style=\"font-size: medium;\"><\/p>\n<table align=\"center\" cellpadding=\"0\" cellspacing=\"0\" class=\"tr-caption-container\" style=\"float: left; margin-right: 1em; text-align: left;\">\n<tbody>\n<tr>\n<td style=\"text-align: center;\"><a href=\"https:\/\/blogger.googleusercontent.com\/img\/b\/R29vZ2xl\/AVvXsEh4Zo8QPjuvQuq0vI2Im55DEuIQEzg0z8U7PGAeRqMrAROMu9IXh4LrwzrFV3hLUVxVY2qbYgqjDpZCQTYXdr2g2TkxO_SOTAIsXDmsoUdMoMz_lniYudfoNCa7nO9a_4_N8u92nR6KbKybeBue1ZHHG2S-7St9B-zOwadRGK_-eWoWKKBnn4nRMs_MBw\/s4160\/IMG_20221211_121951.jpg\" imageanchor=\"1\" style=\"margin-left: auto; margin-right: auto;\"><img loading=\"lazy\" loading=\"lazy\" decoding=\"async\" border=\"0\" data-original-height=\"3120\" data-original-width=\"4160\" height=\"240\" src=\"https:\/\/www.psv-wuppertal-leichtathletik.de\/wp-content\/uploads\/2022\/12\/IMG_20221211_121951.jpg\" class=\"wp-image-1025\" width=\"320\" \/><\/a><\/td>\n<\/tr>\n<tr>\n<td class=\"tr-caption\" style=\"text-align: center;\"><b>Starkes Starterfeld der U16<\/b><\/td>\n<\/tr>\n<\/tbody>\n<\/table>\n<p><\/span><span style=\"font-size: medium;\"><\/p>\n<div class=\"separator\" style=\"clear: both; text-align: left;\">\n<table align=\"center\" cellpadding=\"0\" cellspacing=\"0\" class=\"tr-caption-container\" style=\"float: right; margin-left: 1em; text-align: right;\">\n<tbody>\n<tr>\n<td style=\"text-align: center;\"><a href=\"https:\/\/blogger.googleusercontent.com\/img\/b\/R29vZ2xl\/AVvXsEg9-o_iQUjUafTqEXoXyfvvY6u6kHrvf--1YVjdzo8DZdNNAbZcVbgDMu8X3boLkLq9FksTHDIo393y2UptkuVLHtcRdemFMpPtrAyvynXf_NKFpgtvC7KGRqmfhVhAxq_l4SLzhxZtBYSWczp2MSNm7_O7FNGnUpsM-LDHdfiWeAECZsDeo3zfvtymiQ\/s2048\/IMG-20221211-WA0015.jpg\" imageanchor=\"1\" style=\"clear: left; margin-bottom: 1em; margin-left: auto; margin-right: auto; text-align: center;\"><img loading=\"lazy\" loading=\"lazy\" decoding=\"async\" border=\"0\" data-original-height=\"2048\" data-original-width=\"1536\" height=\"400\" src=\"https:\/\/www.psv-wuppertal-leichtathletik.de\/wp-content\/uploads\/2022\/12\/IMG-20221211-WA0015.jpg\" class=\"wp-image-1026\" width=\"300\" \/><\/a><\/td>\n<\/tr>\n<tr>\n<td class=\"tr-caption\" style=\"text-align: center;\"><b>Tim k\u00e4mpft um den Anschluss<\/b><\/td>\n<\/tr>\n<\/tbody>\n<\/table>\n<\/div>\n<p><\/span><span style=\"font-size: medium;\"><br \/><\/span><\/p>\n<table align=\"center\" cellpadding=\"0\" cellspacing=\"0\" class=\"tr-caption-container\" style=\"margin-left: auto; margin-right: auto;\">\n<tbody>\n<tr>\n<td style=\"text-align: center;\"><a href=\"https:\/\/blogger.googleusercontent.com\/img\/b\/R29vZ2xl\/AVvXsEiW6uP0DwNQCe_lr5qptldGAPxT6iniHIQjHH9-B1LWBVTyTNKzWYTjOE0koPAeJvAgrHeQ7jfIusomMqVVwN3HqTUGPEe0COhzD7N44vvxztwHEbcHiG2mEomMhUDBiEj673li8qWb_CxZYjER9zzlzHK7O3rPfcoc7LOLAqlE_L3k7fy3Dq-HsBFD3g\/s1024\/IMG-20221211-WA0011.jpg\" imageanchor=\"1\" style=\"clear: right; margin-bottom: 1em; margin-left: auto; margin-right: auto;\"><img loading=\"lazy\" loading=\"lazy\" decoding=\"async\" border=\"0\" data-original-height=\"1024\" data-original-width=\"768\" height=\"400\" src=\"https:\/\/www.psv-wuppertal-leichtathletik.de\/wp-content\/uploads\/2022\/12\/IMG-20221211-WA0011.jpg\" class=\"wp-image-1027\" width=\"300\" \/><\/a><\/td>\n<\/tr>\n<tr>\n<td class=\"tr-caption\" style=\"text-align: center;\"><b>Lucian mit Verletzung am Knie<\/p>\n<p><\/b><\/td>\n<\/tr>\n<\/tbody>\n<\/table>\n<table align=\"center\" cellpadding=\"0\" cellspacing=\"0\" class=\"tr-caption-container\" style=\"float: left; margin-right: 1em; text-align: left;\">\n<tbody>\n<tr>\n<td style=\"text-align: center;\"><a href=\"https:\/\/blogger.googleusercontent.com\/img\/b\/R29vZ2xl\/AVvXsEglagclG9DW5hh1lDchfj7plwrP_QassSEb9tbDPOe0ZL3kRsnmX4wxN5SXC-tUbqJtx9Tj0xDPHoUyRRNtmm2CwhuPPl5FsvVNjGfFPxfbOyw7QhSEJkYP2qOBbVwDWW8wlGfY0EEsQmsfqKAoZn9cazE_Ulw4HWyiTtcS-71NvTUty_eb0DxIvHLAgw\/s1024\/IMG-20221211-WA0012.jpg\" imageanchor=\"1\" style=\"margin-left: auto; margin-right: auto;\"><b><img loading=\"lazy\" loading=\"lazy\" decoding=\"async\" border=\"0\" data-original-height=\"768\" data-original-width=\"1024\" height=\"240\" src=\"https:\/\/www.psv-wuppertal-leichtathletik.de\/wp-content\/uploads\/2022\/12\/IMG-20221211-WA0012.jpg\" class=\"wp-image-1028\" width=\"320\" \/><\/b><\/a><\/td>\n<\/tr>\n<tr>\n<td class=\"tr-caption\" style=\"text-align: center;\"><b>Justus bei der Siegerehrung<\/b><\/td>\n<\/tr>\n<\/tbody>\n<\/table>\n<p><\/p>\n<table cellpadding=\"0\" cellspacing=\"0\" class=\"tr-caption-container\" style=\"float: left;\">\n<tbody>\n<tr>\n<td style=\"text-align: center;\"><a href=\"https:\/\/blogger.googleusercontent.com\/img\/b\/R29vZ2xl\/AVvXsEjQ36S7KFcEfcGmg5DeQyvuOVfZ0625n8Vyn2BiSiNsaGuKL6BtvUqne15wmm7Z2KmkYNMS5F72IushJs39mev21TF0nJ2RMO4LXOZWsKBvjlIb-qphwB3DlnroVNTQ2VV2O7rV0oN9il9zCZW25g0C6EkGk6hWYkG3yD2GlWt_XVnUKk986tJCo25EAA\/s4160\/IMG_20221211_132159.jpg\" imageanchor=\"1\" style=\"clear: left; margin-bottom: 1em; margin-left: auto; margin-right: auto;\"><img loading=\"lazy\" loading=\"lazy\" decoding=\"async\" border=\"0\" data-original-height=\"4160\" data-original-width=\"3120\" height=\"320\" src=\"https:\/\/www.psv-wuppertal-leichtathletik.de\/wp-content\/uploads\/2022\/12\/IMG_20221211_132159.jpg\" class=\"wp-image-1029\" width=\"240\" \/><\/a><\/td>\n<\/tr>\n<tr>\n<td class=\"tr-caption\" style=\"text-align: center;\"><b>starkes Duo<\/b><\/td>\n<\/tr>\n<\/tbody>\n<\/table>\n<p><\/p>\n<table cellpadding=\"0\" cellspacing=\"0\" class=\"tr-caption-container\" style=\"float: right;\">\n<tbody>\n<tr>\n<td style=\"text-align: center;\"><a href=\"https:\/\/blogger.googleusercontent.com\/img\/b\/R29vZ2xl\/AVvXsEhnjFH3y7dSk4liLWajTzU_l4GM17XsjsuTt7JcfK16tQLdnqWC94VNO3ZfU1O5QQl9ys0668-MqWnmEWoFsZfIEtOBZL7mAJmvvwZ9KSk9UNCe_Qwyk3yQ2yJTL9A9loFT0wGDtYsTPZnau_2QpM5dvgqF-D7Z73odWhusWDwsCJmYC2AwEIUNYhYamQ\/s4160\/IMG_20221211_132204.jpg\" imageanchor=\"1\" style=\"clear: right; margin-bottom: 1em; margin-left: auto; margin-right: auto;\"><img loading=\"lazy\" loading=\"lazy\" decoding=\"async\" border=\"0\" data-original-height=\"4160\" data-original-width=\"3120\" height=\"320\" src=\"https:\/\/www.psv-wuppertal-leichtathletik.de\/wp-content\/uploads\/2022\/12\/IMG_20221211_132204.jpg\" class=\"wp-image-1030\" width=\"240\" \/><\/a><\/td>\n<\/tr>\n<tr>\n<td class=\"tr-caption\" style=\"text-align: center;\"><b>Tim u. Lucian Platz 1 und 2 im Einzel und<br \/>Platz 2 mit der Mannschaft<\/b><\/td>\n<\/tr>\n<\/tbody>\n<\/table>\n<p><\/p>\n<table align=\"center\" cellpadding=\"0\" cellspacing=\"0\" class=\"tr-caption-container\" style=\"float: left; margin-right: 1em; text-align: left;\">\n<tbody>\n<tr>\n<td style=\"text-align: center;\"><a href=\"https:\/\/blogger.googleusercontent.com\/img\/b\/R29vZ2xl\/AVvXsEion_CotTkT4a-LBfThWmwmmoGN1YPIPUAqRDiJSmIi6rvHvKcgkmBeUkcX0TRkgi_jOsWIvVyqS9b6q-KD_SoOSc2xkbSbRolG5bDeiJs0pg2npustM_7UDWV0vra09-N4LiRE76n-tInYd7rSFm7E34We0a_yllGcvAyShjt6SAu2A3J_BpnYJ_AxEw\/s1024\/IMG-20221211-WA0009.jpg\" imageanchor=\"1\" style=\"margin-left: auto; margin-right: auto;\"><b><img loading=\"lazy\" loading=\"lazy\" decoding=\"async\" border=\"0\" data-original-height=\"768\" data-original-width=\"1024\" height=\"240\" src=\"https:\/\/www.psv-wuppertal-leichtathletik.de\/wp-content\/uploads\/2022\/12\/IMG-20221211-WA0009.jpg\" class=\"wp-image-1031\" width=\"320\" \/><\/b><\/a><\/td>\n<\/tr>\n<tr>\n<td class=\"tr-caption\" style=\"text-align: center;\"><b>Cross-Serienwertung<\/b><\/td>\n<\/tr>\n<\/tbody>\n<\/table>\n<p><\/p>\n<table align=\"center\" cellpadding=\"0\" cellspacing=\"0\" class=\"tr-caption-container\" style=\"margin-left: auto; margin-right: auto;\">\n<tbody>\n<tr>\n<td style=\"text-align: center;\"><a href=\"https:\/\/blogger.googleusercontent.com\/img\/b\/R29vZ2xl\/AVvXsEi3aAF-W_tQ50JD_aEofY-GV3wNDyVyaMtI5v5hdOK5fvI5Xf0AadiMNNkMRcVj3XG23bXGo9NJidtvDYnu7GL1PgLlGS9CNzsMrYbbKpNzZBQUoBP3rg6otk_r6AiS-Vrkg7cQjja4vdllGq5YVyaLHtSGhuDQF6k9FhKWSur_CNuwUvkTXrz5OVejjA\/s4160\/IMG_20221211_125249.jpg\" imageanchor=\"1\" style=\"margin-left: auto; margin-right: auto;\"><img loading=\"lazy\" loading=\"lazy\" decoding=\"async\" border=\"0\" data-original-height=\"4160\" data-original-width=\"3120\" height=\"400\" src=\"https:\/\/www.psv-wuppertal-leichtathletik.de\/wp-content\/uploads\/2022\/12\/IMG_20221211_125249.jpg\" class=\"wp-image-1032\" width=\"300\" \/><\/a><\/td>\n<\/tr>\n<tr>\n<td class=\"tr-caption\" style=\"text-align: center;\"><b>stolzer Regionsmeister 2022 im&nbsp;<br \/>Crosslauf<br \/>Ivan Solodkyi<\/b><\/td>\n<\/tr>\n<\/tbody>\n<\/table>\n<p><\/p>\n<div class=\"separator\" style=\"clear: both; text-align: center;\"><\/div>\n<p><\/p>\n<div class=\"separator\" style=\"clear: both; text-align: center;\"><\/div>\n<p><\/div>\n","protected":false},"excerpt":{"rendered":"<p>Crosslaufmeitstertitel f\u00fcr den PSV Wuppertal Der PSV startete am gestrigen Sonntag bei den Regionsmeisterschaften im Crosslauf in Essen. An der sch\u00f6nen Laufstrecke an der Ruhr wurden den Athleten auf der Strecke alles abverlangt. Die U14 musste \u00fcber 2000m und die U 16 \u00fcber 2600m gehen. Ivan Solodkyi war vom Start weg in der Spitzengruppe und [&hellip;]<\/p>\n","protected":false},"author":2,"featured_media":1020,"comment_status":"closed","ping_status":"closed","sticky":false,"template":"","format":"standard","meta":{"_et_pb_use_builder":"","_et_pb_old_content":"","_et_gb_content_width":"","footnotes":""},"categories":[1],"tags":[],"class_list":["post-1019","post","type-post","status-publish","format-standard","has-post-thumbnail","hentry","category-uncategorized"],"featured_media_urls":{"thumbnail":["https:\/\/www.psv-wuppertal-leichtathletik.de\/wp-content\/uploads\/2022\/12\/IMG_20221211_112654.jpg",113,150,false],"medium":["https:\/\/www.psv-wuppertal-leichtathletik.de\/wp-content\/uploads\/2022\/12\/IMG_20221211_112654.jpg",225,300,false],"medium_large":["https:\/\/www.psv-wuppertal-leichtathletik.de\/wp-content\/uploads\/2022\/12\/IMG_20221211_112654.jpg",240,320,false],"large":["https:\/\/www.psv-wuppertal-leichtathletik.de\/wp-content\/uploads\/2022\/12\/IMG_20221211_112654.jpg",240,320,false],"1536x1536":["https:\/\/www.psv-wuppertal-leichtathletik.de\/wp-content\/uploads\/2022\/12\/IMG_20221211_112654.jpg",240,320,false],"2048x2048":["https:\/\/www.psv-wuppertal-leichtathletik.de\/wp-content\/uploads\/2022\/12\/IMG_20221211_112654.jpg",240,320,false],"et-pb-post-main-image":["https:\/\/www.psv-wuppertal-leichtathletik.de\/wp-content\/uploads\/2022\/12\/IMG_20221211_112654.jpg",188,250,false],"et-pb-post-main-image-fullwidth":["https:\/\/www.psv-wuppertal-leichtathletik.de\/wp-content\/uploads\/2022\/12\/IMG_20221211_112654.jpg",240,320,false],"et-pb-portfolio-image":["https:\/\/www.psv-wuppertal-leichtathletik.de\/wp-content\/uploads\/2022\/12\/IMG_20221211_112654.jpg",213,284,false],"et-pb-portfolio-module-image":["https:\/\/www.psv-wuppertal-leichtathletik.de\/wp-content\/uploads\/2022\/12\/IMG_20221211_112654.jpg",240,320,false],"et-pb-portfolio-image-single":["https:\/\/www.psv-wuppertal-leichtathletik.de\/wp-content\/uploads\/2022\/12\/IMG_20221211_112654.jpg",240,320,false],"et-pb-gallery-module-image-portrait":["https:\/\/www.psv-wuppertal-leichtathletik.de\/wp-content\/uploads\/2022\/12\/IMG_20221211_112654.jpg",240,320,false],"et-pb-post-main-image-fullwidth-large":["https:\/\/www.psv-wuppertal-leichtathletik.de\/wp-content\/uploads\/2022\/12\/IMG_20221211_112654.jpg",240,320,false],"et-pb-image--responsive--desktop":["https:\/\/www.psv-wuppertal-leichtathletik.de\/wp-content\/uploads\/2022\/12\/IMG_20221211_112654.jpg",240,320,false],"et-pb-image--responsive--tablet":["https:\/\/www.psv-wuppertal-leichtathletik.de\/wp-content\/uploads\/2022\/12\/IMG_20221211_112654.jpg",240,320,false],"et-pb-image--responsive--phone":["https:\/\/www.psv-wuppertal-leichtathletik.de\/wp-content\/uploads\/2022\/12\/IMG_20221211_112654.jpg",203,270,false],"portfolio_item-thumbnail":["https:\/\/www.psv-wuppertal-leichtathletik.de\/wp-content\/uploads\/2022\/12\/IMG_20221211_112654.jpg",240,320,false],"portfolio_item-thumbnail@2x":["https:\/\/www.psv-wuppertal-leichtathletik.de\/wp-content\/uploads\/2022\/12\/IMG_20221211_112654.jpg",240,320,false],"portfolio_item-masonry":["https:\/\/www.psv-wuppertal-leichtathletik.de\/wp-content\/uploads\/2022\/12\/IMG_20221211_112654.jpg",240,320,false],"portfolio_item-masonry@2x":["https:\/\/www.psv-wuppertal-leichtathletik.de\/wp-content\/uploads\/2022\/12\/IMG_20221211_112654.jpg",240,320,false],"portfolio_item-thumbnail_cinema":["https:\/\/www.psv-wuppertal-leichtathletik.de\/wp-content\/uploads\/2022\/12\/IMG_20221211_112654.jpg",240,320,false],"portfolio_item-thumbnail_portrait":["https:\/\/www.psv-wuppertal-leichtathletik.de\/wp-content\/uploads\/2022\/12\/IMG_20221211_112654.jpg",240,320,false],"portfolio_item-thumbnail_portrait@2x":["https:\/\/www.psv-wuppertal-leichtathletik.de\/wp-content\/uploads\/2022\/12\/IMG_20221211_112654.jpg",240,320,false],"portfolio_item-thumbnail_square":["https:\/\/www.psv-wuppertal-leichtathletik.de\/wp-content\/uploads\/2022\/12\/IMG_20221211_112654.jpg",240,320,false]},"_links":{"self":[{"href":"https:\/\/www.psv-wuppertal-leichtathletik.de\/index.php?rest_route=\/wp\/v2\/posts\/1019","targetHints":{"allow":["GET"]}}],"collection":[{"href":"https:\/\/www.psv-wuppertal-leichtathletik.de\/index.php?rest_route=\/wp\/v2\/posts"}],"about":[{"href":"https:\/\/www.psv-wuppertal-leichtathletik.de\/index.php?rest_route=\/wp\/v2\/types\/post"}],"author":[{"embeddable":true,"href":"https:\/\/www.psv-wuppertal-leichtathletik.de\/index.php?rest_route=\/wp\/v2\/users\/2"}],"replies":[{"embeddable":true,"href":"https:\/\/www.psv-wuppertal-leichtathletik.de\/index.php?rest_route=%2Fwp%2Fv2%2Fcomments&post=1019"}],"version-history":[{"count":1,"href":"https:\/\/www.psv-wuppertal-leichtathletik.de\/index.php?rest_route=\/wp\/v2\/posts\/1019\/revisions"}],"predecessor-version":[{"id":2350,"href":"https:\/\/www.psv-wuppertal-leichtathletik.de\/index.php?rest_route=\/wp\/v2\/posts\/1019\/revisions\/2350"}],"wp:featuredmedia":[{"embeddable":true,"href":"https:\/\/www.psv-wuppertal-leichtathletik.de\/index.php?rest_route=\/wp\/v2\/media\/1020"}],"wp:attachment":[{"href":"https:\/\/www.psv-wuppertal-leichtathletik.de\/index.php?rest_route=%2Fwp%2Fv2%2Fmedia&parent=1019"}],"wp:term":[{"taxonomy":"category","embeddable":true,"href":"https:\/\/www.psv-wuppertal-leichtathletik.de\/index.php?rest_route=%2Fwp%2Fv2%2Fcategories&post=1019"},{"taxonomy":"post_tag","embeddable":true,"href":"https:\/\/www.psv-wuppertal-leichtathletik.de\/index.php?rest_route=%2Fwp%2Fv2%2Ftags&post=1019"}],"curies":[{"name":"wp","href":"https:\/\/api.w.org\/{rel}","templated":true}]}}