{"id":1038,"date":"2022-11-13T21:46:00","date_gmt":"2022-11-13T21:46:00","guid":{"rendered":""},"modified":"2022-12-14T08:24:33","modified_gmt":"2022-12-14T08:24:33","slug":"martinslauf-2022-am-unterbacher-see","status":"publish","type":"post","link":"https:\/\/www.psv-wuppertal-leichtathletik.de\/?p=1038","title":{"rendered":"Martinslauf 2022 am Unterbacher See"},"content":{"rendered":"<p>&nbsp;<\/p>\n<p style=\"text-align: center;\">&nbsp;&nbsp; &nbsp;&nbsp;&nbsp; &nbsp;&nbsp;&nbsp; &nbsp;&nbsp;&nbsp; &nbsp;&nbsp; &nbsp; <b><span style=\"font-size: large;\">Erfolgreicher PSV beim 44. Martinslauf am&nbsp; &nbsp; &nbsp; &nbsp; &nbsp; &nbsp; &nbsp; &nbsp; Unterbacher See<\/span><\/b><\/p>\n<p style=\"text-align: center;\"><b><\/b><\/p>\n<div class=\"separator\" style=\"clear: both; text-align: center;\"><b><a href=\"https:\/\/blogger.googleusercontent.com\/img\/b\/R29vZ2xl\/AVvXsEho1rtRX4aRlG899xyEGOa1fZat8NDtwb2vtZyNi-DLj9M_qI63tWJRJ46t964pDpDHykYLaNNbLxBAd_SATMSQ0p-G8awfqcYRmhiqcjHBwUFS2XqSL_-voUw69_-u31qb8JHpELEz3ScvR7Z9TNCeCCmHsBWqkCBEMJRPQUBx9lw64K4eV2Y-EA_ZlQ\/s2048\/IMG-20221113-WA0007.jpg\" style=\"margin-left: 1em; margin-right: 1em;\"><img fetchpriority=\"high\" fetchpriority=\"high\" decoding=\"async\" border=\"0\" data-original-height=\"1536\" data-original-width=\"2048\" height=\"480\" src=\"https:\/\/www.psv-wuppertal-leichtathletik.de\/wp-content\/uploads\/2022\/11\/IMG-20221113-WA0007.jpg\" class=\"wp-image-1039\" width=\"640\" \/><\/a><\/b><\/div>\n<\/p>\n<p style=\"text-align: left;\"><b>Einige M\u00e4del und Jungen des PSV nutzten die M\u00f6glichkeit beim Martinslauf in D\u00fcsseldorf zu starten. F\u00fcr alle gab es im Ziel dann als Belohnung einen Weckmann.<\/b><\/p>\n<p style=\"text-align: left;\"><b>Unsere L\u00e4uferinnen und L\u00e4ufer belohnten sich selbst aber auch noch mit gro\u00dfartigen Ergebnissen.<\/b><\/p>\n<p style=\"text-align: left;\"><b>In der U 8 ging Pia Meier und Julian v. Look an den Start. Bei den M\u00e4dels und auch bei den Jungen gingen \u00fcber Kindere an den Start. Pia kam auf einen tollen 6 Platz. Christian musste sich mit dem undankbaren 4. Platz anfreunden. Er verpasste das Treppchen nur um einen Wimpernschlag.&nbsp; &nbsp; &nbsp; &nbsp; &nbsp; &nbsp; &nbsp; &nbsp; &nbsp; &nbsp; &nbsp; &nbsp; &nbsp; &nbsp; &nbsp; &nbsp; &nbsp; &nbsp; &nbsp; &nbsp; &nbsp; &nbsp; &nbsp; &nbsp; &nbsp; &nbsp; &nbsp; &nbsp; &nbsp; &nbsp; &nbsp; &nbsp; &nbsp; &nbsp; &nbsp; &nbsp; &nbsp; &nbsp; &nbsp; &nbsp; &nbsp; &nbsp; &nbsp; &nbsp; &nbsp; &nbsp; &nbsp; &nbsp; &nbsp; &nbsp; &nbsp; &nbsp; &nbsp; &nbsp; &nbsp; &nbsp; &nbsp; &nbsp; &nbsp; &nbsp; &nbsp; &nbsp; &nbsp; &nbsp; &nbsp; &nbsp; &nbsp; &nbsp; &nbsp;<\/b><b>Bei den M\u00e4dchen der U10 holten sich die PSV M\u00e4dels 2 Podestpl\u00e4tze.&nbsp; Auf Platz 1 Sophia v. Look und auf Platz 2&nbsp; Neele Leven . Valerie Paffraht konnte in dem gro\u00dfen Teilnehmerfeld (57) einen sch\u00f6nen Platz&nbsp; (21.) in der vorderen H\u00e4lfte erlaufen.&nbsp; &nbsp; &nbsp; &nbsp; &nbsp; &nbsp; &nbsp; &nbsp; &nbsp; &nbsp; &nbsp; &nbsp; &nbsp; &nbsp; &nbsp; &nbsp; &nbsp; &nbsp; &nbsp; &nbsp; &nbsp; &nbsp; &nbsp; &nbsp; &nbsp; &nbsp; &nbsp; &nbsp; &nbsp; &nbsp; &nbsp; &nbsp; &nbsp; &nbsp; &nbsp; &nbsp; &nbsp; &nbsp; &nbsp; &nbsp;<\/b><b>Unsere Jungen konnten bei der U10 von 60 Startern&nbsp; Platz 2,3, 8 und 12 erzielen. Platz 1 -3&nbsp; waren nur durch eine Sekunde getrennt. Platz 2 holte sich etwas \u00fcberraschen der starke Jokob Eickelberg vor seinem Vereinskollegen Oskar Bleidi\u00dfel. Auf Platz 8 Jona Schwedler und auf Pl. 12 Moritz Puh.&nbsp; &nbsp; &nbsp; &nbsp; &nbsp; &nbsp; &nbsp; &nbsp; &nbsp; &nbsp; &nbsp; &nbsp; &nbsp; &nbsp; &nbsp; &nbsp; &nbsp; &nbsp; &nbsp; &nbsp; &nbsp; &nbsp; &nbsp; &nbsp; &nbsp; &nbsp; &nbsp; &nbsp; &nbsp; &nbsp; &nbsp; &nbsp; &nbsp; &nbsp; &nbsp; &nbsp; &nbsp; &nbsp; &nbsp; &nbsp; &nbsp; &nbsp; &nbsp; &nbsp; &nbsp; &nbsp; &nbsp; &nbsp; &nbsp; &nbsp; &nbsp; &nbsp; &nbsp; &nbsp; &nbsp; &nbsp; &nbsp; &nbsp; &nbsp; &nbsp; &nbsp; &nbsp; &nbsp; &nbsp; &nbsp; &nbsp; &nbsp; &nbsp; <\/b><b>Bei den M\u00e4dels der U12 ging Linda Bleidi\u00dfel an den Start. Am Samstag lief Linda noch beim Crosslauf in Seelscheid. Linda konnte beim Martinslauf&nbsp; Platz&nbsp; 2 erzielen. Super gemacht Linda.&nbsp; &nbsp; &nbsp; &nbsp; &nbsp; &nbsp; &nbsp; &nbsp; &nbsp; &nbsp; &nbsp; &nbsp; &nbsp; &nbsp; &nbsp; &nbsp; &nbsp; &nbsp; &nbsp; &nbsp; &nbsp; &nbsp; &nbsp; &nbsp; &nbsp; &nbsp; &nbsp; &nbsp; &nbsp; &nbsp; &nbsp; &nbsp; &nbsp; &nbsp; &nbsp; &nbsp; &nbsp; &nbsp; &nbsp; &nbsp; &nbsp; &nbsp; &nbsp; &nbsp; &nbsp; &nbsp; &nbsp; &nbsp; &nbsp; &nbsp; &nbsp; &nbsp; &nbsp; &nbsp; &nbsp; &nbsp; &nbsp; &nbsp; &nbsp; &nbsp; &nbsp; &nbsp; &nbsp; &nbsp; &nbsp; &nbsp; &nbsp; &nbsp; &nbsp; &nbsp; &nbsp; &nbsp; &nbsp; &nbsp; &nbsp; &nbsp; &nbsp; &nbsp; &nbsp; &nbsp;<\/b><b>Unser Herrenstarter, Stefan Buess, wurde bei der M40 starker Zweiter. Von 281 Startern holte er in dem gro\u00dfen Starterfeld insgesamt Platz 9.<\/b><\/p>\n<table align=\"center\" cellpadding=\"0\" cellspacing=\"0\" class=\"tr-caption-container\" style=\"float: left; margin-right: 1em; text-align: left;\">\n<tbody>\n<tr>\n<td style=\"text-align: center;\"><a href=\"https:\/\/blogger.googleusercontent.com\/img\/b\/R29vZ2xl\/AVvXsEjvjBE3q_IE0BNWSUc5sHQxQaQ--__VrdYX3zgap2vw_9mBZ3zvdGw4-jYeNu2Zm0_vxHRuBDrRxAoNDofpkotjldH0fPf3T-sxYvagcT0vr3L2u5XnmPTx2N9JyKrTtRUMSPxDAz_VUebbGlBzAAlSvo_1Cp-V-A3vjJPJk-w37eMoFIBXlQSaIazOtw\/s1600\/IMG-20221113-WA0006.jpg\" style=\"font-weight: 700; margin-left: auto; margin-right: auto; text-align: center;\"><img decoding=\"async\" border=\"0\" data-original-height=\"1200\" data-original-width=\"1600\" height=\"240\" src=\"https:\/\/www.psv-wuppertal-leichtathletik.de\/wp-content\/uploads\/2022\/11\/IMG-20221113-WA0006.jpg\" class=\"wp-image-1040\" width=\"320\" \/><\/a><\/td>\n<\/tr>\n<tr>\n<td class=\"tr-caption\" style=\"text-align: center;\"><b>jubelnde PSV Kinder<\/b><\/td>\n<\/tr>\n<\/tbody>\n<\/table>\n<table align=\"center\" cellpadding=\"0\" cellspacing=\"0\" class=\"tr-caption-container\" style=\"margin-left: auto; margin-right: auto;\">\n<tbody>\n<tr>\n<td style=\"text-align: center;\"><a href=\"https:\/\/blogger.googleusercontent.com\/img\/b\/R29vZ2xl\/AVvXsEiO__hRlldNrLbdiSkO305fK9mpO7G2PzQh5N1FBFhZpabEk7L-d8LE0IOIzyWEwudfb3YbKkmx3rtvqZtrdWAR1Qz1i78MFctiz7nDnVhqQ-PP6HANYz3pkiYodtlhgx6ISeXj6ZUbBJO9JgM30We6hxUFw_z6UdiHMu_jEtOGx38I8ESTJwkuePSUog\/s1600\/IMG-20221113-WA0002.jpg\" style=\"font-weight: 700; margin-left: auto; margin-right: auto; text-align: center;\"><img decoding=\"async\" border=\"0\" data-original-height=\"1200\" data-original-width=\"1600\" height=\"240\" src=\"https:\/\/www.psv-wuppertal-leichtathletik.de\/wp-content\/uploads\/2022\/11\/IMG-20221113-WA0002.jpg\" class=\"wp-image-1041\" width=\"320\" \/><\/a><\/td>\n<\/tr>\n<tr>\n<td class=\"tr-caption\" style=\"text-align: center;\"><b>St. Martin hoch zu Pferd<\/b><\/td>\n<\/tr>\n<\/tbody>\n<\/table>\n","protected":false},"excerpt":{"rendered":"<p>&nbsp; &nbsp;&nbsp; &nbsp;&nbsp;&nbsp; &nbsp;&nbsp;&nbsp; &nbsp;&nbsp;&nbsp; &nbsp;&nbsp; &nbsp; Erfolgreicher PSV beim 44. Martinslauf am&nbsp; &nbsp; &nbsp; &nbsp; &nbsp; &nbsp; &nbsp; &nbsp; Unterbacher See Einige M\u00e4del und Jungen des PSV nutzten die M\u00f6glichkeit beim Martinslauf in D\u00fcsseldorf zu starten. F\u00fcr alle gab es im Ziel dann als Belohnung einen Weckmann. Unsere L\u00e4uferinnen und L\u00e4ufer belohnten sich selbst [&hellip;]<\/p>\n","protected":false},"author":2,"featured_media":1039,"comment_status":"closed","ping_status":"closed","sticky":false,"template":"","format":"standard","meta":{"_et_pb_use_builder":"","_et_pb_old_content":"","_et_gb_content_width":"","footnotes":""},"categories":[1],"tags":[],"class_list":["post-1038","post","type-post","status-publish","format-standard","has-post-thumbnail","hentry","category-uncategorized"],"featured_media_urls":{"thumbnail":["https:\/\/www.psv-wuppertal-leichtathletik.de\/wp-content\/uploads\/2022\/11\/IMG-20221113-WA0007.jpg",150,113,false],"medium":["https:\/\/www.psv-wuppertal-leichtathletik.de\/wp-content\/uploads\/2022\/11\/IMG-20221113-WA0007.jpg",300,225,false],"medium_large":["https:\/\/www.psv-wuppertal-leichtathletik.de\/wp-content\/uploads\/2022\/11\/IMG-20221113-WA0007.jpg",640,480,false],"large":["https:\/\/www.psv-wuppertal-leichtathletik.de\/wp-content\/uploads\/2022\/11\/IMG-20221113-WA0007.jpg",640,480,false],"1536x1536":["https:\/\/www.psv-wuppertal-leichtathletik.de\/wp-content\/uploads\/2022\/11\/IMG-20221113-WA0007.jpg",640,480,false],"2048x2048":["https:\/\/www.psv-wuppertal-leichtathletik.de\/wp-content\/uploads\/2022\/11\/IMG-20221113-WA0007.jpg",640,480,false],"et-pb-post-main-image":["https:\/\/www.psv-wuppertal-leichtathletik.de\/wp-content\/uploads\/2022\/11\/IMG-20221113-WA0007.jpg",333,250,false],"et-pb-post-main-image-fullwidth":["https:\/\/www.psv-wuppertal-leichtathletik.de\/wp-content\/uploads\/2022\/11\/IMG-20221113-WA0007.jpg",640,480,false],"et-pb-portfolio-image":["https:\/\/www.psv-wuppertal-leichtathletik.de\/wp-content\/uploads\/2022\/11\/IMG-20221113-WA0007.jpg",379,284,false],"et-pb-portfolio-module-image":["https:\/\/www.psv-wuppertal-leichtathletik.de\/wp-content\/uploads\/2022\/11\/IMG-20221113-WA0007.jpg",510,382,false],"et-pb-portfolio-image-single":["https:\/\/www.psv-wuppertal-leichtathletik.de\/wp-content\/uploads\/2022\/11\/IMG-20221113-WA0007.jpg",640,480,false],"et-pb-gallery-module-image-portrait":["https:\/\/www.psv-wuppertal-leichtathletik.de\/wp-content\/uploads\/2022\/11\/IMG-20221113-WA0007.jpg",400,300,false],"et-pb-post-main-image-fullwidth-large":["https:\/\/www.psv-wuppertal-leichtathletik.de\/wp-content\/uploads\/2022\/11\/IMG-20221113-WA0007.jpg",640,480,false],"et-pb-image--responsive--desktop":["https:\/\/www.psv-wuppertal-leichtathletik.de\/wp-content\/uploads\/2022\/11\/IMG-20221113-WA0007.jpg",640,480,false],"et-pb-image--responsive--tablet":["https:\/\/www.psv-wuppertal-leichtathletik.de\/wp-content\/uploads\/2022\/11\/IMG-20221113-WA0007.jpg",640,480,false],"et-pb-image--responsive--phone":["https:\/\/www.psv-wuppertal-leichtathletik.de\/wp-content\/uploads\/2022\/11\/IMG-20221113-WA0007.jpg",360,270,false],"portfolio_item-thumbnail":["https:\/\/www.psv-wuppertal-leichtathletik.de\/wp-content\/uploads\/2022\/11\/IMG-20221113-WA0007.jpg",533,400,false],"portfolio_item-thumbnail@2x":["https:\/\/www.psv-wuppertal-leichtathletik.de\/wp-content\/uploads\/2022\/11\/IMG-20221113-WA0007.jpg",640,480,false],"portfolio_item-masonry":["https:\/\/www.psv-wuppertal-leichtathletik.de\/wp-content\/uploads\/2022\/11\/IMG-20221113-WA0007.jpg",600,450,false],"portfolio_item-masonry@2x":["https:\/\/www.psv-wuppertal-leichtathletik.de\/wp-content\/uploads\/2022\/11\/IMG-20221113-WA0007.jpg",640,480,false],"portfolio_item-thumbnail_cinema":["https:\/\/www.psv-wuppertal-leichtathletik.de\/wp-content\/uploads\/2022\/11\/IMG-20221113-WA0007.jpg",447,335,false],"portfolio_item-thumbnail_portrait":["https:\/\/www.psv-wuppertal-leichtathletik.de\/wp-content\/uploads\/2022\/11\/IMG-20221113-WA0007.jpg",600,450,false],"portfolio_item-thumbnail_portrait@2x":["https:\/\/www.psv-wuppertal-leichtathletik.de\/wp-content\/uploads\/2022\/11\/IMG-20221113-WA0007.jpg",640,480,false],"portfolio_item-thumbnail_square":["https:\/\/www.psv-wuppertal-leichtathletik.de\/wp-content\/uploads\/2022\/11\/IMG-20221113-WA0007.jpg",640,480,false]},"_links":{"self":[{"href":"https:\/\/www.psv-wuppertal-leichtathletik.de\/index.php?rest_route=\/wp\/v2\/posts\/1038","targetHints":{"allow":["GET"]}}],"collection":[{"href":"https:\/\/www.psv-wuppertal-leichtathletik.de\/index.php?rest_route=\/wp\/v2\/posts"}],"about":[{"href":"https:\/\/www.psv-wuppertal-leichtathletik.de\/index.php?rest_route=\/wp\/v2\/types\/post"}],"author":[{"embeddable":true,"href":"https:\/\/www.psv-wuppertal-leichtathletik.de\/index.php?rest_route=\/wp\/v2\/users\/2"}],"replies":[{"embeddable":true,"href":"https:\/\/www.psv-wuppertal-leichtathletik.de\/index.php?rest_route=%2Fwp%2Fv2%2Fcomments&post=1038"}],"version-history":[{"count":1,"href":"https:\/\/www.psv-wuppertal-leichtathletik.de\/index.php?rest_route=\/wp\/v2\/posts\/1038\/revisions"}],"predecessor-version":[{"id":2354,"href":"https:\/\/www.psv-wuppertal-leichtathletik.de\/index.php?rest_route=\/wp\/v2\/posts\/1038\/revisions\/2354"}],"wp:featuredmedia":[{"embeddable":true,"href":"https:\/\/www.psv-wuppertal-leichtathletik.de\/index.php?rest_route=\/wp\/v2\/media\/1039"}],"wp:attachment":[{"href":"https:\/\/www.psv-wuppertal-leichtathletik.de\/index.php?rest_route=%2Fwp%2Fv2%2Fmedia&parent=1038"}],"wp:term":[{"taxonomy":"category","embeddable":true,"href":"https:\/\/www.psv-wuppertal-leichtathletik.de\/index.php?rest_route=%2Fwp%2Fv2%2Fcategories&post=1038"},{"taxonomy":"post_tag","embeddable":true,"href":"https:\/\/www.psv-wuppertal-leichtathletik.de\/index.php?rest_route=%2Fwp%2Fv2%2Ftags&post=1038"}],"curies":[{"name":"wp","href":"https:\/\/api.w.org\/{rel}","templated":true}]}}