{"id":1042,"date":"2022-11-12T17:06:00","date_gmt":"2022-11-12T17:06:00","guid":{"rendered":""},"modified":"2022-12-14T08:24:33","modified_gmt":"2022-12-14T08:24:33","slug":"nordrheinmeisterschaft-im-crosslauf","status":"publish","type":"post","link":"https:\/\/www.psv-wuppertal-leichtathletik.de\/?p=1042","title":{"rendered":"Nordrheinmeisterschaft im Crosslauf 2022 in Neunkirchen-Seelscheid"},"content":{"rendered":"<p>&nbsp; &nbsp; &nbsp; &nbsp; &nbsp; &nbsp; &nbsp; &nbsp; &nbsp; &nbsp; &nbsp; &nbsp; &nbsp; &nbsp; &nbsp; &nbsp; &nbsp; &nbsp; &nbsp; &nbsp; &nbsp; &nbsp; &nbsp; &nbsp; &nbsp; &nbsp; &nbsp; &nbsp; &nbsp;<b><span style=\"font-size: medium;\">&nbsp;PSV Trio erk\u00e4mpft sich Platz <\/span><span style=\"font-size: large;\">2<\/span><\/b><\/p>\n<table align=\"center\" cellpadding=\"0\" cellspacing=\"0\" class=\"tr-caption-container\" style=\"margin-left: auto; margin-right: auto;\">\n<tbody>\n<tr>\n<td style=\"text-align: center;\"><a href=\"https:\/\/blogger.googleusercontent.com\/img\/b\/R29vZ2xl\/AVvXsEgHtIBeo8Wvh37P4YKxg5FzMMl_TkLNsQxecnza2KdtIz10A-So3gjWaTjrXb7-j7TwpCxytXwRrlYjcAJgd-8XoTDOLVuD7Pjn4rxx5CfskmxNo4rTSOggH79MDu7exPvesqXYoB194IGS7k6on6ZWVaSPQHIutjS0-BXhHV_OvZyNX414jUsicAPGlg\/s5472\/DSC07653.JPG\" style=\"margin-left: auto; margin-right: auto;\"><img fetchpriority=\"high\" fetchpriority=\"high\" decoding=\"async\" border=\"0\" data-original-height=\"5472\" data-original-width=\"3648\" height=\"640\" src=\"https:\/\/www.psv-wuppertal-leichtathletik.de\/wp-content\/uploads\/2022\/11\/DSC07653.jpg\" class=\"wp-image-1043\" width=\"426\" \/><\/a><\/td>\n<\/tr>\n<tr>\n<td class=\"tr-caption\" style=\"text-align: center;\"><b>Tim Fiedrich \/ Jarno Voth \/ Lucian Unverzagt<br \/>Vize-Crossmeister der U 16 2022<\/b><\/td>\n<\/tr>\n<\/tbody>\n<\/table>\n<div class=\"separator\" style=\"clear: both; text-align: center;\"><b><br \/><\/b><\/div>\n<p><b><\/p>\n<table cellpadding=\"0\" cellspacing=\"0\" class=\"tr-caption-container\" style=\"float: left;\">\n<tbody>\n<tr>\n<td style=\"text-align: center;\"><a href=\"https:\/\/blogger.googleusercontent.com\/img\/b\/R29vZ2xl\/AVvXsEjR3XaTjli6dU72_L-HQNr9YQvNSps78d2QRAmbzwJj8yJOjZjuuHOBTXt6RjzOLAfvoNlsjC_siBQqlIrq9PFJ-1EjaCmqlCuVXFhJk4TGRltXaa5c2n7yt6tkHbfUmZVw32apYFmsWc2Q9u5a3x6Y25NsHHJB-ohSPETISNqqvnEUAAqHqukFhRCgLw\/s5472\/DSC07657.JPG\" style=\"clear: left; margin-bottom: 1em; margin-left: auto; margin-right: auto;\"><img decoding=\"async\" border=\"0\" data-original-height=\"3648\" data-original-width=\"5472\" height=\"213\" src=\"https:\/\/www.psv-wuppertal-leichtathletik.de\/wp-content\/uploads\/2022\/11\/DSC07657.jpg\" class=\"wp-image-1044\" width=\"320\" \/><\/a><\/td>\n<\/tr>\n<tr>\n<td class=\"tr-caption\" style=\"text-align: center;\"><b>v.l.&nbsp; PSV Wuppertal \/ Bayer Leverkusen auf 1<\/b><\/td>\n<\/tr>\n<\/tbody>\n<\/table>\n<p>&nbsp;<\/b><\/p>\n<p><b><\/b><\/p>\n<table align=\"center\" cellpadding=\"0\" cellspacing=\"0\" class=\"tr-caption-container\" style=\"margin-left: auto; margin-right: auto;\">\n<tbody>\n<tr>\n<td style=\"text-align: center;\"><img decoding=\"async\" border=\"0\" data-original-height=\"5472\" data-original-width=\"3648\" height=\"400\" src=\"https:\/\/www.psv-wuppertal-leichtathletik.de\/wp-content\/uploads\/2022\/11\/DSC07658.jpg\" class=\"wp-image-1045\" style=\"margin-left: auto; margin-right: auto;\" width=\"266\" \/><\/td>\n<\/tr>\n<tr>\n<td class=\"tr-caption\" style=\"text-align: center;\"><b>allen geht es wieder gut und sie haben Spa\u00df<br \/>auf dem Treppchen<br \/><\/b><\/td>\n<\/tr>\n<\/tbody>\n<\/table>\n<div style=\"text-align: center;\"><b><a href=\"https:\/\/blogger.googleusercontent.com\/img\/b\/R29vZ2xl\/AVvXsEhsFLm5ztDXW6YG9i_XRF8jws7q2dWHJhWp6WFSaRiMCV1EUV2FcgdZVCgwWIDa2GzL4xCaVtiKt_zfRngcLEUJIbtdHnUpdD5KYLAnlwt2iE_VbQ4DyBK6UKKACBonbGY9_WRxK-tu9DLg-wCZPbupJtcYqd1HrG2RFUbWymkXKEZbSA1F11yn0BcjsA\/s5472\/DSC07658.JPG\" style=\"clear: right; margin-bottom: 1em;\"><b><\/b><\/a><\/b><\/div>\n<p><b>Lucian Unverzagt holte sich in einem starken Lauf \u00fcber 1900m auf dieser m\u00f6rderisch schweren Strecke Platz 2 bei den Nordrheinmeisterschaften. Auf Platz 1 ,zum L\u00e4ufer Maurer aus Leverkusen, fehlte nur eine Sekunde. Das gute Ergebnis wurde durch Platz 7 und 8 von Tim Fiedrich und Jarno Voth vervollst\u00e4ndigt.<\/b><\/p>\n<div><b><\/p>\n<table cellpadding=\"0\" cellspacing=\"0\" class=\"tr-caption-container\" style=\"float: left;\">\n<tbody>\n<tr>\n<td style=\"text-align: center;\"><a href=\"https:\/\/blogger.googleusercontent.com\/img\/b\/R29vZ2xl\/AVvXsEj_5vwE3okxtAY_46KbcIvJ2uwBuOleDPaFSBoRKOslJaR18wpOMceGD9c5z0GEoONBJkuK-3CNe7BlceEETywGQ5t9XcadY7QRuC8vYtlBo7xAyudzHZUqq-33m8VRCtmCdEDTRZmIWVeqsP4cV8_VAk-3c1O05SEyFRypqo848qDHQVv1TkZXixOdxQ\/s5472\/DSC07630.JPG\" style=\"clear: left; margin-bottom: 1em; margin-left: auto; margin-right: auto;\"><img loading=\"lazy\" loading=\"lazy\" decoding=\"async\" border=\"0\" data-original-height=\"3648\" data-original-width=\"5472\" height=\"213\" src=\"https:\/\/www.psv-wuppertal-leichtathletik.de\/wp-content\/uploads\/2022\/11\/DSC07630.jpg\" class=\"wp-image-1046\" width=\"320\" \/><\/a><\/td>\n<\/tr>\n<tr>\n<td class=\"tr-caption\" style=\"text-align: center;\"><b>Dahinten ist der Berg! H\u00f6r blo\u00df auf, ich<br \/>habe schon Kopfweh!<\/b><\/td>\n<\/tr>\n<\/tbody>\n<\/table>\n<p><\/b><\/p>\n<table align=\"center\" cellpadding=\"0\" cellspacing=\"0\" class=\"tr-caption-container\" style=\"margin-left: auto; margin-right: auto;\">\n<tbody>\n<tr>\n<td style=\"text-align: center;\"><a href=\"https:\/\/blogger.googleusercontent.com\/img\/b\/R29vZ2xl\/AVvXsEjEW6KSzN-RkaxKuqjiCWCzSBDn_UV610A2ULiHvpwAHryM3R26Tl3l6ALE16IUOxt2JGyf8Mq8dzekbxfQlUXjy2AEOztzK_0mYaLyb4BBY6qNGyxwru0t6gQVJJ1e32d9GHXjgvcMklyXeh7tKvwNyW10hzUniZNcDr__XAGUs-Uv-tly5OM_PTgVmg\/s5472\/DSC07644.JPG\" style=\"margin-left: auto; margin-right: auto;\"><img loading=\"lazy\" loading=\"lazy\" decoding=\"async\" border=\"0\" data-original-height=\"3648\" data-original-width=\"5472\" height=\"213\" src=\"https:\/\/www.psv-wuppertal-leichtathletik.de\/wp-content\/uploads\/2022\/11\/DSC07644.jpg\" class=\"wp-image-1047\" width=\"320\" \/><\/a><\/td>\n<\/tr>\n<tr>\n<td class=\"tr-caption\" style=\"text-align: center;\"><b>Lukas Schoeppe voll konzentriert auf der Ziegeraden<\/b><\/td>\n<\/tr>\n<\/tbody>\n<\/table>\n<p><\/p>\n<table align=\"center\" cellpadding=\"0\" cellspacing=\"0\" class=\"tr-caption-container\" style=\"float: left; margin-right: 1em; text-align: left;\">\n<tbody>\n<tr>\n<td style=\"text-align: center;\"><a href=\"https:\/\/blogger.googleusercontent.com\/img\/b\/R29vZ2xl\/AVvXsEhXo40ZwXsQlEU7T4G68qMWBR2YvMq8NLoKBzT9JS0vdF2ZAXgddCQy-i8VWn4co7FyEbc2DByK0n_49BrQ_YyA3Hl_bBlKzGCbok4iFBOwUfmz_a1z84S7eL43PIC60y5zUaZsaVYXY16pPfszUPRREe2SqgMhg11rJgGs_HiPAvGgy90dR02_FQ2iRg\/s5472\/DSC07643.JPG\" style=\"margin-left: auto; margin-right: auto;\"><img loading=\"lazy\" loading=\"lazy\" decoding=\"async\" border=\"0\" data-original-height=\"3648\" data-original-width=\"5472\" height=\"213\" src=\"https:\/\/www.psv-wuppertal-leichtathletik.de\/wp-content\/uploads\/2022\/11\/DSC07643.jpg\" class=\"wp-image-1048\" width=\"320\" \/><\/a><\/td>\n<\/tr>\n<tr>\n<td class=\"tr-caption\" style=\"text-align: center;\"><b>Mit letzter Kraft !<\/b><\/td>\n<\/tr>\n<\/tbody>\n<\/table>\n<p><\/p>\n<table align=\"center\" cellpadding=\"0\" cellspacing=\"0\" class=\"tr-caption-container\" style=\"margin-left: auto; margin-right: auto;\">\n<tbody>\n<tr>\n<td style=\"text-align: center;\"><a href=\"https:\/\/blogger.googleusercontent.com\/img\/b\/R29vZ2xl\/AVvXsEg6LEffnwseaDeFt__nJdcStkTNucdYBwse-GFci_Y0wqgdCNscF8d0oJjc-YnZbOOdNwqon0cCDiJHhFwxMQ-pFQtRkyyukWZdtUL_U6Pjc5KBy1APu_v6whHnbPkCM2N-nX2UdAc5BMv-zppkoJ-OK7fxzKa0masinjL78hErMx3m5QGxER_Tf-4zXA\/s5472\/DSC07642.JPG\" style=\"margin-left: auto; margin-right: auto;\"><img loading=\"lazy\" loading=\"lazy\" decoding=\"async\" border=\"0\" data-original-height=\"3648\" data-original-width=\"5472\" height=\"213\" src=\"https:\/\/www.psv-wuppertal-leichtathletik.de\/wp-content\/uploads\/2022\/11\/DSC07642.jpg\" class=\"wp-image-1049\" width=\"320\" \/><\/a><\/td>\n<\/tr>\n<tr>\n<td class=\"tr-caption\" style=\"text-align: center;\"><b>gleich hab ich es geschafft!<\/b><\/td>\n<\/tr>\n<\/tbody>\n<\/table>\n<p><\/p>\n<table align=\"center\" cellpadding=\"0\" cellspacing=\"0\" class=\"tr-caption-container\" style=\"margin-left: auto; margin-right: auto;\">\n<tbody>\n<tr>\n<td style=\"text-align: center;\"><a href=\"https:\/\/blogger.googleusercontent.com\/img\/b\/R29vZ2xl\/AVvXsEhiEoYPElOPU-uAJ-meo3tb-VGUi-ejWGIW54ThWNIqlXvQWfOTWjGMGmhbjvkDrJ5X6H3glitm8SnENjosKit1c03RS0u2uES9W8I4_U8eH_78SnIKICAbUcmtUFYHNkJ1n7wjOfmlwt2pwyruWmWD-caswAlIAUpgbqh2HtOEfVqKajtG1tffaLJShg\/s5472\/DSC07641.JPG\" style=\"margin-left: auto; margin-right: auto;\"><img loading=\"lazy\" loading=\"lazy\" decoding=\"async\" border=\"0\" data-original-height=\"3648\" data-original-width=\"5472\" height=\"266\" src=\"https:\/\/www.psv-wuppertal-leichtathletik.de\/wp-content\/uploads\/2022\/11\/DSC07641.jpg\" class=\"wp-image-1050\" width=\"400\" \/><\/a><\/td>\n<\/tr>\n<tr>\n<td class=\"tr-caption\" style=\"text-align: center;\"><b>die Verfolger kommen n\u00e4her<\/b><\/td>\n<\/tr>\n<\/tbody>\n<\/table>\n<div><b>&nbsp; &nbsp;<\/b><\/div>\n<div>\n<table cellpadding=\"0\" cellspacing=\"0\" class=\"tr-caption-container\" style=\"float: left;\">\n<tbody>\n<tr>\n<td style=\"text-align: center;\"><a href=\"https:\/\/blogger.googleusercontent.com\/img\/b\/R29vZ2xl\/AVvXsEhvudMiXi0rfefvWee2isy6fT1JQl3AnCtNr_UqEGtexCsUvxgBV05Y8WLvZ3jQX2wyMSFpegzff2BWsjRUlwetA7gY5P7X8gOASPZW0c57diR178LEz-Rl3ROpC46FDSKY81qT5K6c9pBnWB3RuPzqG_seHu8q527G5Powul0eD5fFAuCvex3brupJhg\/s5472\/DSC07649.JPG\" style=\"clear: left; margin-bottom: 1em; margin-left: auto; margin-right: auto;\"><img loading=\"lazy\" loading=\"lazy\" decoding=\"async\" border=\"0\" data-original-height=\"5472\" data-original-width=\"3648\" height=\"320\" src=\"https:\/\/www.psv-wuppertal-leichtathletik.de\/wp-content\/uploads\/2022\/11\/DSC07649.jpg\" class=\"wp-image-1051\" width=\"213\" \/><\/a><\/td>\n<\/tr>\n<tr>\n<td class=\"tr-caption\" style=\"text-align: center;\"><b>2. Platz Lucian<\/b><\/td>\n<\/tr>\n<\/tbody>\n<\/table>\n<table align=\"center\" cellpadding=\"0\" cellspacing=\"0\" class=\"tr-caption-container\" style=\"margin-left: auto; margin-right: auto;\">\n<tbody>\n<tr>\n<td style=\"text-align: center;\"><a href=\"https:\/\/blogger.googleusercontent.com\/img\/b\/R29vZ2xl\/AVvXsEjGMlVG4xF2209ZhxNpFd1qUZZvyaPZNJF3T6CF1aegJlD_6gkfv6QImrq__ticCVyXgKXyOVw6owwP4Ef4EkgvfrZSQYNLfvcMrMWruP69olmOLUrc3iclYHKOmFQMlfPx17QPoVIx2hYknpPjGsIcPVsOin51CrBHOAKuk22b1YCTVlPGVgCHt_MJSQ\/s5472\/DSC07648.JPG\" style=\"margin-left: auto; margin-right: auto; text-align: center;\"><img loading=\"lazy\" loading=\"lazy\" decoding=\"async\" border=\"0\" data-original-height=\"5472\" data-original-width=\"3648\" height=\"400\" src=\"https:\/\/www.psv-wuppertal-leichtathletik.de\/wp-content\/uploads\/2022\/11\/DSC07648.jpg\" class=\"wp-image-1052\" width=\"266\" \/><\/a><\/td>\n<\/tr>\n<tr>\n<td class=\"tr-caption\" style=\"text-align: center;\"><b>Platz 7 u. 8<br \/>Tim und Jarno<\/b><\/td>\n<\/tr>\n<\/tbody>\n<\/table>\n<p>&nbsp;<b>Bei diesem Crosslauf&nbsp; in Neunkirchen-Seelscheid starteten auch einige andere Kinder des PSV Wuppertal. Ivan Solokyi trat bei der U14 in der Crosscupwertung an. Er lief eine gro\u00dfe Runde \u00fcber 1300m und erk\u00e4mpfte sich mit tollen 2. Platz. In der Gesamtwertung aller bisher ausgetragenen&nbsp;<\/b><b>L\u00e4ufe liegt er mit 52 Punkten auf Platz 2.&nbsp;<\/b><\/p>\n<div>\n<div><b><br \/><\/b><b><\/p>\n<table align=\"center\" cellpadding=\"0\" cellspacing=\"0\" class=\"tr-caption-container\" style=\"float: left; margin-right: 1em; text-align: left;\">\n<tbody>\n<tr>\n<td style=\"text-align: center;\"><a href=\"https:\/\/blogger.googleusercontent.com\/img\/b\/R29vZ2xl\/AVvXsEileas7sTeAnf7cuLy1y0T65CPxW25LegwhtUo0mOCXnYUmvpEROfgXSGQOp5D9__CFZOmR_bCqsCv_beH-3B2iW5HjBdS6pDk5ZN192yqolHfhwrlbA1WTTVPc7-gv_1fE-9TSuz_xgyz0pKsSWof8hEPYKYpQBz0eHIWu0CbKw5YUsOAf5Q7vj09RdQ\/s5472\/DSC07580.JPG\" style=\"margin-left: auto; margin-right: auto;\"><img loading=\"lazy\" loading=\"lazy\" decoding=\"async\" border=\"0\" data-original-height=\"3648\" data-original-width=\"5472\" height=\"213\" src=\"https:\/\/www.psv-wuppertal-leichtathletik.de\/wp-content\/uploads\/2022\/11\/DSC07580.jpg\" class=\"wp-image-1053\" width=\"320\" \/><\/a><\/td>\n<\/tr>\n<tr>\n<td class=\"tr-caption\" style=\"text-align: center;\"><b>Ivan vor dem letzten Heuballen<\/b><\/td>\n<\/tr>\n<\/tbody>\n<\/table>\n<p><\/b><b><\/b><\/p>\n<table align=\"center\" cellpadding=\"0\" cellspacing=\"0\" class=\"tr-caption-container\" style=\"margin-left: auto; margin-right: auto; text-align: center;\">\n<tbody>\n<tr>\n<td style=\"text-align: center;\"><a href=\"https:\/\/blogger.googleusercontent.com\/img\/b\/R29vZ2xl\/AVvXsEhO6EUvx8BS7nlZy_9f58zk1Wdu7-9ZamDeA9PRx1b3qaKPl0_rQFH3hehrU_LgRfaXiPvKKTv2sJBZgrGogN45h70qmuuKAPcfVvvUAJbyKMXWi_f_1Qq9VYFYgDUsUI-hQcMyTyf4Cbv_zsSnlvnGsh9dPEFTFrZHXMYCRm6szd6yPd2NVPsB1-_SVQ\/s5472\/DSC07581.JPG\" style=\"font-weight: 700; margin-left: auto; margin-right: auto; text-align: center;\"><img loading=\"lazy\" loading=\"lazy\" decoding=\"async\" border=\"0\" data-original-height=\"5472\" data-original-width=\"3648\" height=\"400\" src=\"https:\/\/www.psv-wuppertal-leichtathletik.de\/wp-content\/uploads\/2022\/11\/DSC07581.jpg\" class=\"wp-image-1054\" width=\"266\" \/><\/a><\/td>\n<\/tr>\n<tr>\n<td class=\"tr-caption\" style=\"text-align: center;\"><b>Ivan v\u00f6llig geschafft !<\/b><\/td>\n<\/tr>\n<\/tbody>\n<\/table>\n<p><b><\/b><\/p>\n<\/div>\n<div><b>Bei der U12 starteten Linda Bleidi\u00dfel, Hannah Schoeppe und Lauren Unverzagt. Sie durften 2x die kleine Runde (700m) laufen. Beide M\u00e4dels kamen in einem starken Feld ( mit leichtem Trainingsr\u00fcckstand)&nbsp; auf die Pl\u00e4tze 7 u. 8.<\/b><\/div>\n<\/div>\n<\/div>\n<div><b><br \/><\/b><\/div>\n<div>\n<table cellpadding=\"0\" cellspacing=\"0\" class=\"tr-caption-container\" style=\"float: left;\">\n<tbody>\n<tr>\n<td style=\"text-align: center;\"><a href=\"https:\/\/blogger.googleusercontent.com\/img\/b\/R29vZ2xl\/AVvXsEh1sas_ei9b5U_iEPSIzj82USQQm1e8qpWeTFAPD0DdwbGBItgAm7tSsPEPvyizT2-XefgKnfycQnafE_ME278hzHzRxveIcEDH32PmWSOXHWRNLRdg6zstoIOpEvKiiWu0BE9owKC3OwjFP8OxOle2I_BydN7Bvz2xlKB_DBhNy9H6poR6E0KEOsl7Wg\/s5472\/DSC07590.JPG\" style=\"clear: left; margin-bottom: 1em; margin-left: auto; margin-right: auto;\"><b><img loading=\"lazy\" loading=\"lazy\" decoding=\"async\" border=\"0\" data-original-height=\"3648\" data-original-width=\"5472\" height=\"213\" src=\"https:\/\/www.psv-wuppertal-leichtathletik.de\/wp-content\/uploads\/2022\/11\/DSC07590.jpg\" class=\"wp-image-1055\" width=\"320\" \/><\/b><\/a><\/td>\n<\/tr>\n<tr>\n<td class=\"tr-caption\" style=\"text-align: center;\"><b>Hannah mit einem gutem Start<\/b><\/td>\n<\/tr>\n<\/tbody>\n<\/table>\n<table align=\"center\" cellpadding=\"0\" cellspacing=\"0\" class=\"tr-caption-container\" style=\"float: right; margin-left: 1em; text-align: right;\">\n<tbody>\n<tr>\n<td style=\"text-align: center;\"><a href=\"https:\/\/blogger.googleusercontent.com\/img\/b\/R29vZ2xl\/AVvXsEhoCwueKy0MQeWBjI3-gc_wL6hMIXmbq31ejEpafJZXBhKoY3ci-vvfq4gsqRwkYMZSsmSzBJLoSnXCWcSXOVSxRlpD_aQF3waJ4ihoKDcJFIfK5GwYt9IhdbSLPTpATxx0gLmbxtlZ4FjSxs2_gVYSxTKpl5IxZLAm-5r4k4bECm9bAF0IeILNlz1IIA\/s5472\/DSC07592.JPG\" style=\"margin-left: auto; margin-right: auto;\"><img loading=\"lazy\" loading=\"lazy\" decoding=\"async\" border=\"0\" data-original-height=\"3648\" data-original-width=\"5472\" height=\"213\" src=\"https:\/\/www.psv-wuppertal-leichtathletik.de\/wp-content\/uploads\/2022\/11\/DSC07592.jpg\" class=\"wp-image-1056\" width=\"320\" \/><\/a><\/td>\n<\/tr>\n<tr>\n<td class=\"tr-caption\" style=\"text-align: center;\"><b>Linda auf der Verfolgung von Hannah<\/p>\n<p><\/b><\/td>\n<\/tr>\n<\/tbody>\n<\/table>\n<\/div>\n<div class=\"separator\" style=\"clear: both; text-align: center;\"><b>Als Einzelk\u00e4mpfer ging Lauren an den Start. Trotz gro\u00dfem Trainingsr\u00fcckstand erzielte Lauren&nbsp; einen guten 6. Platz. Platz 2 bis 5 waren nur wenige Sekunden entfernt.&nbsp;<\/b><\/div>\n<\/div>\n<div class=\"separator\" style=\"clear: both; text-align: center;\">\n<table align=\"center\" cellpadding=\"0\" cellspacing=\"0\" class=\"tr-caption-container\" style=\"float: left; margin-right: 1em; text-align: left;\">\n<tbody>\n<tr>\n<td style=\"text-align: center;\"><a href=\"https:\/\/blogger.googleusercontent.com\/img\/b\/R29vZ2xl\/AVvXsEhcSM8MShVhkaBUA9Ib0tsbUoxj4ORY4Mo8pCJINyeH__mzLvdhAuLRyWylzYR-RhmGRHWSj44kzcq1n-r-CKRJ8oKdoz0S-JHj7Qj2rTrHErwl1HYsQJGnxGlOqVDwU59K8bkeqZCypO5qLuw7Dw32LBBUGfmxI79qPaMa4n-HISQVISvbYfKO5O4CYQ\/s5472\/DSC07583.JPG\" style=\"margin-left: auto; margin-right: auto;\"><b><img loading=\"lazy\" loading=\"lazy\" decoding=\"async\" border=\"0\" data-original-height=\"3648\" data-original-width=\"5472\" height=\"213\" src=\"https:\/\/www.psv-wuppertal-leichtathletik.de\/wp-content\/uploads\/2022\/11\/DSC07583.jpg\" class=\"wp-image-1057\" width=\"320\" \/><\/b><\/a><\/td>\n<\/tr>\n<tr>\n<td class=\"tr-caption\" style=\"text-align: center;\"><b>Einzelk\u00e4mpfer Lauren<\/b><\/td>\n<\/tr>\n<\/tbody>\n<\/table>\n<p>&nbsp;<\/p><\/div>\n<table align=\"center\" cellpadding=\"0\" cellspacing=\"0\" class=\"tr-caption-container\" style=\"margin-left: auto; margin-right: auto;\">\n<tbody>\n<tr>\n<td style=\"text-align: center;\"><a href=\"https:\/\/blogger.googleusercontent.com\/img\/b\/R29vZ2xl\/AVvXsEjuiBMY5rig9e-S7hdeOiVD0ED5zFVPdMwYrlSNy9CqosJIyJ-mzO9KaCIxRmu43wr0Lzwk9jZLzLoeXt6ScBgDG_y03XXAq78VUsBiqBowkfVwohENoKFwXaz_MT88Ig8nl_l14ZtJBJwNqFXMbUyej8d8EmtRnv1ka8vUydfP0f2L1OXbFZQr7hqglA\/s5472\/DSC07586.JPG\" style=\"margin-left: auto; margin-right: auto;\"><img loading=\"lazy\" loading=\"lazy\" decoding=\"async\" border=\"0\" data-original-height=\"3648\" data-original-width=\"5472\" height=\"213\" src=\"https:\/\/www.psv-wuppertal-leichtathletik.de\/wp-content\/uploads\/2022\/11\/DSC07586.jpg\" class=\"wp-image-1058\" width=\"320\" \/><\/a><\/td>\n<\/tr>\n<tr>\n<td class=\"tr-caption\" style=\"text-align: center;\"><b>Lauren \u00fcber dem Heuballen<\/b><\/td>\n<\/tr>\n<\/tbody>\n<\/table>\n<div class=\"separator\" style=\"clear: both; text-align: center;\">\n<table align=\"center\" cellpadding=\"0\" cellspacing=\"0\" class=\"tr-caption-container\" style=\"margin-left: auto; margin-right: auto;\">\n<tbody>\n<tr>\n<td style=\"text-align: center;\"><a href=\"https:\/\/blogger.googleusercontent.com\/img\/b\/R29vZ2xl\/AVvXsEh8JmtS3a6n4h06uqeIzzExVhgVl59_g8-Blns1EuOEZ97JPmgcqKKoqFNxtp8LFglpVSiceVNw2Wtva4WwS5YKps1GS-89o2C23qcG50u7g-CrVygN6fYG0ZRQBVzwXymoA-fUbxreMT8ArKpvBmczhD8KZ9HZbqd4JNYVfAs3E_xCBxoKhitSqIRL-Q\/s5472\/DSC07619.JPG\" style=\"margin-left: auto; margin-right: auto;\"><img loading=\"lazy\" loading=\"lazy\" decoding=\"async\" border=\"0\" data-original-height=\"5472\" data-original-width=\"3648\" height=\"400\" src=\"https:\/\/www.psv-wuppertal-leichtathletik.de\/wp-content\/uploads\/2022\/11\/DSC07619.jpg\" class=\"wp-image-1059\" width=\"266\" \/><\/a><\/td>\n<\/tr>\n<tr>\n<td class=\"tr-caption\" style=\"text-align: center;\"><b>Lauren Unverzagt Platz 6<\/p>\n<p><\/b><\/td>\n<\/tr>\n<\/tbody>\n<\/table>\n<\/div>\n<div><b>Unsere J\u00fcngsten liefen eine kleine Runde von 700m \u00fcber den schweren Wiesenhindernissparcour. Neele Leven konnte sich mit einem starkem Schlussspurt Platz 2 sichern. Oskar Bleidi\u00dfel durfte sich \u00fcber Platz 3 freuen. Einen tollen 21. Platz von 39 Startern holte sich Eddie Bleidi\u00dfel bei den gro\u00dfen Jungen (alle 1-2 Jahre \u00e4lter)<\/b><\/div>\n<div>\n<table align=\"center\" cellpadding=\"0\" cellspacing=\"0\" class=\"tr-caption-container\" style=\"float: left; margin-right: 1em; text-align: left;\">\n<tbody>\n<tr>\n<td style=\"text-align: center;\"><a href=\"https:\/\/blogger.googleusercontent.com\/img\/b\/R29vZ2xl\/AVvXsEhLDlt29CH5f0PUZW1nejxhFaIlqtH0GQBpmfNKiq4y8CJUwSQvLGWTY5Sl91bRC5NOgNzZpBE6oWaix8JZRLEAusbY30PsfDWlaoYDEFjzmqPdUAsN8u5q58eLjRRYxeMipPCowHBgCtEWBvpYuYzY5VwVwQ5v_hTi52Gc8qZIq-X2JrKActCJjg4LQg\/s5472\/DSC07598.JPG\" style=\"margin-left: auto; margin-right: auto;\"><img loading=\"lazy\" loading=\"lazy\" decoding=\"async\" border=\"0\" data-original-height=\"3648\" data-original-width=\"5472\" height=\"213\" src=\"https:\/\/www.psv-wuppertal-leichtathletik.de\/wp-content\/uploads\/2022\/11\/DSC07598.jpg\" class=\"wp-image-1060\" width=\"320\" \/><\/a><\/td>\n<\/tr>\n<tr>\n<td class=\"tr-caption\" style=\"text-align: center;\"><b>der fliegende Eddie&nbsp;<\/b><\/td>\n<\/tr>\n<\/tbody>\n<\/table>\n<p><\/p>\n<table align=\"center\" cellpadding=\"0\" cellspacing=\"0\" class=\"tr-caption-container\" style=\"margin-left: auto; margin-right: auto;\">\n<tbody>\n<tr>\n<td style=\"text-align: center;\"><a href=\"https:\/\/blogger.googleusercontent.com\/img\/b\/R29vZ2xl\/AVvXsEitRVf-yCtaARIa_oY69m0AZz6VidR-gUsFqiI9i8caQJ5IwuBBxvGU7Hk2NpySHNqV0oP87JxTWEyTAn8zoQwfcdFweo0NqXQabpTE8Ake25zTv2lj2Lzr6ta2DkMoURKq5LQf7e1FRD7USbnxmS1azWWzARv9AW3Zu1FAWWhIiOCcy4jzCsWwWzOfow\/s5472\/DSC07610.JPG\" style=\"margin-left: auto; margin-right: auto;\"><b><img loading=\"lazy\" loading=\"lazy\" decoding=\"async\" border=\"0\" data-original-height=\"5472\" data-original-width=\"3648\" height=\"320\" src=\"https:\/\/www.psv-wuppertal-leichtathletik.de\/wp-content\/uploads\/2022\/11\/DSC07610.jpg\" class=\"wp-image-1061\" width=\"213\" \/><\/b><\/a><\/td>\n<\/tr>\n<tr>\n<td class=\"tr-caption\" style=\"text-align: center;\"><b>Eddie mit Weckmann u. Belohnung<\/b><\/td>\n<\/tr>\n<\/tbody>\n<\/table>\n<p><\/p>\n<table align=\"center\" cellpadding=\"0\" cellspacing=\"0\" class=\"tr-caption-container\" style=\"float: left; margin-right: 1em; text-align: left;\">\n<tbody>\n<tr>\n<td style=\"text-align: center;\"><a href=\"https:\/\/blogger.googleusercontent.com\/img\/b\/R29vZ2xl\/AVvXsEgVKgQURTptDWV8QzafVbesQVnjxn12XmgD0wi-Q-q3MYi9iTz5qcU8AP5dD8ASa2XVaqsQi2XRp1ToYI5TUst2PcnUcff2nBom22bHt6wpz6f1I8rsE-M9ATEMJRIzKFtYYouDiKkmuBtUq7uqT09wXpzKoDrCoM6AVgvLGjjdqUQDj-rknKrTT3hAfg\/s5472\/DSC07597.JPG\" style=\"margin-left: auto; margin-right: auto;\"><img loading=\"lazy\" loading=\"lazy\" decoding=\"async\" border=\"0\" data-original-height=\"3648\" data-original-width=\"5472\" height=\"213\" src=\"https:\/\/www.psv-wuppertal-leichtathletik.de\/wp-content\/uploads\/2022\/11\/DSC07597.jpg\" class=\"wp-image-1062\" width=\"320\" \/><\/a><\/td>\n<\/tr>\n<tr>\n<td class=\"tr-caption\" style=\"text-align: center;\"><b>Oskar auf der Verfolgung<\/b><\/td>\n<\/tr>\n<\/tbody>\n<\/table>\n<p><b><br \/><\/b><\/div>\n<table align=\"center\" cellpadding=\"0\" cellspacing=\"0\" class=\"tr-caption-container\" style=\"margin-left: auto; margin-right: auto;\">\n<tbody>\n<tr>\n<td style=\"text-align: center;\"><a href=\"https:\/\/blogger.googleusercontent.com\/img\/b\/R29vZ2xl\/AVvXsEg3y0SlT16vuJlkBidWUPVpQ9FO0jjU2knJQ_4C2kVTquXbnEqSPneu1EAloGF9TXyKR9AenbbJaGbrYk6k7BOzf7d5zlBN0XI5itrFUETcY5GoZTIQTsVK8yJoL1xyAldJn-SewRPCFDvJGwUGW06ioXElYQXatHJ-8b2uRlIhhTpXw7RSrFX9Ts_bSw\/s5472\/DSC07622.JPG\" style=\"margin-left: auto; margin-right: auto;\"><img loading=\"lazy\" loading=\"lazy\" decoding=\"async\" border=\"0\" data-original-height=\"5472\" data-original-width=\"3648\" height=\"320\" src=\"https:\/\/www.psv-wuppertal-leichtathletik.de\/wp-content\/uploads\/2022\/11\/DSC07622.jpg\" class=\"wp-image-1063\" width=\"213\" \/><\/a><\/td>\n<\/tr>\n<tr>\n<td class=\"tr-caption\" style=\"text-align: center;\"><b>Oskar auf dem Treppchen<\/b><\/td>\n<\/tr>\n<\/tbody>\n<\/table>\n<div><\/div>\n<table cellpadding=\"0\" cellspacing=\"0\" class=\"tr-caption-container\" style=\"float: left; margin-right: 1em; text-align: left;\">\n<tbody>\n<tr>\n<td style=\"text-align: center;\"><a href=\"https:\/\/blogger.googleusercontent.com\/img\/b\/R29vZ2xl\/AVvXsEjR86KSk1Z6oQQ6FKziVm_GBKsbUipMVJ_Os8ZGtViGG9cw5gsQcmp7dE5DzlgJsONj57XiEx1qjRQYb2g65henMA8zS22gGs7cViKyR7DSAMKGLfRjNZJ6WJVDaCX2-d3SkRI-cYJfrD7EIP4FsRuEt0QSEWMVB_TFU_L3ywROfl1qQQaPEbh3MtdlQw\/s5472\/DSC07603.JPG\" style=\"clear: left; margin-bottom: 1em; margin-left: auto; margin-right: auto;\"><img loading=\"lazy\" loading=\"lazy\" decoding=\"async\" border=\"0\" data-original-height=\"3648\" data-original-width=\"5472\" height=\"213\" src=\"https:\/\/www.psv-wuppertal-leichtathletik.de\/wp-content\/uploads\/2022\/11\/DSC07603.jpg\" class=\"wp-image-1064\" width=\"320\" \/><\/a><\/td>\n<\/tr>\n<tr>\n<td class=\"tr-caption\" style=\"text-align: center;\"><b>Neele vor dem Heuballen<\/b><\/td>\n<\/tr>\n<\/tbody>\n<\/table>\n<p><\/p>\n<table align=\"center\" cellpadding=\"0\" cellspacing=\"0\" class=\"tr-caption-container\" style=\"margin-left: auto; margin-right: auto;\">\n<tbody>\n<tr>\n<td style=\"text-align: center;\"><a href=\"https:\/\/blogger.googleusercontent.com\/img\/b\/R29vZ2xl\/AVvXsEgLrw9Y6gnWgWUj-7iI0ZRzhKQR9xA-ddpKFPJTGwqHnIeofsB90lZnxagrET6l93GC6hK_JMZak9XmuMtx-YjLujJyovzK0x2dNy6MvNxqZfOpx8CIgKAmhtyPF_M446mnOyyzcRfrzMVRlP4G79SwxwaXoFmapF42mTE6GvTEBqZPyFvJTuzATwumsA\/s5472\/DSC07624.JPG\" style=\"margin-left: auto; margin-right: auto;\"><img loading=\"lazy\" loading=\"lazy\" decoding=\"async\" border=\"0\" data-original-height=\"5472\" data-original-width=\"3648\" height=\"320\" src=\"https:\/\/www.psv-wuppertal-leichtathletik.de\/wp-content\/uploads\/2022\/11\/DSC07624.jpg\" class=\"wp-image-1065\" width=\"213\" \/><\/a><\/td>\n<\/tr>\n<tr>\n<td class=\"tr-caption\" style=\"text-align: center;\"><b>Platz 2 f\u00fcr Neele Leven<\/b><\/td>\n<\/tr>\n<\/tbody>\n<\/table>\n<p><\/p>\n","protected":false},"excerpt":{"rendered":"<p>&nbsp; &nbsp; &nbsp; &nbsp; &nbsp; &nbsp; &nbsp; &nbsp; &nbsp; &nbsp; &nbsp; &nbsp; &nbsp; &nbsp; &nbsp; &nbsp; &nbsp; &nbsp; &nbsp; &nbsp; &nbsp; &nbsp; &nbsp; &nbsp; &nbsp; &nbsp; &nbsp; &nbsp; &nbsp;&nbsp;PSV Trio erk\u00e4mpft sich Platz 2 Tim Fiedrich \/ Jarno Voth \/ Lucian UnverzagtVize-Crossmeister der U 16 2022 v.l.&nbsp; PSV Wuppertal \/ Bayer Leverkusen auf 1 &nbsp; [&hellip;]<\/p>\n","protected":false},"author":2,"featured_media":1043,"comment_status":"closed","ping_status":"closed","sticky":false,"template":"","format":"standard","meta":{"_et_pb_use_builder":"","_et_pb_old_content":"","_et_gb_content_width":"","footnotes":""},"categories":[1],"tags":[],"class_list":["post-1042","post","type-post","status-publish","format-standard","has-post-thumbnail","hentry","category-uncategorized"],"featured_media_urls":{"thumbnail":["https:\/\/www.psv-wuppertal-leichtathletik.de\/wp-content\/uploads\/2022\/11\/DSC07653.jpg",100,150,false],"medium":["https:\/\/www.psv-wuppertal-leichtathletik.de\/wp-content\/uploads\/2022\/11\/DSC07653.jpg",200,300,false],"medium_large":["https:\/\/www.psv-wuppertal-leichtathletik.de\/wp-content\/uploads\/2022\/11\/DSC07653.jpg",426,639,false],"large":["https:\/\/www.psv-wuppertal-leichtathletik.de\/wp-content\/uploads\/2022\/11\/DSC07653.jpg",426,639,false],"1536x1536":["https:\/\/www.psv-wuppertal-leichtathletik.de\/wp-content\/uploads\/2022\/11\/DSC07653.jpg",426,639,false],"2048x2048":["https:\/\/www.psv-wuppertal-leichtathletik.de\/wp-content\/uploads\/2022\/11\/DSC07653.jpg",426,639,false],"et-pb-post-main-image":["https:\/\/www.psv-wuppertal-leichtathletik.de\/wp-content\/uploads\/2022\/11\/DSC07653.jpg",167,250,false],"et-pb-post-main-image-fullwidth":["https:\/\/www.psv-wuppertal-leichtathletik.de\/wp-content\/uploads\/2022\/11\/DSC07653.jpg",426,639,false],"et-pb-portfolio-image":["https:\/\/www.psv-wuppertal-leichtathletik.de\/wp-content\/uploads\/2022\/11\/DSC07653.jpg",189,284,false],"et-pb-portfolio-module-image":["https:\/\/www.psv-wuppertal-leichtathletik.de\/wp-content\/uploads\/2022\/11\/DSC07653.jpg",255,382,false],"et-pb-portfolio-image-single":["https:\/\/www.psv-wuppertal-leichtathletik.de\/wp-content\/uploads\/2022\/11\/DSC07653.jpg",426,639,false],"et-pb-gallery-module-image-portrait":["https:\/\/www.psv-wuppertal-leichtathletik.de\/wp-content\/uploads\/2022\/11\/DSC07653.jpg",344,516,false],"et-pb-post-main-image-fullwidth-large":["https:\/\/www.psv-wuppertal-leichtathletik.de\/wp-content\/uploads\/2022\/11\/DSC07653.jpg",426,639,false],"et-pb-image--responsive--desktop":["https:\/\/www.psv-wuppertal-leichtathletik.de\/wp-content\/uploads\/2022\/11\/DSC07653.jpg",426,639,false],"et-pb-image--responsive--tablet":["https:\/\/www.psv-wuppertal-leichtathletik.de\/wp-content\/uploads\/2022\/11\/DSC07653.jpg",367,551,false],"et-pb-image--responsive--phone":["https:\/\/www.psv-wuppertal-leichtathletik.de\/wp-content\/uploads\/2022\/11\/DSC07653.jpg",180,270,false],"portfolio_item-thumbnail":["https:\/\/www.psv-wuppertal-leichtathletik.de\/wp-content\/uploads\/2022\/11\/DSC07653.jpg",267,400,false],"portfolio_item-thumbnail@2x":["https:\/\/www.psv-wuppertal-leichtathletik.de\/wp-content\/uploads\/2022\/11\/DSC07653.jpg",426,639,false],"portfolio_item-masonry":["https:\/\/www.psv-wuppertal-leichtathletik.de\/wp-content\/uploads\/2022\/11\/DSC07653.jpg",426,639,false],"portfolio_item-masonry@2x":["https:\/\/www.psv-wuppertal-leichtathletik.de\/wp-content\/uploads\/2022\/11\/DSC07653.jpg",426,639,false],"portfolio_item-thumbnail_cinema":["https:\/\/www.psv-wuppertal-leichtathletik.de\/wp-content\/uploads\/2022\/11\/DSC07653.jpg",223,335,false],"portfolio_item-thumbnail_portrait":["https:\/\/www.psv-wuppertal-leichtathletik.de\/wp-content\/uploads\/2022\/11\/DSC07653.jpg",426,639,false],"portfolio_item-thumbnail_portrait@2x":["https:\/\/www.psv-wuppertal-leichtathletik.de\/wp-content\/uploads\/2022\/11\/DSC07653.jpg",426,639,false],"portfolio_item-thumbnail_square":["https:\/\/www.psv-wuppertal-leichtathletik.de\/wp-content\/uploads\/2022\/11\/DSC07653.jpg",426,639,false]},"_links":{"self":[{"href":"https:\/\/www.psv-wuppertal-leichtathletik.de\/index.php?rest_route=\/wp\/v2\/posts\/1042","targetHints":{"allow":["GET"]}}],"collection":[{"href":"https:\/\/www.psv-wuppertal-leichtathletik.de\/index.php?rest_route=\/wp\/v2\/posts"}],"about":[{"href":"https:\/\/www.psv-wuppertal-leichtathletik.de\/index.php?rest_route=\/wp\/v2\/types\/post"}],"author":[{"embeddable":true,"href":"https:\/\/www.psv-wuppertal-leichtathletik.de\/index.php?rest_route=\/wp\/v2\/users\/2"}],"replies":[{"embeddable":true,"href":"https:\/\/www.psv-wuppertal-leichtathletik.de\/index.php?rest_route=%2Fwp%2Fv2%2Fcomments&post=1042"}],"version-history":[{"count":1,"href":"https:\/\/www.psv-wuppertal-leichtathletik.de\/index.php?rest_route=\/wp\/v2\/posts\/1042\/revisions"}],"predecessor-version":[{"id":2355,"href":"https:\/\/www.psv-wuppertal-leichtathletik.de\/index.php?rest_route=\/wp\/v2\/posts\/1042\/revisions\/2355"}],"wp:featuredmedia":[{"embeddable":true,"href":"https:\/\/www.psv-wuppertal-leichtathletik.de\/index.php?rest_route=\/wp\/v2\/media\/1043"}],"wp:attachment":[{"href":"https:\/\/www.psv-wuppertal-leichtathletik.de\/index.php?rest_route=%2Fwp%2Fv2%2Fmedia&parent=1042"}],"wp:term":[{"taxonomy":"category","embeddable":true,"href":"https:\/\/www.psv-wuppertal-leichtathletik.de\/index.php?rest_route=%2Fwp%2Fv2%2Fcategories&post=1042"},{"taxonomy":"post_tag","embeddable":true,"href":"https:\/\/www.psv-wuppertal-leichtathletik.de\/index.php?rest_route=%2Fwp%2Fv2%2Ftags&post=1042"}],"curies":[{"name":"wp","href":"https:\/\/api.w.org\/{rel}","templated":true}]}}