{"id":1066,"date":"2022-11-05T21:18:00","date_gmt":"2022-11-05T21:18:00","guid":{"rendered":""},"modified":"2022-12-14T08:24:33","modified_gmt":"2022-12-14T08:24:33","slug":"speed-cross-leverkusen","status":"publish","type":"post","link":"https:\/\/www.psv-wuppertal-leichtathletik.de\/?p=1066","title":{"rendered":"Speed Cross Leverkusen"},"content":{"rendered":"<p style=\"text-align: center;\"><\/p>\n<p style=\"text-align: center;\">&nbsp;<b><span style=\"font-size: large;\">2. Talent- und Speed-Cross&nbsp; unter dem Bayerkreuz<\/span><\/b><\/p>\n<p style=\"text-align: center;\"><b><span style=\"font-size: large;\"><br \/><\/span><\/b><\/p>\n<p style=\"text-align: left;\"><b>Bei teilweise sonnigem Wetter, einem k\u00fchlen Wind und guten Gel\u00e4ndebedingungen war alles gegeben f\u00fcr einen tollen Crosswettkampf.&nbsp; Die Strecke ging \u00fcber Wiese, kurzem aber giftigen kleinen H\u00fcgel, \u00fcber Heuballen und durch den Sand. Mit dabei, bei diesem Spektakel waren einige Kinder und Jugendliche des PSV. In der U10 gingen Oskar Bleidi\u00dfel und Jona Schwedler an den Start. Beide Jungen zeigten einen tollen Wettkampf und wurden mit Platz 2 Oskar und Jona Platz 6 belohnt. Jona musste nur den \u00c4lteren den Vortritt lassen.<\/b><\/p>\n<p style=\"text-align: left;\"><b>Bei der U12 starteten Linda Bleidi\u00dfel und Hannah Schoeppe.&nbsp; Hannah und Linda erk\u00e4mpften sich Platz 8 und 9. Hannah k\u00e4mpft sich nach Verletzung zur\u00fcck zur alten St\u00e4rke und Linda sammelt neue Erfahrungen. Bei der U14 wurde nach einem taktisch starken Rennen und mit einem tollem Schlussakzent Ivan Solodyi starker 2. Jannis Ruf k\u00e4mpfte sich mit Trainingsr\u00fcckstand \u00fcber die 3 Runden und erzielte einen guten 14. Platz.&nbsp; &nbsp; &nbsp; &nbsp; &nbsp; &nbsp; &nbsp;<br \/>Bei der U16 gingen Jarno Voth und Lucian Unverzagt ins Rennen. Beide hielten sich von Anfang in der Spitzengruppe auf. In einem spannendem Rennen mit vielen Positionswechseln wurden Lucian mit Platz 2 und Jarno mit Platz 4 belohnt. Unsere Jungen boten den starken Jungen von Bayer Leverkusen Paroli. Im letzten Lauf ging dann Justus Ehser auf die ungeliebte kurze aber schnelle Strecke. Justus lief ein beherztes Rennen und k\u00e4mpfte sich 4 Runden \u00fcber die schwere Strecke. Als 13. kam Justus unter dem Beifall der Zuschauer in 7:20 Min. ins Ziel.<\/b><\/p>\n<p style=\"text-align: left;\"><b>Alle M\u00e4dels und alle Jungen haben den PSV mal wieder super stark pr\u00e4sentiert.<\/b><\/p>\n<table align=\"center\" cellpadding=\"0\" cellspacing=\"0\" class=\"tr-caption-container\" style=\"float: right; margin-left: 1em; text-align: right;\">\n<tbody>\n<tr>\n<td style=\"text-align: center;\"><a href=\"https:\/\/blogger.googleusercontent.com\/img\/b\/R29vZ2xl\/AVvXsEgYXuVJHtQTV7_Mj0i3yfNlWNc6n1P7PUFNDzNqRq3gJ61j-1237wZKAqHcgI8UDyYMezAgdZQyRxDuOHKEX8ekbIn46uwcLEoJxG4CibxqQfLMDKXcO2Iv-m0s4nFWKomN_0l0qGFuAb6PW4dHa3v3oWS4L_aBsMYyINzkrziLkrZt55vaBMxQRROOuQ\/s5472\/DSC07525.JPG\" style=\"margin-left: auto; margin-right: auto;\"><img fetchpriority=\"high\" fetchpriority=\"high\" decoding=\"async\" border=\"0\" data-original-height=\"5472\" data-original-width=\"3648\" height=\"320\" src=\"https:\/\/www.psv-wuppertal-leichtathletik.de\/wp-content\/uploads\/2022\/11\/DSC07525.jpg\" class=\"wp-image-1067\" width=\"213\" \/><\/a><\/td>\n<\/tr>\n<tr>\n<td class=\"tr-caption\" style=\"text-align: center;\"><span style=\"font-weight: bold;\">wann geht&#8217;s los?<\/span><\/p>\n<div style=\"text-align: left;\"><span style=\"font-weight: 700;\"><br \/><\/span><\/div>\n<div style=\"text-align: left;\"><span style=\"font-weight: 700;\"><br \/><\/span><\/div>\n<div style=\"text-align: left;\"><span style=\"font-weight: 700;\"><br \/><\/span><\/div>\n<\/td>\n<\/tr>\n<\/tbody>\n<\/table>\n<p style=\"text-align: left;\"><b><\/b><br \/><b><\/b><\/p>\n<table cellpadding=\"0\" cellspacing=\"0\" class=\"tr-caption-container\" style=\"float: left;\">\n<tbody>\n<tr>\n<td style=\"text-align: center;\"><a href=\"https:\/\/blogger.googleusercontent.com\/img\/b\/R29vZ2xl\/AVvXsEgs8Xpg6sCr7apIl3QDsH-2xhEVsHk2PKkRoB5eGUfOgnBC1SgyPcgWyJuWqCPucX3by5tjJJrzTNJhDZGAECTH_wuP_xs9KcpB3_3QGx2mkyDGFNRcwjBiuawV1hEMH6g26k2uSIxpQOGbY8ckOtC8rZaHHuRilF9K0s6uE24gb3b0KC1ncutn8XRA3g\/s4032\/20221105_113442(0).jpg\" style=\"clear: left; margin-bottom: 1em; margin-left: auto; margin-right: auto;\"><img decoding=\"async\" border=\"0\" data-original-height=\"1960\" data-original-width=\"4032\" height=\"178\" src=\"https:\/\/www.psv-wuppertal-leichtathletik.de\/wp-content\/uploads\/2022\/11\/20221105_1134420.jpg\" class=\"wp-image-1068\" width=\"365\" \/><\/a><\/td>\n<\/tr>\n<tr>\n<td class=\"tr-caption\" style=\"text-align: center;\"><b>Oskar auf der 2 bei der Siegerehrung<\/p>\n<p><\/b><\/p>\n<div class=\"separator\" style=\"clear: both; text-align: center;\"><a href=\"https:\/\/blogger.googleusercontent.com\/img\/b\/R29vZ2xl\/AVvXsEho1tiYy_jAxtl58CMeCoVtYu2kGOG-28vlMeRuSko2jtCxnje1LmarnOgum-WXKVF0JZh19gEVYkOI1swUNKAk_n3tj1FFlxERKsmPtJ3FB8EOVPXCb5saGn5uxQiruV1zRyEbF95rW9k3iAxHIZGnCUXNgU9PrqfTMfcqEeysfy824A4ZarEzBq9MMA\/s5472\/DSC07529.JPG\" style=\"margin-left: 1em; margin-right: 1em;\"><img decoding=\"async\" border=\"0\" data-original-height=\"3648\" data-original-width=\"5472\" height=\"266\" src=\"https:\/\/www.psv-wuppertal-leichtathletik.de\/wp-content\/uploads\/2022\/11\/DSC07529.jpg\" class=\"wp-image-1069\" width=\"400\" \/><\/a><\/div>\n<p><b>Jona auf dem Weg nach oben<\/b><\/p>\n<p><\/td>\n<\/tr>\n<\/tbody>\n<\/table>\n<p><b><br \/><\/b><\/p>\n<p style=\"text-align: left;\"><b><br \/><\/b><\/p>\n<p style=\"text-align: left;\">\n<table cellpadding=\"0\" cellspacing=\"0\" class=\"tr-caption-container\" style=\"float: right;\">\n<tbody>\n<tr>\n<td style=\"text-align: center;\"><a href=\"https:\/\/blogger.googleusercontent.com\/img\/b\/R29vZ2xl\/AVvXsEgOesUu136NeGqC5fVLfF_2LmH70QjYrGsbft13HqLc5i1sbrKIAFKXePuEYqAIGa7ZTjgKnH9bkPtbxht_z7OWlfrOY3gnEN-BiCzSTQviP9Z4J9ahL9pmM61qglO_GAY6sHzuCYnAtD-rgyonYK0uOCUeZlODMR8RFrcgRUh6zVkIvl8Jrlqk6boyrg\/s5472\/DSC07531.JPG\" style=\"clear: right; margin-bottom: 1em; margin-left: auto; margin-right: auto;\"><img loading=\"lazy\" loading=\"lazy\" decoding=\"async\" border=\"0\" data-original-height=\"3648\" data-original-width=\"5472\" height=\"266\" src=\"https:\/\/www.psv-wuppertal-leichtathletik.de\/wp-content\/uploads\/2022\/11\/DSC07531.jpg\" class=\"wp-image-1070\" width=\"400\" \/><\/a><\/td>\n<\/tr>\n<tr>\n<td class=\"tr-caption\" style=\"text-align: center;\"><b>auf dem Weg ins Ziel<\/p>\n<p><\/b><\/td>\n<\/tr>\n<\/tbody>\n<\/table>\n<p><\/p>\n<table cellpadding=\"0\" cellspacing=\"0\" class=\"tr-caption-container\" style=\"float: left;\">\n<tbody>\n<tr>\n<td style=\"text-align: center;\"><a href=\"https:\/\/blogger.googleusercontent.com\/img\/b\/R29vZ2xl\/AVvXsEju0QJk729I8_5qpkAWHk_xduMAlCHZU4OAsy_ah98voRAKUVESziHZYjL-dHuwY471fuZx7Fqq70sNJhNuzEjJ1FutRTtb4G4-W5DBAe-GuGiZXcJ3aNNQ21j127e7cGOOTq6mPPOQFcBLpkQuObMgfAaJ0pQBl6TFoPyKTYzov1z2T7CJphXIbTmmSg\/s5472\/DSC07536.JPG\" style=\"clear: left; margin-bottom: 1em; margin-left: auto; margin-right: auto;\"><img loading=\"lazy\" loading=\"lazy\" decoding=\"async\" border=\"0\" data-original-height=\"5472\" data-original-width=\"3648\" height=\"320\" src=\"https:\/\/www.psv-wuppertal-leichtathletik.de\/wp-content\/uploads\/2022\/11\/DSC07536.jpg\" class=\"wp-image-1071\" width=\"213\" \/><\/a><\/td>\n<\/tr>\n<tr>\n<td class=\"tr-caption\" style=\"text-align: center;\"><b>wie sollen wir laufen?<\/b><\/td>\n<\/tr>\n<\/tbody>\n<\/table>\n<p><\/p>\n<table cellpadding=\"0\" cellspacing=\"0\" class=\"tr-caption-container\" style=\"float: left;\">\n<tbody>\n<tr>\n<td style=\"text-align: center;\"><a href=\"https:\/\/blogger.googleusercontent.com\/img\/b\/R29vZ2xl\/AVvXsEjPttNNquuurswTxrSgGvwml9Cz4NLtJr8qiySzFmNxu9ubjdPi91-WWIhTm4TAF3r7nDhYR4SDDrQS8JAkM3Cbm1aAd8kj1JbrCZxKbwLgnwsEdDXYyF8ea0x7uvxvgKjWXmwORx1R-zBR4wkNwuZDSZWdsyDvKmGnKv2FPX_zqlJ40BrhDQMThsuQKg\/s5472\/DSC07538.JPG\" style=\"clear: left; margin-bottom: 1em; margin-left: auto; margin-right: auto;\"><img loading=\"lazy\" loading=\"lazy\" decoding=\"async\" border=\"0\" data-original-height=\"5472\" data-original-width=\"3648\" height=\"320\" src=\"https:\/\/www.psv-wuppertal-leichtathletik.de\/wp-content\/uploads\/2022\/11\/DSC07538.jpg\" class=\"wp-image-1072\" width=\"213\" \/><\/a><\/td>\n<\/tr>\n<tr>\n<td class=\"tr-caption\" style=\"text-align: center;\"><b>Hannah am Berg<\/b><\/td>\n<\/tr>\n<\/tbody>\n<\/table>\n<p><b><br \/><\/b><\/p>\n<table align=\"center\" cellpadding=\"0\" cellspacing=\"0\" class=\"tr-caption-container\" style=\"margin-left: auto; margin-right: auto;\">\n<tbody>\n<tr>\n<td style=\"text-align: center;\"><a href=\"https:\/\/blogger.googleusercontent.com\/img\/b\/R29vZ2xl\/AVvXsEgEKV29W6h8L0MWuYAwz1oFXZxB6iiQ6Lu8hC5C55btnnezyBoPMGi2AAIHzvgsMyvmj9b_8aRR2LYSmlxt7x_CqihId5wvzcxThMBAoHTigb8FXZphniT-mZM7Kn93Vwv7Rz8v-7O58ztrTjibwdmhzuciNaZlJwQpd1giDnqJ_NY8ojh7sfg5ddBfcA\/s5472\/DSC07539.JPG\" style=\"margin-left: auto; margin-right: auto;\"><b><img loading=\"lazy\" loading=\"lazy\" decoding=\"async\" border=\"0\" data-original-height=\"5472\" data-original-width=\"3648\" height=\"320\" src=\"https:\/\/www.psv-wuppertal-leichtathletik.de\/wp-content\/uploads\/2022\/11\/DSC07539.jpg\" class=\"wp-image-1073\" width=\"213\" \/><\/b><\/a><\/td>\n<\/tr>\n<tr>\n<td class=\"tr-caption\" style=\"text-align: center;\"><b>Linda und Hannah<\/b><\/td>\n<\/tr>\n<\/tbody>\n<\/table>\n<p><b><br \/><\/b><\/p>\n<table cellpadding=\"0\" cellspacing=\"0\" class=\"tr-caption-container\" style=\"float: left;\">\n<tbody>\n<tr>\n<td style=\"text-align: center;\"><a href=\"https:\/\/blogger.googleusercontent.com\/img\/b\/R29vZ2xl\/AVvXsEhUcPVE0Jup-I4-CT1Tvdfjtw7pg8NR1aSDw-iR61PL0zXTKIfklK5jSVkuqseybKOfJEZ49K3Xo3kl2xxgNtWkbv6Wke6UADyknynN9IuUk3ftdfgZbsy7HcTQE5IaFywgb6TGWz8hspi0yaf7XO1iDmrgdBwngcDnHVrwVbOsN-Q8sKqetVR_0Yet8g\/s5472\/DSC07543.JPG\" style=\"clear: left; margin-bottom: 1em; margin-left: auto; margin-right: auto;\"><b><img loading=\"lazy\" loading=\"lazy\" decoding=\"async\" border=\"0\" data-original-height=\"5472\" data-original-width=\"3648\" height=\"400\" src=\"https:\/\/www.psv-wuppertal-leichtathletik.de\/wp-content\/uploads\/2022\/11\/DSC07543.jpg\" class=\"wp-image-1074\" width=\"266\" \/><\/b><\/a><\/td>\n<\/tr>\n<tr>\n<td class=\"tr-caption\" style=\"text-align: center;\"><b>Erledigt aber gl\u00fccklich<\/b><\/td>\n<\/tr>\n<\/tbody>\n<\/table>\n<p><\/p>\n<table align=\"center\" cellpadding=\"0\" cellspacing=\"0\" class=\"tr-caption-container\" style=\"margin-left: auto; margin-right: auto;\">\n<tbody>\n<tr>\n<td style=\"text-align: center;\"><a href=\"https:\/\/blogger.googleusercontent.com\/img\/b\/R29vZ2xl\/AVvXsEg8iNfMhwxVu8SSfoV_XUXm_zGPWnekd6HzV9erL8wSFU3vHTa7WCcsue-aFfQ-oheKvp0RyQ5vs4D4blYRm4BYqtME_-cqWAqOv5evA2ENcQ6uVMyUz2EHRBCFO88NRruuseKIzSz3wk-2HTDe2V8PX5S5hGtBKSWVL7hJZzoIJlaJzzhS9Y79wy-qbg\/s5472\/DSC07551.JPG\" style=\"margin-left: auto; margin-right: auto;\"><img loading=\"lazy\" loading=\"lazy\" decoding=\"async\" border=\"0\" data-original-height=\"5472\" data-original-width=\"3648\" height=\"400\" src=\"https:\/\/www.psv-wuppertal-leichtathletik.de\/wp-content\/uploads\/2022\/11\/DSC07551.jpg\" class=\"wp-image-1075\" width=\"266\" \/><\/a><\/td>\n<\/tr>\n<tr>\n<td class=\"tr-caption\" style=\"text-align: center;\"><b>Ivan greift an<\/b><\/td>\n<\/tr>\n<\/tbody>\n<\/table>\n<p><\/p>\n<table align=\"center\" cellpadding=\"0\" cellspacing=\"0\" class=\"tr-caption-container\" style=\"float: left; margin-right: 1em; text-align: left;\">\n<tbody>\n<tr>\n<td style=\"text-align: center;\"><a href=\"https:\/\/blogger.googleusercontent.com\/img\/b\/R29vZ2xl\/AVvXsEjJnYw9UD6iXfWsFoWboNdPx45ebtj7d2uvwynTVC_Xzi4iCtBGvPqGRBG6KuWsKZvgEEyRLBKdawVOR-If_ICAu0yqMQrPLSuxM5YbNtHOFAsyASBd3z_k1sBkcLroOoUsmqo8XEGNSzxl9qhAZ_0oj2Oo_HbMikvFQ4pxFd4oAeVCE2PEe2Ok9y5Lqw\/s5472\/DSC07552.JPG\" style=\"margin-left: auto; margin-right: auto;\"><b><img loading=\"lazy\" loading=\"lazy\" decoding=\"async\" border=\"0\" data-original-height=\"5472\" data-original-width=\"3648\" height=\"400\" src=\"https:\/\/www.psv-wuppertal-leichtathletik.de\/wp-content\/uploads\/2022\/11\/DSC07552.jpg\" class=\"wp-image-1076\" width=\"266\" \/><\/b><\/a><\/td>\n<\/tr>\n<tr>\n<td class=\"tr-caption\" style=\"text-align: center;\"><b>Ivan kurz vor dem Ziel<\/b><\/td>\n<\/tr>\n<\/tbody>\n<\/table>\n<p><\/p>\n<table align=\"center\" cellpadding=\"0\" cellspacing=\"0\" class=\"tr-caption-container\" style=\"float: right; margin-left: 1em; text-align: right;\">\n<tbody>\n<tr>\n<td style=\"text-align: center;\"><a href=\"https:\/\/blogger.googleusercontent.com\/img\/b\/R29vZ2xl\/AVvXsEjr6yvA6sHpDkdWe7k3oaj7AxaXLxg9EHFPkbHOQ_MU9ttmQScZTmgXFHPMo_Qd0zo_nN7nvKTmTV-yPMQZPy61BbF_AM0zHgsQhoJOBa3gJCmEhzRSxhqMApqpKE9Vi2uJCBJwwkyTkQ0PoWTBAa-nwKS2ic6FsFVA9V_9YqF6GHB29YPMoD_s23u0RA\/s5472\/DSC07554.JPG\" style=\"margin-left: auto; margin-right: auto;\"><img loading=\"lazy\" loading=\"lazy\" decoding=\"async\" border=\"0\" data-original-height=\"3648\" data-original-width=\"5472\" height=\"213\" src=\"https:\/\/www.psv-wuppertal-leichtathletik.de\/wp-content\/uploads\/2022\/11\/DSC07554.jpg\" class=\"wp-image-1077\" width=\"320\" \/><\/a><\/td>\n<\/tr>\n<tr>\n<td class=\"tr-caption\" style=\"text-align: center;\"><b>Ivan auf Platz 2<\/b><\/td>\n<\/tr>\n<\/tbody>\n<\/table>\n<p><\/p>\n<table cellpadding=\"0\" cellspacing=\"0\" class=\"tr-caption-container\" style=\"float: right;\">\n<tbody>\n<tr>\n<td style=\"text-align: center;\"><a href=\"https:\/\/blogger.googleusercontent.com\/img\/b\/R29vZ2xl\/AVvXsEhCgdQ8iJbuwgIP1sqKcdSSHRsijD9UArD14Wg8V_vR3j3AIKJII3kV_LGBdcktNaYQswBt3TuAlN_JT6m-kwC3vU64gYITAlejSfFCFoz6gIBi9scXkyEk3diWn3NJuyY990PkQWa_adW1l2PJ4isn5lJBW03kSAjUHiQuGh4NlfuSiWLPth0KX1ZJSA\/s5472\/DSC07555.JPG\" style=\"clear: right; margin-bottom: 1em; margin-left: auto; margin-right: auto;\"><img loading=\"lazy\" loading=\"lazy\" decoding=\"async\" border=\"0\" data-original-height=\"5472\" data-original-width=\"3648\" height=\"400\" src=\"https:\/\/www.psv-wuppertal-leichtathletik.de\/wp-content\/uploads\/2022\/11\/DSC07555.jpg\" class=\"wp-image-1078\" width=\"266\" \/><\/a><\/td>\n<\/tr>\n<tr>\n<td class=\"tr-caption\" style=\"text-align: center;\"><b>Ivan Solodkyi PSV<\/b><\/td>\n<\/tr>\n<\/tbody>\n<\/table>\n<p><\/p>\n<table cellpadding=\"0\" cellspacing=\"0\" class=\"tr-caption-container\" style=\"float: left;\">\n<tbody>\n<tr>\n<td style=\"text-align: center;\"><a href=\"https:\/\/blogger.googleusercontent.com\/img\/b\/R29vZ2xl\/AVvXsEg3OWFj1uNRJqqBlpmQlQIa0hYzUg7o9qfpUFG-jvQ8cqf5Ip-edIeJwxK4hkrysnpmPvGKmQKKL_TsiWvAicFNDa-AKALeH0Xo9C5m9I1q__nILCqdm7IfVZ2W7VX2bjGX0zenR3jP9KDbQ-UMlomZHPYPGYTAbMbSPdUSRa_jaIBcVrEeIHndbVVGcQ\/s5472\/DSC07556.JPG\" style=\"clear: left; margin-bottom: 1em; margin-left: auto; margin-right: auto;\"><img loading=\"lazy\" loading=\"lazy\" decoding=\"async\" border=\"0\" data-original-height=\"5472\" data-original-width=\"3648\" height=\"320\" src=\"https:\/\/www.psv-wuppertal-leichtathletik.de\/wp-content\/uploads\/2022\/11\/DSC07556.jpg\" class=\"wp-image-1079\" width=\"213\" \/><\/a><\/td>\n<\/tr>\n<tr>\n<td class=\"tr-caption\" style=\"text-align: center;\"><b>Jannis kurz vor dem Start<\/b><\/td>\n<\/tr>\n<\/tbody>\n<\/table>\n<p><\/p>\n<table cellpadding=\"0\" cellspacing=\"0\" class=\"tr-caption-container\" style=\"float: right;\">\n<tbody>\n<tr>\n<td style=\"text-align: center;\"><a href=\"https:\/\/blogger.googleusercontent.com\/img\/b\/R29vZ2xl\/AVvXsEhlhmgQ2PO2lBe6lW8y3EP3Nn0VwAXqRxs74uttPOGsb7qkkIplaR7vjL0FRGHP0z5718nxc1ZjCsehKdvcrsfOD49MNJLYFBZjUevnjuvXFeAs57THZltpq5Q19WhRzm8o2R55pI_fsaCHEtZLhK9wG59V7eR-WRH_WdriiYiudmKvXzs65dSQuSsCRw\/s5472\/DSC07558.JPG\" style=\"clear: right; margin-bottom: 1em; margin-left: auto; margin-right: auto;\"><img loading=\"lazy\" loading=\"lazy\" decoding=\"async\" border=\"0\" data-original-height=\"5472\" data-original-width=\"3648\" height=\"400\" src=\"https:\/\/www.psv-wuppertal-leichtathletik.de\/wp-content\/uploads\/2022\/11\/DSC07558.jpg\" class=\"wp-image-1080\" width=\"266\" \/><\/a><\/td>\n<\/tr>\n<tr>\n<td class=\"tr-caption\" style=\"text-align: center;\"><b>4 x&nbsp;<\/b><b>hoch, auweia, das tut weh&nbsp;<\/p>\n<p><\/b><\/td>\n<\/tr>\n<\/tbody>\n<\/table>\n<p><\/p>\n<table cellpadding=\"0\" cellspacing=\"0\" class=\"tr-caption-container\" style=\"float: left;\">\n<tbody>\n<tr>\n<td style=\"text-align: center;\"><a href=\"https:\/\/blogger.googleusercontent.com\/img\/b\/R29vZ2xl\/AVvXsEhwlQZMJeqTLqUObjOgDfU2JWz-p9V_qTkQmKK695ktEqXquR4H4igq3EWgjQonBYXMr_5HPP9xCEoA5Bdg_a-Zgg9uZbX0XkKsSOn8GA_5vIGbPtB-PL9acxIJvHkWhrCAtJP-5-2x0e4DeddOpoVfrWjnHH0RGLmJD_8sazIQzY0wS5t1x2uZINXnZQ\/s5472\/DSC07561.JPG\" style=\"clear: left; margin-bottom: 1em; margin-left: auto; margin-right: auto;\"><img loading=\"lazy\" loading=\"lazy\" decoding=\"async\" border=\"0\" data-original-height=\"3648\" data-original-width=\"5472\" height=\"266\" src=\"https:\/\/www.psv-wuppertal-leichtathletik.de\/wp-content\/uploads\/2022\/11\/DSC07561.jpg\" class=\"wp-image-1081\" width=\"400\" \/><\/a><\/td>\n<\/tr>\n<tr>\n<td class=\"tr-caption\" style=\"text-align: center;\"><b>Justus, Lucian u. Jarno beim Aufw\u00e4rmen<\/b><\/td>\n<\/tr>\n<\/tbody>\n<\/table>\n<p><\/p>\n<table cellpadding=\"0\" cellspacing=\"0\" class=\"tr-caption-container\" style=\"float: left;\">\n<tbody>\n<tr>\n<td style=\"text-align: center;\"><a href=\"https:\/\/blogger.googleusercontent.com\/img\/b\/R29vZ2xl\/AVvXsEi6vTydSy6X1-otr1__MRuoiN09xtSSBZVEbFF85XzD1plJjMCTDBBdyHrK7qp3_1sxshAlXiy5bd2QmpfXGEuz5bljrc9--OevOC-hMcHlzv5MrUWJt1luEnUs6m2Ivvby4c-p0Gt2YSTqiffvk0Rso5SKB0xsLf4YNBITVMEQfEjLhsNmaiTLJKSLYA\/s5472\/DSC07563.JPG\" style=\"clear: left; margin-bottom: 1em; margin-left: auto; margin-right: auto;\"><img loading=\"lazy\" loading=\"lazy\" decoding=\"async\" border=\"0\" data-original-height=\"5472\" data-original-width=\"3648\" height=\"320\" src=\"https:\/\/www.psv-wuppertal-leichtathletik.de\/wp-content\/uploads\/2022\/11\/DSC07563.jpg\" class=\"wp-image-1082\" width=\"213\" \/><\/a><\/td>\n<\/tr>\n<tr>\n<td class=\"tr-caption\" style=\"text-align: center;\"><b>Jarno u. Lucian voll konzentriert !<\/b><\/td>\n<\/tr>\n<\/tbody>\n<\/table>\n<p><\/p>\n<table align=\"center\" cellpadding=\"0\" cellspacing=\"0\" class=\"tr-caption-container\" style=\"margin-left: auto; margin-right: auto;\">\n<tbody>\n<tr>\n<td style=\"text-align: center;\"><a href=\"https:\/\/blogger.googleusercontent.com\/img\/b\/R29vZ2xl\/AVvXsEjo2n3FRDQXJBD2dA83i0E0wCb-u3WO2_WCqBHXsUf-I0tobP24xU7DK_FQKhGBK6urafSfJePA-8yIV7y8Kml1iR2p_x6JE5xr9awZzUTk6a4HLzkhGI9EalNm8GE3XYxB0uKcDn0yXB26UNjjgiyOhmGTuPsAjhy8H4X-gz3EOCmYpCCXta_2SpmyLQ\/s5472\/DSC07566.JPG\" style=\"margin-left: auto; margin-right: auto;\"><img loading=\"lazy\" loading=\"lazy\" decoding=\"async\" border=\"0\" data-original-height=\"3648\" data-original-width=\"5472\" height=\"213\" src=\"https:\/\/www.psv-wuppertal-leichtathletik.de\/wp-content\/uploads\/2022\/11\/DSC07566.jpg\" class=\"wp-image-1083\" width=\"320\" \/><\/a><\/td>\n<\/tr>\n<tr>\n<td class=\"tr-caption\" style=\"text-align: center;\"><b>Berg der Entscheidung<\/b><\/td>\n<\/tr>\n<\/tbody>\n<\/table>\n<p><\/p>\n<table align=\"center\" cellpadding=\"0\" cellspacing=\"0\" class=\"tr-caption-container\" style=\"margin-left: auto; margin-right: auto;\">\n<tbody>\n<tr>\n<td style=\"text-align: center;\"><a href=\"https:\/\/blogger.googleusercontent.com\/img\/b\/R29vZ2xl\/AVvXsEjPrXk7I9aOCDj-kk64lh2qdJM7h-N-RN4JXlLFqgrTIgtdVhP4b3uhXQ-C09Qhe73XFA9dBUc9TqwDh0UfHxZs_n60fGzDeE4sqhGsaBUvV20o5AffUfSZr0rA2Ievsas0yosQPAhLCoAeRkW-5qBqHHhtDlb5vvLM34GhYx9ArlAYGyh_YFiB_AV1Aw\/s5472\/DSC07570.JPG\" style=\"margin-left: auto; margin-right: auto;\"><img loading=\"lazy\" loading=\"lazy\" decoding=\"async\" border=\"0\" data-original-height=\"3648\" data-original-width=\"5472\" height=\"213\" src=\"https:\/\/www.psv-wuppertal-leichtathletik.de\/wp-content\/uploads\/2022\/11\/DSC07570.jpg\" class=\"wp-image-1084\" width=\"320\" \/><\/a><\/td>\n<\/tr>\n<tr>\n<td class=\"tr-caption\" style=\"text-align: center;\"><b>mit letzter Kraft<\/b><\/td>\n<\/tr>\n<\/tbody>\n<\/table>\n<p><\/p>\n<table align=\"center\" cellpadding=\"0\" cellspacing=\"0\" class=\"tr-caption-container\" style=\"float: left; margin-right: 1em; text-align: left;\">\n<tbody>\n<tr>\n<td style=\"text-align: center;\"><a href=\"https:\/\/blogger.googleusercontent.com\/img\/b\/R29vZ2xl\/AVvXsEjNCAv2lcVr5-c6MoGbpCb3_I3ACqSuuU_2__-o_r6bL5SlcSLoAKPWkU_1McHpikVR-ue1x1ANQIkJAYRxP0ht1gE712o_S-95dze1f93fdwDmOhbCBSvC8Pk44Ka2p2JoL7WhL011YK5xC5Lx5jpBSosUi5I8nSXQS28TmscxVyyjdSX1Rw5b_sPHCw\/s5472\/DSC07571.JPG\" style=\"margin-left: auto; margin-right: auto;\"><img loading=\"lazy\" loading=\"lazy\" decoding=\"async\" border=\"0\" data-original-height=\"3648\" data-original-width=\"5472\" height=\"213\" src=\"https:\/\/www.psv-wuppertal-leichtathletik.de\/wp-content\/uploads\/2022\/11\/DSC07571.jpg\" class=\"wp-image-1085\" width=\"320\" \/><\/a><\/td>\n<\/tr>\n<tr>\n<td class=\"tr-caption\" style=\"text-align: center;\"><b>durch den Sand ins Ziel<\/b><\/td>\n<\/tr>\n<\/tbody>\n<\/table>\n<p><\/p>\n<table align=\"center\" cellpadding=\"0\" cellspacing=\"0\" class=\"tr-caption-container\" style=\"margin-left: auto; margin-right: auto;\">\n<tbody>\n<tr>\n<td style=\"text-align: center;\"><a href=\"https:\/\/blogger.googleusercontent.com\/img\/b\/R29vZ2xl\/AVvXsEiKgWJgtkE3ALgO4FYc7HWmQEdknmKwXTPgQVgdstaN71Q-dAc1R_yoG5aRzO9eoASFn5BDaCLaR_L_z3oMoK4u3olJvFk67Y32PzjqjFLplp52MpzbTPMHkH61lYqdI-4ETsli73Gvw90SNkbkxmg0HQEtHz-6_iEq9Y5zw06scoB0LC0DVYt0KvxGNA\/s5472\/DSC07572.JPG\" style=\"margin-left: auto; margin-right: auto;\"><img loading=\"lazy\" loading=\"lazy\" decoding=\"async\" border=\"0\" data-original-height=\"3648\" data-original-width=\"5472\" height=\"213\" src=\"https:\/\/www.psv-wuppertal-leichtathletik.de\/wp-content\/uploads\/2022\/11\/DSC07572.jpg\" class=\"wp-image-1086\" width=\"320\" \/><\/a><\/td>\n<\/tr>\n<tr>\n<td class=\"tr-caption\" style=\"text-align: center;\"><b>ausgepowert ins Ziel<\/b><\/td>\n<\/tr>\n<\/tbody>\n<\/table>\n<p><\/p>\n<table cellpadding=\"0\" cellspacing=\"0\" class=\"tr-caption-container\" style=\"float: left;\">\n<tbody>\n<tr>\n<td style=\"text-align: center;\"><a href=\"https:\/\/blogger.googleusercontent.com\/img\/b\/R29vZ2xl\/AVvXsEiEwuX_sjA8YvJP3aAOKx6RVhndHw2su_upVEqZRHp4yPvnbqZeWxdkY934L6IoUFtuGefi23PNvyLmMhWHqsbMdJT77xIJP6wsmS6qqJQWYGxJOvq8FDQ2vO8Nn1eYKY8vdYpcaw6Z-fR80sNpnOjLGI8XgBqiOs4NvnLu4WI6FkEVUzB967tSUy34Tg\/s5472\/DSC07574.JPG\" style=\"clear: left; margin-bottom: 1em; margin-left: auto; margin-right: auto;\"><b><img loading=\"lazy\" loading=\"lazy\" decoding=\"async\" border=\"0\" data-original-height=\"5472\" data-original-width=\"3648\" height=\"400\" src=\"https:\/\/www.psv-wuppertal-leichtathletik.de\/wp-content\/uploads\/2022\/11\/DSC07574.jpg\" class=\"wp-image-1087\" width=\"266\" \/><\/b><\/a><\/td>\n<\/tr>\n<tr>\n<td class=\"tr-caption\" style=\"text-align: center;\"><b>Platz 2 f\u00fcr Lucian<\/b><\/td>\n<\/tr>\n<\/tbody>\n<\/table>\n<p><\/p>\n<table align=\"center\" cellpadding=\"0\" cellspacing=\"0\" class=\"tr-caption-container\" style=\"margin-left: auto; margin-right: auto;\">\n<tbody>\n<tr>\n<td style=\"text-align: center;\"><a href=\"https:\/\/blogger.googleusercontent.com\/img\/b\/R29vZ2xl\/AVvXsEhQq1AGfuCWx4vNcBpWqe2EdZiuoNjcCj-rAj6hl_QDtwSvppVCWdQ-4uXDvCQqg7SVJuqdNl2rJD_gUJOSFhUrScQOkfcukQzoy4LEC8LjviPqK1LYJfAUz1QsXtG8agTWOXa5tDg0mO4RRGSvy1oEOjlU0Hix5-Fwha9jL_u5KBmaEYhYMrMAU4CUjQ\/s5472\/DSC07575.JPG\" style=\"margin-left: auto; margin-right: auto;\"><img loading=\"lazy\" loading=\"lazy\" decoding=\"async\" border=\"0\" data-original-height=\"3648\" data-original-width=\"5472\" height=\"266\" src=\"https:\/\/www.psv-wuppertal-leichtathletik.de\/wp-content\/uploads\/2022\/11\/DSC07575.jpg\" class=\"wp-image-1088\" width=\"400\" \/><\/a><\/td>\n<\/tr>\n<tr>\n<td class=\"tr-caption\" style=\"text-align: center;\"><b>Lucian gegen Bayer Lev.<\/b><\/td>\n<\/tr>\n<\/tbody>\n<\/table>\n<table align=\"center\" cellpadding=\"0\" cellspacing=\"0\" class=\"tr-caption-container\" style=\"margin-left: auto; margin-right: auto; text-align: center;\">\n<tbody>\n<tr>\n<td style=\"text-align: center;\"><a href=\"https:\/\/blogger.googleusercontent.com\/img\/b\/R29vZ2xl\/AVvXsEgV3Rt4jFqdaipl_KrMFmTBW-LtfJMXTlLcBVcEwrryewUJsXE2hGc4ZzHyiJ8SCPZQdft9_-0WGhjlAhQLqC9DyvcGx6kaP4JkKy4Q_G8jbE-A3MgF8yFNVJl-BAO3eVOCEWtq5GSiehEkmGwDaMsMUZyT0wArFpzOeLjiV0J8-N_lnV7-Nvach6wP3Q\/s5472\/DSC07576.JPG\" style=\"margin-left: auto; margin-right: auto;\"><img loading=\"lazy\" loading=\"lazy\" decoding=\"async\" border=\"0\" data-original-height=\"5472\" data-original-width=\"3648\" height=\"400\" src=\"https:\/\/www.psv-wuppertal-leichtathletik.de\/wp-content\/uploads\/2022\/11\/DSC07576.jpg\" class=\"wp-image-1089\" width=\"266\" \/><\/a><\/td>\n<\/tr>\n<tr>\n<td class=\"tr-caption\" style=\"text-align: center;\"><b>Justus am H\u00fcgel der Erkenntnis<\/b><\/td>\n<\/tr>\n<\/tbody>\n<\/table>\n<p><\/p>\n<div class=\"separator\" style=\"clear: both; text-align: center;\"><\/div>\n<p><\/p>\n<div class=\"separator\" style=\"clear: both; text-align: center;\"><\/div>\n<p><\/p>\n","protected":false},"excerpt":{"rendered":"<p>&nbsp;2. Talent- und Speed-Cross&nbsp; unter dem Bayerkreuz Bei teilweise sonnigem Wetter, einem k\u00fchlen Wind und guten Gel\u00e4ndebedingungen war alles gegeben f\u00fcr einen tollen Crosswettkampf.&nbsp; Die Strecke ging \u00fcber Wiese, kurzem aber giftigen kleinen H\u00fcgel, \u00fcber Heuballen und durch den Sand. Mit dabei, bei diesem Spektakel waren einige Kinder und Jugendliche des PSV. In der U10 [&hellip;]<\/p>\n","protected":false},"author":2,"featured_media":1067,"comment_status":"closed","ping_status":"closed","sticky":false,"template":"","format":"standard","meta":{"_et_pb_use_builder":"","_et_pb_old_content":"","_et_gb_content_width":"","footnotes":""},"categories":[1],"tags":[],"class_list":["post-1066","post","type-post","status-publish","format-standard","has-post-thumbnail","hentry","category-uncategorized"],"featured_media_urls":{"thumbnail":["https:\/\/www.psv-wuppertal-leichtathletik.de\/wp-content\/uploads\/2022\/11\/DSC07525.jpg",100,150,false],"medium":["https:\/\/www.psv-wuppertal-leichtathletik.de\/wp-content\/uploads\/2022\/11\/DSC07525.jpg",200,300,false],"medium_large":["https:\/\/www.psv-wuppertal-leichtathletik.de\/wp-content\/uploads\/2022\/11\/DSC07525.jpg",213,320,false],"large":["https:\/\/www.psv-wuppertal-leichtathletik.de\/wp-content\/uploads\/2022\/11\/DSC07525.jpg",213,320,false],"1536x1536":["https:\/\/www.psv-wuppertal-leichtathletik.de\/wp-content\/uploads\/2022\/11\/DSC07525.jpg",213,320,false],"2048x2048":["https:\/\/www.psv-wuppertal-leichtathletik.de\/wp-content\/uploads\/2022\/11\/DSC07525.jpg",213,320,false],"et-pb-post-main-image":["https:\/\/www.psv-wuppertal-leichtathletik.de\/wp-content\/uploads\/2022\/11\/DSC07525.jpg",166,250,false],"et-pb-post-main-image-fullwidth":["https:\/\/www.psv-wuppertal-leichtathletik.de\/wp-content\/uploads\/2022\/11\/DSC07525.jpg",213,320,false],"et-pb-portfolio-image":["https:\/\/www.psv-wuppertal-leichtathletik.de\/wp-content\/uploads\/2022\/11\/DSC07525.jpg",189,284,false],"et-pb-portfolio-module-image":["https:\/\/www.psv-wuppertal-leichtathletik.de\/wp-content\/uploads\/2022\/11\/DSC07525.jpg",213,320,false],"et-pb-portfolio-image-single":["https:\/\/www.psv-wuppertal-leichtathletik.de\/wp-content\/uploads\/2022\/11\/DSC07525.jpg",213,320,false],"et-pb-gallery-module-image-portrait":["https:\/\/www.psv-wuppertal-leichtathletik.de\/wp-content\/uploads\/2022\/11\/DSC07525.jpg",213,320,false],"et-pb-post-main-image-fullwidth-large":["https:\/\/www.psv-wuppertal-leichtathletik.de\/wp-content\/uploads\/2022\/11\/DSC07525.jpg",213,320,false],"et-pb-image--responsive--desktop":["https:\/\/www.psv-wuppertal-leichtathletik.de\/wp-content\/uploads\/2022\/11\/DSC07525.jpg",213,320,false],"et-pb-image--responsive--tablet":["https:\/\/www.psv-wuppertal-leichtathletik.de\/wp-content\/uploads\/2022\/11\/DSC07525.jpg",213,320,false],"et-pb-image--responsive--phone":["https:\/\/www.psv-wuppertal-leichtathletik.de\/wp-content\/uploads\/2022\/11\/DSC07525.jpg",180,270,false],"portfolio_item-thumbnail":["https:\/\/www.psv-wuppertal-leichtathletik.de\/wp-content\/uploads\/2022\/11\/DSC07525.jpg",213,320,false],"portfolio_item-thumbnail@2x":["https:\/\/www.psv-wuppertal-leichtathletik.de\/wp-content\/uploads\/2022\/11\/DSC07525.jpg",213,320,false],"portfolio_item-masonry":["https:\/\/www.psv-wuppertal-leichtathletik.de\/wp-content\/uploads\/2022\/11\/DSC07525.jpg",213,320,false],"portfolio_item-masonry@2x":["https:\/\/www.psv-wuppertal-leichtathletik.de\/wp-content\/uploads\/2022\/11\/DSC07525.jpg",213,320,false],"portfolio_item-thumbnail_cinema":["https:\/\/www.psv-wuppertal-leichtathletik.de\/wp-content\/uploads\/2022\/11\/DSC07525.jpg",213,320,false],"portfolio_item-thumbnail_portrait":["https:\/\/www.psv-wuppertal-leichtathletik.de\/wp-content\/uploads\/2022\/11\/DSC07525.jpg",213,320,false],"portfolio_item-thumbnail_portrait@2x":["https:\/\/www.psv-wuppertal-leichtathletik.de\/wp-content\/uploads\/2022\/11\/DSC07525.jpg",213,320,false],"portfolio_item-thumbnail_square":["https:\/\/www.psv-wuppertal-leichtathletik.de\/wp-content\/uploads\/2022\/11\/DSC07525.jpg",213,320,false]},"_links":{"self":[{"href":"https:\/\/www.psv-wuppertal-leichtathletik.de\/index.php?rest_route=\/wp\/v2\/posts\/1066","targetHints":{"allow":["GET"]}}],"collection":[{"href":"https:\/\/www.psv-wuppertal-leichtathletik.de\/index.php?rest_route=\/wp\/v2\/posts"}],"about":[{"href":"https:\/\/www.psv-wuppertal-leichtathletik.de\/index.php?rest_route=\/wp\/v2\/types\/post"}],"author":[{"embeddable":true,"href":"https:\/\/www.psv-wuppertal-leichtathletik.de\/index.php?rest_route=\/wp\/v2\/users\/2"}],"replies":[{"embeddable":true,"href":"https:\/\/www.psv-wuppertal-leichtathletik.de\/index.php?rest_route=%2Fwp%2Fv2%2Fcomments&post=1066"}],"version-history":[{"count":1,"href":"https:\/\/www.psv-wuppertal-leichtathletik.de\/index.php?rest_route=\/wp\/v2\/posts\/1066\/revisions"}],"predecessor-version":[{"id":2356,"href":"https:\/\/www.psv-wuppertal-leichtathletik.de\/index.php?rest_route=\/wp\/v2\/posts\/1066\/revisions\/2356"}],"wp:featuredmedia":[{"embeddable":true,"href":"https:\/\/www.psv-wuppertal-leichtathletik.de\/index.php?rest_route=\/wp\/v2\/media\/1067"}],"wp:attachment":[{"href":"https:\/\/www.psv-wuppertal-leichtathletik.de\/index.php?rest_route=%2Fwp%2Fv2%2Fmedia&parent=1066"}],"wp:term":[{"taxonomy":"category","embeddable":true,"href":"https:\/\/www.psv-wuppertal-leichtathletik.de\/index.php?rest_route=%2Fwp%2Fv2%2Fcategories&post=1066"},{"taxonomy":"post_tag","embeddable":true,"href":"https:\/\/www.psv-wuppertal-leichtathletik.de\/index.php?rest_route=%2Fwp%2Fv2%2Ftags&post=1066"}],"curies":[{"name":"wp","href":"https:\/\/api.w.org\/{rel}","templated":true}]}}