{"id":1109,"date":"2022-09-29T19:13:00","date_gmt":"2022-09-29T19:13:00","guid":{"rendered":""},"modified":"2022-12-14T08:24:33","modified_gmt":"2022-12-14T08:24:33","slug":"psv-laufer-erfolgreich-beim","status":"publish","type":"post","link":"https:\/\/www.psv-wuppertal-leichtathletik.de\/?p=1109","title":{"rendered":"PSV L\u00e4ufer erfolgreich beim Regionsvergleichskamf in Troisdorf"},"content":{"rendered":"<p style=\"text-align: center;\">&nbsp;<b><span style=\"font-size: medium;\">Regionsvergleichskampf 2022 in Troisdorf<\/span><\/b><\/p>\n<p style=\"text-align: center;\"><b><span style=\"font-size: medium;\">wird dominiert von der Region-Mitte<\/span><\/b><\/p>\n<p><\/p>\n<table align=\"center\" cellpadding=\"0\" cellspacing=\"0\" class=\"tr-caption-container\" style=\"float: left; margin-right: 1em; text-align: left;\">\n<tbody>\n<tr>\n<td style=\"text-align: center;\"><a href=\"https:\/\/blogger.googleusercontent.com\/img\/b\/R29vZ2xl\/AVvXsEikBNIHYpgDM9w1m8w8A3yig4Q1xSov_Bm1KOxcs36ljYgFn8re6hbGBJtS2qaydPXArDA3B_lqrZM_v5d0UlSl4tY_U9MqI33CwQlWgDt5z3pw1rM8VkOMdocX2VTUZKg74GWUqLUxFidlP5XruTA_JxArTo4op-GIHa4HT4A5Gyd8ywsD4JJ0GaHj8w\/s4160\/IMG_20220925_145523.jpg\" style=\"margin-left: auto; margin-right: auto; text-align: center;\"><img fetchpriority=\"high\" fetchpriority=\"high\" decoding=\"async\" border=\"0\" data-original-height=\"3120\" data-original-width=\"4160\" height=\"240\" src=\"https:\/\/www.psv-wuppertal-leichtathletik.de\/wp-content\/uploads\/2022\/09\/IMG_20220925_145523.jpg\" class=\"wp-image-1110\" width=\"320\" \/><\/a><\/td>\n<\/tr>\n<tr>\n<td class=\"tr-caption\" style=\"text-align: center;\"><b>Ivan mitten im Feld<\/b><\/td>\n<\/tr>\n<\/tbody>\n<\/table>\n<table align=\"center\" cellpadding=\"0\" cellspacing=\"0\" class=\"tr-caption-container\" style=\"margin-left: auto; margin-right: auto;\">\n<tbody>\n<tr>\n<td style=\"text-align: center;\"><a href=\"https:\/\/blogger.googleusercontent.com\/img\/b\/R29vZ2xl\/AVvXsEg7ga6JHFGNIcujyVJSGQLH_2yN4M5XKRblXUhkngd0LsO7hEQBPjcK2gefdHzB5y4JhBpzDnQ8KNzZgKwI7An263VC66k8hDP5ZEvhdmTPlAvg5Dd5KkApEwWhYfkZCBcE3vATT_QmFyRIF4iFil5ulNwCkPMDBFpNOSxIk6rUEj2L_SZJUR507t3L5A\/s4160\/IMG_20220925_150120.jpg\" style=\"margin-left: auto; margin-right: auto; text-align: center;\"><b><img decoding=\"async\" border=\"0\" data-original-height=\"4160\" data-original-width=\"3120\" height=\"320\" src=\"https:\/\/www.psv-wuppertal-leichtathletik.de\/wp-content\/uploads\/2022\/09\/IMG_20220925_150120.jpg\" class=\"wp-image-1111\" width=\"240\" \/><\/b><\/a><\/td>\n<\/tr>\n<tr>\n<td class=\"tr-caption\" style=\"text-align: center;\"><b>Ivan sammelt einen nach dem anderen ein<\/b><\/td>\n<\/tr>\n<\/tbody>\n<\/table>\n<table align=\"center\" cellpadding=\"0\" cellspacing=\"0\" class=\"tr-caption-container\" style=\"margin-left: auto; margin-right: auto;\">\n<tbody>\n<tr>\n<td style=\"text-align: center;\"><img decoding=\"async\" border=\"0\" data-original-height=\"3120\" data-original-width=\"4160\" height=\"480\" src=\"https:\/\/www.psv-wuppertal-leichtathletik.de\/wp-content\/uploads\/2022\/09\/IMG_20220925_152421.jpg\" class=\"wp-image-1112\" style=\"margin-left: auto; margin-right: auto;\" width=\"640\" \/><\/td>\n<\/tr>\n<tr>\n<td class=\"tr-caption\" style=\"text-align: center;\"><b>Jarno und Lucian kurz vor dem Start \u00fcber 2000m<\/b><\/td>\n<\/tr>\n<\/tbody>\n<\/table>\n<p><a href=\"https:\/\/blogger.googleusercontent.com\/img\/b\/R29vZ2xl\/AVvXsEhiB1jh6UilRRadzcRiAEjYG8Q_pJSWV6A0yXE_MMydKUZwrPfV_7hiJFZhJNOVGCslo_9RE_fUiM78LM-uJdKfmA37VrQ2_TC4E_ixRRyaC057Dv4UkXJSw6ZP2MkNBAI6TvxuHnvm28A9kfC7GvBA9yZRPc3mebFXsUROcHBKLqvawTJVjl2SywQ2Zw\/s4160\/IMG_20220925_152421.jpg\" style=\"margin-left: 1em; margin-right: 1em; text-align: center;\"><\/a><\/p>\n<table align=\"center\" cellpadding=\"0\" cellspacing=\"0\" class=\"tr-caption-container\" style=\"margin-left: auto; margin-right: auto;\">\n<tbody>\n<tr>\n<td style=\"text-align: center;\"><a href=\"https:\/\/blogger.googleusercontent.com\/img\/b\/R29vZ2xl\/AVvXsEjrIlM9K_R8nPVuG9IibPTQ85cApuLC-zd7e1Y_F-nV-tUKKEWkEW8-jkHTDAAQpAmPMb8kfPtwUUjDtSuG3hOmnw8jYSgggHuTRuVr6OgOwX9_UKaWWiSqLRx6LDMe-NXMGqGaWjYqLgqc09gO1pqEDXIrfvd0Xwr12TEP6TtI4bpvxgf3r_NPoi55IQ\/s4160\/IMG_20220925_171246.jpg\" style=\"margin-left: auto; margin-right: auto;\"><img loading=\"lazy\" loading=\"lazy\" decoding=\"async\" border=\"0\" data-original-height=\"3120\" data-original-width=\"4160\" height=\"480\" src=\"https:\/\/www.psv-wuppertal-leichtathletik.de\/wp-content\/uploads\/2022\/09\/IMG_20220925_171246.jpg\" class=\"wp-image-1113\" width=\"640\" \/><\/a><\/td>\n<\/tr>\n<tr>\n<td class=\"tr-caption\" style=\"text-align: center;\"><b>2. Platz f\u00fcr U16 Region Mitte<br \/>links au\u00dfen, Jarno Voth u. Lucian Unverzagt<br \/><\/b><\/td>\n<\/tr>\n<\/tbody>\n<\/table>\n<table align=\"center\" cellpadding=\"0\" cellspacing=\"0\" class=\"tr-caption-container\" style=\"margin-left: auto; margin-right: auto;\">\n<tbody>\n<tr>\n<td style=\"text-align: center;\"><a href=\"https:\/\/blogger.googleusercontent.com\/img\/b\/R29vZ2xl\/AVvXsEgmHxmejQm_hToKvQc1Pa0REAgZbIwB8IcWQDUlzU4E1r7Ref7OWtWU8zarS9DCQhJSo_MLqF4h7wFLWl7gWGVFPbU5XSopXymocVYK5PftXa31ukrpqUqxJHTSUI73VeaFIORxo_-D4uG3QePP__aU0k5XEjCgiQsyLqr9XizuMsRFgfEZ6s7dgK5qyQ\/s4160\/IMG_20220925_170825.jpg\" style=\"margin-left: auto; margin-right: auto;\"><img loading=\"lazy\" loading=\"lazy\" decoding=\"async\" border=\"0\" data-original-height=\"3120\" data-original-width=\"4160\" height=\"480\" src=\"https:\/\/www.psv-wuppertal-leichtathletik.de\/wp-content\/uploads\/2022\/09\/IMG_20220925_170825.jpg\" class=\"wp-image-1114\" width=\"640\" \/><\/a><\/td>\n<\/tr>\n<tr>\n<td class=\"tr-caption\" style=\"text-align: center;\"><b>Sieger 2022 U14 Region-Mitte<br \/>2.v. r. Ivan Solokyi<br \/><\/b><\/td>\n<\/tr>\n<\/tbody>\n<\/table>\n<table align=\"center\" cellpadding=\"0\" cellspacing=\"0\" class=\"tr-caption-container\" style=\"margin-left: auto; margin-right: auto;\">\n<tbody>\n<tr>\n<td style=\"text-align: center;\"><a href=\"https:\/\/blogger.googleusercontent.com\/img\/b\/R29vZ2xl\/AVvXsEi6JvcYECtAkh6bd0WENYBeKIPEgxriUBq_Wg9lIQBXEwBlIGkbaMyfnssqJmqPk0Cs-f9dQFSJ0EcAXCsobhctR3H5abG1i0k5FuUa2gxaWA_mb64HPHs0A4thRv4_Xqxfzkgzj1CF9KpzAiKzKFzkUQMqmYJcDm5-VmfBcobLX1nPtkiLmThkJrbgUA\/s4160\/IMG_20220925_171427.jpg\" style=\"margin-left: auto; margin-right: auto; text-align: center;\"><img loading=\"lazy\" loading=\"lazy\" decoding=\"async\" border=\"0\" data-original-height=\"3120\" data-original-width=\"4160\" height=\"480\" src=\"https:\/\/www.psv-wuppertal-leichtathletik.de\/wp-content\/uploads\/2022\/09\/IMG_20220925_171427.jpg\" class=\"wp-image-1115\" width=\"640\" \/><\/a><\/td>\n<\/tr>\n<tr>\n<td class=\"tr-caption\" style=\"text-align: center;\"><b>Das erfolgreiche Team der Region-Mitte<br \/>Sieger U14 und U16 weiblich<br \/>Sieger U14 u. Platz 2 U16 m\u00e4nnlich<\/b><\/td>\n<\/tr>\n<\/tbody>\n<\/table>\n<div class=\"separator\" style=\"clear: both; text-align: center;\">\n<div class=\"separator\" style=\"clear: both; text-align: center;\">\n<div class=\"separator\" style=\"clear: both; text-align: center;\">\n<table align=\"center\" cellpadding=\"0\" cellspacing=\"0\" class=\"tr-caption-container\" style=\"margin-left: auto; margin-right: auto;\">\n<tbody>\n<tr>\n<td style=\"text-align: center;\"><a href=\"https:\/\/blogger.googleusercontent.com\/img\/b\/R29vZ2xl\/AVvXsEiJQevir0Av1uwjdMu6rdI77T6ZqxV1t28GLOGxOQGHkJM-eitC4LvL8k0ywO99Bradnp-PWR_qrm2F9pZkwl-3HyTaG2GdOijoyrXl3RVspnHJiWyZaicpIpIpiAImIk9h93EFxdBFWv3sDrguZsy2yI0RKQaATSVSZbl2EMyNLGX3DbOctCPSFQbZbA\/s4160\/IMG_20220925_171830.jpg\" style=\"margin-left: auto; margin-right: auto;\"><img loading=\"lazy\" loading=\"lazy\" decoding=\"async\" border=\"0\" data-original-height=\"3120\" data-original-width=\"4160\" height=\"480\" src=\"https:\/\/www.psv-wuppertal-leichtathletik.de\/wp-content\/uploads\/2022\/09\/IMG_20220925_171830.jpg\" class=\"wp-image-1116\" width=\"640\" \/><\/a><\/td>\n<\/tr>\n<tr>\n<td class=\"tr-caption\" style=\"text-align: center;\"><b>Unsere erfolgreichen PSV&#8217;ler<br \/>v.l.n.r. Lucian, Ivan u. Jarno<\/b><\/td>\n<\/tr>\n<\/tbody>\n<\/table>\n<p><\/p>\n<div class=\"separator\" style=\"clear: both; text-align: center;\"><\/div>\n<div class=\"separator\" style=\"clear: both; text-align: center;\"><\/div>\n<div class=\"separator\" style=\"clear: both; text-align: center;\"><\/div>\n<p><\/p>\n<div class=\"separator\" style=\"clear: both; text-align: center;\"><\/div>\n<p><\/div>\n<p><\/div>\n<p><\/p>\n<div class=\"separator\" style=\"clear: both; text-align: center;\"><\/div>\n<\/div>\n<p><\/p>\n<div class=\"separator\" style=\"clear: both; text-align: center;\"><\/div>\n<p><\/p>\n<p><\/p>\n","protected":false},"excerpt":{"rendered":"<p>&nbsp;Regionsvergleichskampf 2022 in Troisdorf wird dominiert von der Region-Mitte Ivan mitten im Feld Ivan sammelt einen nach dem anderen ein Jarno und Lucian kurz vor dem Start \u00fcber 2000m 2. Platz f\u00fcr U16 Region Mittelinks au\u00dfen, Jarno Voth u. Lucian Unverzagt Sieger 2022 U14 Region-Mitte2.v. r. Ivan Solokyi Das erfolgreiche Team der Region-MitteSieger U14 und [&hellip;]<\/p>\n","protected":false},"author":2,"featured_media":1110,"comment_status":"closed","ping_status":"closed","sticky":false,"template":"","format":"standard","meta":{"_et_pb_use_builder":"","_et_pb_old_content":"","_et_gb_content_width":"","footnotes":""},"categories":[1],"tags":[],"class_list":["post-1109","post","type-post","status-publish","format-standard","has-post-thumbnail","hentry","category-uncategorized"],"featured_media_urls":{"thumbnail":["https:\/\/www.psv-wuppertal-leichtathletik.de\/wp-content\/uploads\/2022\/09\/IMG_20220925_145523.jpg",150,113,false],"medium":["https:\/\/www.psv-wuppertal-leichtathletik.de\/wp-content\/uploads\/2022\/09\/IMG_20220925_145523.jpg",300,225,false],"medium_large":["https:\/\/www.psv-wuppertal-leichtathletik.de\/wp-content\/uploads\/2022\/09\/IMG_20220925_145523.jpg",320,240,false],"large":["https:\/\/www.psv-wuppertal-leichtathletik.de\/wp-content\/uploads\/2022\/09\/IMG_20220925_145523.jpg",320,240,false],"1536x1536":["https:\/\/www.psv-wuppertal-leichtathletik.de\/wp-content\/uploads\/2022\/09\/IMG_20220925_145523.jpg",320,240,false],"2048x2048":["https:\/\/www.psv-wuppertal-leichtathletik.de\/wp-content\/uploads\/2022\/09\/IMG_20220925_145523.jpg",320,240,false],"et-pb-post-main-image":["https:\/\/www.psv-wuppertal-leichtathletik.de\/wp-content\/uploads\/2022\/09\/IMG_20220925_145523.jpg",320,240,false],"et-pb-post-main-image-fullwidth":["https:\/\/www.psv-wuppertal-leichtathletik.de\/wp-content\/uploads\/2022\/09\/IMG_20220925_145523.jpg",320,240,false],"et-pb-portfolio-image":["https:\/\/www.psv-wuppertal-leichtathletik.de\/wp-content\/uploads\/2022\/09\/IMG_20220925_145523.jpg",320,240,false],"et-pb-portfolio-module-image":["https:\/\/www.psv-wuppertal-leichtathletik.de\/wp-content\/uploads\/2022\/09\/IMG_20220925_145523.jpg",320,240,false],"et-pb-portfolio-image-single":["https:\/\/www.psv-wuppertal-leichtathletik.de\/wp-content\/uploads\/2022\/09\/IMG_20220925_145523.jpg",320,240,false],"et-pb-gallery-module-image-portrait":["https:\/\/www.psv-wuppertal-leichtathletik.de\/wp-content\/uploads\/2022\/09\/IMG_20220925_145523.jpg",320,240,false],"et-pb-post-main-image-fullwidth-large":["https:\/\/www.psv-wuppertal-leichtathletik.de\/wp-content\/uploads\/2022\/09\/IMG_20220925_145523.jpg",320,240,false],"et-pb-image--responsive--desktop":["https:\/\/www.psv-wuppertal-leichtathletik.de\/wp-content\/uploads\/2022\/09\/IMG_20220925_145523.jpg",320,240,false],"et-pb-image--responsive--tablet":["https:\/\/www.psv-wuppertal-leichtathletik.de\/wp-content\/uploads\/2022\/09\/IMG_20220925_145523.jpg",320,240,false],"et-pb-image--responsive--phone":["https:\/\/www.psv-wuppertal-leichtathletik.de\/wp-content\/uploads\/2022\/09\/IMG_20220925_145523.jpg",320,240,false],"portfolio_item-thumbnail":["https:\/\/www.psv-wuppertal-leichtathletik.de\/wp-content\/uploads\/2022\/09\/IMG_20220925_145523.jpg",320,240,false],"portfolio_item-thumbnail@2x":["https:\/\/www.psv-wuppertal-leichtathletik.de\/wp-content\/uploads\/2022\/09\/IMG_20220925_145523.jpg",320,240,false],"portfolio_item-masonry":["https:\/\/www.psv-wuppertal-leichtathletik.de\/wp-content\/uploads\/2022\/09\/IMG_20220925_145523.jpg",320,240,false],"portfolio_item-masonry@2x":["https:\/\/www.psv-wuppertal-leichtathletik.de\/wp-content\/uploads\/2022\/09\/IMG_20220925_145523.jpg",320,240,false],"portfolio_item-thumbnail_cinema":["https:\/\/www.psv-wuppertal-leichtathletik.de\/wp-content\/uploads\/2022\/09\/IMG_20220925_145523.jpg",320,240,false],"portfolio_item-thumbnail_portrait":["https:\/\/www.psv-wuppertal-leichtathletik.de\/wp-content\/uploads\/2022\/09\/IMG_20220925_145523.jpg",320,240,false],"portfolio_item-thumbnail_portrait@2x":["https:\/\/www.psv-wuppertal-leichtathletik.de\/wp-content\/uploads\/2022\/09\/IMG_20220925_145523.jpg",320,240,false],"portfolio_item-thumbnail_square":["https:\/\/www.psv-wuppertal-leichtathletik.de\/wp-content\/uploads\/2022\/09\/IMG_20220925_145523.jpg",320,240,false]},"_links":{"self":[{"href":"https:\/\/www.psv-wuppertal-leichtathletik.de\/index.php?rest_route=\/wp\/v2\/posts\/1109","targetHints":{"allow":["GET"]}}],"collection":[{"href":"https:\/\/www.psv-wuppertal-leichtathletik.de\/index.php?rest_route=\/wp\/v2\/posts"}],"about":[{"href":"https:\/\/www.psv-wuppertal-leichtathletik.de\/index.php?rest_route=\/wp\/v2\/types\/post"}],"author":[{"embeddable":true,"href":"https:\/\/www.psv-wuppertal-leichtathletik.de\/index.php?rest_route=\/wp\/v2\/users\/2"}],"replies":[{"embeddable":true,"href":"https:\/\/www.psv-wuppertal-leichtathletik.de\/index.php?rest_route=%2Fwp%2Fv2%2Fcomments&post=1109"}],"version-history":[{"count":1,"href":"https:\/\/www.psv-wuppertal-leichtathletik.de\/index.php?rest_route=\/wp\/v2\/posts\/1109\/revisions"}],"predecessor-version":[{"id":2359,"href":"https:\/\/www.psv-wuppertal-leichtathletik.de\/index.php?rest_route=\/wp\/v2\/posts\/1109\/revisions\/2359"}],"wp:featuredmedia":[{"embeddable":true,"href":"https:\/\/www.psv-wuppertal-leichtathletik.de\/index.php?rest_route=\/wp\/v2\/media\/1110"}],"wp:attachment":[{"href":"https:\/\/www.psv-wuppertal-leichtathletik.de\/index.php?rest_route=%2Fwp%2Fv2%2Fmedia&parent=1109"}],"wp:term":[{"taxonomy":"category","embeddable":true,"href":"https:\/\/www.psv-wuppertal-leichtathletik.de\/index.php?rest_route=%2Fwp%2Fv2%2Fcategories&post=1109"},{"taxonomy":"post_tag","embeddable":true,"href":"https:\/\/www.psv-wuppertal-leichtathletik.de\/index.php?rest_route=%2Fwp%2Fv2%2Ftags&post=1109"}],"curies":[{"name":"wp","href":"https:\/\/api.w.org\/{rel}","templated":true}]}}