{"id":147,"date":"2022-09-21T14:52:00","date_gmt":"2022-09-21T14:52:00","guid":{"rendered":"https:\/\/www.psv-wuppertal-leichtathletik.de\/uncategorized\/u-10-gewinnt-souveran-die-kila-in-rs\/"},"modified":"2023-01-08T17:48:25","modified_gmt":"2023-01-08T17:48:25","slug":"u-10-gewinnt-souveran-die-kila-in-rs","status":"publish","type":"post","link":"https:\/\/www.psv-wuppertal-leichtathletik.de\/?p=147","title":{"rendered":"U 10 gewinnt souver\u00e4n die Kila in RS"},"content":{"rendered":"<p>&nbsp;<\/p>\n<p><\/p>\n<p><b style=\"text-align: center;\"><span style=\"font-size: x-large;\">&nbsp; &nbsp; &nbsp; &nbsp; &nbsp; PSV Kinder jubeln in Remscheid<\/span><\/b><\/p>\n<p><b>Am 17.09. freuten sich die U8 und U10 Kinder des PSV \u00fcber ihre guten Pl\u00e4tze beim Wettkampf in Remscheid. Im alt ehrw\u00fcrdigen Stadion Reinshagen konnte man bei herbstlichen Temperaturen und Regen&nbsp; tolle Pl\u00e4tze erzielen.&nbsp;<\/b><\/p>\n<p><b>Die junge Nachwuchsriege der U 8 erk\u00e4mpfte sich leicht Ersatzgeschw\u00e4cht einen tollen 4. Platz<\/b><\/p>\n<table align=\"center\" cellpadding=\"0\" cellspacing=\"0\" class=\"tr-caption-container\" style=\"margin-left: auto; margin-right: auto;\">\n<tbody>\n<tr>\n<td style=\"text-align: center;\"><a href=\"https:\/\/blogger.googleusercontent.com\/img\/b\/R29vZ2xl\/AVvXsEjyddkp8t7--EqhRkhqJVVpVsC6-EjWqELowGlvwD9dohAY_rom0KhD36cBbaKeBHOekens9Lm-b4US23V95Tw2DnhK784nCqhNBRrvHBjEmTJdYlnerEzVw5Egv_Un4hMNi0lc3qkX8vsIWfCvvrAkDuQ5aCUjjbYRd9IU9hJHf6QZTdOY8jZzoRbEEA\/s2048\/IMG-20220917-WA0004.jpg\" imageanchor=\"1\" style=\"margin-left: auto; margin-right: auto;\"><img fetchpriority=\"high\" fetchpriority=\"high\" decoding=\"async\" border=\"0\" data-original-height=\"1536\" data-original-width=\"2048\" height=\"480\" src=\"http:\/\/www.psv-wuppertal-leichtathletik.de\/wp-content\/uploads\/2022\/09\/IMG-20220917-WA0004.jpg\" class=\"wp-image-148\" width=\"640\" \/><\/a><\/td>\n<\/tr>\n<tr>\n<td class=\"tr-caption\" style=\"text-align: center;\"><b>Frohgelaunt von l.n.r. vorne&nbsp; Maila Jobelius, Junior, Eddie Bleidie\u00dfel, Marleen Gudd<br \/>hinten Greta Jansen, Julian v. Look u. Pia Meier<\/b><\/td>\n<\/tr>\n<\/tbody>\n<\/table>\n<p><\/p>\n<table align=\"center\" cellpadding=\"0\" cellspacing=\"0\" class=\"tr-caption-container\" style=\"margin-left: auto; margin-right: auto; text-align: center;\">\n<tbody>\n<tr>\n<td style=\"text-align: center;\"><a href=\"https:\/\/blogger.googleusercontent.com\/img\/b\/R29vZ2xl\/AVvXsEjkScjrjSi1tNZ-29dSbW5dEn4xTrVo5sBFj9nVCZczabnJLuJ03FSlPdLqRVFScsrWuUul2xQaap-nmcD3K8_9l6DYVaatfSo177YfIiRq57v0KZzrILG34Fn15R-sp_GcR_8ZYPVQvrbMxUcaKSWfZryCCl_DG0V2Caz29taZTWjzROeQJnA_e-q_yQ\/s1600\/4a4bb3f04d7d4ff5a191175072a10ffa%20(1).jpg\" imageanchor=\"1\" style=\"margin-left: auto; margin-right: auto;\"><img decoding=\"async\" border=\"0\" data-original-height=\"1600\" data-original-width=\"1200\" height=\"640\" src=\"https:\/\/blogger.googleusercontent.com\/img\/b\/R29vZ2xl\/AVvXsEjkScjrjSi1tNZ-29dSbW5dEn4xTrVo5sBFj9nVCZczabnJLuJ03FSlPdLqRVFScsrWuUul2xQaap-nmcD3K8_9l6DYVaatfSo177YfIiRq57v0KZzrILG34Fn15R-sp_GcR_8ZYPVQvrbMxUcaKSWfZryCCl_DG0V2Caz29taZTWjzROeQJnA_e-q_yQ\/w480-h640\/4a4bb3f04d7d4ff5a191175072a10ffa%20(1).jpg\" width=\"480\" \/><\/a><\/td>\n<\/tr>\n<tr>\n<td class=\"tr-caption\" style=\"text-align: center;\"><b>gemeinsam stark, das Motto der U10 des PSV<\/b><\/td>\n<\/tr>\n<\/tbody>\n<\/table>\n<p><\/p>\n<div class=\"separator\" style=\"clear: both; text-align: center;\"><\/div>\n<table align=\"center\" cellpadding=\"0\" cellspacing=\"0\" class=\"tr-caption-container\" style=\"margin-left: auto; margin-right: auto;\">\n<tbody>\n<tr>\n<td style=\"text-align: center;\"><a href=\"https:\/\/blogger.googleusercontent.com\/img\/b\/R29vZ2xl\/AVvXsEgBgYQ9Y2OQlm9qG3C4zvjNYBJDCctUM0B0VzKEx1Bh_n3aE2uEhG1rTx8Cqwh7slgZva90nWs-2NH0mBInhwAGAo7dU3FU5CVenK-R7-Iw0PwmC7CU0StNgCfpa6seBOyOTtOkeSxIXvwQj5YQMTKcWPv7Jd1_tFRYzN-Nvx_kI4tQdsyvokVTfbvzZA\/s2048\/IMG-20220917-WA0013.jpg\" imageanchor=\"1\" style=\"margin-left: auto; margin-right: auto;\"><img decoding=\"async\" border=\"0\" data-original-height=\"1536\" data-original-width=\"2048\" height=\"480\" src=\"https:\/\/blogger.googleusercontent.com\/img\/b\/R29vZ2xl\/AVvXsEgBgYQ9Y2OQlm9qG3C4zvjNYBJDCctUM0B0VzKEx1Bh_n3aE2uEhG1rTx8Cqwh7slgZva90nWs-2NH0mBInhwAGAo7dU3FU5CVenK-R7-Iw0PwmC7CU0StNgCfpa6seBOyOTtOkeSxIXvwQj5YQMTKcWPv7Jd1_tFRYzN-Nvx_kI4tQdsyvokVTfbvzZA\/w640-h480\/IMG-20220917-WA0013.jpg\" width=\"640\" \/><\/a><\/td>\n<\/tr>\n<tr>\n<td class=\"tr-caption\" style=\"text-align: center;\"><b>Nach dem Nordcup Sieg holt sich die U10 des PSV erneut den 1. Platz in Remscheid<br \/>voller Freude und stolz wie Bolle&#8230;<\/p>\n<p>vorne v.l.n.r. Sophia v. Look, Oskar Bleidie\u00dfel, Neele Leven, Nico Schauer u. Josefine Cichon<br \/>stehend v.l.n.r. Elias Espanion, Clara Levering , Valerie Paffrath, Charlotte Krebber, Jona Schwedler, Eric Heilmann u. Trainer Daniel Leven<\/b><\/td>\n<\/tr>\n<\/tbody>\n<\/table>\n<p><\/p>\n<table align=\"center\" cellpadding=\"0\" cellspacing=\"0\" class=\"tr-caption-container\" style=\"margin-left: auto; margin-right: auto;\">\n<tbody>\n<tr>\n<td style=\"text-align: center;\"><a href=\"https:\/\/blogger.googleusercontent.com\/img\/b\/R29vZ2xl\/AVvXsEi7hB8j4OM1dZ5VbDyMx2qBhtra8e-aukDJf5dp1YIswGOLhkTqt6UE0ztrC8ofxnz15XsPjFqspuRLrttxf5mcoYL2oM2IcbXdm8VPERPL1tyqFvEK3bafICNe5cROJ3cqdAP2IReYjdnNiWZUVilA3MUIakNQFwCY0xrbPMyOqQ6_MFz1Ez8OA0wmJQ\/s1600\/IMG-20220917-WA0003.jpg\" imageanchor=\"1\" style=\"margin-left: auto; margin-right: auto; text-align: center;\"><img loading=\"lazy\" loading=\"lazy\" decoding=\"async\" border=\"0\" data-original-height=\"1200\" data-original-width=\"1600\" height=\"480\" src=\"https:\/\/blogger.googleusercontent.com\/img\/b\/R29vZ2xl\/AVvXsEi7hB8j4OM1dZ5VbDyMx2qBhtra8e-aukDJf5dp1YIswGOLhkTqt6UE0ztrC8ofxnz15XsPjFqspuRLrttxf5mcoYL2oM2IcbXdm8VPERPL1tyqFvEK3bafICNe5cROJ3cqdAP2IReYjdnNiWZUVilA3MUIakNQFwCY0xrbPMyOqQ6_MFz1Ez8OA0wmJQ\/w640-h480\/IMG-20220917-WA0003.jpg\" width=\"640\" \/><\/a><\/td>\n<\/tr>\n<tr>\n<td class=\"tr-caption\" style=\"text-align: center;\"><b>Erfolgreiche U 8 und U10 des PSV Wuppertal 1921 e.V.<\/b><\/td>\n<\/tr>\n<\/tbody>\n<\/table>\n","protected":false},"excerpt":{"rendered":"<p>&nbsp; &nbsp; &nbsp; &nbsp; &nbsp; &nbsp; PSV Kinder jubeln in Remscheid Am 17.09. freuten sich die U8 und U10 Kinder des PSV \u00fcber ihre guten Pl\u00e4tze beim Wettkampf in Remscheid. Im alt ehrw\u00fcrdigen Stadion Reinshagen konnte man bei herbstlichen Temperaturen und Regen&nbsp; tolle Pl\u00e4tze erzielen.&nbsp; Die junge Nachwuchsriege der U 8 erk\u00e4mpfte sich leicht Ersatzgeschw\u00e4cht [&hellip;]<\/p>\n","protected":false},"author":2,"featured_media":148,"comment_status":"closed","ping_status":"closed","sticky":false,"template":"","format":"standard","meta":{"_et_pb_use_builder":"","_et_pb_old_content":"","_et_gb_content_width":"","footnotes":""},"categories":[20,1],"tags":[],"class_list":["post-147","post","type-post","status-publish","format-standard","has-post-thumbnail","hentry","category-alte-beitraege","category-uncategorized"],"featured_media_urls":{"thumbnail":["https:\/\/www.psv-wuppertal-leichtathletik.de\/wp-content\/uploads\/2022\/09\/IMG-20220917-WA0004.jpg",150,113,false],"medium":["https:\/\/www.psv-wuppertal-leichtathletik.de\/wp-content\/uploads\/2022\/09\/IMG-20220917-WA0004.jpg",300,225,false],"medium_large":["https:\/\/www.psv-wuppertal-leichtathletik.de\/wp-content\/uploads\/2022\/09\/IMG-20220917-WA0004.jpg",640,480,false],"large":["https:\/\/www.psv-wuppertal-leichtathletik.de\/wp-content\/uploads\/2022\/09\/IMG-20220917-WA0004.jpg",640,480,false],"1536x1536":["https:\/\/www.psv-wuppertal-leichtathletik.de\/wp-content\/uploads\/2022\/09\/IMG-20220917-WA0004.jpg",640,480,false],"2048x2048":["https:\/\/www.psv-wuppertal-leichtathletik.de\/wp-content\/uploads\/2022\/09\/IMG-20220917-WA0004.jpg",640,480,false],"et-pb-post-main-image":["https:\/\/www.psv-wuppertal-leichtathletik.de\/wp-content\/uploads\/2022\/09\/IMG-20220917-WA0004.jpg",333,250,false],"et-pb-post-main-image-fullwidth":["https:\/\/www.psv-wuppertal-leichtathletik.de\/wp-content\/uploads\/2022\/09\/IMG-20220917-WA0004.jpg",640,480,false],"et-pb-portfolio-image":["https:\/\/www.psv-wuppertal-leichtathletik.de\/wp-content\/uploads\/2022\/09\/IMG-20220917-WA0004.jpg",379,284,false],"et-pb-portfolio-module-image":["https:\/\/www.psv-wuppertal-leichtathletik.de\/wp-content\/uploads\/2022\/09\/IMG-20220917-WA0004.jpg",510,382,false],"et-pb-portfolio-image-single":["https:\/\/www.psv-wuppertal-leichtathletik.de\/wp-content\/uploads\/2022\/09\/IMG-20220917-WA0004.jpg",640,480,false],"et-pb-gallery-module-image-portrait":["https:\/\/www.psv-wuppertal-leichtathletik.de\/wp-content\/uploads\/2022\/09\/IMG-20220917-WA0004.jpg",400,300,false],"et-pb-post-main-image-fullwidth-large":["https:\/\/www.psv-wuppertal-leichtathletik.de\/wp-content\/uploads\/2022\/09\/IMG-20220917-WA0004.jpg",640,480,false],"et-pb-image--responsive--desktop":["https:\/\/www.psv-wuppertal-leichtathletik.de\/wp-content\/uploads\/2022\/09\/IMG-20220917-WA0004.jpg",640,480,false],"et-pb-image--responsive--tablet":["https:\/\/www.psv-wuppertal-leichtathletik.de\/wp-content\/uploads\/2022\/09\/IMG-20220917-WA0004.jpg",640,480,false],"et-pb-image--responsive--phone":["https:\/\/www.psv-wuppertal-leichtathletik.de\/wp-content\/uploads\/2022\/09\/IMG-20220917-WA0004.jpg",360,270,false],"portfolio_item-thumbnail":["https:\/\/www.psv-wuppertal-leichtathletik.de\/wp-content\/uploads\/2022\/09\/IMG-20220917-WA0004.jpg",533,400,false],"portfolio_item-thumbnail@2x":["https:\/\/www.psv-wuppertal-leichtathletik.de\/wp-content\/uploads\/2022\/09\/IMG-20220917-WA0004.jpg",640,480,false],"portfolio_item-masonry":["https:\/\/www.psv-wuppertal-leichtathletik.de\/wp-content\/uploads\/2022\/09\/IMG-20220917-WA0004.jpg",600,450,false],"portfolio_item-masonry@2x":["https:\/\/www.psv-wuppertal-leichtathletik.de\/wp-content\/uploads\/2022\/09\/IMG-20220917-WA0004.jpg",640,480,false],"portfolio_item-thumbnail_cinema":["https:\/\/www.psv-wuppertal-leichtathletik.de\/wp-content\/uploads\/2022\/09\/IMG-20220917-WA0004.jpg",447,335,false],"portfolio_item-thumbnail_portrait":["https:\/\/www.psv-wuppertal-leichtathletik.de\/wp-content\/uploads\/2022\/09\/IMG-20220917-WA0004.jpg",600,450,false],"portfolio_item-thumbnail_portrait@2x":["https:\/\/www.psv-wuppertal-leichtathletik.de\/wp-content\/uploads\/2022\/09\/IMG-20220917-WA0004.jpg",640,480,false],"portfolio_item-thumbnail_square":["https:\/\/www.psv-wuppertal-leichtathletik.de\/wp-content\/uploads\/2022\/09\/IMG-20220917-WA0004.jpg",640,480,false]},"_links":{"self":[{"href":"https:\/\/www.psv-wuppertal-leichtathletik.de\/index.php?rest_route=\/wp\/v2\/posts\/147","targetHints":{"allow":["GET"]}}],"collection":[{"href":"https:\/\/www.psv-wuppertal-leichtathletik.de\/index.php?rest_route=\/wp\/v2\/posts"}],"about":[{"href":"https:\/\/www.psv-wuppertal-leichtathletik.de\/index.php?rest_route=\/wp\/v2\/types\/post"}],"author":[{"embeddable":true,"href":"https:\/\/www.psv-wuppertal-leichtathletik.de\/index.php?rest_route=\/wp\/v2\/users\/2"}],"replies":[{"embeddable":true,"href":"https:\/\/www.psv-wuppertal-leichtathletik.de\/index.php?rest_route=%2Fwp%2Fv2%2Fcomments&post=147"}],"version-history":[{"count":1,"href":"https:\/\/www.psv-wuppertal-leichtathletik.de\/index.php?rest_route=\/wp\/v2\/posts\/147\/revisions"}],"predecessor-version":[{"id":185,"href":"https:\/\/www.psv-wuppertal-leichtathletik.de\/index.php?rest_route=\/wp\/v2\/posts\/147\/revisions\/185"}],"wp:featuredmedia":[{"embeddable":true,"href":"https:\/\/www.psv-wuppertal-leichtathletik.de\/index.php?rest_route=\/wp\/v2\/media\/148"}],"wp:attachment":[{"href":"https:\/\/www.psv-wuppertal-leichtathletik.de\/index.php?rest_route=%2Fwp%2Fv2%2Fmedia&parent=147"}],"wp:term":[{"taxonomy":"category","embeddable":true,"href":"https:\/\/www.psv-wuppertal-leichtathletik.de\/index.php?rest_route=%2Fwp%2Fv2%2Fcategories&post=147"},{"taxonomy":"post_tag","embeddable":true,"href":"https:\/\/www.psv-wuppertal-leichtathletik.de\/index.php?rest_route=%2Fwp%2Fv2%2Ftags&post=147"}],"curies":[{"name":"wp","href":"https:\/\/api.w.org\/{rel}","templated":true}]}}