{"id":149,"date":"2022-09-15T21:52:00","date_gmt":"2022-09-15T21:52:00","guid":{"rendered":"https:\/\/www.psv-wuppertal-leichtathletik.de\/uncategorized\/55-wuppertaler-volkslauf\/"},"modified":"2023-01-08T17:48:21","modified_gmt":"2023-01-08T17:48:21","slug":"55-wuppertaler-volkslauf","status":"publish","type":"post","link":"https:\/\/www.psv-wuppertal-leichtathletik.de\/?p=149","title":{"rendered":"55. Wuppertaler Volkslauf"},"content":{"rendered":"<p style=\"text-align: center;\">&nbsp; &nbsp; &nbsp; &nbsp;<b><span style=\"font-size: medium;\"> <\/span><span style=\"font-size: large;\">PSV Nachwuchs setzt Glanzlichter beim&nbsp;<\/span><\/b><\/p>\n<p style=\"text-align: center;\"><b><span style=\"font-size: large;\">55. Wuppertaler Volkslauf<\/span><\/b><\/p>\n<table align=\"center\" cellpadding=\"0\" cellspacing=\"0\" class=\"tr-caption-container\" style=\"margin-left: auto; margin-right: auto;\">\n<tbody>\n<tr>\n<td style=\"text-align: center;\"><a href=\"https:\/\/blogger.googleusercontent.com\/img\/b\/R29vZ2xl\/AVvXsEhCtW7SwO1OC626lpV5sWENOoLtx44PFGQG-nano9ZJe0XqTD7NfZ49FkT8i-8fNEIjY34d3-Q_qVBqILCquM2M3hU_lgI-q3KopuNpeK0G7tPo0ukctqbFDdD_7H67JDwK9tULlfnmqNnRyY6Z-mKLx0vUYdRrOuy59L9skA6NCb327gNJ5QydyEv6Rw\/s1600\/IMG-20220916-WA0011.jpg\" imageanchor=\"1\" style=\"font-weight: bold; margin-left: auto; margin-right: auto; text-align: center;\"><img fetchpriority=\"high\" fetchpriority=\"high\" decoding=\"async\" border=\"0\" data-original-height=\"1200\" data-original-width=\"1600\" height=\"480\" src=\"http:\/\/www.psv-wuppertal-leichtathletik.de\/wp-content\/uploads\/2022\/09\/IMG-20220916-WA0011.jpg\" class=\"wp-image-150\" width=\"640\" \/><\/a><\/td>\n<\/tr>\n<tr>\n<td class=\"tr-caption\" style=\"text-align: center;\"><b>Ein dank den Spendern f\u00fcr diese neue Pavillon<\/b><\/td>\n<\/tr>\n<\/tbody>\n<\/table>\n<p style=\"text-align: left;\"><b><span style=\"font-size: medium;\">Bei Dauerregen und k\u00fchlen Temperaturen gingen 17 M\u00e4dchen und Jungen bei der 2. Ausrichtung des Volklaufes, durch Bayer Wuppertal, an den Start. Unsere M\u00e4dchen und Jungen \u00fcberzeugten durch viele Treppchenpl\u00e4tze, gute Platzierungen und viel Kampfgeist (nach einem Sturz l\u00e4uft man trotzdem weiter).&nbsp;<\/span><\/b><\/p>\n<p style=\"text-align: left;\"><b><span style=\"font-size: medium;\"><br \/><\/span><\/b><\/p>\n<p style=\"text-align: left;\"><b><\/b><\/p>\n<table cellpadding=\"0\" cellspacing=\"0\" class=\"tr-caption-container\" style=\"float: left;\">\n<tbody>\n<tr>\n<td style=\"text-align: center;\"><a href=\"https:\/\/blogger.googleusercontent.com\/img\/b\/R29vZ2xl\/AVvXsEjlJWF70uVEW6WT1JcUnQSijuXX876hnrlpFQK8GJunbq647mpBQT1HtAM2OSRc8Mob052kG1esWjP2DkLsX6s_KqcZGhzZIuYvc6xsgVZnDv_vvRQU_JZXlW_IhB6TGJKfxOKOJ29Rrg0OwSPxOCqvY8RPXrFERP9Rvp9pdKjvd4OP9WQIx14ZlDfp-w\/s4032\/20220910-100117.jpg\" style=\"clear: left; margin-bottom: 1em; margin-left: auto; margin-right: auto;\"><img decoding=\"async\" border=\"0\" data-original-height=\"1960\" data-original-width=\"4032\" height=\"195\" src=\"https:\/\/blogger.googleusercontent.com\/img\/b\/R29vZ2xl\/AVvXsEjlJWF70uVEW6WT1JcUnQSijuXX876hnrlpFQK8GJunbq647mpBQT1HtAM2OSRc8Mob052kG1esWjP2DkLsX6s_KqcZGhzZIuYvc6xsgVZnDv_vvRQU_JZXlW_IhB6TGJKfxOKOJ29Rrg0OwSPxOCqvY8RPXrFERP9Rvp9pdKjvd4OP9WQIx14ZlDfp-w\/w400-h195\/20220910-100117.jpg\" width=\"400\" \/><\/a><\/td>\n<\/tr>\n<tr>\n<td class=\"tr-caption\" style=\"text-align: center;\"><b>Bergisches Wetter und alle freuen sich !<br \/>Lennard Menken, Nico Schauer u. Oskar Bleidie\u00dfel<\/b><\/td>\n<\/tr>\n<\/tbody>\n<\/table>\n<p><b><br \/><span style=\"font-size: medium;\"><br \/><\/span><\/b><\/p>\n<table align=\"center\" cellpadding=\"0\" cellspacing=\"0\" class=\"tr-caption-container\" style=\"margin-left: auto; margin-right: auto;\">\n<tbody>\n<tr>\n<td style=\"text-align: center;\"><a href=\"https:\/\/blogger.googleusercontent.com\/img\/b\/R29vZ2xl\/AVvXsEisyUgFcja6xlS0Ui0cHNnXJjjaKA8HjZ94vwdMa4nizegy27zqtYwPtnblj0DP1vhrhtGnRtzewLClrrnRCclGoUPqEbHNuytVQrothfGcuPYzyTITJDTXWnsmtiT6zbas3fiB6co87BIlQBQ1bKYB2z_dU3J6h3TnTisC4ry38QxSzf_n5PLha-4zTg\/s4032\/20220910-102324.jpg\" style=\"margin-left: auto; margin-right: auto;\"><img decoding=\"async\" border=\"0\" data-original-height=\"1960\" data-original-width=\"4032\" height=\"195\" src=\"https:\/\/blogger.googleusercontent.com\/img\/b\/R29vZ2xl\/AVvXsEisyUgFcja6xlS0Ui0cHNnXJjjaKA8HjZ94vwdMa4nizegy27zqtYwPtnblj0DP1vhrhtGnRtzewLClrrnRCclGoUPqEbHNuytVQrothfGcuPYzyTITJDTXWnsmtiT6zbas3fiB6co87BIlQBQ1bKYB2z_dU3J6h3TnTisC4ry38QxSzf_n5PLha-4zTg\/w400-h195\/20220910-102324.jpg\" width=\"400\" \/><\/a><\/td>\n<\/tr>\n<tr>\n<td class=\"tr-caption\" style=\"text-align: center;\"><b>Wann geht&#8217;s den endlich los?<br \/>Clara Levering, Josefine Cichon, Marie Jansen u. Neele Leven<\/b><\/td>\n<\/tr>\n<\/tbody>\n<\/table>\n<p style=\"text-align: left;\"><b><span style=\"font-size: medium;\">Beim Kids-Run \u00fcber 1000m holte Eddie Bleidie\u00dfel Pl. 1 in 4:53 Min., auf Platz 12 von 53 Startern kam Benno Sonntag in 5:25 Min.<\/span><\/b><\/p>\n<p style=\"text-align: left;\"><b><\/b><\/p>\n<table align=\"center\" cellpadding=\"0\" cellspacing=\"0\" class=\"tr-caption-container\" style=\"margin-left: auto; margin-right: auto;\">\n<tbody>\n<tr>\n<td style=\"text-align: center;\"><a href=\"https:\/\/blogger.googleusercontent.com\/img\/b\/R29vZ2xl\/AVvXsEhaV6IRJAqmvGkCkui3DH7uTU0oByMFPeGko6SZfqNoiyaFjoqbOMLLhJhfW7Iql0qn78mveGLf8XKWy8aGw8IGlzTZZ6iPOEvuB4C2h6DNDjhP8k66MvUW7o6FfkKljVJjYeHGXdgsaW8ZCUAbSlysUyd_ZnA5rHPcvgAIWImCJnocZGrGN34WbwN7TA\/s4032\/20220910-143942.jpg\" style=\"margin-left: auto; margin-right: auto;\"><img loading=\"lazy\" loading=\"lazy\" decoding=\"async\" border=\"0\" data-original-height=\"1960\" data-original-width=\"4032\" height=\"195\" src=\"https:\/\/blogger.googleusercontent.com\/img\/b\/R29vZ2xl\/AVvXsEhaV6IRJAqmvGkCkui3DH7uTU0oByMFPeGko6SZfqNoiyaFjoqbOMLLhJhfW7Iql0qn78mveGLf8XKWy8aGw8IGlzTZZ6iPOEvuB4C2h6DNDjhP8k66MvUW7o6FfkKljVJjYeHGXdgsaW8ZCUAbSlysUyd_ZnA5rHPcvgAIWImCJnocZGrGN34WbwN7TA\/w400-h195\/20220910-143942.jpg\" width=\"400\" \/><\/a><\/td>\n<\/tr>\n<tr>\n<td class=\"tr-caption\" style=\"text-align: center;\"><b>Eddie auf Platz 2, aber er hat eigentlich gewonnen !<\/b><\/td>\n<\/tr>\n<\/tbody>\n<\/table>\n<p style=\"text-align: left;\"><b><span style=\"font-size: medium;\">Bei den M\u00e4dchen holte sich Pia Meier in 5:04 Min. den 2. Platz, auf Platz 8 k\u00e4mpfte sich Maila Jobelius in 5:49 Min. und Platz 11 von 40 Teilnehmerinnen ging an Greta Jansen in 5:55 Min.<\/span><\/b><\/p>\n<table align=\"center\" cellpadding=\"0\" cellspacing=\"0\" class=\"tr-caption-container\" style=\"margin-left: auto; margin-right: auto;\">\n<tbody>\n<tr>\n<td style=\"text-align: center;\"><a href=\"https:\/\/blogger.googleusercontent.com\/img\/b\/R29vZ2xl\/AVvXsEioknDNku23LMN3M_hQUXy-xzC5P_M-kFy1TF0N1i1zU9LGinmQgyyLM-HP6MavvO3WfddE-RY-e7O2hsbZ-s9KxsZSlfuZAF6A9gx1z6sz0KfTV_9C8pEO_WSAAmaQ6KK85XF5IAE8vE_QKqkiZhR-o-loGaUvvVT1iA_FEvSg24UNJwEX8PhPwKef5A\/s4032\/20220910_143749.jpg\" style=\"font-size: large; font-weight: 700; margin-left: auto; margin-right: auto; text-align: center;\"><img loading=\"lazy\" loading=\"lazy\" decoding=\"async\" border=\"0\" data-original-height=\"3024\" data-original-width=\"4032\" height=\"300\" src=\"https:\/\/blogger.googleusercontent.com\/img\/b\/R29vZ2xl\/AVvXsEioknDNku23LMN3M_hQUXy-xzC5P_M-kFy1TF0N1i1zU9LGinmQgyyLM-HP6MavvO3WfddE-RY-e7O2hsbZ-s9KxsZSlfuZAF6A9gx1z6sz0KfTV_9C8pEO_WSAAmaQ6KK85XF5IAE8vE_QKqkiZhR-o-loGaUvvVT1iA_FEvSg24UNJwEX8PhPwKef5A\/w400-h300\/20220910_143749.jpg\" width=\"400\" \/><\/a><\/td>\n<\/tr>\n<tr>\n<td class=\"tr-caption\" style=\"text-align: center;\"><b>Pia Meier Pl. 2 PSV W&#8217;tal<br \/><\/b><\/p>\n<div class=\"separator\" style=\"clear: both; text-align: center;\"><\/div>\n<\/td>\n<\/tr>\n<\/tbody>\n<\/table>\n<p><b><span style=\"font-size: medium;\">Bei der U10 m\u00e4nnlich lief Oskar Bleidie\u00dfel ein einsames Rennen und holte sich&nbsp; in 8:47 Min. \u00fcber die 2km souver\u00e4n Platz 1. Einen starken 6. Platz von 56 Teilnehmern erzielte in 10:16 Min. Nico Schauer. 18. wurde Lennard Menken in&nbsp; 11:29 Min.<\/span><\/b><\/p>\n<div><span style=\"font-size: medium;\"><b><br \/><\/b><\/span><\/div>\n<div><span style=\"font-size: medium;\"><\/p>\n<table align=\"center\" cellpadding=\"0\" cellspacing=\"0\" class=\"tr-caption-container\" style=\"margin-left: auto; margin-right: auto;\">\n<tbody>\n<tr>\n<td style=\"text-align: center;\"><a href=\"https:\/\/blogger.googleusercontent.com\/img\/b\/R29vZ2xl\/AVvXsEidO1Wbn3jYw0NAcLZhsRyml3Slnm3QqYzC0lEGdelPI5rqbfDGzUDMPgX4rsE_mqQ4ZhtBEKi3R_NDSODUAJBHKJli9PWwIXOfbhONkPParUmWbRAdIp-PjaG6j57uxbniHGxE_KKUppzmQrd2-FQISbQXh8vaKXtDjwnot2Gt3LJiX-GtHi9l4dhBmw\/s4032\/20220910-104551.jpg\" style=\"margin-left: auto; margin-right: auto;\"><img loading=\"lazy\" loading=\"lazy\" decoding=\"async\" border=\"0\" data-original-height=\"1960\" data-original-width=\"4032\" height=\"364\" src=\"https:\/\/blogger.googleusercontent.com\/img\/b\/R29vZ2xl\/AVvXsEidO1Wbn3jYw0NAcLZhsRyml3Slnm3QqYzC0lEGdelPI5rqbfDGzUDMPgX4rsE_mqQ4ZhtBEKi3R_NDSODUAJBHKJli9PWwIXOfbhONkPParUmWbRAdIp-PjaG6j57uxbniHGxE_KKUppzmQrd2-FQISbQXh8vaKXtDjwnot2Gt3LJiX-GtHi9l4dhBmw\/w640-h364\/20220910-104551.jpg\" width=\"640\" \/><\/a><\/td>\n<\/tr>\n<tr>\n<td class=\"tr-caption\" style=\"text-align: center;\"><b>Souver\u00e4ner Sieger der U10 Oskar Bleidie\u00dfel&nbsp; PSV Wuppertal<\/b><\/td>\n<\/tr>\n<\/tbody>\n<\/table>\n<p><\/span><\/div>\n<div>\n<p style=\"text-align: left;\"><b><span style=\"font-size: medium;\">Bei den M\u00e4dels U10 lief Neele Leven auch vom Start an dem gesamten Feld davon. In 9:23 Min. wurde sie unangefochten Erste. Auf Platz 4 kam ihre j\u00fcngere Vereinskameradin, Marie Jansen in 10:25 Min. Marie hatte etwas Pech, sie st\u00fcrzte 2x und trotz Verletzung holte sie sich noch einen tollen Platz. Auf Platz 11 von 39 Starterinnen kam Clara Sophie Levering in 11:22 und kurz danach lief Josefine Cichon in 11:45 Min. durchs Ziel und belegte Platz 17.<\/span><\/b><\/p>\n<p style=\"text-align: left;\"><b><\/b><\/p>\n<table align=\"center\" cellpadding=\"0\" cellspacing=\"0\" class=\"tr-caption-container\" style=\"margin-left: auto; margin-right: auto;\">\n<tbody>\n<tr>\n<td style=\"text-align: center;\"><a href=\"https:\/\/blogger.googleusercontent.com\/img\/b\/R29vZ2xl\/AVvXsEjXqNm-9eaA6ZWKi0GWOQ1eu3B3AUOhqkkgBMTjRC0N58gVA0dlr4nsUkp1OtwXnju1sCtuBzRfRKpz6EH_DeQaBLT8mbE-Z8Wy-9DrRD9uYCAkT8uZVEK79kHGSoe0K_TMgJP24xbbpjwiqrnJV9t4PihaetdEqRxrEdVAdevcXPdsho5fN4N08oTeAQ\/s4032\/20220910-104803.jpg\" style=\"margin-left: auto; margin-right: auto;\"><img loading=\"lazy\" loading=\"lazy\" decoding=\"async\" border=\"0\" data-original-height=\"1960\" data-original-width=\"4032\" height=\"195\" src=\"https:\/\/blogger.googleusercontent.com\/img\/b\/R29vZ2xl\/AVvXsEjXqNm-9eaA6ZWKi0GWOQ1eu3B3AUOhqkkgBMTjRC0N58gVA0dlr4nsUkp1OtwXnju1sCtuBzRfRKpz6EH_DeQaBLT8mbE-Z8Wy-9DrRD9uYCAkT8uZVEK79kHGSoe0K_TMgJP24xbbpjwiqrnJV9t4PihaetdEqRxrEdVAdevcXPdsho5fN4N08oTeAQ\/w400-h195\/20220910-104803.jpg\" width=\"400\" \/><\/a><\/td>\n<\/tr>\n<tr>\n<td class=\"tr-caption\" style=\"text-align: center;\"><b>Platz 1 f\u00fcr Neele Leven PSV Wuppertal<\/b><\/td>\n<\/tr>\n<\/tbody>\n<\/table>\n<p><b><span style=\"font-size: medium;\">&nbsp;<\/span><\/b><b><span style=\"font-size: medium;\">Im N\u00e4chsten Lauf macht sich dann die Wettkampferfahrene Hannah Schoeppe auf die 2000m Strecke. Hannah wurde ihrer Favoritenrolle gerecht und holte sich unangefochten in 9:03&nbsp; Min. Platz 1.&nbsp;<\/span><\/b><b><span style=\"font-size: medium;\">Einen tollen Einstand in ihrem ersten Wettkampf f\u00fcr den PSV hatte Linda Bleidie\u00dfel.&nbsp; Sie wurde hinter Hannah in 9:30&nbsp; Min. sehr gute 2.&nbsp;<\/span><\/b><\/p>\n<p style=\"text-align: left;\"><b><\/b><\/p>\n<table align=\"center\" cellpadding=\"0\" cellspacing=\"0\" class=\"tr-caption-container\" style=\"margin-left: auto; margin-right: auto;\">\n<tbody>\n<tr>\n<td style=\"text-align: center;\"><a href=\"https:\/\/blogger.googleusercontent.com\/img\/b\/R29vZ2xl\/AVvXsEgk4evTG0XTWh1MzBq5PusPuPK4e7xlpWk5Qt7Yx7dQNDVBXCOUIFG50GHPaaF1AX9_GAcwqcDDjMO55PFiran3AFReqS1uaU4qJIXSMXsKXA2bmCZ5bbj5E0m1RYu5B1klS3RgSK2PvfupY4Qe6HLRecsWxJggxeWxJOwDhUVPPamCb9qIJQ9qI3jykQ\/s4032\/20220910-121240.jpg\" style=\"margin-left: auto; margin-right: auto;\"><img loading=\"lazy\" loading=\"lazy\" decoding=\"async\" border=\"0\" data-original-height=\"1960\" data-original-width=\"4032\" height=\"195\" src=\"https:\/\/blogger.googleusercontent.com\/img\/b\/R29vZ2xl\/AVvXsEgk4evTG0XTWh1MzBq5PusPuPK4e7xlpWk5Qt7Yx7dQNDVBXCOUIFG50GHPaaF1AX9_GAcwqcDDjMO55PFiran3AFReqS1uaU4qJIXSMXsKXA2bmCZ5bbj5E0m1RYu5B1klS3RgSK2PvfupY4Qe6HLRecsWxJggxeWxJOwDhUVPPamCb9qIJQ9qI3jykQ\/w400-h195\/20220910-121240.jpg\" width=\"400\" \/><\/a><\/td>\n<\/tr>\n<tr>\n<td class=\"tr-caption\" style=\"text-align: center;\"><b>Platz 1 Hannah Schoeppe&nbsp; \/ Platz 2 Linda Bleidie\u00dfel<br \/>PSV Wuppertal ! ! !<\/b><\/td>\n<\/tr>\n<\/tbody>\n<\/table>\n<p style=\"text-align: left;\"><b><span style=\"font-size: medium;\">Bei der U14 m\u00e4nnlich erlief sich Jannis Ruf in 8:58 Min. Platz 3. Kjell Kaja kam in 9:06 Min. auf den 6. Platz von 59 Startern.<\/span><\/b><\/p>\n<p style=\"text-align: left;\"><b><\/b><\/p>\n<table align=\"center\" cellpadding=\"0\" cellspacing=\"0\" class=\"tr-caption-container\" style=\"margin-left: auto; margin-right: auto;\">\n<tbody>\n<tr>\n<td style=\"text-align: center;\"><a href=\"https:\/\/blogger.googleusercontent.com\/img\/b\/R29vZ2xl\/AVvXsEj-LoPGP_cqIxLhET2yNz8jAtwV4VSGaSoCl8_ykTzZO4prmqOFyszsW-oJBzAfk5DO51VXWP6PDSVLClaC0q1QdO4AbJ6vxjagrCsVrgDg7hmT4EOSeqvdXN8GkLzcwUW1FYOZzvFIdjB0oQayEwQwE7SbLgM1CIlhFLrKaSiiL4fsB9yPu8AEnS5e-A\/s1600\/IMG-20220910-WA0003.jpg\" style=\"margin-left: auto; margin-right: auto;\"><img loading=\"lazy\" loading=\"lazy\" decoding=\"async\" border=\"0\" data-original-height=\"1200\" data-original-width=\"1600\" height=\"300\" src=\"https:\/\/blogger.googleusercontent.com\/img\/b\/R29vZ2xl\/AVvXsEj-LoPGP_cqIxLhET2yNz8jAtwV4VSGaSoCl8_ykTzZO4prmqOFyszsW-oJBzAfk5DO51VXWP6PDSVLClaC0q1QdO4AbJ6vxjagrCsVrgDg7hmT4EOSeqvdXN8GkLzcwUW1FYOZzvFIdjB0oQayEwQwE7SbLgM1CIlhFLrKaSiiL4fsB9yPu8AEnS5e-A\/w400-h300\/IMG-20220910-WA0003.jpg\" width=\"400\" \/><\/a><\/td>\n<\/tr>\n<tr>\n<td class=\"tr-caption\" style=\"text-align: center;\"><b>Jannis Ruf auf Platz 3<\/b><\/td>\n<\/tr>\n<\/tbody>\n<\/table>\n<p style=\"text-align: left;\"><b><span style=\"font-size: medium;\">Bei der U16 vertrat Lukas Schoeppe die Farben des PSV. In einem guten Lauf konnte er in 9:30 Min. Platz 6 in seiner Altersklasse erzielen.<\/span><\/b><\/p>\n<p style=\"text-align: left;\"><b><\/b><\/p>\n<table cellpadding=\"0\" cellspacing=\"0\" class=\"tr-caption-container\" style=\"float: left;\">\n<tbody>\n<tr>\n<td style=\"text-align: center;\"><a href=\"https:\/\/blogger.googleusercontent.com\/img\/b\/R29vZ2xl\/AVvXsEieWFHOJ2uAJSPLETYBSZWqI41gCJ5-j6ksd7Z7zxinLGWDD4udnQe-FCVdGJ1a2sCzO2_68P2tUy7IpE_zDxPFJN_gjsF6cRG05hXjuNDHi1MxC-kuhL3SN5jnvWkW5lKwqPrYl9Lk8dL91UXvJfd3704txsFPAgK2U-0OqyFEMFUiCQ2lAbvX2BOv6Q\/s4032\/IMG_9915.jpg\" style=\"clear: left; margin-bottom: 1em; margin-left: auto; margin-right: auto;\"><img loading=\"lazy\" loading=\"lazy\" decoding=\"async\" border=\"0\" data-original-height=\"3024\" data-original-width=\"4032\" height=\"240\" src=\"https:\/\/blogger.googleusercontent.com\/img\/b\/R29vZ2xl\/AVvXsEieWFHOJ2uAJSPLETYBSZWqI41gCJ5-j6ksd7Z7zxinLGWDD4udnQe-FCVdGJ1a2sCzO2_68P2tUy7IpE_zDxPFJN_gjsF6cRG05hXjuNDHi1MxC-kuhL3SN5jnvWkW5lKwqPrYl9Lk8dL91UXvJfd3704txsFPAgK2U-0OqyFEMFUiCQ2lAbvX2BOv6Q\/s320\/IMG_9915.jpg\" width=\"320\" \/><\/a><\/td>\n<\/tr>\n<tr>\n<td class=\"tr-caption\" style=\"text-align: center;\"><b>Lukas Schoeppe kurz nach dem Start \u00fcber 200m<\/b><\/td>\n<\/tr>\n<\/tbody>\n<\/table>\n<p><b><\/p>\n<table cellpadding=\"0\" cellspacing=\"0\" class=\"tr-caption-container\" style=\"margin-left: auto; margin-right: auto; text-align: center;\">\n<tbody>\n<tr>\n<td style=\"text-align: center;\"><a href=\"https:\/\/blogger.googleusercontent.com\/img\/b\/R29vZ2xl\/AVvXsEgsV-85LFWLS2aUa2_5wuNbJAL1fjvW-mUpw4PG9ngW8eN7QG8NDDPoBisjmllNgrdOCSciQMcw1SC57E60-Yfi7BHzD6iWq24Gqfx-Sg0EXMk8XmNNxeoQW-dlgUkv9IWNdOF1r4ztRp8ic0bvUxtRLhIczsUu2FGk-sljKMMm3lQhJtynDGWjA0xU4g\/s4032\/IMG_9919.jpg\" style=\"clear: right; margin-bottom: 1em; margin-left: auto; margin-right: auto;\"><img loading=\"lazy\" loading=\"lazy\" decoding=\"async\" border=\"0\" data-original-height=\"4032\" data-original-width=\"3024\" height=\"320\" src=\"https:\/\/blogger.googleusercontent.com\/img\/b\/R29vZ2xl\/AVvXsEgsV-85LFWLS2aUa2_5wuNbJAL1fjvW-mUpw4PG9ngW8eN7QG8NDDPoBisjmllNgrdOCSciQMcw1SC57E60-Yfi7BHzD6iWq24Gqfx-Sg0EXMk8XmNNxeoQW-dlgUkv9IWNdOF1r4ztRp8ic0bvUxtRLhIczsUu2FGk-sljKMMm3lQhJtynDGWjA0xU4g\/s320\/IMG_9919.jpg\" width=\"240\" \/><\/a><\/td>\n<\/tr>\n<tr>\n<td class=\"tr-caption\" style=\"text-align: center;\"><b>Lukas holt sich Pl. 3 bei der U16<\/b><\/td>\n<\/tr>\n<\/tbody>\n<\/table>\n<p><\/b><\/p>\n<p style=\"text-align: left;\"><b style=\"font-size: large;\">Alle Starter\/innen haben ihren PSV super toll vertreten!<\/b><\/p>\n<p style=\"text-align: left;\"><span style=\"font-size: medium;\"><b>Herzlichen Gl\u00fcckwunsch an alle M\u00e4dchen und Jungen<\/b><\/span><\/p>\n<p style=\"text-align: left;\"><b style=\"font-size: large;\">Hier noch einige Bilder vom Wettkampf<\/b><\/p>\n<div class=\"separator\" style=\"clear: both; text-align: center;\"><\/div>\n<table cellpadding=\"0\" cellspacing=\"0\" class=\"tr-caption-container\" style=\"float: left;\">\n<tbody>\n<tr>\n<td style=\"text-align: center;\"><a href=\"https:\/\/blogger.googleusercontent.com\/img\/b\/R29vZ2xl\/AVvXsEi0m4YvtmwvFpthdMDkAA4zKpQrc7O3L1Pcu8-TlihG7xVTlnMVIa0bpxKy22-zXQc8ZnpnfuBxb36D9P2uA-j77DYY1Ouvns7u84B6KSJxSDe59yQzILyWnHKMi52eFj9u2FMjDoSaYusAceqcm4SP9W2rMeVomML-meQ1tZVL6h3hWkoNszkQBh0B1A\/s677\/20220910_141248.jpg\" style=\"clear: left; margin-bottom: 1em; margin-left: auto; margin-right: auto;\"><img loading=\"lazy\" loading=\"lazy\" decoding=\"async\" border=\"0\" data-original-height=\"677\" data-original-width=\"508\" height=\"320\" src=\"https:\/\/blogger.googleusercontent.com\/img\/b\/R29vZ2xl\/AVvXsEi0m4YvtmwvFpthdMDkAA4zKpQrc7O3L1Pcu8-TlihG7xVTlnMVIa0bpxKy22-zXQc8ZnpnfuBxb36D9P2uA-j77DYY1Ouvns7u84B6KSJxSDe59yQzILyWnHKMi52eFj9u2FMjDoSaYusAceqcm4SP9W2rMeVomML-meQ1tZVL6h3hWkoNszkQBh0B1A\/s320\/20220910_141248.jpg\" width=\"240\" \/><\/a><\/td>\n<\/tr>\n<tr>\n<td class=\"tr-caption\" style=\"text-align: center;\"><b>Maila Jobelius hat noch Zeit zum Winken<\/b><\/td>\n<\/tr>\n<\/tbody>\n<\/table>\n<p><span style=\"font-size: medium;\"><b><\/p>\n<table cellpadding=\"0\" cellspacing=\"0\" class=\"tr-caption-container\" style=\"float: right;\">\n<tbody>\n<tr>\n<td style=\"text-align: center;\"><a href=\"https:\/\/blogger.googleusercontent.com\/img\/b\/R29vZ2xl\/AVvXsEj4-NN81mnGui1zY1rTKZN5rYrtRIbw7esLN1NMQt1YLDjJcZ9Tdv0ZQZLvvM9d8ypYISy-mG4x_lA0_iOo9czsE03mnEynCItGsqAdibtQZOTL5JoGwvnBSw4_zg1w9u6lP6s6BJguaPkzPx0-qMUG0WE1vYwSmgMAVkiOmHjUWBCINMDAB0edH78-jw\/s1420\/20220910_141223.jpg\" style=\"clear: right; margin-bottom: 1em; margin-left: auto; margin-right: auto;\"><img loading=\"lazy\" loading=\"lazy\" decoding=\"async\" border=\"0\" data-original-height=\"1420\" data-original-width=\"1065\" height=\"320\" src=\"https:\/\/blogger.googleusercontent.com\/img\/b\/R29vZ2xl\/AVvXsEj4-NN81mnGui1zY1rTKZN5rYrtRIbw7esLN1NMQt1YLDjJcZ9Tdv0ZQZLvvM9d8ypYISy-mG4x_lA0_iOo9czsE03mnEynCItGsqAdibtQZOTL5JoGwvnBSw4_zg1w9u6lP6s6BJguaPkzPx0-qMUG0WE1vYwSmgMAVkiOmHjUWBCINMDAB0edH78-jw\/s320\/20220910_141223.jpg\" width=\"240\" \/><\/a><\/td>\n<\/tr>\n<tr>\n<td class=\"tr-caption\" style=\"text-align: center;\"><b>Pia Meier &#8211; voll konzentriert !<\/b><\/td>\n<\/tr>\n<\/tbody>\n<\/table>\n<table align=\"center\" cellpadding=\"0\" cellspacing=\"0\" class=\"tr-caption-container\" style=\"float: right; margin-left: 1em; text-align: right;\">\n<tbody>\n<tr>\n<td style=\"text-align: center;\"><a href=\"https:\/\/blogger.googleusercontent.com\/img\/b\/R29vZ2xl\/AVvXsEidraQFWuzRq0b9lQi4fZQCwqVCtEXx1ss4T5K99bVQL3JkxhffzlGdSVS6yOUsQRkzwkSBLDXrWtRAwC5bByz07X2SfUIqrNx01dT85w2Wxa4eTmzegy2CEFXBlbYOysyiCQEag3v_6PlzhjPACzGSLJum8jfD9HuODFWltWrp-YNnZCEGxR4W4-lBCQ\/s4032\/20220910-142105.jpg\" style=\"margin-left: auto; margin-right: auto;\"><img loading=\"lazy\" loading=\"lazy\" decoding=\"async\" border=\"0\" data-original-height=\"1960\" data-original-width=\"4032\" height=\"156\" src=\"https:\/\/blogger.googleusercontent.com\/img\/b\/R29vZ2xl\/AVvXsEidraQFWuzRq0b9lQi4fZQCwqVCtEXx1ss4T5K99bVQL3JkxhffzlGdSVS6yOUsQRkzwkSBLDXrWtRAwC5bByz07X2SfUIqrNx01dT85w2Wxa4eTmzegy2CEFXBlbYOysyiCQEag3v_6PlzhjPACzGSLJum8jfD9HuODFWltWrp-YNnZCEGxR4W4-lBCQ\/s320\/20220910-142105.jpg\" width=\"320\" \/><\/a><\/td>\n<\/tr>\n<tr>\n<td class=\"tr-caption\" style=\"text-align: center;\"><b>Eddie beim Start im Get\u00fcmmel&nbsp;<\/b><\/td>\n<\/tr>\n<\/tbody>\n<\/table>\n<p><\/p>\n<div class=\"separator\" style=\"clear: both; text-align: center;\"><a href=\"https:\/\/blogger.googleusercontent.com\/img\/b\/R29vZ2xl\/AVvXsEh0OzmJjxtoQcx1TVS8C_j8coxnQtgX2onfP1O7Vcd8BaAfVwJZqwxSqZX9mB-e5wHu5T6Dyg1DkYaOIhOFzYDVYwDuI5EOGBoOoGEOlwrQApK-5t9AVWtCgKvx1Ci4bUhRJ9TQiPrrRmXKpOPIkah6BokRnm-e-RHPGmrQKGQmoFkQjxdYLwKgyNkrBw\/s4032\/20220910-113913.jpg\" style=\"clear: right; float: right; margin-bottom: 1em; margin-left: 1em;\"><\/p>\n<p><\/a><\/div>\n<p><\/b><\/span><\/p>\n<table align=\"center\" cellpadding=\"0\" cellspacing=\"0\" class=\"tr-caption-container\" style=\"float: right; margin-left: 1em; text-align: right;\">\n<tbody>\n<tr>\n<td style=\"text-align: center;\"><a href=\"https:\/\/blogger.googleusercontent.com\/img\/b\/R29vZ2xl\/AVvXsEgaDxhwOc_bIzpzRtqtzIrf9VSe018M9tr_ENzs71UlNsUdFP5yM3ifM7nfh3Zpgz1F4FzFQjsYRi0ddoXc3hpJgO6s2WJ9ubToEZUdWMWH9ZJWUhDyiE6Q8O7leTlnHQWsupUDBRZAdela_QQJX1dEQwneOl5A_5J2XXlz9xRoT0rA5fHk_edWZp3mgg\/s4032\/20220910-102226.jpg\" style=\"clear: right; display: inline; font-weight: bold; margin-bottom: 1em; margin-left: auto; margin-right: auto; text-align: center;\"><img loading=\"lazy\" loading=\"lazy\" decoding=\"async\" border=\"0\" data-original-height=\"1960\" data-original-width=\"4032\" height=\"156\" src=\"https:\/\/blogger.googleusercontent.com\/img\/b\/R29vZ2xl\/AVvXsEgaDxhwOc_bIzpzRtqtzIrf9VSe018M9tr_ENzs71UlNsUdFP5yM3ifM7nfh3Zpgz1F4FzFQjsYRi0ddoXc3hpJgO6s2WJ9ubToEZUdWMWH9ZJWUhDyiE6Q8O7leTlnHQWsupUDBRZAdela_QQJX1dEQwneOl5A_5J2XXlz9xRoT0rA5fHk_edWZp3mgg\/w320-h156\/20220910-102226.jpg\" width=\"320\" \/><\/a><\/td>\n<\/tr>\n<tr>\n<td class=\"tr-caption\" style=\"text-align: center;\"><b>Marie Jansen hat noch gut lachen<\/b><\/td>\n<\/tr>\n<\/tbody>\n<\/table>\n<p><span style=\"font-size: medium;\"><b><\/p>\n<table cellpadding=\"0\" cellspacing=\"0\" class=\"tr-caption-container\" style=\"float: left; margin-right: 1em; text-align: left;\">\n<tbody>\n<tr>\n<td style=\"text-align: center;\"><a href=\"https:\/\/blogger.googleusercontent.com\/img\/b\/R29vZ2xl\/AVvXsEjbzmtfUyEJbrKKpOWBuD76_llRsPkaLVG3PxD3zydoNe-UXKMIntHw5w1RDZfr0DuvBpRUI0GUHhOu9ZIE5B3dT24M5bl7ZzJjXMeqQapJGZp3FATCD2lXt9xnX9AeJs51wCItXgkbs2ZOATVS6RoasUSVhd2AMEMxRnkCoNfenqmPzjouPDf9e1HFug\/s4032\/20220910-113420.jpg\" style=\"clear: right; margin-bottom: 1em; margin-left: auto; margin-right: auto;\"><img loading=\"lazy\" loading=\"lazy\" decoding=\"async\" border=\"0\" data-original-height=\"4032\" data-original-width=\"1960\" height=\"320\" src=\"https:\/\/blogger.googleusercontent.com\/img\/b\/R29vZ2xl\/AVvXsEjbzmtfUyEJbrKKpOWBuD76_llRsPkaLVG3PxD3zydoNe-UXKMIntHw5w1RDZfr0DuvBpRUI0GUHhOu9ZIE5B3dT24M5bl7ZzJjXMeqQapJGZp3FATCD2lXt9xnX9AeJs51wCItXgkbs2ZOATVS6RoasUSVhd2AMEMxRnkCoNfenqmPzjouPDf9e1HFug\/s320\/20220910-113420.jpg\" width=\"156\" \/><\/a><\/td>\n<\/tr>\n<tr>\n<td class=\"tr-caption\" style=\"text-align: center;\"><b>Linda Bleidie\u00dfel auf&nbsp; der Zwei<\/b><\/td>\n<\/tr>\n<\/tbody>\n<\/table>\n<p><\/b><b><\/p>\n<table cellpadding=\"0\" cellspacing=\"0\" class=\"tr-caption-container\" style=\"float: right;\">\n<tbody>\n<tr>\n<td style=\"text-align: center;\"><a href=\"https:\/\/blogger.googleusercontent.com\/img\/b\/R29vZ2xl\/AVvXsEjRbhf2La8PZkzSrM8L59j9NxH7gwgDYVxlFwqyWnljsQoROBu8GaP14CJd9U0hEm41X_D6kqxrubRn8KcDxtgf5fwYPmUe8uFRQBDnNf6RzR9IUvtJmLO9aDQzPpKjeij_Am0rlSpDYwXL8oKmMWoJS9Zfy4LQnEZZNF5PA0sDxXda3G02iE1eCnT0qA\/s4032\/20220910-101236.jpg\" style=\"clear: right; margin-bottom: 1em; margin-left: auto; margin-right: auto;\"><img loading=\"lazy\" loading=\"lazy\" decoding=\"async\" border=\"0\" data-original-height=\"4032\" data-original-width=\"1960\" height=\"400\" src=\"https:\/\/blogger.googleusercontent.com\/img\/b\/R29vZ2xl\/AVvXsEjRbhf2La8PZkzSrM8L59j9NxH7gwgDYVxlFwqyWnljsQoROBu8GaP14CJd9U0hEm41X_D6kqxrubRn8KcDxtgf5fwYPmUe8uFRQBDnNf6RzR9IUvtJmLO9aDQzPpKjeij_Am0rlSpDYwXL8oKmMWoJS9Zfy4LQnEZZNF5PA0sDxXda3G02iE1eCnT0qA\/w195-h400\/20220910-101236.jpg\" width=\"195\" \/><\/a><\/td>\n<\/tr>\n<tr>\n<td class=\"tr-caption\" style=\"text-align: center;\"><b>Oskar alleine auf weiter Flur !<\/p>\n<p><\/b><\/td>\n<\/tr>\n<\/tbody>\n<\/table>\n<table cellpadding=\"0\" cellspacing=\"0\" class=\"tr-caption-container\" style=\"float: left;\">\n<tbody>\n<tr>\n<td style=\"text-align: center;\"><a href=\"https:\/\/blogger.googleusercontent.com\/img\/b\/R29vZ2xl\/AVvXsEiI4jJuLlsu-GJsYx_-DkQUjLe1BHlLQyQof2q9nQfMPHI4eNuSslox5X04x078tUVd-s7tK4GxCHygQh7oszuaq3L4YGXTHnptp7adT2zyao0aB95zvmcz4jj7nGaOaFSB0J6-WVQNs8v9ie_5JJXK_U83tq_UIRi8bthqITY_ySfG3CsC8p7xHxnQcg\/s1024\/0f75039e-eca1-4734-852b-47afc983da4c.JPG\" style=\"clear: left; margin-bottom: 1em; margin-left: auto; margin-right: auto;\"><b><img loading=\"lazy\" loading=\"lazy\" decoding=\"async\" border=\"0\" data-original-height=\"576\" data-original-width=\"1024\" height=\"180\" src=\"https:\/\/blogger.googleusercontent.com\/img\/b\/R29vZ2xl\/AVvXsEiI4jJuLlsu-GJsYx_-DkQUjLe1BHlLQyQof2q9nQfMPHI4eNuSslox5X04x078tUVd-s7tK4GxCHygQh7oszuaq3L4YGXTHnptp7adT2zyao0aB95zvmcz4jj7nGaOaFSB0J6-WVQNs8v9ie_5JJXK_U83tq_UIRi8bthqITY_ySfG3CsC8p7xHxnQcg\/s320\/0f75039e-eca1-4734-852b-47afc983da4c.JPG\" width=\"320\" \/><\/b><\/a><\/td>\n<\/tr>\n<tr>\n<td class=\"tr-caption\" style=\"text-align: center;\"><b>Hannah Schoeppe bei der Siegerehrung<\/b><\/td>\n<\/tr>\n<\/tbody>\n<\/table>\n<p><\/b><\/span><\/p>\n<p style=\"text-align: left;\"><b><span style=\"font-size: medium;\"><br \/><\/span><\/b><\/p>\n<\/div>\n","protected":false},"excerpt":{"rendered":"<p>&nbsp; &nbsp; &nbsp; &nbsp; PSV Nachwuchs setzt Glanzlichter beim&nbsp; 55. Wuppertaler Volkslauf Ein dank den Spendern f\u00fcr diese neue Pavillon Bei Dauerregen und k\u00fchlen Temperaturen gingen 17 M\u00e4dchen und Jungen bei der 2. Ausrichtung des Volklaufes, durch Bayer Wuppertal, an den Start. Unsere M\u00e4dchen und Jungen \u00fcberzeugten durch viele Treppchenpl\u00e4tze, gute Platzierungen und viel Kampfgeist [&hellip;]<\/p>\n","protected":false},"author":2,"featured_media":150,"comment_status":"closed","ping_status":"closed","sticky":false,"template":"","format":"standard","meta":{"_et_pb_use_builder":"","_et_pb_old_content":"","_et_gb_content_width":"","footnotes":""},"categories":[20,1],"tags":[],"class_list":["post-149","post","type-post","status-publish","format-standard","has-post-thumbnail","hentry","category-alte-beitraege","category-uncategorized"],"featured_media_urls":{"thumbnail":["https:\/\/www.psv-wuppertal-leichtathletik.de\/wp-content\/uploads\/2022\/09\/IMG-20220916-WA0011.jpg",150,113,false],"medium":["https:\/\/www.psv-wuppertal-leichtathletik.de\/wp-content\/uploads\/2022\/09\/IMG-20220916-WA0011.jpg",300,225,false],"medium_large":["https:\/\/www.psv-wuppertal-leichtathletik.de\/wp-content\/uploads\/2022\/09\/IMG-20220916-WA0011.jpg",640,480,false],"large":["https:\/\/www.psv-wuppertal-leichtathletik.de\/wp-content\/uploads\/2022\/09\/IMG-20220916-WA0011.jpg",640,480,false],"1536x1536":["https:\/\/www.psv-wuppertal-leichtathletik.de\/wp-content\/uploads\/2022\/09\/IMG-20220916-WA0011.jpg",640,480,false],"2048x2048":["https:\/\/www.psv-wuppertal-leichtathletik.de\/wp-content\/uploads\/2022\/09\/IMG-20220916-WA0011.jpg",640,480,false],"et-pb-post-main-image":["https:\/\/www.psv-wuppertal-leichtathletik.de\/wp-content\/uploads\/2022\/09\/IMG-20220916-WA0011.jpg",333,250,false],"et-pb-post-main-image-fullwidth":["https:\/\/www.psv-wuppertal-leichtathletik.de\/wp-content\/uploads\/2022\/09\/IMG-20220916-WA0011.jpg",640,480,false],"et-pb-portfolio-image":["https:\/\/www.psv-wuppertal-leichtathletik.de\/wp-content\/uploads\/2022\/09\/IMG-20220916-WA0011.jpg",379,284,false],"et-pb-portfolio-module-image":["https:\/\/www.psv-wuppertal-leichtathletik.de\/wp-content\/uploads\/2022\/09\/IMG-20220916-WA0011.jpg",510,382,false],"et-pb-portfolio-image-single":["https:\/\/www.psv-wuppertal-leichtathletik.de\/wp-content\/uploads\/2022\/09\/IMG-20220916-WA0011.jpg",640,480,false],"et-pb-gallery-module-image-portrait":["https:\/\/www.psv-wuppertal-leichtathletik.de\/wp-content\/uploads\/2022\/09\/IMG-20220916-WA0011.jpg",400,300,false],"et-pb-post-main-image-fullwidth-large":["https:\/\/www.psv-wuppertal-leichtathletik.de\/wp-content\/uploads\/2022\/09\/IMG-20220916-WA0011.jpg",640,480,false],"et-pb-image--responsive--desktop":["https:\/\/www.psv-wuppertal-leichtathletik.de\/wp-content\/uploads\/2022\/09\/IMG-20220916-WA0011.jpg",640,480,false],"et-pb-image--responsive--tablet":["https:\/\/www.psv-wuppertal-leichtathletik.de\/wp-content\/uploads\/2022\/09\/IMG-20220916-WA0011.jpg",640,480,false],"et-pb-image--responsive--phone":["https:\/\/www.psv-wuppertal-leichtathletik.de\/wp-content\/uploads\/2022\/09\/IMG-20220916-WA0011.jpg",360,270,false],"portfolio_item-thumbnail":["https:\/\/www.psv-wuppertal-leichtathletik.de\/wp-content\/uploads\/2022\/09\/IMG-20220916-WA0011.jpg",533,400,false],"portfolio_item-thumbnail@2x":["https:\/\/www.psv-wuppertal-leichtathletik.de\/wp-content\/uploads\/2022\/09\/IMG-20220916-WA0011.jpg",640,480,false],"portfolio_item-masonry":["https:\/\/www.psv-wuppertal-leichtathletik.de\/wp-content\/uploads\/2022\/09\/IMG-20220916-WA0011.jpg",600,450,false],"portfolio_item-masonry@2x":["https:\/\/www.psv-wuppertal-leichtathletik.de\/wp-content\/uploads\/2022\/09\/IMG-20220916-WA0011.jpg",640,480,false],"portfolio_item-thumbnail_cinema":["https:\/\/www.psv-wuppertal-leichtathletik.de\/wp-content\/uploads\/2022\/09\/IMG-20220916-WA0011.jpg",447,335,false],"portfolio_item-thumbnail_portrait":["https:\/\/www.psv-wuppertal-leichtathletik.de\/wp-content\/uploads\/2022\/09\/IMG-20220916-WA0011.jpg",600,450,false],"portfolio_item-thumbnail_portrait@2x":["https:\/\/www.psv-wuppertal-leichtathletik.de\/wp-content\/uploads\/2022\/09\/IMG-20220916-WA0011.jpg",640,480,false],"portfolio_item-thumbnail_square":["https:\/\/www.psv-wuppertal-leichtathletik.de\/wp-content\/uploads\/2022\/09\/IMG-20220916-WA0011.jpg",640,480,false]},"_links":{"self":[{"href":"https:\/\/www.psv-wuppertal-leichtathletik.de\/index.php?rest_route=\/wp\/v2\/posts\/149","targetHints":{"allow":["GET"]}}],"collection":[{"href":"https:\/\/www.psv-wuppertal-leichtathletik.de\/index.php?rest_route=\/wp\/v2\/posts"}],"about":[{"href":"https:\/\/www.psv-wuppertal-leichtathletik.de\/index.php?rest_route=\/wp\/v2\/types\/post"}],"author":[{"embeddable":true,"href":"https:\/\/www.psv-wuppertal-leichtathletik.de\/index.php?rest_route=\/wp\/v2\/users\/2"}],"replies":[{"embeddable":true,"href":"https:\/\/www.psv-wuppertal-leichtathletik.de\/index.php?rest_route=%2Fwp%2Fv2%2Fcomments&post=149"}],"version-history":[{"count":1,"href":"https:\/\/www.psv-wuppertal-leichtathletik.de\/index.php?rest_route=\/wp\/v2\/posts\/149\/revisions"}],"predecessor-version":[{"id":186,"href":"https:\/\/www.psv-wuppertal-leichtathletik.de\/index.php?rest_route=\/wp\/v2\/posts\/149\/revisions\/186"}],"wp:featuredmedia":[{"embeddable":true,"href":"https:\/\/www.psv-wuppertal-leichtathletik.de\/index.php?rest_route=\/wp\/v2\/media\/150"}],"wp:attachment":[{"href":"https:\/\/www.psv-wuppertal-leichtathletik.de\/index.php?rest_route=%2Fwp%2Fv2%2Fmedia&parent=149"}],"wp:term":[{"taxonomy":"category","embeddable":true,"href":"https:\/\/www.psv-wuppertal-leichtathletik.de\/index.php?rest_route=%2Fwp%2Fv2%2Fcategories&post=149"},{"taxonomy":"post_tag","embeddable":true,"href":"https:\/\/www.psv-wuppertal-leichtathletik.de\/index.php?rest_route=%2Fwp%2Fv2%2Ftags&post=149"}],"curies":[{"name":"wp","href":"https:\/\/api.w.org\/{rel}","templated":true}]}}