{"id":151,"date":"2022-09-15T15:44:00","date_gmt":"2022-09-15T15:44:00","guid":{"rendered":"https:\/\/www.psv-wuppertal-leichtathletik.de\/uncategorized\/u16-des-psv-wuppertal-wird\/"},"modified":"2023-01-08T17:48:16","modified_gmt":"2023-01-08T17:48:16","slug":"u16-des-psv-wuppertal-wird","status":"publish","type":"post","link":"https:\/\/www.psv-wuppertal-leichtathletik.de\/?p=151","title":{"rendered":"U16 des PSV Wuppertal wird Mannschaftsregionsmeister"},"content":{"rendered":"<p>&nbsp;<span style=\"text-align: center;\">&nbsp; &nbsp; &nbsp; &nbsp; &nbsp; &nbsp; &nbsp; &nbsp; &nbsp; &nbsp; &nbsp; &nbsp;<\/span><b style=\"text-align: center;\"><span style=\"font-size: large;\">5000m Titel geht an den PSV Wuppertal<\/span><\/b><\/p>\n<p><b style=\"text-align: center;\"><span style=\"font-size: large;\"><br \/><\/span><\/b><\/p>\n<div><span style=\"background-color: white; font-family: &quot;Lato Light&quot;;\"><span><b>Am 10.09. wurden die Regionsmeisterschaften im Stra\u00dfenlauf \u00fcber 5km,&nbsp; im Rahmen des Welterbelaufs der LT Stoppenberg ausgetragen.&nbsp;&nbsp;<\/b><\/span><\/span><b>Souver\u00e4ner Sieger&nbsp; wurde Lucian Unverzagt in einer tollen Zeit<\/b><b style=\"background-color: white; font-family: &quot;Lato Light&quot;;\">&nbsp;von 18:32 Minuten. Lucian&nbsp; lief weit unter 20 Minuten und schaffte es unter den 129 m\u00e4nnlichen Teilnehmern aller Altersklassen als 4. zu finishen.&nbsp; &nbsp;Tim Fiedrich (19:28 Minuten\/2. der U16, 12. gesamt) und Jarno Voth (19:35\/3. der U16, 13. gesamt) sorgten f\u00fcr ein fantastisches Ergebnis \u00fcber die F\u00fcnf-Kilometer-Distanz. Die Krone setzte dem Ganzen Ivan Solodkyi (UK) mit seinem 1. Platz bei der U14, in hervorragenden 19:17 Minuten ( gesamt 10. von allen L\u00e4ufern)&nbsp; Die Jungen des PSV hinterlie\u00dfen mit ihren tollen Zeiten und Platzierungen ein starkes Ausrufezeichen in der Laufszene. Nebenbei holten sich Lucian, Tim und Jarno den Mannschaftstitel.<\/b><\/div>\n<div>\n<h1 style=\"text-align: left;\"><span style=\"background-color: white; font-family: &quot;Lato Light&quot;;\"><span style=\"font-size: medium;\"><\/p>\n<table cellpadding=\"0\" cellspacing=\"0\" class=\"tr-caption-container\" style=\"margin-left: auto; margin-right: auto; text-align: center;\">\n<tbody>\n<tr>\n<td style=\"text-align: center;\"><a href=\"https:\/\/blogger.googleusercontent.com\/img\/b\/R29vZ2xl\/AVvXsEhB5WIHLMfIpXDLTYuRnaZ71UkGm68MggHwx3NnKFn4JY_96BxVMo1GPCAN6jPAyZg8UBYahzoogGbnpIvbtAYwUNt_3M_MkwNUQvMSSFnhguBEIQFxhKNuMzCQko0SdDGQglcJYvnO0g46C3V98gZ6LDx1sfSNoNzOISnole1t1OdU0mzdBf5O6S2BIA\/s4160\/IMG_20220910_141442.jpg\" style=\"clear: left; margin-bottom: 1em; margin-left: auto; margin-right: auto;\"><b><img fetchpriority=\"high\" fetchpriority=\"high\" decoding=\"async\" border=\"0\" data-original-height=\"3120\" data-original-width=\"4160\" height=\"480\" src=\"http:\/\/www.psv-wuppertal-leichtathletik.de\/wp-content\/uploads\/2022\/09\/IMG_20220910_141442.jpg\" class=\"wp-image-152\" width=\"640\" \/><\/b><\/a><\/td>\n<\/tr>\n<tr>\n<td class=\"tr-caption\" style=\"text-align: center;\"><b>kurz vor dem Rennen v.l. Lucian Unverzagt, Jarno Voth<br \/>Tim Fiedrich und Ivan Solodkyi<\/b><\/td>\n<\/tr>\n<\/tbody>\n<\/table>\n<p><\/span><\/span><\/h1>\n<p><span style=\"background-color: white; font-family: &quot;Lato Light&quot;;\"><span style=\"font-size: medium;\"><\/p>\n<table cellpadding=\"0\" cellspacing=\"0\" class=\"tr-caption-container\" style=\"float: left; margin-right: 1em; text-align: left;\">\n<tbody>\n<tr>\n<td style=\"text-align: center;\"><a href=\"https:\/\/blogger.googleusercontent.com\/img\/b\/R29vZ2xl\/AVvXsEj7O9kt1YuEoWDxJOnuIdBFOyigBsHJDm2sfUIxrgEU81ntCaYsWKhEjzqZ-UMrvR3WUrsujSX6eAoOmpfX3fkpvennjH5-tybpLGI8A11IwNZXFWHbvMLI6bsZkuhTE3bsLvve7NBbANOIWbQN2PZ7fo67ZqYBVbsllaLFiRbIe0sQDyYGjEpMwWfw2g\/s4160\/IMG_20220910_141526.jpg\" style=\"clear: left; margin-bottom: 1em; margin-left: auto; margin-right: auto;\"><img decoding=\"async\" border=\"0\" data-original-height=\"3120\" data-original-width=\"4160\" height=\"243\" src=\"https:\/\/blogger.googleusercontent.com\/img\/b\/R29vZ2xl\/AVvXsEj7O9kt1YuEoWDxJOnuIdBFOyigBsHJDm2sfUIxrgEU81ntCaYsWKhEjzqZ-UMrvR3WUrsujSX6eAoOmpfX3fkpvennjH5-tybpLGI8A11IwNZXFWHbvMLI6bsZkuhTE3bsLvve7NBbANOIWbQN2PZ7fo67ZqYBVbsllaLFiRbIe0sQDyYGjEpMwWfw2g\/w324-h243\/IMG_20220910_141526.jpg\" width=\"324\" \/><\/a><\/td>\n<\/tr>\n<tr>\n<td class=\"tr-caption\" style=\"text-align: center;\"><b>die Drei<\/b><\/td>\n<\/tr>\n<\/tbody>\n<\/table>\n<p><\/span><\/span><\/p>\n<table cellpadding=\"0\" cellspacing=\"0\" class=\"tr-caption-container\" style=\"float: left;\">\n<tbody>\n<tr>\n<td style=\"text-align: center;\"><a href=\"https:\/\/blogger.googleusercontent.com\/img\/b\/R29vZ2xl\/AVvXsEikWsBtEfxD17y5T4Dr4r8fzBrXsdjW0BRgrWN3L8C3aBUOvUbHCl8xVDKke-OtHXGayxbYxEFpKl1k_yLiraTAIqbdQAPTQwktvQIHOtNy_taLW1flZI80ZqvjJ3fWZfj5MWwMeMl2XsV5pQcfryJgyMIEqhja6Ws__GJNhtkwbyYqtzBZ1MpdTk_MSg\/s4160\/IMG_20220910_143502.jpg\" style=\"clear: left; margin-bottom: 1em; margin-left: auto; margin-right: auto;\"><img decoding=\"async\" border=\"0\" data-original-height=\"3120\" data-original-width=\"4160\" height=\"240\" src=\"https:\/\/blogger.googleusercontent.com\/img\/b\/R29vZ2xl\/AVvXsEikWsBtEfxD17y5T4Dr4r8fzBrXsdjW0BRgrWN3L8C3aBUOvUbHCl8xVDKke-OtHXGayxbYxEFpKl1k_yLiraTAIqbdQAPTQwktvQIHOtNy_taLW1flZI80ZqvjJ3fWZfj5MWwMeMl2XsV5pQcfryJgyMIEqhja6Ws__GJNhtkwbyYqtzBZ1MpdTk_MSg\/s320\/IMG_20220910_143502.jpg\" width=\"320\" \/><\/a><\/td>\n<\/tr>\n<tr>\n<td class=\"tr-caption\" style=\"text-align: center;\"><b>mit letzter Kraft auf Platz 3. Jarno<\/b><\/td>\n<\/tr>\n<\/tbody>\n<\/table>\n<table cellpadding=\"0\" cellspacing=\"0\" class=\"tr-caption-container\" style=\"float: left;\">\n<tbody>\n<tr>\n<td style=\"text-align: center;\"><a href=\"https:\/\/blogger.googleusercontent.com\/img\/b\/R29vZ2xl\/AVvXsEjNs7_FRfN8oJhR9uyDz_l1Mt7pwrK8HCM8FJzghPG0-krjhJEffr8oQFjbA-0GN5JqWjFHzXEvqVGz5nb7XM-Ce1yGMkOL2PUJBr0z1YCxPkMyAYNywMft6vn8ekeQBDcZOGJ3ZvyJii7i61ePPHfJ8yIzxKShg0rguDZRiLqOC0YYVWDtFOcTY9nTCQ\/s4160\/IMG_20220910_143454.jpg\" style=\"clear: left; margin-bottom: 1em; margin-left: auto; margin-right: auto;\"><b><img loading=\"lazy\" loading=\"lazy\" decoding=\"async\" border=\"0\" data-original-height=\"3120\" data-original-width=\"4160\" height=\"300\" src=\"https:\/\/blogger.googleusercontent.com\/img\/b\/R29vZ2xl\/AVvXsEjNs7_FRfN8oJhR9uyDz_l1Mt7pwrK8HCM8FJzghPG0-krjhJEffr8oQFjbA-0GN5JqWjFHzXEvqVGz5nb7XM-Ce1yGMkOL2PUJBr0z1YCxPkMyAYNywMft6vn8ekeQBDcZOGJ3ZvyJii7i61ePPHfJ8yIzxKShg0rguDZRiLqOC0YYVWDtFOcTY9nTCQ\/w400-h300\/IMG_20220910_143454.jpg\" width=\"400\" \/><\/b><\/a><\/td>\n<\/tr>\n<tr>\n<td class=\"tr-caption\" style=\"text-align: center;\"><b>2. Platz f\u00fcr Tim<\/b><\/td>\n<\/tr>\n<\/tbody>\n<\/table>\n<table align=\"center\" cellpadding=\"0\" cellspacing=\"0\" class=\"tr-caption-container\" style=\"margin-left: auto; margin-right: auto;\">\n<tbody>\n<tr>\n<td style=\"text-align: center;\"><a href=\"https:\/\/blogger.googleusercontent.com\/img\/b\/R29vZ2xl\/AVvXsEi2XGNbPigTATEJdiarP4F4LmtmKEyuYGAxv-RRc4exMre323EGpxps2jqEfn0PJodjNd8eIrHed8E8kKIhHBZwLjNbmvHNYHqIDh88sJao-wkmMEHKP1oCNEFo3O7xFeKI1zIYKpJh1zohiHA9QS9J8qspk_zJAISXFDqG8E8XQTn7hKTqgx3SWfmjig\/s4160\/IMG_20220910_154049.jpg\" style=\"margin-left: auto; margin-right: auto;\"><img loading=\"lazy\" loading=\"lazy\" decoding=\"async\" border=\"0\" data-original-height=\"4160\" data-original-width=\"3120\" height=\"320\" src=\"https:\/\/blogger.googleusercontent.com\/img\/b\/R29vZ2xl\/AVvXsEi2XGNbPigTATEJdiarP4F4LmtmKEyuYGAxv-RRc4exMre323EGpxps2jqEfn0PJodjNd8eIrHed8E8kKIhHBZwLjNbmvHNYHqIDh88sJao-wkmMEHKP1oCNEFo3O7xFeKI1zIYKpJh1zohiHA9QS9J8qspk_zJAISXFDqG8E8XQTn7hKTqgx3SWfmjig\/s320\/IMG_20220910_154049.jpg\" width=\"240\" \/><\/a><\/td>\n<\/tr>\n<tr>\n<td class=\"tr-caption\" style=\"text-align: center;\"><b>Ivan, Platz 1 der U14<\/b><\/td>\n<\/tr>\n<\/tbody>\n<\/table>\n<table align=\"center\" cellpadding=\"0\" cellspacing=\"0\" class=\"tr-caption-container\" style=\"margin-left: auto; margin-right: auto; text-align: center;\">\n<tbody>\n<tr>\n<td style=\"text-align: center;\"><a href=\"https:\/\/blogger.googleusercontent.com\/img\/b\/R29vZ2xl\/AVvXsEgzaaSqcxbnS9P6-8cjPryMJsBBhkKkvfstNCHjWP1qv9000-XP3JxsSO7FQIHQlm7r7e8WN9gjow0QteumNCzUzUkoi3mQQ-g1poYmfn1aHPCta2QW7wfFvhF07tjkl3o6v_hZuxOBgY4kJVdWzW3yntusMhYpeoK50Wz7uly_waHf6xgcpgZIq6pfRw\/s4160\/IMG_20220910_143443.jpg\" style=\"margin-left: auto; margin-right: auto;\"><img loading=\"lazy\" loading=\"lazy\" decoding=\"async\" border=\"0\" data-original-height=\"3120\" data-original-width=\"4160\" height=\"300\" src=\"https:\/\/blogger.googleusercontent.com\/img\/b\/R29vZ2xl\/AVvXsEgzaaSqcxbnS9P6-8cjPryMJsBBhkKkvfstNCHjWP1qv9000-XP3JxsSO7FQIHQlm7r7e8WN9gjow0QteumNCzUzUkoi3mQQ-g1poYmfn1aHPCta2QW7wfFvhF07tjkl3o6v_hZuxOBgY4kJVdWzW3yntusMhYpeoK50Wz7uly_waHf6xgcpgZIq6pfRw\/w400-h300\/IMG_20220910_143443.jpg\" width=\"400\" \/><\/a><\/td>\n<\/tr>\n<tr>\n<td class=\"tr-caption\" style=\"text-align: center;\"><b>Ivan st\u00fcrmt ins Ziel<\/b><\/td>\n<\/tr>\n<\/tbody>\n<\/table>\n<table align=\"center\" cellpadding=\"0\" cellspacing=\"0\" class=\"tr-caption-container\" style=\"margin-left: auto; margin-right: auto;\">\n<tbody>\n<tr>\n<td style=\"text-align: center;\"><a href=\"https:\/\/blogger.googleusercontent.com\/img\/b\/R29vZ2xl\/AVvXsEhGqSrWSNHaCC8qHNlsoPjTtBsQq3Y9kTpCgSbitBP8P40n-X3Lv0ZKcO0V15zaeidF2oLM5i-eFEPXzmMRQqohlBf2lCaym1O5EeQkAKrI6P3eJaZSCzvhjhgY_k3HPRC3T1XydutSfezjjpJS_TnoAE6Nc9VHdCfDQPIyqWGAjskHKt9xhL7zeAOVwA\/s4160\/IMG_20220910_154254.jpg\" style=\"margin-left: auto; margin-right: auto;\"><b><img loading=\"lazy\" loading=\"lazy\" decoding=\"async\" border=\"0\" data-original-height=\"4160\" data-original-width=\"3120\" height=\"345\" src=\"https:\/\/blogger.googleusercontent.com\/img\/b\/R29vZ2xl\/AVvXsEhGqSrWSNHaCC8qHNlsoPjTtBsQq3Y9kTpCgSbitBP8P40n-X3Lv0ZKcO0V15zaeidF2oLM5i-eFEPXzmMRQqohlBf2lCaym1O5EeQkAKrI6P3eJaZSCzvhjhgY_k3HPRC3T1XydutSfezjjpJS_TnoAE6Nc9VHdCfDQPIyqWGAjskHKt9xhL7zeAOVwA\/w259-h345\/IMG_20220910_154254.jpg\" width=\"259\" \/><\/b><\/a><\/td>\n<\/tr>\n<tr>\n<td class=\"tr-caption\" style=\"text-align: center;\"><b>Ivan und Lucian auf dem Siegerpodest<\/b><\/td>\n<\/tr>\n<\/tbody>\n<\/table>\n<table align=\"center\" cellpadding=\"0\" cellspacing=\"0\" class=\"tr-caption-container\" style=\"margin-left: auto; margin-right: auto;\">\n<tbody>\n<tr>\n<td style=\"text-align: center;\"><a href=\"https:\/\/blogger.googleusercontent.com\/img\/b\/R29vZ2xl\/AVvXsEj29iQQK8apkV7SwhMEmW6JnQfgeljIH1Gd0ymTtm2zwl7d3Wt-6FghKlWXJjKsqfNb2kyBzi6p3DZVK36Y6ywYGdE2bWImDHc1EqHc0whgqqT-H-Ucid3AqEzhRxfSLfCXioA6GpwI2uLiZw2ENhYTIXARZPE5IZGpcbLfdWGSXO-h6zkv_a-Aa_T5yA\/s4160\/IMG_20220910_154217.jpg\" style=\"margin-left: auto; margin-right: auto;\"><img loading=\"lazy\" loading=\"lazy\" decoding=\"async\" border=\"0\" data-original-height=\"4160\" data-original-width=\"3120\" height=\"400\" src=\"https:\/\/blogger.googleusercontent.com\/img\/b\/R29vZ2xl\/AVvXsEj29iQQK8apkV7SwhMEmW6JnQfgeljIH1Gd0ymTtm2zwl7d3Wt-6FghKlWXJjKsqfNb2kyBzi6p3DZVK36Y6ywYGdE2bWImDHc1EqHc0whgqqT-H-Ucid3AqEzhRxfSLfCXioA6GpwI2uLiZw2ENhYTIXARZPE5IZGpcbLfdWGSXO-h6zkv_a-Aa_T5yA\/w300-h400\/IMG_20220910_154217.jpg\" width=\"300\" \/><\/a><\/td>\n<\/tr>\n<tr>\n<td class=\"tr-caption\" style=\"text-align: center;\"><b>Schnelle PSV&#8217;er Jung&#8217;s<\/b><\/td>\n<\/tr>\n<\/tbody>\n<\/table>\n<p><span style=\"background-color: white; font-family: &quot;Lato Light&quot;;\"><span style=\"font-size: medium;\"><\/span><\/p>\n<table cellpadding=\"0\" cellspacing=\"0\" class=\"tr-caption-container\" style=\"float: right;\">\n<tbody>\n<tr>\n<td style=\"text-align: center;\"><a href=\"https:\/\/blogger.googleusercontent.com\/img\/b\/R29vZ2xl\/AVvXsEjB_tKIBOwbOT3SDylfAaWzz0oCGOQhayMFOKvY4cYBoYpLg63Ah9ib1bLIzZbsefQ9Q1HMVEFS6-aaq-lNgCiW813-iwNX0K70iZrobiTw3WQi7hVuvu6jWPgCjmIH7b9gxxGVG6NOo6rzB7QSxDrwym_0PUNVIbPOWk36bxpigqKCmnbvbHw82DZ3PA\/s4160\/IMG_20220910_143400.jpg\" style=\"clear: right; margin-bottom: 1em; margin-left: auto; margin-right: auto;\"><img loading=\"lazy\" loading=\"lazy\" decoding=\"async\" border=\"0\" data-original-height=\"3120\" data-original-width=\"4160\" height=\"480\" src=\"https:\/\/blogger.googleusercontent.com\/img\/b\/R29vZ2xl\/AVvXsEjB_tKIBOwbOT3SDylfAaWzz0oCGOQhayMFOKvY4cYBoYpLg63Ah9ib1bLIzZbsefQ9Q1HMVEFS6-aaq-lNgCiW813-iwNX0K70iZrobiTw3WQi7hVuvu6jWPgCjmIH7b9gxxGVG6NOo6rzB7QSxDrwym_0PUNVIbPOWk36bxpigqKCmnbvbHw82DZ3PA\/w640-h480\/IMG_20220910_143400.jpg\" width=\"640\" \/><\/a><\/td>\n<\/tr>\n<tr>\n<td class=\"tr-caption\" style=\"text-align: center;\"><span style=\"font-weight: bold;\">Regionsmeister 2022 \u00fcber 5 km<br \/><\/span><b>Lucian Unverzagt<\/b><\/p>\n<p><\/p>\n<div style=\"text-align: left;\">\n<p><span style=\"font-weight: 700;\"><br \/><\/span><\/div>\n<p><\/td>\n<\/tr>\n<\/tbody>\n<\/table>\n<p><\/span><\/div>\n","protected":false},"excerpt":{"rendered":"<p>&nbsp;&nbsp; &nbsp; &nbsp; &nbsp; &nbsp; &nbsp; &nbsp; &nbsp; &nbsp; &nbsp; &nbsp; &nbsp;5000m Titel geht an den PSV Wuppertal Am 10.09. wurden die Regionsmeisterschaften im Stra\u00dfenlauf \u00fcber 5km,&nbsp; im Rahmen des Welterbelaufs der LT Stoppenberg ausgetragen.&nbsp;&nbsp;Souver\u00e4ner Sieger&nbsp; wurde Lucian Unverzagt in einer tollen Zeit&nbsp;von 18:32 Minuten. Lucian&nbsp; lief weit unter 20 Minuten und schaffte es unter [&hellip;]<\/p>\n","protected":false},"author":2,"featured_media":152,"comment_status":"closed","ping_status":"closed","sticky":false,"template":"","format":"standard","meta":{"_et_pb_use_builder":"","_et_pb_old_content":"","_et_gb_content_width":"","footnotes":""},"categories":[20,1],"tags":[],"class_list":["post-151","post","type-post","status-publish","format-standard","has-post-thumbnail","hentry","category-alte-beitraege","category-uncategorized"],"featured_media_urls":{"thumbnail":["https:\/\/www.psv-wuppertal-leichtathletik.de\/wp-content\/uploads\/2022\/09\/IMG_20220910_141442.jpg",150,113,false],"medium":["https:\/\/www.psv-wuppertal-leichtathletik.de\/wp-content\/uploads\/2022\/09\/IMG_20220910_141442.jpg",300,225,false],"medium_large":["https:\/\/www.psv-wuppertal-leichtathletik.de\/wp-content\/uploads\/2022\/09\/IMG_20220910_141442.jpg",640,480,false],"large":["https:\/\/www.psv-wuppertal-leichtathletik.de\/wp-content\/uploads\/2022\/09\/IMG_20220910_141442.jpg",640,480,false],"1536x1536":["https:\/\/www.psv-wuppertal-leichtathletik.de\/wp-content\/uploads\/2022\/09\/IMG_20220910_141442.jpg",640,480,false],"2048x2048":["https:\/\/www.psv-wuppertal-leichtathletik.de\/wp-content\/uploads\/2022\/09\/IMG_20220910_141442.jpg",640,480,false],"et-pb-post-main-image":["https:\/\/www.psv-wuppertal-leichtathletik.de\/wp-content\/uploads\/2022\/09\/IMG_20220910_141442.jpg",333,250,false],"et-pb-post-main-image-fullwidth":["https:\/\/www.psv-wuppertal-leichtathletik.de\/wp-content\/uploads\/2022\/09\/IMG_20220910_141442.jpg",640,480,false],"et-pb-portfolio-image":["https:\/\/www.psv-wuppertal-leichtathletik.de\/wp-content\/uploads\/2022\/09\/IMG_20220910_141442.jpg",379,284,false],"et-pb-portfolio-module-image":["https:\/\/www.psv-wuppertal-leichtathletik.de\/wp-content\/uploads\/2022\/09\/IMG_20220910_141442.jpg",510,382,false],"et-pb-portfolio-image-single":["https:\/\/www.psv-wuppertal-leichtathletik.de\/wp-content\/uploads\/2022\/09\/IMG_20220910_141442.jpg",640,480,false],"et-pb-gallery-module-image-portrait":["https:\/\/www.psv-wuppertal-leichtathletik.de\/wp-content\/uploads\/2022\/09\/IMG_20220910_141442.jpg",400,300,false],"et-pb-post-main-image-fullwidth-large":["https:\/\/www.psv-wuppertal-leichtathletik.de\/wp-content\/uploads\/2022\/09\/IMG_20220910_141442.jpg",640,480,false],"et-pb-image--responsive--desktop":["https:\/\/www.psv-wuppertal-leichtathletik.de\/wp-content\/uploads\/2022\/09\/IMG_20220910_141442.jpg",640,480,false],"et-pb-image--responsive--tablet":["https:\/\/www.psv-wuppertal-leichtathletik.de\/wp-content\/uploads\/2022\/09\/IMG_20220910_141442.jpg",640,480,false],"et-pb-image--responsive--phone":["https:\/\/www.psv-wuppertal-leichtathletik.de\/wp-content\/uploads\/2022\/09\/IMG_20220910_141442.jpg",360,270,false],"portfolio_item-thumbnail":["https:\/\/www.psv-wuppertal-leichtathletik.de\/wp-content\/uploads\/2022\/09\/IMG_20220910_141442.jpg",533,400,false],"portfolio_item-thumbnail@2x":["https:\/\/www.psv-wuppertal-leichtathletik.de\/wp-content\/uploads\/2022\/09\/IMG_20220910_141442.jpg",640,480,false],"portfolio_item-masonry":["https:\/\/www.psv-wuppertal-leichtathletik.de\/wp-content\/uploads\/2022\/09\/IMG_20220910_141442.jpg",600,450,false],"portfolio_item-masonry@2x":["https:\/\/www.psv-wuppertal-leichtathletik.de\/wp-content\/uploads\/2022\/09\/IMG_20220910_141442.jpg",640,480,false],"portfolio_item-thumbnail_cinema":["https:\/\/www.psv-wuppertal-leichtathletik.de\/wp-content\/uploads\/2022\/09\/IMG_20220910_141442.jpg",447,335,false],"portfolio_item-thumbnail_portrait":["https:\/\/www.psv-wuppertal-leichtathletik.de\/wp-content\/uploads\/2022\/09\/IMG_20220910_141442.jpg",600,450,false],"portfolio_item-thumbnail_portrait@2x":["https:\/\/www.psv-wuppertal-leichtathletik.de\/wp-content\/uploads\/2022\/09\/IMG_20220910_141442.jpg",640,480,false],"portfolio_item-thumbnail_square":["https:\/\/www.psv-wuppertal-leichtathletik.de\/wp-content\/uploads\/2022\/09\/IMG_20220910_141442.jpg",640,480,false]},"_links":{"self":[{"href":"https:\/\/www.psv-wuppertal-leichtathletik.de\/index.php?rest_route=\/wp\/v2\/posts\/151","targetHints":{"allow":["GET"]}}],"collection":[{"href":"https:\/\/www.psv-wuppertal-leichtathletik.de\/index.php?rest_route=\/wp\/v2\/posts"}],"about":[{"href":"https:\/\/www.psv-wuppertal-leichtathletik.de\/index.php?rest_route=\/wp\/v2\/types\/post"}],"author":[{"embeddable":true,"href":"https:\/\/www.psv-wuppertal-leichtathletik.de\/index.php?rest_route=\/wp\/v2\/users\/2"}],"replies":[{"embeddable":true,"href":"https:\/\/www.psv-wuppertal-leichtathletik.de\/index.php?rest_route=%2Fwp%2Fv2%2Fcomments&post=151"}],"version-history":[{"count":1,"href":"https:\/\/www.psv-wuppertal-leichtathletik.de\/index.php?rest_route=\/wp\/v2\/posts\/151\/revisions"}],"predecessor-version":[{"id":187,"href":"https:\/\/www.psv-wuppertal-leichtathletik.de\/index.php?rest_route=\/wp\/v2\/posts\/151\/revisions\/187"}],"wp:featuredmedia":[{"embeddable":true,"href":"https:\/\/www.psv-wuppertal-leichtathletik.de\/index.php?rest_route=\/wp\/v2\/media\/152"}],"wp:attachment":[{"href":"https:\/\/www.psv-wuppertal-leichtathletik.de\/index.php?rest_route=%2Fwp%2Fv2%2Fmedia&parent=151"}],"wp:term":[{"taxonomy":"category","embeddable":true,"href":"https:\/\/www.psv-wuppertal-leichtathletik.de\/index.php?rest_route=%2Fwp%2Fv2%2Fcategories&post=151"},{"taxonomy":"post_tag","embeddable":true,"href":"https:\/\/www.psv-wuppertal-leichtathletik.de\/index.php?rest_route=%2Fwp%2Fv2%2Ftags&post=151"}],"curies":[{"name":"wp","href":"https:\/\/api.w.org\/{rel}","templated":true}]}}