{"id":168,"date":"2022-06-26T22:19:00","date_gmt":"2022-06-26T22:19:00","guid":{"rendered":"https:\/\/www.psv-wuppertal-leichtathletik.de\/uncategorized\/starker-auftritt-des-psv-in-suchteln\/"},"modified":"2023-01-08T17:49:14","modified_gmt":"2023-01-08T17:49:14","slug":"starker-auftritt-des-psv-in-suchteln","status":"publish","type":"post","link":"https:\/\/www.psv-wuppertal-leichtathletik.de\/?p=168","title":{"rendered":"Starker Auftritt des PSV in S\u00fcchteln"},"content":{"rendered":"<div class=\"separator\" style=\"clear: both; text-align: center;\"><\/div>\n<div class=\"separator\" style=\"clear: both; text-align: center;\"><\/div>\n<p style=\"text-align: center;\"><span style=\"font-size: large;\"><b>Mittelstreckler\/in des\u00a0 PSV\u00a0 setzen\u00a0<\/b><b>Ausrufezeichen\u00a0<\/b><\/span><\/p>\n<p style=\"text-align: center;\"><span style=\"font-size: large;\"><b>beim\u00a0\u00a0<\/b><\/span><b style=\"font-size: x-large;\">ASV S\u00fcchteln<\/b><\/p>\n<p style=\"text-align: left;\"><b><span style=\"font-size: medium;\">\u00a0<\/span><\/b><\/p>\n<p style=\"text-align: left;\"><b>Beim heutigen Wettkampf gingen nochmals 3 PSVer\/in in S\u00fcchteln \u00fcber 800m an den Start. Sophia v. Look wollte im letzten Rennen vor den Sommerferien eine neue Bestzeit erzielen. Mit starkem Kampfeswillen ging sie an den Start und trumpfte bei den \u00e4lteren M\u00e4dels wie gro\u00df auf. Mit einer tollen neuen Bestzeit von 3:00,33 und einem 2. Platz wurde Sophia daf\u00fcr belohnt.<\/b><\/p>\n<p style=\"text-align: left;\"><b>\u00a0In seinem 1. Rennen f\u00fcr den PSV konnte Ivan Goncharenko (UK) mit einer guten Zeit von 2:46,22 Min. \u00fcberzeugen.\u00a0<\/b><\/p>\n<p style=\"text-align: left;\"><b>Zum Abschluss des 1. Halbjahres ging dann Tim Fiedrich auf die 800m Strecke. Mit Platz 1 , in einer guten Zeit von 2.25,32 Min., verbschiedet sich Tim in die Ferien. Er setzte sich im Endspurt gegen seine Gegner durch und best\u00e4tigte seine gute Form.<\/b><\/p>\n<p style=\"text-align: left;\">\n<table class=\"tr-caption-container\" style=\"float: left;\" cellspacing=\"0\" cellpadding=\"0\">\n<tbody>\n<tr>\n<td style=\"text-align: center;\"><a style=\"clear: left; margin-bottom: 1em; margin-left: auto; margin-right: auto; text-align: center;\" href=\"https:\/\/blogger.googleusercontent.com\/img\/b\/R29vZ2xl\/AVvXsEiaMZIg_OgFH-zRnOSSJiEBD-9wXP7uBAHrSbXHSPKVWeK11SPXh_glgaDUdxziOtAD_IZrIeAowElCnhdGsLa2RQnF4imO_NKMrak8A7udlMufPyXj1ku9frCALZ8vnSlXMHBk8oCp-dNddm_gGFPk1T_JIiIKztEKAhcEK3GIhH9AVLNGsiuBhyCJAg\/s1024\/IMG-20220626-WA0001.jpg\"><img fetchpriority=\"high\" fetchpriority=\"high\" decoding=\"async\" class=\"wp-image-169\" src=\"http:\/\/www.psv-wuppertal-leichtathletik.de\/wp-content\/uploads\/2022\/06\/IMG-20220626-WA0001.jpg\" width=\"300\" height=\"400\" border=\"0\" data-original-height=\"1024\" data-original-width=\"768\" \/><\/a><\/td>\n<\/tr>\n<tr>\n<td class=\"tr-caption\" style=\"text-align: center;\"><b>Sophia van Look U 10<\/b><\/td>\n<\/tr>\n<\/tbody>\n<\/table>\n<table class=\"tr-caption-container\" style=\"margin-left: auto; margin-right: auto;\" cellspacing=\"0\" cellpadding=\"0\" align=\"center\">\n<tbody>\n<tr>\n<td style=\"text-align: center;\"><a style=\"margin-left: auto; margin-right: auto; text-align: center;\" href=\"https:\/\/blogger.googleusercontent.com\/img\/b\/R29vZ2xl\/AVvXsEifzgumIrXYwUT7eGhbWoQYM7DAAp_gdeIshiOzkwLuqCWkBaUQv0DAlX6GM-6OwQm3Yh_HSNAEKmLq-yQGWTHoXHDIlK9G8OKUkj9aOJf1qAegWEjgkWu60Poh17zHEA4IqTA1X6qV8jtwpe2t096s57cNQ-rWeYptGEjL6ee_jAg3CTT2DuJRf4xBKQ\/s1024\/IMG-20220626-WA0002.jpg\"><img decoding=\"async\" src=\"https:\/\/blogger.googleusercontent.com\/img\/b\/R29vZ2xl\/AVvXsEifzgumIrXYwUT7eGhbWoQYM7DAAp_gdeIshiOzkwLuqCWkBaUQv0DAlX6GM-6OwQm3Yh_HSNAEKmLq-yQGWTHoXHDIlK9G8OKUkj9aOJf1qAegWEjgkWu60Poh17zHEA4IqTA1X6qV8jtwpe2t096s57cNQ-rWeYptGEjL6ee_jAg3CTT2DuJRf4xBKQ\/w278-h400\/IMG-20220626-WA0002.jpg\" width=\"278\" height=\"400\" border=\"0\" data-original-height=\"1024\" data-original-width=\"710\" \/><\/a><\/td>\n<\/tr>\n<tr>\n<td class=\"tr-caption\" style=\"text-align: center;\"><b><b>Super Zeit ! Toller Platz bei der U12<\/b><\/b><\/td>\n<\/tr>\n<\/tbody>\n<\/table>\n<p style=\"text-align: left;\">\n<table class=\"tr-caption-container\" style=\"margin-left: auto; margin-right: auto;\" cellspacing=\"0\" cellpadding=\"0\" align=\"center\">\n<tbody>\n<tr>\n<td style=\"text-align: center;\"><a style=\"margin-left: auto; margin-right: auto; text-align: center;\" href=\"https:\/\/blogger.googleusercontent.com\/img\/b\/R29vZ2xl\/AVvXsEi158-l_1h7ajjvQE-sMAi61NOZt9sJZgEC7U58hfjnRSCHkj1EbmUm5MUSRUJv0S66YnsF0eLZeBKdzlXQvlXz0jjUmVFF1hQ5Z0HPJnAyHRmCd79Cb3uN2wpbbsY2ViIfjcaJPZBhtt2GGwUDsfnS0x0GO3I_kWNItcDnOB2ZdDjd_Zj5-lSZagpAGw\/s2048\/IMG-20220626-WA0009.jpg\"><img decoding=\"async\" src=\"https:\/\/blogger.googleusercontent.com\/img\/b\/R29vZ2xl\/AVvXsEi158-l_1h7ajjvQE-sMAi61NOZt9sJZgEC7U58hfjnRSCHkj1EbmUm5MUSRUJv0S66YnsF0eLZeBKdzlXQvlXz0jjUmVFF1hQ5Z0HPJnAyHRmCd79Cb3uN2wpbbsY2ViIfjcaJPZBhtt2GGwUDsfnS0x0GO3I_kWNItcDnOB2ZdDjd_Zj5-lSZagpAGw\/w352-h469\/IMG-20220626-WA0009.jpg\" width=\"352\" height=\"469\" border=\"0\" data-original-height=\"2048\" data-original-width=\"1536\" \/><\/a><\/td>\n<\/tr>\n<tr>\n<td class=\"tr-caption\" style=\"text-align: center;\"><b>Tim Fiedrich\u00a0 Platz 1<\/b><\/td>\n<\/tr>\n<\/tbody>\n<\/table>\n<p style=\"text-align: left;\">\n<p style=\"text-align: left;\"><b>\u00a0<\/b><\/p>\n","protected":false},"excerpt":{"rendered":"<p>Mittelstreckler\/in des\u00a0 PSV\u00a0 setzen\u00a0Ausrufezeichen\u00a0 beim\u00a0\u00a0ASV S\u00fcchteln \u00a0 Beim heutigen Wettkampf gingen nochmals 3 PSVer\/in in S\u00fcchteln \u00fcber 800m an den Start. Sophia v. Look wollte im letzten Rennen vor den Sommerferien eine neue Bestzeit erzielen. Mit starkem Kampfeswillen ging sie an den Start und trumpfte bei den \u00e4lteren M\u00e4dels wie gro\u00df auf. Mit einer tollen [&hellip;]<\/p>\n","protected":false},"author":2,"featured_media":169,"comment_status":"closed","ping_status":"closed","sticky":false,"template":"","format":"standard","meta":{"_et_pb_use_builder":"","_et_pb_old_content":"","_et_gb_content_width":"","footnotes":""},"categories":[20,1],"tags":[],"class_list":["post-168","post","type-post","status-publish","format-standard","has-post-thumbnail","hentry","category-alte-beitraege","category-uncategorized"],"featured_media_urls":{"thumbnail":["https:\/\/www.psv-wuppertal-leichtathletik.de\/wp-content\/uploads\/2022\/06\/IMG-20220626-WA0001.jpg",113,150,false],"medium":["https:\/\/www.psv-wuppertal-leichtathletik.de\/wp-content\/uploads\/2022\/06\/IMG-20220626-WA0001.jpg",225,300,false],"medium_large":["https:\/\/www.psv-wuppertal-leichtathletik.de\/wp-content\/uploads\/2022\/06\/IMG-20220626-WA0001.jpg",300,400,false],"large":["https:\/\/www.psv-wuppertal-leichtathletik.de\/wp-content\/uploads\/2022\/06\/IMG-20220626-WA0001.jpg",300,400,false],"1536x1536":["https:\/\/www.psv-wuppertal-leichtathletik.de\/wp-content\/uploads\/2022\/06\/IMG-20220626-WA0001.jpg",300,400,false],"2048x2048":["https:\/\/www.psv-wuppertal-leichtathletik.de\/wp-content\/uploads\/2022\/06\/IMG-20220626-WA0001.jpg",300,400,false],"et-pb-post-main-image":["https:\/\/www.psv-wuppertal-leichtathletik.de\/wp-content\/uploads\/2022\/06\/IMG-20220626-WA0001.jpg",188,250,false],"et-pb-post-main-image-fullwidth":["https:\/\/www.psv-wuppertal-leichtathletik.de\/wp-content\/uploads\/2022\/06\/IMG-20220626-WA0001.jpg",300,400,false],"et-pb-portfolio-image":["https:\/\/www.psv-wuppertal-leichtathletik.de\/wp-content\/uploads\/2022\/06\/IMG-20220626-WA0001.jpg",213,284,false],"et-pb-portfolio-module-image":["https:\/\/www.psv-wuppertal-leichtathletik.de\/wp-content\/uploads\/2022\/06\/IMG-20220626-WA0001.jpg",287,382,false],"et-pb-portfolio-image-single":["https:\/\/www.psv-wuppertal-leichtathletik.de\/wp-content\/uploads\/2022\/06\/IMG-20220626-WA0001.jpg",300,400,false],"et-pb-gallery-module-image-portrait":["https:\/\/www.psv-wuppertal-leichtathletik.de\/wp-content\/uploads\/2022\/06\/IMG-20220626-WA0001.jpg",300,400,false],"et-pb-post-main-image-fullwidth-large":["https:\/\/www.psv-wuppertal-leichtathletik.de\/wp-content\/uploads\/2022\/06\/IMG-20220626-WA0001.jpg",300,400,false],"et-pb-image--responsive--desktop":["https:\/\/www.psv-wuppertal-leichtathletik.de\/wp-content\/uploads\/2022\/06\/IMG-20220626-WA0001.jpg",300,400,false],"et-pb-image--responsive--tablet":["https:\/\/www.psv-wuppertal-leichtathletik.de\/wp-content\/uploads\/2022\/06\/IMG-20220626-WA0001.jpg",300,400,false],"et-pb-image--responsive--phone":["https:\/\/www.psv-wuppertal-leichtathletik.de\/wp-content\/uploads\/2022\/06\/IMG-20220626-WA0001.jpg",203,270,false],"portfolio_item-thumbnail":["https:\/\/www.psv-wuppertal-leichtathletik.de\/wp-content\/uploads\/2022\/06\/IMG-20220626-WA0001.jpg",300,400,false],"portfolio_item-thumbnail@2x":["https:\/\/www.psv-wuppertal-leichtathletik.de\/wp-content\/uploads\/2022\/06\/IMG-20220626-WA0001.jpg",300,400,false],"portfolio_item-masonry":["https:\/\/www.psv-wuppertal-leichtathletik.de\/wp-content\/uploads\/2022\/06\/IMG-20220626-WA0001.jpg",300,400,false],"portfolio_item-masonry@2x":["https:\/\/www.psv-wuppertal-leichtathletik.de\/wp-content\/uploads\/2022\/06\/IMG-20220626-WA0001.jpg",300,400,false],"portfolio_item-thumbnail_cinema":["https:\/\/www.psv-wuppertal-leichtathletik.de\/wp-content\/uploads\/2022\/06\/IMG-20220626-WA0001.jpg",251,335,false],"portfolio_item-thumbnail_portrait":["https:\/\/www.psv-wuppertal-leichtathletik.de\/wp-content\/uploads\/2022\/06\/IMG-20220626-WA0001.jpg",300,400,false],"portfolio_item-thumbnail_portrait@2x":["https:\/\/www.psv-wuppertal-leichtathletik.de\/wp-content\/uploads\/2022\/06\/IMG-20220626-WA0001.jpg",300,400,false],"portfolio_item-thumbnail_square":["https:\/\/www.psv-wuppertal-leichtathletik.de\/wp-content\/uploads\/2022\/06\/IMG-20220626-WA0001.jpg",300,400,false]},"_links":{"self":[{"href":"https:\/\/www.psv-wuppertal-leichtathletik.de\/index.php?rest_route=\/wp\/v2\/posts\/168","targetHints":{"allow":["GET"]}}],"collection":[{"href":"https:\/\/www.psv-wuppertal-leichtathletik.de\/index.php?rest_route=\/wp\/v2\/posts"}],"about":[{"href":"https:\/\/www.psv-wuppertal-leichtathletik.de\/index.php?rest_route=\/wp\/v2\/types\/post"}],"author":[{"embeddable":true,"href":"https:\/\/www.psv-wuppertal-leichtathletik.de\/index.php?rest_route=\/wp\/v2\/users\/2"}],"replies":[{"embeddable":true,"href":"https:\/\/www.psv-wuppertal-leichtathletik.de\/index.php?rest_route=%2Fwp%2Fv2%2Fcomments&post=168"}],"version-history":[{"count":2,"href":"https:\/\/www.psv-wuppertal-leichtathletik.de\/index.php?rest_route=\/wp\/v2\/posts\/168\/revisions"}],"predecessor-version":[{"id":2453,"href":"https:\/\/www.psv-wuppertal-leichtathletik.de\/index.php?rest_route=\/wp\/v2\/posts\/168\/revisions\/2453"}],"wp:featuredmedia":[{"embeddable":true,"href":"https:\/\/www.psv-wuppertal-leichtathletik.de\/index.php?rest_route=\/wp\/v2\/media\/169"}],"wp:attachment":[{"href":"https:\/\/www.psv-wuppertal-leichtathletik.de\/index.php?rest_route=%2Fwp%2Fv2%2Fmedia&parent=168"}],"wp:term":[{"taxonomy":"category","embeddable":true,"href":"https:\/\/www.psv-wuppertal-leichtathletik.de\/index.php?rest_route=%2Fwp%2Fv2%2Fcategories&post=168"},{"taxonomy":"post_tag","embeddable":true,"href":"https:\/\/www.psv-wuppertal-leichtathletik.de\/index.php?rest_route=%2Fwp%2Fv2%2Ftags&post=168"}],"curies":[{"name":"wp","href":"https:\/\/api.w.org\/{rel}","templated":true}]}}