{"id":170,"date":"2022-06-26T17:22:00","date_gmt":"2022-06-26T17:22:00","guid":{"rendered":"https:\/\/www.psv-wuppertal-leichtathletik.de\/uncategorized\/tolle-ergebnisse-bei-den-letzten\/"},"modified":"2023-01-08T17:46:35","modified_gmt":"2023-01-08T17:46:35","slug":"tolle-ergebnisse-bei-den-letzten","status":"publish","type":"post","link":"https:\/\/www.psv-wuppertal-leichtathletik.de\/?p=170","title":{"rendered":"Tolles Ergebnis beim Wettkampf in Troisdorf"},"content":{"rendered":"<p>&nbsp;<\/p>\n<p style=\"text-align: center;\"><b><span style=\"font-size: medium;\">Platz 4 bei der NRW &#8211; Meisterschaft U 16 in Troisdorf<\/span><\/b><\/p>\n<p style=\"text-align: left;\"><span style=\"font-size: medium;\"><b>Bei nicht optimalen Witterungsbedingungen ging Lucian Unverzagt an den Start \u00fcber 800m. Hier traf er auf die schnellsten Jungen seines Jahrgangs aus ganz NRW.&nbsp; Ohne seine Lauffreunde war er doch sehr nerv\u00f6s und hatte auch ein wenig schwere Beine. Das warme Wetter und dr\u00fcckende Schw\u00fcle kamen Lucian auch nicht entgegen. Nach einem etwas verhaltenem Start reihte er sich am Ende des Feldes ein. Etwas eingeklemmt hatte er keine M\u00f6glichkeit sich zu entfalten. Auf seinen starken letzten 150m konnte Lucian diesmal nicht gegen halten und musste die anderen ziehen lassen. Sein gro\u00dfer Kampf wurde aber mit einer starken neuen Bestzeit von 2:15,88 Min. belohnt. Lucian geh\u00f6rt zu den 8 schnellsten Jungen in NRW.&nbsp;<\/b><\/span><\/p>\n<div class=\"separator\" style=\"clear: both; text-align: center;\"><span style=\"font-size: medium;\"><b><\/b><\/span><\/p>\n<table align=\"center\" cellpadding=\"0\" cellspacing=\"0\" class=\"tr-caption-container\" style=\"float: right; margin-left: 1em; text-align: right;\">\n<tbody>\n<tr>\n<td style=\"text-align: center;\"><a href=\"https:\/\/blogger.googleusercontent.com\/img\/b\/R29vZ2xl\/AVvXsEgWXH7h4FrMlHXYqXHBRyQm-B4_vmUSMxxGveEUCDh71HsxEbmaRvf1z6k6begi0QoP3ROsNTXM4Up2Q0ONxtxPJAk8Bpo7gvEu0bVzc7tA65K7CDOlF5X8n74g4M0mmCPYgA-kZsWJ4Hc4BF6EmccsIzB14gC5L-24x03cuaW4dcMc8rqdfwGFV-mJKQ\/s4160\/IMG_20220625_135536.jpg\" style=\"font-size: large; font-weight: 700; margin-left: auto; margin-right: auto; text-align: center;\"><img fetchpriority=\"high\" fetchpriority=\"high\" decoding=\"async\" border=\"0\" data-original-height=\"3120\" data-original-width=\"4160\" height=\"240\" src=\"http:\/\/www.psv-wuppertal-leichtathletik.de\/wp-content\/uploads\/2022\/06\/IMG_20220625_135536.jpg\" class=\"wp-image-171\" width=\"320\" \/><\/a><\/td>\n<\/tr>\n<tr>\n<td class=\"tr-caption\" style=\"text-align: center;\"><b>jetzt k\u00f6nnte es aber endlich losgehen !<\/b><\/td>\n<\/tr>\n<\/tbody>\n<\/table>\n<\/div>\n<div><\/div>\n<table align=\"center\" cellpadding=\"0\" cellspacing=\"0\" class=\"tr-caption-container\" style=\"margin-left: auto; margin-right: auto;\">\n<tbody>\n<tr>\n<td style=\"text-align: center;\"><a href=\"https:\/\/blogger.googleusercontent.com\/img\/b\/R29vZ2xl\/AVvXsEhACJPXsmgOy_RR38BeM4SMsz0bkj81zgdeGl6--Ivv0mrhH7kJc_l_L8NqqWKMOsrp_rNn06xCLnLHgg5d_JIDUiF1eqzJbXpNfD_jsnm83JCg9pBlJPnTuLicxv8N6M1m1Y14lj1ZMPXV-_o2OJ7TB7BkV2InIhy-Y3Wdq9YXUuoklUq_aosT4JTvFA\/s4160\/IMG_20220625_135526.jpg\" style=\"font-size: large; font-weight: 700; margin-left: auto; margin-right: auto; text-align: center;\"><img decoding=\"async\" border=\"0\" data-original-height=\"3120\" data-original-width=\"4160\" height=\"240\" src=\"https:\/\/blogger.googleusercontent.com\/img\/b\/R29vZ2xl\/AVvXsEhACJPXsmgOy_RR38BeM4SMsz0bkj81zgdeGl6--Ivv0mrhH7kJc_l_L8NqqWKMOsrp_rNn06xCLnLHgg5d_JIDUiF1eqzJbXpNfD_jsnm83JCg9pBlJPnTuLicxv8N6M1m1Y14lj1ZMPXV-_o2OJ7TB7BkV2InIhy-Y3Wdq9YXUuoklUq_aosT4JTvFA\/w320-h240\/IMG_20220625_135526.jpg\" width=\"320\" \/><\/a><\/td>\n<\/tr>\n<tr>\n<td class=\"tr-caption\" style=\"text-align: center;\"><b>letzter Austausch vor dem Start<\/b><\/td>\n<\/tr>\n<\/tbody>\n<\/table>\n<div><span style=\"font-size: large;\"><\/p>\n<div class=\"separator\" style=\"clear: both; font-weight: bold; text-align: center;\"><\/div>\n<table align=\"center\" cellpadding=\"0\" cellspacing=\"0\" class=\"tr-caption-container\" style=\"margin-left: auto; margin-right: auto; text-align: center;\">\n<tbody>\n<tr>\n<td style=\"text-align: center;\"><a href=\"https:\/\/blogger.googleusercontent.com\/img\/b\/R29vZ2xl\/AVvXsEhpW1gkloD4vV9twyDKPQ9FWIAJiVd1udiTevxsGANy0mTQRCR_VT0C7wP7tj18goTtGGIg_ZidBqon8jUH1iChFhCS6PekPqmP9RoIgWfeieokH66daCIN9ubaR8Kj482tBxDsut2bj3S-PF4bbN090Cl6t1Scipms8G-w9YGE7Tdt9Ecnt2wV0WDbzA\/s4160\/IMG_20220625_145508.jpg\" style=\"margin-left: auto; margin-right: auto;\"><img decoding=\"async\" border=\"0\" data-original-height=\"4160\" data-original-width=\"3120\" height=\"400\" src=\"https:\/\/blogger.googleusercontent.com\/img\/b\/R29vZ2xl\/AVvXsEhpW1gkloD4vV9twyDKPQ9FWIAJiVd1udiTevxsGANy0mTQRCR_VT0C7wP7tj18goTtGGIg_ZidBqon8jUH1iChFhCS6PekPqmP9RoIgWfeieokH66daCIN9ubaR8Kj482tBxDsut2bj3S-PF4bbN090Cl6t1Scipms8G-w9YGE7Tdt9Ecnt2wV0WDbzA\/w300-h400\/IMG_20220625_145508.jpg\" width=\"300\" \/><\/a><\/td>\n<\/tr>\n<tr>\n<td class=\"tr-caption\" style=\"text-align: center;\"><b>Jetzt bin ich wieder locker !<\/b><\/td>\n<\/tr>\n<\/tbody>\n<\/table>\n<div class=\"separator\" style=\"clear: both; font-weight: bold; text-align: center;\"><\/div>\n<p><\/span><\/p>\n<table align=\"center\" cellpadding=\"0\" cellspacing=\"0\" class=\"tr-caption-container\" style=\"float: right; margin-left: 1em; text-align: right;\">\n<tbody>\n<tr>\n<td style=\"text-align: center;\"><a href=\"https:\/\/blogger.googleusercontent.com\/img\/b\/R29vZ2xl\/AVvXsEhOamd7P8ByQrMpj2vvEn9mT_FXAgITaADbCMiS5vS2pJUuac-zC-66umd19L7KB3YICGoSn9F720jRQVl-j3Di-MnQhNLMEGgmHVt-W9Sn_sGcy84aFHW5-3A8hXLPntwX8Caq6wUkyNphlLGZtlfIAtZJk0k6je5RWAlynGonYfkFNe34qQe1_83fkA\/s4160\/IMG_20220625_145554.jpg\" style=\"font-size: large; font-weight: 700; margin-left: auto; margin-right: auto; text-align: center;\"><img loading=\"lazy\" loading=\"lazy\" decoding=\"async\" border=\"0\" data-original-height=\"4160\" data-original-width=\"3120\" height=\"320\" src=\"https:\/\/blogger.googleusercontent.com\/img\/b\/R29vZ2xl\/AVvXsEhOamd7P8ByQrMpj2vvEn9mT_FXAgITaADbCMiS5vS2pJUuac-zC-66umd19L7KB3YICGoSn9F720jRQVl-j3Di-MnQhNLMEGgmHVt-W9Sn_sGcy84aFHW5-3A8hXLPntwX8Caq6wUkyNphlLGZtlfIAtZJk0k6je5RWAlynGonYfkFNe34qQe1_83fkA\/s320\/IMG_20220625_145554.jpg\" width=\"240\" \/><\/a><\/td>\n<\/tr>\n<tr>\n<td class=\"tr-caption\" style=\"text-align: center;\"><b>knapp vorbei<br \/><\/b><\/td>\n<\/tr>\n<\/tbody>\n<\/table>\n<table align=\"center\" cellpadding=\"0\" cellspacing=\"0\" class=\"tr-caption-container\" style=\"margin-left: auto; margin-right: auto;\">\n<tbody>\n<tr>\n<td style=\"text-align: center;\"><a href=\"https:\/\/blogger.googleusercontent.com\/img\/b\/R29vZ2xl\/AVvXsEhauPH13qg8rzw8prcYixGW3Jaa9PswnETCU3K9l9uMiD12ZaDE6R4_UaSO4JZeWbForUzKK11j6zCDddJyVZwLHIiTFBb4LbX07NDM75dnMSQvSzJAojao5THMpQFiDZ0o9Yn0USrMF5mZKSwt7oZ_s4KImQsYAkJYhkIjm46ZMXWZ29EaJkdkd-KkYg\/s4160\/IMG_20220625_145600.jpg\" style=\"font-size: large; font-weight: 700; margin-left: auto; margin-right: auto; text-align: center;\"><img loading=\"lazy\" loading=\"lazy\" decoding=\"async\" border=\"0\" data-original-height=\"3120\" data-original-width=\"4160\" height=\"240\" src=\"https:\/\/blogger.googleusercontent.com\/img\/b\/R29vZ2xl\/AVvXsEhauPH13qg8rzw8prcYixGW3Jaa9PswnETCU3K9l9uMiD12ZaDE6R4_UaSO4JZeWbForUzKK11j6zCDddJyVZwLHIiTFBb4LbX07NDM75dnMSQvSzJAojao5THMpQFiDZ0o9Yn0USrMF5mZKSwt7oZ_s4KImQsYAkJYhkIjm46ZMXWZ29EaJkdkd-KkYg\/s320\/IMG_20220625_145600.jpg\" width=\"320\" \/><\/a><\/td>\n<\/tr>\n<tr>\n<td class=\"tr-caption\" style=\"text-align: center;\"><b>Platz 4 mit neuer pers. Bestzeit<br \/>2:15;88 Min.<\/b><\/td>\n<\/tr>\n<\/tbody>\n<\/table>\n<\/div>\n","protected":false},"excerpt":{"rendered":"<p>&nbsp; Platz 4 bei der NRW &#8211; Meisterschaft U 16 in Troisdorf Bei nicht optimalen Witterungsbedingungen ging Lucian Unverzagt an den Start \u00fcber 800m. Hier traf er auf die schnellsten Jungen seines Jahrgangs aus ganz NRW.&nbsp; Ohne seine Lauffreunde war er doch sehr nerv\u00f6s und hatte auch ein wenig schwere Beine. Das warme Wetter und [&hellip;]<\/p>\n","protected":false},"author":2,"featured_media":171,"comment_status":"closed","ping_status":"closed","sticky":false,"template":"","format":"standard","meta":{"_et_pb_use_builder":"","_et_pb_old_content":"","_et_gb_content_width":"","footnotes":""},"categories":[20,1],"tags":[],"class_list":["post-170","post","type-post","status-publish","format-standard","has-post-thumbnail","hentry","category-alte-beitraege","category-uncategorized"],"featured_media_urls":{"thumbnail":["https:\/\/www.psv-wuppertal-leichtathletik.de\/wp-content\/uploads\/2022\/06\/IMG_20220625_135536.jpg",150,113,false],"medium":["https:\/\/www.psv-wuppertal-leichtathletik.de\/wp-content\/uploads\/2022\/06\/IMG_20220625_135536.jpg",300,225,false],"medium_large":["https:\/\/www.psv-wuppertal-leichtathletik.de\/wp-content\/uploads\/2022\/06\/IMG_20220625_135536.jpg",320,240,false],"large":["https:\/\/www.psv-wuppertal-leichtathletik.de\/wp-content\/uploads\/2022\/06\/IMG_20220625_135536.jpg",320,240,false],"1536x1536":["https:\/\/www.psv-wuppertal-leichtathletik.de\/wp-content\/uploads\/2022\/06\/IMG_20220625_135536.jpg",320,240,false],"2048x2048":["https:\/\/www.psv-wuppertal-leichtathletik.de\/wp-content\/uploads\/2022\/06\/IMG_20220625_135536.jpg",320,240,false],"et-pb-post-main-image":["https:\/\/www.psv-wuppertal-leichtathletik.de\/wp-content\/uploads\/2022\/06\/IMG_20220625_135536.jpg",320,240,false],"et-pb-post-main-image-fullwidth":["https:\/\/www.psv-wuppertal-leichtathletik.de\/wp-content\/uploads\/2022\/06\/IMG_20220625_135536.jpg",320,240,false],"et-pb-portfolio-image":["https:\/\/www.psv-wuppertal-leichtathletik.de\/wp-content\/uploads\/2022\/06\/IMG_20220625_135536.jpg",320,240,false],"et-pb-portfolio-module-image":["https:\/\/www.psv-wuppertal-leichtathletik.de\/wp-content\/uploads\/2022\/06\/IMG_20220625_135536.jpg",320,240,false],"et-pb-portfolio-image-single":["https:\/\/www.psv-wuppertal-leichtathletik.de\/wp-content\/uploads\/2022\/06\/IMG_20220625_135536.jpg",320,240,false],"et-pb-gallery-module-image-portrait":["https:\/\/www.psv-wuppertal-leichtathletik.de\/wp-content\/uploads\/2022\/06\/IMG_20220625_135536.jpg",320,240,false],"et-pb-post-main-image-fullwidth-large":["https:\/\/www.psv-wuppertal-leichtathletik.de\/wp-content\/uploads\/2022\/06\/IMG_20220625_135536.jpg",320,240,false],"et-pb-image--responsive--desktop":["https:\/\/www.psv-wuppertal-leichtathletik.de\/wp-content\/uploads\/2022\/06\/IMG_20220625_135536.jpg",320,240,false],"et-pb-image--responsive--tablet":["https:\/\/www.psv-wuppertal-leichtathletik.de\/wp-content\/uploads\/2022\/06\/IMG_20220625_135536.jpg",320,240,false],"et-pb-image--responsive--phone":["https:\/\/www.psv-wuppertal-leichtathletik.de\/wp-content\/uploads\/2022\/06\/IMG_20220625_135536.jpg",320,240,false],"portfolio_item-thumbnail":["https:\/\/www.psv-wuppertal-leichtathletik.de\/wp-content\/uploads\/2022\/06\/IMG_20220625_135536.jpg",320,240,false],"portfolio_item-thumbnail@2x":["https:\/\/www.psv-wuppertal-leichtathletik.de\/wp-content\/uploads\/2022\/06\/IMG_20220625_135536.jpg",320,240,false],"portfolio_item-masonry":["https:\/\/www.psv-wuppertal-leichtathletik.de\/wp-content\/uploads\/2022\/06\/IMG_20220625_135536.jpg",320,240,false],"portfolio_item-masonry@2x":["https:\/\/www.psv-wuppertal-leichtathletik.de\/wp-content\/uploads\/2022\/06\/IMG_20220625_135536.jpg",320,240,false],"portfolio_item-thumbnail_cinema":["https:\/\/www.psv-wuppertal-leichtathletik.de\/wp-content\/uploads\/2022\/06\/IMG_20220625_135536.jpg",320,240,false],"portfolio_item-thumbnail_portrait":["https:\/\/www.psv-wuppertal-leichtathletik.de\/wp-content\/uploads\/2022\/06\/IMG_20220625_135536.jpg",320,240,false],"portfolio_item-thumbnail_portrait@2x":["https:\/\/www.psv-wuppertal-leichtathletik.de\/wp-content\/uploads\/2022\/06\/IMG_20220625_135536.jpg",320,240,false],"portfolio_item-thumbnail_square":["https:\/\/www.psv-wuppertal-leichtathletik.de\/wp-content\/uploads\/2022\/06\/IMG_20220625_135536.jpg",320,240,false]},"_links":{"self":[{"href":"https:\/\/www.psv-wuppertal-leichtathletik.de\/index.php?rest_route=\/wp\/v2\/posts\/170","targetHints":{"allow":["GET"]}}],"collection":[{"href":"https:\/\/www.psv-wuppertal-leichtathletik.de\/index.php?rest_route=\/wp\/v2\/posts"}],"about":[{"href":"https:\/\/www.psv-wuppertal-leichtathletik.de\/index.php?rest_route=\/wp\/v2\/types\/post"}],"author":[{"embeddable":true,"href":"https:\/\/www.psv-wuppertal-leichtathletik.de\/index.php?rest_route=\/wp\/v2\/users\/2"}],"replies":[{"embeddable":true,"href":"https:\/\/www.psv-wuppertal-leichtathletik.de\/index.php?rest_route=%2Fwp%2Fv2%2Fcomments&post=170"}],"version-history":[{"count":1,"href":"https:\/\/www.psv-wuppertal-leichtathletik.de\/index.php?rest_route=\/wp\/v2\/posts\/170\/revisions"}],"predecessor-version":[{"id":766,"href":"https:\/\/www.psv-wuppertal-leichtathletik.de\/index.php?rest_route=\/wp\/v2\/posts\/170\/revisions\/766"}],"wp:featuredmedia":[{"embeddable":true,"href":"https:\/\/www.psv-wuppertal-leichtathletik.de\/index.php?rest_route=\/wp\/v2\/media\/171"}],"wp:attachment":[{"href":"https:\/\/www.psv-wuppertal-leichtathletik.de\/index.php?rest_route=%2Fwp%2Fv2%2Fmedia&parent=170"}],"wp:term":[{"taxonomy":"category","embeddable":true,"href":"https:\/\/www.psv-wuppertal-leichtathletik.de\/index.php?rest_route=%2Fwp%2Fv2%2Fcategories&post=170"},{"taxonomy":"post_tag","embeddable":true,"href":"https:\/\/www.psv-wuppertal-leichtathletik.de\/index.php?rest_route=%2Fwp%2Fv2%2Ftags&post=170"}],"curies":[{"name":"wp","href":"https:\/\/api.w.org\/{rel}","templated":true}]}}