{"id":172,"date":"2022-06-23T12:38:00","date_gmt":"2022-06-23T12:38:00","guid":{"rendered":"https:\/\/www.psv-wuppertal-leichtathletik.de\/uncategorized\/schwebebahnlauf-juni-2022\/"},"modified":"2023-01-08T17:46:43","modified_gmt":"2023-01-08T17:46:43","slug":"schwebebahnlauf-juni-2022","status":"publish","type":"post","link":"https:\/\/www.psv-wuppertal-leichtathletik.de\/?p=172","title":{"rendered":"Schwebebahnlauf Juni 2022"},"content":{"rendered":"<p style=\"text-align: center;\"><span style=\"font-size: large;\"><br \/><\/span><\/p>\n<p style=\"text-align: center;\"><span style=\"font-size: large;\">&nbsp;<b>PSV M\u00e4dels und Jungen auf dem Podest<\/b><\/span><\/p>\n<p style=\"text-align: center;\"><span style=\"font-size: large;\"><br \/><\/span><\/p>\n<p style=\"text-align: left;\"><b>Ein kleines Aufgebot der Gr\u00fcnen ging auf die 1000m Strecke beim diesj\u00e4hrigen Schwebebahnlauf.<\/b><\/p>\n<p style=\"text-align: left;\"><b>Mann startete f\u00fcr das Team 110 der Polizei. Alle Kinder zeigten sich von einer sehr starken Seite und erzielten tolle Zeiten und super Pl\u00e4tze.<\/b><\/p>\n<table align=\"center\" cellpadding=\"0\" cellspacing=\"0\" class=\"tr-caption-container\" style=\"margin-left: auto; margin-right: auto;\">\n<tbody>\n<tr>\n<td style=\"text-align: center;\"><a href=\"https:\/\/blogger.googleusercontent.com\/img\/b\/R29vZ2xl\/AVvXsEgm7UksnJF-Mh24VsSaf706IBeHYYLxTS9Az0oshT68AfHv3-Hb6WQ_ug_V8VW-rrYjyq0FcgTstxZntLvS6XL_56kAFfoW-883ueckMAKTREA2ru18KOSi9MJ63VOnjubKZV2BGvB7RJz2Tet8JVsHJCNFwxw3-l-hzpqq7WsaGaVnc8FV-M0mwvEZ2w\/s1600\/IMG-20220619-WA0014.jpg\" style=\"margin-left: auto; margin-right: auto;\"><img fetchpriority=\"high\" fetchpriority=\"high\" decoding=\"async\" border=\"0\" data-original-height=\"1200\" data-original-width=\"1600\" height=\"480\" src=\"http:\/\/www.psv-wuppertal-leichtathletik.de\/wp-content\/uploads\/2022\/06\/IMG-20220619-WA0014.jpg\" class=\"wp-image-173\" width=\"640\" \/><\/a><\/td>\n<\/tr>\n<tr>\n<td class=\"tr-caption\" style=\"text-align: center;\"><b>Marie Jansen, Pia Meier<span>&nbsp;, Neele Leven, Sofie Eckhoff u. Jona Schwedler<\/span><\/b><\/td>\n<\/tr>\n<\/tbody>\n<\/table>\n<p><\/p>\n<table align=\"center\" cellpadding=\"0\" cellspacing=\"0\" class=\"tr-caption-container\" style=\"margin-left: auto; margin-right: auto;\">\n<tbody>\n<tr>\n<td style=\"text-align: center;\"><a href=\"https:\/\/blogger.googleusercontent.com\/img\/b\/R29vZ2xl\/AVvXsEjGdJn2ADt25Rf_QTdLyviu91EuMRLgSkYZU49L_l_kROcgoPrv9DQXEXKU1jHL20VIhRhmSOLU5jR-XBeYq8fDaPCrC_dn_lFoAr2a4jmSSepab8ATx8Ita4wTeV5d7aY2tUZXkdv0FW5W_b4tZn5Nf2ChIRKjVQPqLr0co3Kjsj3AANHg7fpfhWVmjg\/s1600\/IMG-20220619-WA0013.jpg\" style=\"margin-left: auto; margin-right: auto;\"><img decoding=\"async\" border=\"0\" data-original-height=\"1600\" data-original-width=\"1200\" height=\"640\" src=\"https:\/\/blogger.googleusercontent.com\/img\/b\/R29vZ2xl\/AVvXsEjGdJn2ADt25Rf_QTdLyviu91EuMRLgSkYZU49L_l_kROcgoPrv9DQXEXKU1jHL20VIhRhmSOLU5jR-XBeYq8fDaPCrC_dn_lFoAr2a4jmSSepab8ATx8Ita4wTeV5d7aY2tUZXkdv0FW5W_b4tZn5Nf2ChIRKjVQPqLr0co3Kjsj3AANHg7fpfhWVmjg\/w480-h640\/IMG-20220619-WA0013.jpg\" width=\"480\" \/><\/a><\/td>\n<\/tr>\n<tr>\n<td class=\"tr-caption\" style=\"text-align: center;\"><b>Jona Schwedler, Pia Meier u. Neele Leven<br \/>holten in ihrer Altersklasse jeweils Platz 1<\/b><\/td>\n<\/tr>\n<\/tbody>\n<\/table>\n<p><\/p>\n<p style=\"text-align: left;\"><\/p>\n","protected":false},"excerpt":{"rendered":"<p>&nbsp;PSV M\u00e4dels und Jungen auf dem Podest Ein kleines Aufgebot der Gr\u00fcnen ging auf die 1000m Strecke beim diesj\u00e4hrigen Schwebebahnlauf. Mann startete f\u00fcr das Team 110 der Polizei. Alle Kinder zeigten sich von einer sehr starken Seite und erzielten tolle Zeiten und super Pl\u00e4tze. Marie Jansen, Pia Meier&nbsp;, Neele Leven, Sofie Eckhoff u. Jona Schwedler [&hellip;]<\/p>\n","protected":false},"author":2,"featured_media":173,"comment_status":"closed","ping_status":"closed","sticky":false,"template":"","format":"standard","meta":{"_et_pb_use_builder":"","_et_pb_old_content":"","_et_gb_content_width":"","footnotes":""},"categories":[20,1],"tags":[],"class_list":["post-172","post","type-post","status-publish","format-standard","has-post-thumbnail","hentry","category-alte-beitraege","category-uncategorized"],"featured_media_urls":{"thumbnail":["https:\/\/www.psv-wuppertal-leichtathletik.de\/wp-content\/uploads\/2022\/06\/IMG-20220619-WA0014.jpg",150,113,false],"medium":["https:\/\/www.psv-wuppertal-leichtathletik.de\/wp-content\/uploads\/2022\/06\/IMG-20220619-WA0014.jpg",300,225,false],"medium_large":["https:\/\/www.psv-wuppertal-leichtathletik.de\/wp-content\/uploads\/2022\/06\/IMG-20220619-WA0014.jpg",640,480,false],"large":["https:\/\/www.psv-wuppertal-leichtathletik.de\/wp-content\/uploads\/2022\/06\/IMG-20220619-WA0014.jpg",640,480,false],"1536x1536":["https:\/\/www.psv-wuppertal-leichtathletik.de\/wp-content\/uploads\/2022\/06\/IMG-20220619-WA0014.jpg",640,480,false],"2048x2048":["https:\/\/www.psv-wuppertal-leichtathletik.de\/wp-content\/uploads\/2022\/06\/IMG-20220619-WA0014.jpg",640,480,false],"et-pb-post-main-image":["https:\/\/www.psv-wuppertal-leichtathletik.de\/wp-content\/uploads\/2022\/06\/IMG-20220619-WA0014.jpg",333,250,false],"et-pb-post-main-image-fullwidth":["https:\/\/www.psv-wuppertal-leichtathletik.de\/wp-content\/uploads\/2022\/06\/IMG-20220619-WA0014.jpg",640,480,false],"et-pb-portfolio-image":["https:\/\/www.psv-wuppertal-leichtathletik.de\/wp-content\/uploads\/2022\/06\/IMG-20220619-WA0014.jpg",379,284,false],"et-pb-portfolio-module-image":["https:\/\/www.psv-wuppertal-leichtathletik.de\/wp-content\/uploads\/2022\/06\/IMG-20220619-WA0014.jpg",510,382,false],"et-pb-portfolio-image-single":["https:\/\/www.psv-wuppertal-leichtathletik.de\/wp-content\/uploads\/2022\/06\/IMG-20220619-WA0014.jpg",640,480,false],"et-pb-gallery-module-image-portrait":["https:\/\/www.psv-wuppertal-leichtathletik.de\/wp-content\/uploads\/2022\/06\/IMG-20220619-WA0014.jpg",400,300,false],"et-pb-post-main-image-fullwidth-large":["https:\/\/www.psv-wuppertal-leichtathletik.de\/wp-content\/uploads\/2022\/06\/IMG-20220619-WA0014.jpg",640,480,false],"et-pb-image--responsive--desktop":["https:\/\/www.psv-wuppertal-leichtathletik.de\/wp-content\/uploads\/2022\/06\/IMG-20220619-WA0014.jpg",640,480,false],"et-pb-image--responsive--tablet":["https:\/\/www.psv-wuppertal-leichtathletik.de\/wp-content\/uploads\/2022\/06\/IMG-20220619-WA0014.jpg",640,480,false],"et-pb-image--responsive--phone":["https:\/\/www.psv-wuppertal-leichtathletik.de\/wp-content\/uploads\/2022\/06\/IMG-20220619-WA0014.jpg",360,270,false],"portfolio_item-thumbnail":["https:\/\/www.psv-wuppertal-leichtathletik.de\/wp-content\/uploads\/2022\/06\/IMG-20220619-WA0014.jpg",533,400,false],"portfolio_item-thumbnail@2x":["https:\/\/www.psv-wuppertal-leichtathletik.de\/wp-content\/uploads\/2022\/06\/IMG-20220619-WA0014.jpg",640,480,false],"portfolio_item-masonry":["https:\/\/www.psv-wuppertal-leichtathletik.de\/wp-content\/uploads\/2022\/06\/IMG-20220619-WA0014.jpg",600,450,false],"portfolio_item-masonry@2x":["https:\/\/www.psv-wuppertal-leichtathletik.de\/wp-content\/uploads\/2022\/06\/IMG-20220619-WA0014.jpg",640,480,false],"portfolio_item-thumbnail_cinema":["https:\/\/www.psv-wuppertal-leichtathletik.de\/wp-content\/uploads\/2022\/06\/IMG-20220619-WA0014.jpg",447,335,false],"portfolio_item-thumbnail_portrait":["https:\/\/www.psv-wuppertal-leichtathletik.de\/wp-content\/uploads\/2022\/06\/IMG-20220619-WA0014.jpg",600,450,false],"portfolio_item-thumbnail_portrait@2x":["https:\/\/www.psv-wuppertal-leichtathletik.de\/wp-content\/uploads\/2022\/06\/IMG-20220619-WA0014.jpg",640,480,false],"portfolio_item-thumbnail_square":["https:\/\/www.psv-wuppertal-leichtathletik.de\/wp-content\/uploads\/2022\/06\/IMG-20220619-WA0014.jpg",640,480,false]},"_links":{"self":[{"href":"https:\/\/www.psv-wuppertal-leichtathletik.de\/index.php?rest_route=\/wp\/v2\/posts\/172","targetHints":{"allow":["GET"]}}],"collection":[{"href":"https:\/\/www.psv-wuppertal-leichtathletik.de\/index.php?rest_route=\/wp\/v2\/posts"}],"about":[{"href":"https:\/\/www.psv-wuppertal-leichtathletik.de\/index.php?rest_route=\/wp\/v2\/types\/post"}],"author":[{"embeddable":true,"href":"https:\/\/www.psv-wuppertal-leichtathletik.de\/index.php?rest_route=\/wp\/v2\/users\/2"}],"replies":[{"embeddable":true,"href":"https:\/\/www.psv-wuppertal-leichtathletik.de\/index.php?rest_route=%2Fwp%2Fv2%2Fcomments&post=172"}],"version-history":[{"count":1,"href":"https:\/\/www.psv-wuppertal-leichtathletik.de\/index.php?rest_route=\/wp\/v2\/posts\/172\/revisions"}],"predecessor-version":[{"id":767,"href":"https:\/\/www.psv-wuppertal-leichtathletik.de\/index.php?rest_route=\/wp\/v2\/posts\/172\/revisions\/767"}],"wp:featuredmedia":[{"embeddable":true,"href":"https:\/\/www.psv-wuppertal-leichtathletik.de\/index.php?rest_route=\/wp\/v2\/media\/173"}],"wp:attachment":[{"href":"https:\/\/www.psv-wuppertal-leichtathletik.de\/index.php?rest_route=%2Fwp%2Fv2%2Fmedia&parent=172"}],"wp:term":[{"taxonomy":"category","embeddable":true,"href":"https:\/\/www.psv-wuppertal-leichtathletik.de\/index.php?rest_route=%2Fwp%2Fv2%2Fcategories&post=172"},{"taxonomy":"post_tag","embeddable":true,"href":"https:\/\/www.psv-wuppertal-leichtathletik.de\/index.php?rest_route=%2Fwp%2Fv2%2Ftags&post=172"}],"curies":[{"name":"wp","href":"https:\/\/api.w.org\/{rel}","templated":true}]}}