{"id":174,"date":"2022-06-14T08:27:00","date_gmt":"2022-06-14T08:27:00","guid":{"rendered":"https:\/\/www.psv-wuppertal-leichtathletik.de\/uncategorized\/kinderleichtathletikwettkampf-fur-die-u\/"},"modified":"2023-01-08T17:45:51","modified_gmt":"2023-01-08T17:45:51","slug":"kinderleichtathletikwettkampf-fur-die-u","status":"publish","type":"post","link":"https:\/\/www.psv-wuppertal-leichtathletik.de\/?p=174","title":{"rendered":"Kila Wettkampf auf der Herbert-Schade-Sportanlage des Solinger LC"},"content":{"rendered":"<div class=\"separator\" style=\"clear: both; text-align: center;\"><b><span style=\"font-size: medium;\">Kids des PSV Wuppertal mit tollen Platzierungen&nbsp;<\/span><\/b><\/div>\n<div class=\"separator\" style=\"clear: both; text-align: center;\"><b><span style=\"font-size: medium;\">beim<\/span><\/b><\/div>\n<div class=\"separator\" style=\"clear: both; text-align: center;\"><b><span style=\"font-size: medium;\">16. Kinderleichtathletikwettkampf in Solingen<\/span><\/b><\/div>\n<div class=\"separator\" style=\"clear: both; text-align: center;\"><b>am 12.06.22<\/b><\/div>\n<div class=\"separator\" style=\"clear: both; text-align: left;\">&nbsp;<\/div>\n<div class=\"separator\" style=\"clear: both; text-align: left;\"><b>Sehr sch\u00f6nes, sonniges Wetter !&nbsp; Fr\u00f6hliche , gl\u00fcckliche Kinder ! Gute Verpflegung !<\/b><\/div>\n<div class=\"separator\" style=\"clear: both; text-align: left;\"><b>Kurzum eine gelungene ,tolle Veranstaltung mit 22 Mannschaften auf der Herbert-Schade-Sportanlage in Solingen.<\/b><\/div>\n<div class=\"separator\" style=\"clear: both; text-align: left;\"><b>Die Kinder des PSV starteten mit einer U8 Mannschaft und einer \u00e4lteren und einer j\u00fcngeren U10 Mannschaft. Unsere Kinder waren mit viel Freude, Spa\u00df, guten Leistungen und ein wenig Anspannung voll bei der Sache. Belohnt wurden sie mit einem 3. Platz bei der U 8, einem herausragenden Platz 1 bei der U10 (3x Pl.1 und 1x Platz 2). Unsere j\u00fcngere Mannschaft musste einen ihrer Besten an die \u00c4lteren abgeben und konnte trotzdem mit viel Einsatz einen starken 7. Platz von 11 Mannschaften belegen. Mit Jona Sch. w\u00e4re auch Platz 4 m\u00f6glich gewesen.<\/b><\/div>\n<div class=\"separator\" style=\"clear: both; text-align: left;\"><b>Das habt ihr alle toll gemacht. Herzlichen Gl\u00fcckwunsch an alle Kinder des PSV, die in Solingen teilgenommen haben.<\/b><\/div>\n<div class=\"separator\" style=\"clear: both; text-align: center;\"><\/div>\n<div class=\"separator\" style=\"clear: both; text-align: center;\"><\/div>\n<table align=\"center\" cellpadding=\"0\" cellspacing=\"0\" class=\"tr-caption-container\" style=\"float: left; margin-right: 1em; text-align: left;\">\n<tbody>\n<tr>\n<td style=\"text-align: center;\"><a href=\"https:\/\/blogger.googleusercontent.com\/img\/b\/R29vZ2xl\/AVvXsEgmgBSTga937T2b8VYF4Dn22zuYK9u8QWq0tolXTbZMpKu_DD6tTiR9xs45d8kabwqyG8AnS3Rq30kqq2d08sHY7k_TQ9KtmEbuuTr8KoLoVyBe0MUpXRitswTnY-ZLXV3sI01swcU8kxBw7EoP7qQpAeF8AxvoLM9AUj1j9oBcYL3n73P83cdVoBl__g\/s4160\/IMG_20220612_095242.jpg\" style=\"margin-left: auto; margin-right: auto;\"><img fetchpriority=\"high\" fetchpriority=\"high\" decoding=\"async\" border=\"0\" data-original-height=\"3120\" data-original-width=\"4160\" height=\"240\" src=\"https:\/\/blogger.googleusercontent.com\/img\/b\/R29vZ2xl\/AVvXsEgmgBSTga937T2b8VYF4Dn22zuYK9u8QWq0tolXTbZMpKu_DD6tTiR9xs45d8kabwqyG8AnS3Rq30kqq2d08sHY7k_TQ9KtmEbuuTr8KoLoVyBe0MUpXRitswTnY-ZLXV3sI01swcU8kxBw7EoP7qQpAeF8AxvoLM9AUj1j9oBcYL3n73P83cdVoBl__g\/s320\/IMG_20220612_095242.jpg\" width=\"320\" \/><\/a><\/td>\n<\/tr>\n<tr>\n<td class=\"tr-caption\" style=\"text-align: center;\"><b>h.v.l. Julian, Emelie, Tilda u. Clemens<br \/>v.v.l.Pia, Marleen, Senior u. Greta<\/b><\/td>\n<\/tr>\n<\/tbody>\n<\/table>\n<div><\/div>\n<table align=\"center\" cellpadding=\"0\" cellspacing=\"0\" class=\"tr-caption-container\" style=\"margin-left: auto; margin-right: auto;\">\n<tbody>\n<tr>\n<td style=\"text-align: center;\"><a href=\"https:\/\/1.bp.blogspot.com\/-UeFhBp-NrcQ\/YqjuMQyYB3I\/AAAAAAAAg1M\/8JMpSrCgjMMXKTaZBqROlauRwcWBfyyUACNcBGAsYHQ\/s4160\/IMG_20220612_102203.jpg\" style=\"margin-left: auto; margin-right: auto; text-align: center;\"><img decoding=\"async\" border=\"0\" data-original-height=\"3120\" data-original-width=\"4160\" height=\"240\" src=\"http:\/\/www.psv-wuppertal-leichtathletik.de\/wp-content\/uploads\/2022\/06\/IMG_20220612_102203.jpg\" class=\"wp-image-175\" width=\"320\" \/><\/a><\/td>\n<\/tr>\n<tr>\n<td class=\"tr-caption\" style=\"text-align: center;\"><b>wann geht es endlich los?<\/b><\/td>\n<\/tr>\n<\/tbody>\n<\/table>\n<div><\/div>\n<div><\/div>\n<div><\/div>\n<table align=\"center\" cellpadding=\"0\" cellspacing=\"0\" class=\"tr-caption-container\" style=\"float: left; margin-right: 1em; text-align: left;\">\n<tbody>\n<tr>\n<td style=\"text-align: center;\"><a href=\"https:\/\/blogger.googleusercontent.com\/img\/b\/R29vZ2xl\/AVvXsEizkhFdQz-3XSU08Q_R8bXZsYDDuR_TAXEuijw9W5N9qQWBKkNWW4pMpLusRwV_CbqDu8FymXw_6dFQySKH_TVavd3BRPS_S5Cz1RvPTETQG5bQCjvDu0ZOQjstF8puYv0V0zfJVn3yj-uJAkDYM27JFpNeflePdxCuGz8TQX5nBvCUzYEmW0Ue74eB2g\/s4160\/IMG_20220612_120016.jpg\" style=\"margin-left: auto; margin-right: auto; text-align: center;\"><img decoding=\"async\" border=\"0\" data-original-height=\"4160\" data-original-width=\"3120\" height=\"320\" src=\"https:\/\/blogger.googleusercontent.com\/img\/b\/R29vZ2xl\/AVvXsEizkhFdQz-3XSU08Q_R8bXZsYDDuR_TAXEuijw9W5N9qQWBKkNWW4pMpLusRwV_CbqDu8FymXw_6dFQySKH_TVavd3BRPS_S5Cz1RvPTETQG5bQCjvDu0ZOQjstF8puYv0V0zfJVn3yj-uJAkDYM27JFpNeflePdxCuGz8TQX5nBvCUzYEmW0Ue74eB2g\/w240-h320\/IMG_20220612_120016.jpg\" width=\"240\" \/><\/a><\/td>\n<\/tr>\n<tr>\n<td class=\"tr-caption\" style=\"text-align: center;\"><b>mir ist langweilig !<\/b><\/td>\n<\/tr>\n<\/tbody>\n<\/table>\n<div><\/div>\n<div><\/div>\n<div><\/div>\n<div><\/div>\n<table align=\"center\" cellpadding=\"0\" cellspacing=\"0\" class=\"tr-caption-container\" style=\"margin-left: auto; margin-right: auto;\">\n<tbody>\n<tr>\n<td style=\"text-align: center;\"><a href=\"https:\/\/blogger.googleusercontent.com\/img\/b\/R29vZ2xl\/AVvXsEhYmMZj2Hmk1WRnUc3QPPfH1KRbjvXLsRfnXkxX9PVCR1ZD0fXQt5Q4zKyDdi7n24AegAqBXtFW_UKi6rL37eau4h8jRnb6XHNVPuuyOidH5FjclLrARIoxY0Tec6HcKyK-KngisSXSy52AgKF5bVl_aJu0f1J12W9rT7pFDH9w2Go6Eq1iSx2UgWGsHQ\/s4160\/IMG_20220612_112224.jpg\" style=\"margin-left: auto; margin-right: auto;\"><img loading=\"lazy\" loading=\"lazy\" decoding=\"async\" border=\"0\" data-original-height=\"3120\" data-original-width=\"4160\" height=\"300\" src=\"https:\/\/blogger.googleusercontent.com\/img\/b\/R29vZ2xl\/AVvXsEhYmMZj2Hmk1WRnUc3QPPfH1KRbjvXLsRfnXkxX9PVCR1ZD0fXQt5Q4zKyDdi7n24AegAqBXtFW_UKi6rL37eau4h8jRnb6XHNVPuuyOidH5FjclLrARIoxY0Tec6HcKyK-KngisSXSy52AgKF5bVl_aJu0f1J12W9rT7pFDH9w2Go6Eq1iSx2UgWGsHQ\/w400-h300\/IMG_20220612_112224.jpg\" width=\"400\" \/><\/a><\/td>\n<\/tr>\n<tr>\n<td class=\"tr-caption\" style=\"text-align: center;\"><b>gleich sind wir dran !<\/b><\/td>\n<\/tr>\n<\/tbody>\n<\/table>\n<div class=\"separator\" style=\"clear: both; text-align: center;\"><\/div>\n<table align=\"center\" cellpadding=\"0\" cellspacing=\"0\" class=\"tr-caption-container\" style=\"margin-left: auto; margin-right: auto;\">\n<tbody>\n<tr>\n<td style=\"text-align: center;\"><a href=\"https:\/\/blogger.googleusercontent.com\/img\/b\/R29vZ2xl\/AVvXsEjJWji7LxfxmZpRsWe4_g58Nwsm269QhuwHLPffxOVZ2S5cHT7zjB-aLxqJr0RwIVG5yR6gaSfT6IEHuqp897KNSieBMPvF2YtU7jJVLXNhZvvmvBD-5wd27jTLrA5BAr6yYV8-M9277cJ5wyV_fGlvIDjG8ri1tojiFMofIUGXlDw87i9MHz9dZ2iYVQ\/s2048\/IMG-20220612-WA0002.jpg\" style=\"margin-left: auto; margin-right: auto;\"><img loading=\"lazy\" loading=\"lazy\" decoding=\"async\" border=\"0\" data-original-height=\"1536\" data-original-width=\"2048\" height=\"480\" src=\"https:\/\/blogger.googleusercontent.com\/img\/b\/R29vZ2xl\/AVvXsEjJWji7LxfxmZpRsWe4_g58Nwsm269QhuwHLPffxOVZ2S5cHT7zjB-aLxqJr0RwIVG5yR6gaSfT6IEHuqp897KNSieBMPvF2YtU7jJVLXNhZvvmvBD-5wd27jTLrA5BAr6yYV8-M9277cJ5wyV_fGlvIDjG8ri1tojiFMofIUGXlDw87i9MHz9dZ2iYVQ\/w640-h480\/IMG-20220612-WA0002.jpg\" width=\"640\" \/><\/a><\/td>\n<\/tr>\n<tr>\n<td class=\"tr-caption\" style=\"text-align: center;\"><b>Platz 1 f\u00fcr die Blaulichter des PSV U 10&nbsp;<\/b><\/td>\n<\/tr>\n<\/tbody>\n<\/table>\n<div class=\"separator\" style=\"clear: both; text-align: center;\"><b>v.l. Sophia, Neele, Valerie, Elias, Oskar, Sebastian<\/b><\/div>\n<div class=\"separator\" style=\"clear: both; text-align: center;\"><b>hinten: Christina und Jona<\/b><\/div>\n<p><\/p>\n<table align=\"center\" cellpadding=\"0\" cellspacing=\"0\" class=\"tr-caption-container\" style=\"margin-left: auto; margin-right: auto;\">\n<tbody>\n<tr>\n<td style=\"text-align: center;\"><a href=\"https:\/\/blogger.googleusercontent.com\/img\/b\/R29vZ2xl\/AVvXsEiWRCa-UHMa5xdPreMULiBT2a9RxsPlcCqKvUhSVyoWcQoYnvD7MIFS02zkh4V80nb92BSIbA8D0UkxHIBJyHk2bnr1bsb1nlnpE3V86Cp1Rk241Je_qZOe0BHdbwFTsZtImgkQ1JuliXuomimzKhlT2zNRBvf8xSaaxaMda0zVyncN2KOqcXfzRkj_Pg\/s2016\/IMG-20220612-WA0001.jpg\" style=\"margin-left: auto; margin-right: auto;\"><span style=\"font-size: medium;\"><img loading=\"lazy\" loading=\"lazy\" decoding=\"async\" border=\"0\" data-original-height=\"1512\" data-original-width=\"2016\" height=\"480\" src=\"https:\/\/blogger.googleusercontent.com\/img\/b\/R29vZ2xl\/AVvXsEiWRCa-UHMa5xdPreMULiBT2a9RxsPlcCqKvUhSVyoWcQoYnvD7MIFS02zkh4V80nb92BSIbA8D0UkxHIBJyHk2bnr1bsb1nlnpE3V86Cp1Rk241Je_qZOe0BHdbwFTsZtImgkQ1JuliXuomimzKhlT2zNRBvf8xSaaxaMda0zVyncN2KOqcXfzRkj_Pg\/w640-h480\/IMG-20220612-WA0001.jpg\" width=\"640\" \/><\/span><\/a><\/td>\n<\/tr>\n<tr>\n<td class=\"tr-caption\" style=\"text-align: center;\"><b><span style=\"font-size: medium;\">Siegerkinder des PSV Wuppertal<\/span><br \/>hinten v.l. Christina, Jona, Sofie, Joshua, Eric, Josefine , Daniel<br \/>vorne v.l. Marie, Sebastian, Neele Sophia, Elias, Valerie, Oskar, Senior, Marleen<\/b><\/td>\n<\/tr>\n<\/tbody>\n<\/table>\n<p><\/p>\n<div class=\"separator\" style=\"clear: both; text-align: center;\"><a href=\"https:\/\/blogger.googleusercontent.com\/img\/b\/R29vZ2xl\/AVvXsEgMQ74Pi0JnJ5BjfAzYtztq6EIOrgQUXkdEgVG04ZyjVqG-zY81s0yePj_HzaJLHIgqyL4I89bdl7uo5it4-2wx-rJMjYlUczNltCiHtJHuGxp72aRsxRzn20q8Z8cWwQqnxm61JAeiAG4Mlqi1TGn2cnVmXhz07Sg9FZRGkeQyY3KojGdoVofo-FuN4w\/s4160\/IMG_20220621_144621.jpg\" style=\"margin-left: 1em; margin-right: 1em;\"><img loading=\"lazy\" loading=\"lazy\" decoding=\"async\" border=\"0\" data-original-height=\"4160\" data-original-width=\"2183\" height=\"640\" src=\"https:\/\/blogger.googleusercontent.com\/img\/b\/R29vZ2xl\/AVvXsEgMQ74Pi0JnJ5BjfAzYtztq6EIOrgQUXkdEgVG04ZyjVqG-zY81s0yePj_HzaJLHIgqyL4I89bdl7uo5it4-2wx-rJMjYlUczNltCiHtJHuGxp72aRsxRzn20q8Z8cWwQqnxm61JAeiAG4Mlqi1TGn2cnVmXhz07Sg9FZRGkeQyY3KojGdoVofo-FuN4w\/w336-h640\/IMG_20220621_144621.jpg\" width=\"336\" \/><\/a><\/div>\n<p><\/p>\n<p><\/p>\n<p><\/p>\n","protected":false},"excerpt":{"rendered":"<p>Kids des PSV Wuppertal mit tollen Platzierungen&nbsp; beim 16. Kinderleichtathletikwettkampf in Solingen am 12.06.22 &nbsp; Sehr sch\u00f6nes, sonniges Wetter !&nbsp; Fr\u00f6hliche , gl\u00fcckliche Kinder ! Gute Verpflegung ! Kurzum eine gelungene ,tolle Veranstaltung mit 22 Mannschaften auf der Herbert-Schade-Sportanlage in Solingen. Die Kinder des PSV starteten mit einer U8 Mannschaft und einer \u00e4lteren und einer [&hellip;]<\/p>\n","protected":false},"author":2,"featured_media":175,"comment_status":"open","ping_status":"closed","sticky":false,"template":"","format":"standard","meta":{"_et_pb_use_builder":"","_et_pb_old_content":"","_et_gb_content_width":"","footnotes":""},"categories":[20,1],"tags":[],"class_list":["post-174","post","type-post","status-publish","format-standard","has-post-thumbnail","hentry","category-alte-beitraege","category-uncategorized"],"featured_media_urls":{"thumbnail":["https:\/\/www.psv-wuppertal-leichtathletik.de\/wp-content\/uploads\/2022\/06\/IMG_20220612_102203.jpg",150,113,false],"medium":["https:\/\/www.psv-wuppertal-leichtathletik.de\/wp-content\/uploads\/2022\/06\/IMG_20220612_102203.jpg",300,225,false],"medium_large":["https:\/\/www.psv-wuppertal-leichtathletik.de\/wp-content\/uploads\/2022\/06\/IMG_20220612_102203.jpg",320,240,false],"large":["https:\/\/www.psv-wuppertal-leichtathletik.de\/wp-content\/uploads\/2022\/06\/IMG_20220612_102203.jpg",320,240,false],"1536x1536":["https:\/\/www.psv-wuppertal-leichtathletik.de\/wp-content\/uploads\/2022\/06\/IMG_20220612_102203.jpg",320,240,false],"2048x2048":["https:\/\/www.psv-wuppertal-leichtathletik.de\/wp-content\/uploads\/2022\/06\/IMG_20220612_102203.jpg",320,240,false],"et-pb-post-main-image":["https:\/\/www.psv-wuppertal-leichtathletik.de\/wp-content\/uploads\/2022\/06\/IMG_20220612_102203.jpg",320,240,false],"et-pb-post-main-image-fullwidth":["https:\/\/www.psv-wuppertal-leichtathletik.de\/wp-content\/uploads\/2022\/06\/IMG_20220612_102203.jpg",320,240,false],"et-pb-portfolio-image":["https:\/\/www.psv-wuppertal-leichtathletik.de\/wp-content\/uploads\/2022\/06\/IMG_20220612_102203.jpg",320,240,false],"et-pb-portfolio-module-image":["https:\/\/www.psv-wuppertal-leichtathletik.de\/wp-content\/uploads\/2022\/06\/IMG_20220612_102203.jpg",320,240,false],"et-pb-portfolio-image-single":["https:\/\/www.psv-wuppertal-leichtathletik.de\/wp-content\/uploads\/2022\/06\/IMG_20220612_102203.jpg",320,240,false],"et-pb-gallery-module-image-portrait":["https:\/\/www.psv-wuppertal-leichtathletik.de\/wp-content\/uploads\/2022\/06\/IMG_20220612_102203.jpg",320,240,false],"et-pb-post-main-image-fullwidth-large":["https:\/\/www.psv-wuppertal-leichtathletik.de\/wp-content\/uploads\/2022\/06\/IMG_20220612_102203.jpg",320,240,false],"et-pb-image--responsive--desktop":["https:\/\/www.psv-wuppertal-leichtathletik.de\/wp-content\/uploads\/2022\/06\/IMG_20220612_102203.jpg",320,240,false],"et-pb-image--responsive--tablet":["https:\/\/www.psv-wuppertal-leichtathletik.de\/wp-content\/uploads\/2022\/06\/IMG_20220612_102203.jpg",320,240,false],"et-pb-image--responsive--phone":["https:\/\/www.psv-wuppertal-leichtathletik.de\/wp-content\/uploads\/2022\/06\/IMG_20220612_102203.jpg",320,240,false],"portfolio_item-thumbnail":["https:\/\/www.psv-wuppertal-leichtathletik.de\/wp-content\/uploads\/2022\/06\/IMG_20220612_102203.jpg",320,240,false],"portfolio_item-thumbnail@2x":["https:\/\/www.psv-wuppertal-leichtathletik.de\/wp-content\/uploads\/2022\/06\/IMG_20220612_102203.jpg",320,240,false],"portfolio_item-masonry":["https:\/\/www.psv-wuppertal-leichtathletik.de\/wp-content\/uploads\/2022\/06\/IMG_20220612_102203.jpg",320,240,false],"portfolio_item-masonry@2x":["https:\/\/www.psv-wuppertal-leichtathletik.de\/wp-content\/uploads\/2022\/06\/IMG_20220612_102203.jpg",320,240,false],"portfolio_item-thumbnail_cinema":["https:\/\/www.psv-wuppertal-leichtathletik.de\/wp-content\/uploads\/2022\/06\/IMG_20220612_102203.jpg",320,240,false],"portfolio_item-thumbnail_portrait":["https:\/\/www.psv-wuppertal-leichtathletik.de\/wp-content\/uploads\/2022\/06\/IMG_20220612_102203.jpg",320,240,false],"portfolio_item-thumbnail_portrait@2x":["https:\/\/www.psv-wuppertal-leichtathletik.de\/wp-content\/uploads\/2022\/06\/IMG_20220612_102203.jpg",320,240,false],"portfolio_item-thumbnail_square":["https:\/\/www.psv-wuppertal-leichtathletik.de\/wp-content\/uploads\/2022\/06\/IMG_20220612_102203.jpg",320,240,false]},"_links":{"self":[{"href":"https:\/\/www.psv-wuppertal-leichtathletik.de\/index.php?rest_route=\/wp\/v2\/posts\/174","targetHints":{"allow":["GET"]}}],"collection":[{"href":"https:\/\/www.psv-wuppertal-leichtathletik.de\/index.php?rest_route=\/wp\/v2\/posts"}],"about":[{"href":"https:\/\/www.psv-wuppertal-leichtathletik.de\/index.php?rest_route=\/wp\/v2\/types\/post"}],"author":[{"embeddable":true,"href":"https:\/\/www.psv-wuppertal-leichtathletik.de\/index.php?rest_route=\/wp\/v2\/users\/2"}],"replies":[{"embeddable":true,"href":"https:\/\/www.psv-wuppertal-leichtathletik.de\/index.php?rest_route=%2Fwp%2Fv2%2Fcomments&post=174"}],"version-history":[{"count":1,"href":"https:\/\/www.psv-wuppertal-leichtathletik.de\/index.php?rest_route=\/wp\/v2\/posts\/174\/revisions"}],"predecessor-version":[{"id":768,"href":"https:\/\/www.psv-wuppertal-leichtathletik.de\/index.php?rest_route=\/wp\/v2\/posts\/174\/revisions\/768"}],"wp:featuredmedia":[{"embeddable":true,"href":"https:\/\/www.psv-wuppertal-leichtathletik.de\/index.php?rest_route=\/wp\/v2\/media\/175"}],"wp:attachment":[{"href":"https:\/\/www.psv-wuppertal-leichtathletik.de\/index.php?rest_route=%2Fwp%2Fv2%2Fmedia&parent=174"}],"wp:term":[{"taxonomy":"category","embeddable":true,"href":"https:\/\/www.psv-wuppertal-leichtathletik.de\/index.php?rest_route=%2Fwp%2Fv2%2Fcategories&post=174"},{"taxonomy":"post_tag","embeddable":true,"href":"https:\/\/www.psv-wuppertal-leichtathletik.de\/index.php?rest_route=%2Fwp%2Fv2%2Ftags&post=174"}],"curies":[{"name":"wp","href":"https:\/\/api.w.org\/{rel}","templated":true}]}}