{"id":178,"date":"2022-05-21T19:41:00","date_gmt":"2022-05-21T19:41:00","guid":{"rendered":"https:\/\/www.psv-wuppertal-leichtathletik.de\/uncategorized\/psv-laufer-in-triumphieren-bei-der\/"},"modified":"2023-01-08T17:47:14","modified_gmt":"2023-01-08T17:47:14","slug":"psv-laufer-in-triumphieren-bei-der","status":"publish","type":"post","link":"https:\/\/www.psv-wuppertal-leichtathletik.de\/?p=178","title":{"rendered":"PSV L\u00e4ufer \/ in triumphieren bei der Langstreckenmeisterschaft in Solingen"},"content":{"rendered":"<p><b><\/p>\n<p style=\"text-align: left;\">&nbsp; &nbsp; &nbsp; &nbsp; &nbsp; &nbsp; &nbsp;<b style=\"text-align: center;\"><span style=\"font-size: large;\">U12 L\u00e4uferin des PSV holt \u00fcberraschend den Titel<\/span><\/b><\/p>\n<p><b>Bei den Regionslangstreckenmeisterschaften in SG traten 6 Starter\/in an. Im Rennen der U14 sollte Hannah Sch. bei ihrer 1. Meisterschaft \u00fcber die 2000m ein wenig Erfahrung beim \u00e4lteren Jahrgang sammeln. Nach einem mittelm\u00e4\u00dfigen Start korrigierte Hannah dies schnell und lief ein beherztes Rennen. Mit gleichm\u00e4\u00dfigen Runden hielt sie sich an die Marschordnung des Trainers und setzte diese toll um. Platz f\u00fcr Platz holte sie auf und wurde am Ende mit einer starken Zeit von 7:52,44 Min. und dem Regionsmeistertitel belohnt!&nbsp; Und dies bei der U14 als U12 L\u00e4uferin.<\/b><\/p>\n<p style=\"text-align: left;\">\n<table cellpadding=\"0\" cellspacing=\"0\" class=\"tr-caption-container\" style=\"float: left;\">\n<tbody>\n<tr>\n<td style=\"text-align: center;\"><a href=\"https:\/\/blogger.googleusercontent.com\/img\/b\/R29vZ2xl\/AVvXsEiRvi0ALTsvdNJG8I0x10tE-vUM8vL_de7EghWwdY0Ok-w_UL5wsWBS0CWJuZP61cmnc3bYXr1NyaEg5yRK6YdpqlMNXJYsJDP7GI_aRfZM821JPgAhlZt5Y8F6F5WwIbDM5ymU3uLEJ99v8mZIVsHjoROy-KDoer44JuelqsqkYmTKAUGIudO7oE7Xsg\/s4160\/IMG_20220521_162057.jpg\" style=\"clear: left; margin-bottom: 1em; margin-left: auto; margin-right: auto;\"><img fetchpriority=\"high\" fetchpriority=\"high\" decoding=\"async\" border=\"0\" data-original-height=\"3120\" data-original-width=\"4160\" height=\"240\" src=\"http:\/\/www.psv-wuppertal-leichtathletik.de\/wp-content\/uploads\/2022\/05\/IMG_20220521_162057.jpg\" class=\"wp-image-179\" width=\"320\" \/><\/a><\/td>\n<\/tr>\n<tr>\n<td class=\"tr-caption\" style=\"text-align: center;\"><b>kurz vor dem Start<\/b><\/td>\n<\/tr>\n<\/tbody>\n<\/table>\n<p><\/p>\n<table cellpadding=\"0\" cellspacing=\"0\" class=\"tr-caption-container\" style=\"float: right;\">\n<tbody>\n<tr>\n<td style=\"text-align: center;\"><a href=\"https:\/\/blogger.googleusercontent.com\/img\/b\/R29vZ2xl\/AVvXsEjIW2miJwuepoyaestEWzs-cke-7ZIXZtarTjPJBG_bCBcAps6J0eSYEp6rCVeB_X5hgBmduMBMNW0XQrJrOXIPXCvB-Z0ZIPzG6DBFXHxjt7UiLUtwjD8D5hx586zzzWmcP1OnYIm8LshIBn3vmRwkJF_felC-TKwTJoNXmxBuH8sdwvPUaCrbGIyKRA\/s4160\/IMG_20220521_162757.jpg\" style=\"clear: right; margin-bottom: 1em; margin-left: auto; margin-right: auto;\"><img decoding=\"async\" border=\"0\" data-original-height=\"3120\" data-original-width=\"4160\" height=\"240\" src=\"https:\/\/blogger.googleusercontent.com\/img\/b\/R29vZ2xl\/AVvXsEjIW2miJwuepoyaestEWzs-cke-7ZIXZtarTjPJBG_bCBcAps6J0eSYEp6rCVeB_X5hgBmduMBMNW0XQrJrOXIPXCvB-Z0ZIPzG6DBFXHxjt7UiLUtwjD8D5hx586zzzWmcP1OnYIm8LshIBn3vmRwkJF_felC-TKwTJoNXmxBuH8sdwvPUaCrbGIyKRA\/s320\/IMG_20220521_162757.jpg\" width=\"320\" \/><\/a><\/td>\n<\/tr>\n<tr>\n<td class=\"tr-caption\" style=\"text-align: center;\"><b>alles im Griff<\/b><\/td>\n<\/tr>\n<\/tbody>\n<\/table>\n<p><\/p>\n<table cellpadding=\"0\" cellspacing=\"0\" class=\"tr-caption-container\" style=\"float: left;\">\n<tbody>\n<tr>\n<td style=\"text-align: center;\"><a href=\"https:\/\/blogger.googleusercontent.com\/img\/b\/R29vZ2xl\/AVvXsEhuukG40jxbBna2RWWmRWal0boMV8RKLZhxg1jZ5l3DP5fRU-d9lqGHXwhkvazOUww0CSBSJikLtrrXA8UojdHh7_i7g2WTI05HhAztS7I9ftaHg_u3nMKcfTnmrEHYRUnPLq2DAdTluU37jEUKKZ7GFLq-jyR3vANRKUuPORnss5huazQ40G9wVLoh8g\/s4160\/IMG_20220521_170323.jpg\" style=\"clear: left; margin-bottom: 1em; margin-left: auto; margin-right: auto;\"><img decoding=\"async\" border=\"0\" data-original-height=\"4160\" data-original-width=\"3120\" height=\"400\" src=\"https:\/\/blogger.googleusercontent.com\/img\/b\/R29vZ2xl\/AVvXsEhuukG40jxbBna2RWWmRWal0boMV8RKLZhxg1jZ5l3DP5fRU-d9lqGHXwhkvazOUww0CSBSJikLtrrXA8UojdHh7_i7g2WTI05HhAztS7I9ftaHg_u3nMKcfTnmrEHYRUnPLq2DAdTluU37jEUKKZ7GFLq-jyR3vANRKUuPORnss5huazQ40G9wVLoh8g\/w300-h400\/IMG_20220521_170323.jpg\" width=\"300\" \/><\/a><\/td>\n<\/tr>\n<tr>\n<td class=\"tr-caption\" style=\"text-align: center;\"><b>endlich die Schuhe aus !<\/b><\/td>\n<\/tr>\n<\/tbody>\n<\/table>\n<p><b><br \/><\/b><\/p>\n<table cellpadding=\"0\" cellspacing=\"0\" class=\"tr-caption-container\" style=\"float: right;\">\n<tbody>\n<tr>\n<td style=\"text-align: center;\"><a href=\"https:\/\/blogger.googleusercontent.com\/img\/b\/R29vZ2xl\/AVvXsEh0xVcIVfe85jonxnCHiwpB0x5Q9yNyF25nWMjhzQ6rhuKWre8y5Uys4qywhV0mRQYBE_xT63UMHP-B2lPwCndNp7Lo5moQJP86b_tYr256DwK9up-6TbWP_Z-vr45qwouDtHqmwtavlN4jaT7Ve41_-JfONWisnmohHDkho13GHA0rZgSkwzpMObhpDA\/s4160\/IMG_20220521_172428.jpg\" style=\"clear: right; margin-bottom: 1em; margin-left: auto; margin-right: auto;\"><img loading=\"lazy\" loading=\"lazy\" decoding=\"async\" border=\"0\" data-original-height=\"4160\" data-original-width=\"3120\" height=\"400\" src=\"https:\/\/blogger.googleusercontent.com\/img\/b\/R29vZ2xl\/AVvXsEh0xVcIVfe85jonxnCHiwpB0x5Q9yNyF25nWMjhzQ6rhuKWre8y5Uys4qywhV0mRQYBE_xT63UMHP-B2lPwCndNp7Lo5moQJP86b_tYr256DwK9up-6TbWP_Z-vr45qwouDtHqmwtavlN4jaT7Ve41_-JfONWisnmohHDkho13GHA0rZgSkwzpMObhpDA\/w300-h400\/IMG_20220521_172428.jpg\" width=\"300\" \/><\/a><\/td>\n<\/tr>\n<tr>\n<td class=\"tr-caption\" style=\"text-align: center;\"><b>Dritte bei der W 14<\/p>\n<p><\/b><\/td>\n<\/tr>\n<\/tbody>\n<\/table>\n<p><\/p>\n<p style=\"text-align: left;\"><\/p>\n<p><i><strike><\/strike><\/i><\/b><\/p>\n","protected":false},"excerpt":{"rendered":"<p>&nbsp; &nbsp; &nbsp; &nbsp; &nbsp; &nbsp; &nbsp;U12 L\u00e4uferin des PSV holt \u00fcberraschend den Titel Bei den Regionslangstreckenmeisterschaften in SG traten 6 Starter\/in an. Im Rennen der U14 sollte Hannah Sch. bei ihrer 1. Meisterschaft \u00fcber die 2000m ein wenig Erfahrung beim \u00e4lteren Jahrgang sammeln. Nach einem mittelm\u00e4\u00dfigen Start korrigierte Hannah dies schnell und lief ein [&hellip;]<\/p>\n","protected":false},"author":2,"featured_media":179,"comment_status":"closed","ping_status":"closed","sticky":false,"template":"","format":"standard","meta":{"_et_pb_use_builder":"","_et_pb_old_content":"","_et_gb_content_width":"","footnotes":""},"categories":[20,1],"tags":[],"class_list":["post-178","post","type-post","status-publish","format-standard","has-post-thumbnail","hentry","category-alte-beitraege","category-uncategorized"],"featured_media_urls":{"thumbnail":["https:\/\/www.psv-wuppertal-leichtathletik.de\/wp-content\/uploads\/2022\/05\/IMG_20220521_162057.jpg",150,113,false],"medium":["https:\/\/www.psv-wuppertal-leichtathletik.de\/wp-content\/uploads\/2022\/05\/IMG_20220521_162057.jpg",300,225,false],"medium_large":["https:\/\/www.psv-wuppertal-leichtathletik.de\/wp-content\/uploads\/2022\/05\/IMG_20220521_162057.jpg",320,240,false],"large":["https:\/\/www.psv-wuppertal-leichtathletik.de\/wp-content\/uploads\/2022\/05\/IMG_20220521_162057.jpg",320,240,false],"1536x1536":["https:\/\/www.psv-wuppertal-leichtathletik.de\/wp-content\/uploads\/2022\/05\/IMG_20220521_162057.jpg",320,240,false],"2048x2048":["https:\/\/www.psv-wuppertal-leichtathletik.de\/wp-content\/uploads\/2022\/05\/IMG_20220521_162057.jpg",320,240,false],"et-pb-post-main-image":["https:\/\/www.psv-wuppertal-leichtathletik.de\/wp-content\/uploads\/2022\/05\/IMG_20220521_162057.jpg",320,240,false],"et-pb-post-main-image-fullwidth":["https:\/\/www.psv-wuppertal-leichtathletik.de\/wp-content\/uploads\/2022\/05\/IMG_20220521_162057.jpg",320,240,false],"et-pb-portfolio-image":["https:\/\/www.psv-wuppertal-leichtathletik.de\/wp-content\/uploads\/2022\/05\/IMG_20220521_162057.jpg",320,240,false],"et-pb-portfolio-module-image":["https:\/\/www.psv-wuppertal-leichtathletik.de\/wp-content\/uploads\/2022\/05\/IMG_20220521_162057.jpg",320,240,false],"et-pb-portfolio-image-single":["https:\/\/www.psv-wuppertal-leichtathletik.de\/wp-content\/uploads\/2022\/05\/IMG_20220521_162057.jpg",320,240,false],"et-pb-gallery-module-image-portrait":["https:\/\/www.psv-wuppertal-leichtathletik.de\/wp-content\/uploads\/2022\/05\/IMG_20220521_162057.jpg",320,240,false],"et-pb-post-main-image-fullwidth-large":["https:\/\/www.psv-wuppertal-leichtathletik.de\/wp-content\/uploads\/2022\/05\/IMG_20220521_162057.jpg",320,240,false],"et-pb-image--responsive--desktop":["https:\/\/www.psv-wuppertal-leichtathletik.de\/wp-content\/uploads\/2022\/05\/IMG_20220521_162057.jpg",320,240,false],"et-pb-image--responsive--tablet":["https:\/\/www.psv-wuppertal-leichtathletik.de\/wp-content\/uploads\/2022\/05\/IMG_20220521_162057.jpg",320,240,false],"et-pb-image--responsive--phone":["https:\/\/www.psv-wuppertal-leichtathletik.de\/wp-content\/uploads\/2022\/05\/IMG_20220521_162057.jpg",320,240,false],"portfolio_item-thumbnail":["https:\/\/www.psv-wuppertal-leichtathletik.de\/wp-content\/uploads\/2022\/05\/IMG_20220521_162057.jpg",320,240,false],"portfolio_item-thumbnail@2x":["https:\/\/www.psv-wuppertal-leichtathletik.de\/wp-content\/uploads\/2022\/05\/IMG_20220521_162057.jpg",320,240,false],"portfolio_item-masonry":["https:\/\/www.psv-wuppertal-leichtathletik.de\/wp-content\/uploads\/2022\/05\/IMG_20220521_162057.jpg",320,240,false],"portfolio_item-masonry@2x":["https:\/\/www.psv-wuppertal-leichtathletik.de\/wp-content\/uploads\/2022\/05\/IMG_20220521_162057.jpg",320,240,false],"portfolio_item-thumbnail_cinema":["https:\/\/www.psv-wuppertal-leichtathletik.de\/wp-content\/uploads\/2022\/05\/IMG_20220521_162057.jpg",320,240,false],"portfolio_item-thumbnail_portrait":["https:\/\/www.psv-wuppertal-leichtathletik.de\/wp-content\/uploads\/2022\/05\/IMG_20220521_162057.jpg",320,240,false],"portfolio_item-thumbnail_portrait@2x":["https:\/\/www.psv-wuppertal-leichtathletik.de\/wp-content\/uploads\/2022\/05\/IMG_20220521_162057.jpg",320,240,false],"portfolio_item-thumbnail_square":["https:\/\/www.psv-wuppertal-leichtathletik.de\/wp-content\/uploads\/2022\/05\/IMG_20220521_162057.jpg",320,240,false]},"_links":{"self":[{"href":"https:\/\/www.psv-wuppertal-leichtathletik.de\/index.php?rest_route=\/wp\/v2\/posts\/178","targetHints":{"allow":["GET"]}}],"collection":[{"href":"https:\/\/www.psv-wuppertal-leichtathletik.de\/index.php?rest_route=\/wp\/v2\/posts"}],"about":[{"href":"https:\/\/www.psv-wuppertal-leichtathletik.de\/index.php?rest_route=\/wp\/v2\/types\/post"}],"author":[{"embeddable":true,"href":"https:\/\/www.psv-wuppertal-leichtathletik.de\/index.php?rest_route=\/wp\/v2\/users\/2"}],"replies":[{"embeddable":true,"href":"https:\/\/www.psv-wuppertal-leichtathletik.de\/index.php?rest_route=%2Fwp%2Fv2%2Fcomments&post=178"}],"version-history":[{"count":1,"href":"https:\/\/www.psv-wuppertal-leichtathletik.de\/index.php?rest_route=\/wp\/v2\/posts\/178\/revisions"}],"predecessor-version":[{"id":770,"href":"https:\/\/www.psv-wuppertal-leichtathletik.de\/index.php?rest_route=\/wp\/v2\/posts\/178\/revisions\/770"}],"wp:featuredmedia":[{"embeddable":true,"href":"https:\/\/www.psv-wuppertal-leichtathletik.de\/index.php?rest_route=\/wp\/v2\/media\/179"}],"wp:attachment":[{"href":"https:\/\/www.psv-wuppertal-leichtathletik.de\/index.php?rest_route=%2Fwp%2Fv2%2Fmedia&parent=178"}],"wp:term":[{"taxonomy":"category","embeddable":true,"href":"https:\/\/www.psv-wuppertal-leichtathletik.de\/index.php?rest_route=%2Fwp%2Fv2%2Fcategories&post=178"},{"taxonomy":"post_tag","embeddable":true,"href":"https:\/\/www.psv-wuppertal-leichtathletik.de\/index.php?rest_route=%2Fwp%2Fv2%2Ftags&post=178"}],"curies":[{"name":"wp","href":"https:\/\/api.w.org\/{rel}","templated":true}]}}