{"id":180,"date":"2022-05-20T14:41:00","date_gmt":"2022-05-20T14:41:00","guid":{"rendered":"https:\/\/www.psv-wuppertal-leichtathletik.de\/uncategorized\/psv-starter-wird-regionsmeister-uber\/"},"modified":"2023-01-08T17:47:03","modified_gmt":"2023-01-08T17:47:03","slug":"psv-starter-wird-regionsmeister-uber","status":"publish","type":"post","link":"https:\/\/www.psv-wuppertal-leichtathletik.de\/?p=180","title":{"rendered":"PSV Starter wird Regionsmeister \u00fcber 800 m"},"content":{"rendered":"<p>&nbsp;<\/p>\n<p style=\"text-align: center;\"><b><span style=\"font-size: medium;\">PSV L\u00e4ufer mit starken neuen Bestzeiten<\/span><\/b><\/p>\n<p style=\"text-align: left;\"><b><span style=\"font-size: medium;\"><br \/><\/span><\/b><\/p>\n<p style=\"text-align: left;\"><b>Das Vierer-Team des PSV ging am 14.05. in Dormagen bei den Regionsmeisterschaften Mitte an den Start. Bei tollen \u00e4u\u00dferen Bedingungen boten alle L\u00e4ufer in dem sch\u00f6nen Stadion von Bayer Dormagen, eine starke Leistung.&nbsp;<\/b><\/p>\n<p style=\"text-align: left;\"><b>Vom Start weg f\u00fchrte Lucian das Feld von vorne an. Dicht auf den Fersen war der L\u00e4ufer aus Hilden. Nach einer schnellen 1. Runde sp\u00fcrte Lucian noch immer den Atem seines Verfolgers. 150m vor dem Ziel l\u00f6ste sich Lucian von seinem Gegner und entfernte sich schnell einige Meter . In einem starken finnish lie\u00df er dem Hildener keine Chance. Mit neuer Bestzeit von 2.16,33 Min. kam er jubelnd ins Ziel.&nbsp;<\/b><\/p>\n<p style=\"text-align: left;\"><b>Einen starkes Rennen absolvierte auch Tim F. der sich nach einem guten Start auf Platz 6 einordnete. In der 2. Runde forcierte Tim das Tempo und arbeitete sich Platz f\u00fcr Platz nach vorne. Mit einem super starken Endspurt auf den letzten 100m k\u00e4mpfte er sich an den 3. Platzierten heran, musste diesem aber ganz knapp, 11\/100,&nbsp; den Vortritt lassen. 2 m weiter und er h\u00e4tte sich Platz 3 geholt. Tim konnte sich jedoch mit einer neuen Bestzeit innerhalb von 10 Tagen von 2:22,39 Min. freuen.&nbsp; Flo F. lief mit 2:25,39 ebenfalls Bestzeit konnte aber nicht nach vorne angreifen.&nbsp; Der 4. im Bund, Jarno,&nbsp; verschlief den Start (mal wieder) und war durch Trainingsr\u00fcckstand&nbsp; nicht in der Lage das Treppchen anzugreifen. Mit 2.27,44 lief Jarno V. jedoch trotzdem noch eine neue Bestzeit.&nbsp;<\/b><\/p>\n<p style=\"text-align: left;\"><b>Am 21.05.22 geht es nach Solingen zur Langstreckenmeisterschaft. Dort werden die Karten wieder neu gemischt.<\/b><\/p>\n<div class=\"separator\" style=\"clear: both; text-align: center;\"><\/div>\n<p><\/p>\n<table align=\"center\" cellpadding=\"0\" cellspacing=\"0\" class=\"tr-caption-container\" style=\"float: left; margin-right: 1em; text-align: left;\">\n<tbody>\n<tr>\n<td style=\"text-align: center;\"><a href=\"https:\/\/blogger.googleusercontent.com\/img\/b\/R29vZ2xl\/AVvXsEij8hT51-2sBmbe7MZXYzKXKR-2AORYQiv2nPduoQ-L3QIKwG7Fn8ofJzpKejGBmsI3PeUWkH-qHxtc6baCevcXk5NvVxApnEVExfTpHJqNesTZrnX0kAz8wh28BmXnq88tf5783XJhfROLvxhYMeJSW-NO7CbcBxprsy4s-nSc0DRJOZWvi60h2SDBSw\/s4160\/IMG_20220514_135928.jpg\" style=\"margin-left: auto; margin-right: auto;\"><img fetchpriority=\"high\" fetchpriority=\"high\" decoding=\"async\" border=\"0\" data-original-height=\"3120\" data-original-width=\"4160\" height=\"240\" src=\"http:\/\/www.psv-wuppertal-leichtathletik.de\/wp-content\/uploads\/2022\/05\/IMG_20220514_135928.jpg\" class=\"wp-image-181\" width=\"320\" \/><\/a><\/td>\n<\/tr>\n<tr>\n<td class=\"tr-caption\" style=\"text-align: center;\"><b>gleich geht&#8217;s los<\/b><\/td>\n<\/tr>\n<\/tbody>\n<\/table>\n<p><\/p>\n<table align=\"center\" cellpadding=\"0\" cellspacing=\"0\" class=\"tr-caption-container\" style=\"margin-left: auto; margin-right: auto;\">\n<tbody>\n<tr>\n<td style=\"text-align: center;\"><a href=\"https:\/\/blogger.googleusercontent.com\/img\/b\/R29vZ2xl\/AVvXsEjfkW0AjCqUHtbS12ezB_ejJxxyJD0mLyze2MnHqBxN4i9cnc3AGvjl5TQWurw6ovygBeBZ6eoL7X0ApcvKZk0_HWJyTZ3bXl9-3L8jun99mAEN5Ou7GvhUtlIZahcAcZdeZbwtAKTDVl72GJY9mM4--2kGTFx1HhrO-y_OqTezlLyUHeyp32-X2UK8Fg\/s4160\/IMG_20220514_140843.jpg\" style=\"margin-left: auto; margin-right: auto;\"><img decoding=\"async\" border=\"0\" data-original-height=\"3120\" data-original-width=\"4160\" height=\"240\" src=\"https:\/\/blogger.googleusercontent.com\/img\/b\/R29vZ2xl\/AVvXsEjfkW0AjCqUHtbS12ezB_ejJxxyJD0mLyze2MnHqBxN4i9cnc3AGvjl5TQWurw6ovygBeBZ6eoL7X0ApcvKZk0_HWJyTZ3bXl9-3L8jun99mAEN5Ou7GvhUtlIZahcAcZdeZbwtAKTDVl72GJY9mM4--2kGTFx1HhrO-y_OqTezlLyUHeyp32-X2UK8Fg\/s320\/IMG_20220514_140843.jpg\" width=\"320\" \/><\/a><\/td>\n<\/tr>\n<tr>\n<td class=\"tr-caption\" style=\"text-align: center;\"><b>wie schnell l\u00e4ufst du ?<\/b><\/td>\n<\/tr>\n<\/tbody>\n<\/table>\n<p style=\"text-align: left;\"><b><\/b><\/p>\n<table cellpadding=\"0\" cellspacing=\"0\" class=\"tr-caption-container\" style=\"float: left;\">\n<tbody>\n<tr>\n<td style=\"text-align: center;\"><a href=\"https:\/\/blogger.googleusercontent.com\/img\/b\/R29vZ2xl\/AVvXsEjaR5Nz4z7Hmo9sZXS44zSfKuEYwL8RagInt0K8zPuuIWEz0N86NVc49uBrH4FdirMMHz2Sa2mcXmm9s0042J7N9y_zvsKBb9TLh2J_5UCh73pRE0LST31dPqjIdLEyINAS7lQwPxm55u30bTFcdJ1o1DxtCz8EJg3b3ztD-hqa9utQGnI2uWBMpQB5XA\/s4160\/IMG_20220514_145512.jpg\" style=\"clear: left; margin-bottom: 1em; margin-left: auto; margin-right: auto;\"><img decoding=\"async\" border=\"0\" data-original-height=\"4160\" data-original-width=\"3120\" height=\"338\" src=\"https:\/\/blogger.googleusercontent.com\/img\/b\/R29vZ2xl\/AVvXsEjaR5Nz4z7Hmo9sZXS44zSfKuEYwL8RagInt0K8zPuuIWEz0N86NVc49uBrH4FdirMMHz2Sa2mcXmm9s0042J7N9y_zvsKBb9TLh2J_5UCh73pRE0LST31dPqjIdLEyINAS7lQwPxm55u30bTFcdJ1o1DxtCz8EJg3b3ztD-hqa9utQGnI2uWBMpQB5XA\/w261-h338\/IMG_20220514_145512.jpg\" width=\"261\" \/><\/a><\/td>\n<\/tr>\n<tr>\n<td class=\"tr-caption\" style=\"text-align: center;\"><b>Lucian U. Regionsmeister 2022<br \/>800m&nbsp; 2:16,32 Min.<\/b><\/p>\n<p><\/td>\n<\/tr>\n<\/tbody>\n<\/table>\n<p><b><\/p>\n<table cellpadding=\"0\" cellspacing=\"0\" class=\"tr-caption-container\" style=\"float: right;\">\n<tbody>\n<tr>\n<td style=\"text-align: center;\"><a href=\"https:\/\/blogger.googleusercontent.com\/img\/b\/R29vZ2xl\/AVvXsEi7ug508Cz_sA-jODF29ztSuITRTHxqT6kHt4TwjUKBKPdlWKrrnwDCsvh0hPUn37pQiUWi92Xdc-nHBMdoZWVOG44x090bAKy9-AXb-uqpDckExM316KiT4vU9Im7NPrL-8JMY1Id-whhQn-QF6WjcjToBmngxKJeq_a1l8m-_6ock_c4KtiFBKgqvag\/s4160\/IMG_20220514_145631.jpg\" style=\"clear: right; margin-bottom: 1em; margin-left: auto; margin-right: auto;\"><img loading=\"lazy\" loading=\"lazy\" decoding=\"async\" border=\"0\" data-original-height=\"3120\" data-original-width=\"4160\" height=\"300\" src=\"https:\/\/blogger.googleusercontent.com\/img\/b\/R29vZ2xl\/AVvXsEi7ug508Cz_sA-jODF29ztSuITRTHxqT6kHt4TwjUKBKPdlWKrrnwDCsvh0hPUn37pQiUWi92Xdc-nHBMdoZWVOG44x090bAKy9-AXb-uqpDckExM316KiT4vU9Im7NPrL-8JMY1Id-whhQn-QF6WjcjToBmngxKJeq_a1l8m-_6ock_c4KtiFBKgqvag\/w353-h300\/IMG_20220514_145631.jpg\" width=\"353\" \/><\/a><\/td>\n<\/tr>\n<tr>\n<td class=\"tr-caption\" style=\"text-align: center;\"><b>4 PSV&#8217;er unten den ersten 6<\/b><\/td>\n<\/tr>\n<\/tbody>\n<\/table>\n<p><\/p>\n<table align=\"center\" cellpadding=\"0\" cellspacing=\"0\" class=\"tr-caption-container\" style=\"float: left; margin-right: 1em; text-align: left;\">\n<tbody>\n<tr>\n<td style=\"text-align: center;\"><a href=\"https:\/\/blogger.googleusercontent.com\/img\/b\/R29vZ2xl\/AVvXsEjFcRIWRU3HM2zK5R0ym1AxjesgkQ_q-ubyDjcVteZa6f9IQVEjcnoA88VraLExbo_9-k7nTNP4xIk1boyz4SnEvcM5IN2DoD_l-A63tRcUkdn7aypTJYIXkwOPWlpI0FY3cZndnpVsbI2OQZ0zjsL_62QVbx_-wJeRVpnWMhjVM1VLK89L7xbGS50pwg\/s4160\/IMG_20220514_150212.jpg\" style=\"clear: left; margin-bottom: 1em; margin-left: auto; margin-right: auto;\"><img loading=\"lazy\" loading=\"lazy\" decoding=\"async\" border=\"0\" data-original-height=\"3120\" data-original-width=\"4160\" height=\"480\" src=\"https:\/\/blogger.googleusercontent.com\/img\/b\/R29vZ2xl\/AVvXsEjFcRIWRU3HM2zK5R0ym1AxjesgkQ_q-ubyDjcVteZa6f9IQVEjcnoA88VraLExbo_9-k7nTNP4xIk1boyz4SnEvcM5IN2DoD_l-A63tRcUkdn7aypTJYIXkwOPWlpI0FY3cZndnpVsbI2OQZ0zjsL_62QVbx_-wJeRVpnWMhjVM1VLK89L7xbGS50pwg\/w640-h480\/IMG_20220514_150212.jpg\" width=\"640\" \/><\/a><\/td>\n<\/tr>\n<tr>\n<td class=\"tr-caption\" style=\"text-align: center;\"><b>Pl.1 Lucian , Pl. 4 Tim, Pl. 5 Flo und auf 6 Jarno<\/b><\/td>\n<\/tr>\n<\/tbody>\n<\/table>\n<p><span style=\"font-size: medium;\"><br \/><\/span><\/b><\/p>\n<table align=\"center\" cellpadding=\"0\" cellspacing=\"0\" class=\"tr-caption-container\" style=\"float: left; margin-right: 1em; text-align: left;\">\n<tbody>\n<tr>\n<td style=\"text-align: center;\"><a href=\"https:\/\/blogger.googleusercontent.com\/img\/b\/R29vZ2xl\/AVvXsEiX6xyNx6gsHcl6juY0d7yNfMndoeSiBPSvyr0289rmHgHQpXN5tAJ70B4kSCTEH9S-M00hBoNwuo5IsRt22Zu4Am0fOIllrBbQyx_rXsnbROUAlxX5yTBqvasv6qRH4QRVVXc8LMWkMRjOrxNm4JREzF7I_NRSmtW2rxnZS6qCRI85AtFjc4HWYtiO7g\/s1024\/IMG-20220515-WA0012.jpg\" style=\"margin-left: auto; margin-right: auto;\"><img loading=\"lazy\" loading=\"lazy\" decoding=\"async\" border=\"0\" data-original-height=\"768\" data-original-width=\"1024\" height=\"480\" src=\"https:\/\/blogger.googleusercontent.com\/img\/b\/R29vZ2xl\/AVvXsEiX6xyNx6gsHcl6juY0d7yNfMndoeSiBPSvyr0289rmHgHQpXN5tAJ70B4kSCTEH9S-M00hBoNwuo5IsRt22Zu4Am0fOIllrBbQyx_rXsnbROUAlxX5yTBqvasv6qRH4QRVVXc8LMWkMRjOrxNm4JREzF7I_NRSmtW2rxnZS6qCRI85AtFjc4HWYtiO7g\/w640-h480\/IMG-20220515-WA0012.jpg\" width=\"640\" \/><\/a><\/td>\n<\/tr>\n<tr>\n<td class=\"tr-caption\" style=\"text-align: center;\"><b>4&#215;100 m Staffel Pl. 1 in&nbsp; 56,72 sec.<br \/>in der Besetzung Florian F., Lucian U., Tim F. und Jasper H.<\/b><\/td>\n<\/tr>\n<\/tbody>\n<\/table>\n<table align=\"center\" cellpadding=\"0\" cellspacing=\"0\" class=\"tr-caption-container\" style=\"float: right; margin-left: 1em; text-align: right;\">\n<tbody>\n<tr>\n<td style=\"text-align: center;\"><a href=\"https:\/\/blogger.googleusercontent.com\/img\/b\/R29vZ2xl\/AVvXsEjVDKVG5uWo4m2NLWVTPih8DHpb3brevnwUcs22_XG78q6Phuqy3cKyTzYPP5Ky_uPkRsqtcl9ZcLtx6nslZJrY7lHKalCUhVr1KVJv1Xhg4WiVAT0zvdjnJ0Aj7k1dbj_Wnc3a_Gs8pH4gjsoumWIep6cLSg_m2VuR923YAXU1TGsy7T1SpI8-vtfq-w\/s1024\/IMG-20220515-WA0018.jpg\" style=\"margin-left: auto; margin-right: auto;\"><img loading=\"lazy\" loading=\"lazy\" decoding=\"async\" border=\"0\" data-original-height=\"768\" data-original-width=\"1024\" height=\"480\" src=\"https:\/\/blogger.googleusercontent.com\/img\/b\/R29vZ2xl\/AVvXsEjVDKVG5uWo4m2NLWVTPih8DHpb3brevnwUcs22_XG78q6Phuqy3cKyTzYPP5Ky_uPkRsqtcl9ZcLtx6nslZJrY7lHKalCUhVr1KVJv1Xhg4WiVAT0zvdjnJ0Aj7k1dbj_Wnc3a_Gs8pH4gjsoumWIep6cLSg_m2VuR923YAXU1TGsy7T1SpI8-vtfq-w\/w640-h480\/IMG-20220515-WA0018.jpg\" width=\"640\" \/><\/a><\/td>\n<\/tr>\n<tr>\n<td class=\"tr-caption\" style=\"text-align: center;\"><b>wir sind stark<\/b><\/td>\n<\/tr>\n<\/tbody>\n<\/table>\n<p><\/p>\n","protected":false},"excerpt":{"rendered":"<p>&nbsp; PSV L\u00e4ufer mit starken neuen Bestzeiten Das Vierer-Team des PSV ging am 14.05. in Dormagen bei den Regionsmeisterschaften Mitte an den Start. Bei tollen \u00e4u\u00dferen Bedingungen boten alle L\u00e4ufer in dem sch\u00f6nen Stadion von Bayer Dormagen, eine starke Leistung.&nbsp; Vom Start weg f\u00fchrte Lucian das Feld von vorne an. Dicht auf den Fersen war [&hellip;]<\/p>\n","protected":false},"author":2,"featured_media":181,"comment_status":"closed","ping_status":"closed","sticky":false,"template":"","format":"standard","meta":{"_et_pb_use_builder":"","_et_pb_old_content":"","_et_gb_content_width":"","footnotes":""},"categories":[20,1],"tags":[],"class_list":["post-180","post","type-post","status-publish","format-standard","has-post-thumbnail","hentry","category-alte-beitraege","category-uncategorized"],"featured_media_urls":{"thumbnail":["https:\/\/www.psv-wuppertal-leichtathletik.de\/wp-content\/uploads\/2022\/05\/IMG_20220514_135928.jpg",150,113,false],"medium":["https:\/\/www.psv-wuppertal-leichtathletik.de\/wp-content\/uploads\/2022\/05\/IMG_20220514_135928.jpg",300,225,false],"medium_large":["https:\/\/www.psv-wuppertal-leichtathletik.de\/wp-content\/uploads\/2022\/05\/IMG_20220514_135928.jpg",320,240,false],"large":["https:\/\/www.psv-wuppertal-leichtathletik.de\/wp-content\/uploads\/2022\/05\/IMG_20220514_135928.jpg",320,240,false],"1536x1536":["https:\/\/www.psv-wuppertal-leichtathletik.de\/wp-content\/uploads\/2022\/05\/IMG_20220514_135928.jpg",320,240,false],"2048x2048":["https:\/\/www.psv-wuppertal-leichtathletik.de\/wp-content\/uploads\/2022\/05\/IMG_20220514_135928.jpg",320,240,false],"et-pb-post-main-image":["https:\/\/www.psv-wuppertal-leichtathletik.de\/wp-content\/uploads\/2022\/05\/IMG_20220514_135928.jpg",320,240,false],"et-pb-post-main-image-fullwidth":["https:\/\/www.psv-wuppertal-leichtathletik.de\/wp-content\/uploads\/2022\/05\/IMG_20220514_135928.jpg",320,240,false],"et-pb-portfolio-image":["https:\/\/www.psv-wuppertal-leichtathletik.de\/wp-content\/uploads\/2022\/05\/IMG_20220514_135928.jpg",320,240,false],"et-pb-portfolio-module-image":["https:\/\/www.psv-wuppertal-leichtathletik.de\/wp-content\/uploads\/2022\/05\/IMG_20220514_135928.jpg",320,240,false],"et-pb-portfolio-image-single":["https:\/\/www.psv-wuppertal-leichtathletik.de\/wp-content\/uploads\/2022\/05\/IMG_20220514_135928.jpg",320,240,false],"et-pb-gallery-module-image-portrait":["https:\/\/www.psv-wuppertal-leichtathletik.de\/wp-content\/uploads\/2022\/05\/IMG_20220514_135928.jpg",320,240,false],"et-pb-post-main-image-fullwidth-large":["https:\/\/www.psv-wuppertal-leichtathletik.de\/wp-content\/uploads\/2022\/05\/IMG_20220514_135928.jpg",320,240,false],"et-pb-image--responsive--desktop":["https:\/\/www.psv-wuppertal-leichtathletik.de\/wp-content\/uploads\/2022\/05\/IMG_20220514_135928.jpg",320,240,false],"et-pb-image--responsive--tablet":["https:\/\/www.psv-wuppertal-leichtathletik.de\/wp-content\/uploads\/2022\/05\/IMG_20220514_135928.jpg",320,240,false],"et-pb-image--responsive--phone":["https:\/\/www.psv-wuppertal-leichtathletik.de\/wp-content\/uploads\/2022\/05\/IMG_20220514_135928.jpg",320,240,false],"portfolio_item-thumbnail":["https:\/\/www.psv-wuppertal-leichtathletik.de\/wp-content\/uploads\/2022\/05\/IMG_20220514_135928.jpg",320,240,false],"portfolio_item-thumbnail@2x":["https:\/\/www.psv-wuppertal-leichtathletik.de\/wp-content\/uploads\/2022\/05\/IMG_20220514_135928.jpg",320,240,false],"portfolio_item-masonry":["https:\/\/www.psv-wuppertal-leichtathletik.de\/wp-content\/uploads\/2022\/05\/IMG_20220514_135928.jpg",320,240,false],"portfolio_item-masonry@2x":["https:\/\/www.psv-wuppertal-leichtathletik.de\/wp-content\/uploads\/2022\/05\/IMG_20220514_135928.jpg",320,240,false],"portfolio_item-thumbnail_cinema":["https:\/\/www.psv-wuppertal-leichtathletik.de\/wp-content\/uploads\/2022\/05\/IMG_20220514_135928.jpg",320,240,false],"portfolio_item-thumbnail_portrait":["https:\/\/www.psv-wuppertal-leichtathletik.de\/wp-content\/uploads\/2022\/05\/IMG_20220514_135928.jpg",320,240,false],"portfolio_item-thumbnail_portrait@2x":["https:\/\/www.psv-wuppertal-leichtathletik.de\/wp-content\/uploads\/2022\/05\/IMG_20220514_135928.jpg",320,240,false],"portfolio_item-thumbnail_square":["https:\/\/www.psv-wuppertal-leichtathletik.de\/wp-content\/uploads\/2022\/05\/IMG_20220514_135928.jpg",320,240,false]},"_links":{"self":[{"href":"https:\/\/www.psv-wuppertal-leichtathletik.de\/index.php?rest_route=\/wp\/v2\/posts\/180","targetHints":{"allow":["GET"]}}],"collection":[{"href":"https:\/\/www.psv-wuppertal-leichtathletik.de\/index.php?rest_route=\/wp\/v2\/posts"}],"about":[{"href":"https:\/\/www.psv-wuppertal-leichtathletik.de\/index.php?rest_route=\/wp\/v2\/types\/post"}],"author":[{"embeddable":true,"href":"https:\/\/www.psv-wuppertal-leichtathletik.de\/index.php?rest_route=\/wp\/v2\/users\/2"}],"replies":[{"embeddable":true,"href":"https:\/\/www.psv-wuppertal-leichtathletik.de\/index.php?rest_route=%2Fwp%2Fv2%2Fcomments&post=180"}],"version-history":[{"count":1,"href":"https:\/\/www.psv-wuppertal-leichtathletik.de\/index.php?rest_route=\/wp\/v2\/posts\/180\/revisions"}],"predecessor-version":[{"id":771,"href":"https:\/\/www.psv-wuppertal-leichtathletik.de\/index.php?rest_route=\/wp\/v2\/posts\/180\/revisions\/771"}],"wp:featuredmedia":[{"embeddable":true,"href":"https:\/\/www.psv-wuppertal-leichtathletik.de\/index.php?rest_route=\/wp\/v2\/media\/181"}],"wp:attachment":[{"href":"https:\/\/www.psv-wuppertal-leichtathletik.de\/index.php?rest_route=%2Fwp%2Fv2%2Fmedia&parent=180"}],"wp:term":[{"taxonomy":"category","embeddable":true,"href":"https:\/\/www.psv-wuppertal-leichtathletik.de\/index.php?rest_route=%2Fwp%2Fv2%2Fcategories&post=180"},{"taxonomy":"post_tag","embeddable":true,"href":"https:\/\/www.psv-wuppertal-leichtathletik.de\/index.php?rest_route=%2Fwp%2Fv2%2Ftags&post=180"}],"curies":[{"name":"wp","href":"https:\/\/api.w.org\/{rel}","templated":true}]}}