{"id":2576,"date":"2023-02-13T12:20:02","date_gmt":"2023-02-13T12:20:02","guid":{"rendered":"https:\/\/www.psv-wuppertal-leichtathletik.de\/?p=2576"},"modified":"2023-02-13T12:35:53","modified_gmt":"2023-02-13T12:35:53","slug":"starker-auftritt-des-psv-beim-29-energie-cross-neukirchen","status":"publish","type":"post","link":"https:\/\/www.psv-wuppertal-leichtathletik.de\/?p=2576","title":{"rendered":"Starker Auftritt des PSV beim 29. Energie Cross Neukirchen"},"content":{"rendered":"<p>[et_pb_section fb_built=&#8220;1&#8243; admin_label=&#8220;Coaches&#8220; _builder_version=&#8220;4.16&#8243; _module_preset=&#8220;default&#8220; custom_padding=&#8220;13px|||||&#8220; global_colors_info=&#8220;{}&#8220;][et_pb_row _builder_version=&#8220;4.16&#8243; _module_preset=&#8220;default&#8220; custom_padding=&#8220;||27px|||&#8220; locked=&#8220;off&#8220; global_colors_info=&#8220;{}&#8220;][et_pb_column type=&#8220;4_4&#8243; _builder_version=&#8220;4.16&#8243; _module_preset=&#8220;default&#8220; global_colors_info=&#8220;{}&#8220;][et_pb_text _builder_version=&#8220;4.19.4&#8243; _module_preset=&#8220;default&#8220; custom_padding=&#8220;0px|||||&#8220; global_colors_info=&#8220;{}&#8220;]<\/p>\n<p><strong>Starker Auftritt des PSV beim 29. Energie Cross Neukirchen<\/strong><\/p>\n<p>Bestes Wetter und motivierte Athleten brachten Erfolge! Am Samstag den 11.02.2023 lud der SG Neukirchen H\u00fclchrath zum 29. Energie Cross Neukirchen ein. Als Teil des Nordrhein Cross Cup wurden unsere Athleten und alle anderen starken Vereine freundlich empfangen.<\/p>\n<p>Alle Teilnehmer\/innen des PSV fanden Platz unter den ersten 6 und sogar 4 Athleten standen ganz oben auf dem Heuballentreppchen auf Platz 1!<\/p>\n<p>Julian van Look (M7)lief mit grandiosem Abstand zum n\u00e4chst hinterem L\u00e4ufer als erster ins Ziel und Jona Schwedler (M8) zog auf den letzten 10 Metern mit einer unfassbaren Willenskraft noch an seinem Konkurrenten vorbei und landete mehr als verdient auf Platz 1. Sophia van Look und Oscar Bleidie\u00dfel setzten sich jeweils in der Altersklasse m\/w 10 durch und konnten stolz die Goldmedaille entgegennehmen.<\/p>\n<p>Alle anderen Athleten fanden ihren Platz ebenfalls in der bewerteten und beurkundeten Riege bis Platz 6.<\/p>\n<p>Herzlichen Gl\u00fcckwunsch euch allen \ud83d\ude42<\/p>\n<p><strong><\/strong><\/p>\n<p><strong><\/strong><\/p>\n<p>[\/et_pb_text][\/et_pb_column][\/et_pb_row][et_pb_row column_structure=&#8220;1_3,2_3&#8243; _builder_version=&#8220;4.19.4&#8243; _module_preset=&#8220;default&#8220; global_colors_info=&#8220;{}&#8220;][et_pb_column type=&#8220;1_3&#8243; _builder_version=&#8220;4.19.4&#8243; _module_preset=&#8220;default&#8220; global_colors_info=&#8220;{}&#8220;][et_pb_image src=&#8220;https:\/\/www.psv-wuppertal-leichtathletik.de\/wp-content\/uploads\/2023\/02\/IMG_6916-scaled.jpg&#8220; title_text=&#8220;IMG_6916&#8243; show_in_lightbox=&#8220;on&#8220; _builder_version=&#8220;4.19.4&#8243; _module_preset=&#8220;default&#8220; box_shadow_style=&#8220;preset1&#8243; global_colors_info=&#8220;{}&#8220;][\/et_pb_image][\/et_pb_column][et_pb_column type=&#8220;2_3&#8243; _builder_version=&#8220;4.19.4&#8243; _module_preset=&#8220;default&#8220; global_colors_info=&#8220;{}&#8220;][et_pb_image src=&#8220;https:\/\/www.psv-wuppertal-leichtathletik.de\/wp-content\/uploads\/2023\/02\/IMG_6936-scaled.jpg&#8220; title_text=&#8220;IMG_6936&#8243; show_in_lightbox=&#8220;on&#8220; _builder_version=&#8220;4.19.4&#8243; _module_preset=&#8220;default&#8220; box_shadow_style=&#8220;preset1&#8243; global_colors_info=&#8220;{}&#8220;][\/et_pb_image][et_pb_text _builder_version=&#8220;4.19.4&#8243; _module_preset=&#8220;default&#8220; global_colors_info=&#8220;{}&#8220;]<\/p>\n<p>An der Spitze mit breitem L\u00e4cheln. Julian van Look vorne weg.<\/p>\n<p>[\/et_pb_text][\/et_pb_column][\/et_pb_row][et_pb_row column_structure=&#8220;1_2,1_2&#8243; _builder_version=&#8220;4.19.4&#8243; _module_preset=&#8220;default&#8220; global_colors_info=&#8220;{}&#8220;][et_pb_column type=&#8220;1_2&#8243; _builder_version=&#8220;4.19.4&#8243; _module_preset=&#8220;default&#8220; global_colors_info=&#8220;{}&#8220;][et_pb_image src=&#8220;https:\/\/www.psv-wuppertal-leichtathletik.de\/wp-content\/uploads\/2023\/02\/IMG_6986-scaled-e1676288881906.jpg&#8220; title_text=&#8220;IMG_6986&#8243; show_in_lightbox=&#8220;on&#8220; _builder_version=&#8220;4.19.4&#8243; _module_preset=&#8220;default&#8220; box_shadow_style=&#8220;preset1&#8243; global_colors_info=&#8220;{}&#8220;][\/et_pb_image][\/et_pb_column][et_pb_column type=&#8220;1_2&#8243; _builder_version=&#8220;4.19.4&#8243; _module_preset=&#8220;default&#8220; global_colors_info=&#8220;{}&#8220;][et_pb_text _builder_version=&#8220;4.19.4&#8243; _module_preset=&#8220;default&#8220; global_colors_info=&#8220;{}&#8220;]<\/p>\n<p>Platz 1 f\u00fcr Julian van Look in der Gruppe M7. 2:14min im Bambinilauf auf 500m Cross!! Starke Leistung mit enormen Vorsprung.<\/p>\n<p>[\/et_pb_text][\/et_pb_column][\/et_pb_row][et_pb_row column_structure=&#8220;1_2,1_2&#8243; _builder_version=&#8220;4.19.4&#8243; _module_preset=&#8220;default&#8220; global_colors_info=&#8220;{}&#8220;][et_pb_column type=&#8220;1_2&#8243; _builder_version=&#8220;4.19.4&#8243; _module_preset=&#8220;default&#8220; global_colors_info=&#8220;{}&#8220;][et_pb_image src=&#8220;https:\/\/www.psv-wuppertal-leichtathletik.de\/wp-content\/uploads\/2023\/02\/IMG_6963-scaled.jpg&#8220; title_text=&#8220;IMG_6963&#8243; show_in_lightbox=&#8220;on&#8220; _builder_version=&#8220;4.19.4&#8243; _module_preset=&#8220;default&#8220; box_shadow_style=&#8220;preset1&#8243; global_colors_info=&#8220;{}&#8220;][\/et_pb_image][\/et_pb_column][et_pb_column type=&#8220;1_2&#8243; _builder_version=&#8220;4.19.4&#8243; _module_preset=&#8220;default&#8220; global_colors_info=&#8220;{}&#8220;][et_pb_text _builder_version=&#8220;4.19.4&#8243; _module_preset=&#8220;default&#8220; global_colors_info=&#8220;{}&#8220;]<\/p>\n<p>Auch Jona Schwedler erk\u00e4mpfte sich einen hervorragenden Platz in der Gruppe M9 U10 auf 900m.<\/p>\n<p>[\/et_pb_text][\/et_pb_column][\/et_pb_row][et_pb_row column_structure=&#8220;1_2,1_2&#8243; _builder_version=&#8220;4.19.4&#8243; _module_preset=&#8220;default&#8220; global_colors_info=&#8220;{}&#8220;][et_pb_column type=&#8220;1_2&#8243; _builder_version=&#8220;4.19.4&#8243; _module_preset=&#8220;default&#8220; global_colors_info=&#8220;{}&#8220;][et_pb_text _builder_version=&#8220;4.19.4&#8243; _module_preset=&#8220;default&#8220; global_colors_info=&#8220;{}&#8220;]<\/p>\n<p>Spannend!!! auf den letzten Metern \u00fcberholte Jona den F\u00fchrenden und kam damit auf das Treppchen.<\/p>\n<p>[\/et_pb_text][\/et_pb_column][et_pb_column type=&#8220;1_2&#8243; _builder_version=&#8220;4.19.4&#8243; _module_preset=&#8220;default&#8220; global_colors_info=&#8220;{}&#8220;][et_pb_image src=&#8220;https:\/\/www.psv-wuppertal-leichtathletik.de\/wp-content\/uploads\/2023\/02\/IMG_6979-scaled-e1676288158804.jpg&#8220; title_text=&#8220;IMG_6979&#8243; show_in_lightbox=&#8220;on&#8220; _builder_version=&#8220;4.19.4&#8243; _module_preset=&#8220;default&#8220; box_shadow_style=&#8220;preset1&#8243; global_colors_info=&#8220;{}&#8220;][\/et_pb_image][\/et_pb_column][\/et_pb_row][et_pb_row column_structure=&#8220;1_2,1_2&#8243; _builder_version=&#8220;4.19.4&#8243; _module_preset=&#8220;default&#8220; global_colors_info=&#8220;{}&#8220;][et_pb_column type=&#8220;1_2&#8243; _builder_version=&#8220;4.19.4&#8243; _module_preset=&#8220;default&#8220; global_colors_info=&#8220;{}&#8220;][et_pb_text _builder_version=&#8220;4.19.4&#8243; _module_preset=&#8220;default&#8220; global_colors_info=&#8220;{}&#8220;]<\/p>\n<p style=\"text-align: right;\">Platz 1!!!\u00a0 \u00a0Jona Schwedler\u00a0 mit 3:51min auf 900m Cross<\/p>\n<p>[\/et_pb_text][\/et_pb_column][et_pb_column type=&#8220;1_2&#8243; _builder_version=&#8220;4.19.4&#8243; _module_preset=&#8220;default&#8220; global_colors_info=&#8220;{}&#8220;][et_pb_image src=&#8220;https:\/\/www.psv-wuppertal-leichtathletik.de\/wp-content\/uploads\/2023\/02\/IMG_6994-scaled.jpg&#8220; title_text=&#8220;IMG_6994&#8243; show_in_lightbox=&#8220;on&#8220; _builder_version=&#8220;4.19.4&#8243; _module_preset=&#8220;default&#8220; box_shadow_style=&#8220;preset1&#8243; global_colors_info=&#8220;{}&#8220;][\/et_pb_image][\/et_pb_column][\/et_pb_row][et_pb_row column_structure=&#8220;1_2,1_2&#8243; _builder_version=&#8220;4.19.4&#8243; _module_preset=&#8220;default&#8220; global_colors_info=&#8220;{}&#8220;][et_pb_column type=&#8220;1_2&#8243; _builder_version=&#8220;4.19.4&#8243; _module_preset=&#8220;default&#8220; global_colors_info=&#8220;{}&#8220;][et_pb_image src=&#8220;https:\/\/www.psv-wuppertal-leichtathletik.de\/wp-content\/uploads\/2023\/02\/IMG_6999-scaled.jpg&#8220; title_text=&#8220;IMG_6999&#8243; show_in_lightbox=&#8220;on&#8220; _builder_version=&#8220;4.19.4&#8243; _module_preset=&#8220;default&#8220; box_shadow_style=&#8220;preset1&#8243; global_colors_info=&#8220;{}&#8220;][\/et_pb_image][\/et_pb_column][et_pb_column type=&#8220;1_2&#8243; _builder_version=&#8220;4.19.4&#8243; _module_preset=&#8220;default&#8220; global_colors_info=&#8220;{}&#8220;][et_pb_text _builder_version=&#8220;4.19.4&#8243; _module_preset=&#8220;default&#8220; hover_enabled=&#8220;0&#8243; global_colors_info=&#8220;{}&#8220; sticky_enabled=&#8220;0&#8243;]<\/p>\n<p>Mit gro\u00dfen Schritten folgte Oskar seinen Konkurenten und setzte sich im 2. Drittel der Strecke an die Spitze.<\/p>\n<p>[\/et_pb_text][\/et_pb_column][\/et_pb_row][et_pb_row column_structure=&#8220;1_3,1_3,1_3&#8243; _builder_version=&#8220;4.19.4&#8243; _module_preset=&#8220;default&#8220; global_colors_info=&#8220;{}&#8220;][et_pb_column type=&#8220;1_3&#8243; _builder_version=&#8220;4.19.4&#8243; _module_preset=&#8220;default&#8220; global_colors_info=&#8220;{}&#8220;][et_pb_image src=&#8220;https:\/\/www.psv-wuppertal-leichtathletik.de\/wp-content\/uploads\/2023\/02\/IMG_7012-scaled.jpg&#8220; title_text=&#8220;IMG_7012&#8243; show_in_lightbox=&#8220;on&#8220; _builder_version=&#8220;4.19.4&#8243; _module_preset=&#8220;default&#8220; box_shadow_style=&#8220;preset1&#8243; global_colors_info=&#8220;{}&#8220;][\/et_pb_image][et_pb_text _builder_version=&#8220;4.19.4&#8243; _module_preset=&#8220;default&#8220; global_colors_info=&#8220;{}&#8220;]<\/p>\n<p>Beste Position f\u00fcr Gr\u00fcn \ud83d\ude42<\/p>\n<p>[\/et_pb_text][\/et_pb_column][et_pb_column type=&#8220;1_3&#8243; _builder_version=&#8220;4.19.4&#8243; _module_preset=&#8220;default&#8220; global_colors_info=&#8220;{}&#8220;][et_pb_image src=&#8220;https:\/\/www.psv-wuppertal-leichtathletik.de\/wp-content\/uploads\/2023\/02\/IMG_7016-scaled-e1676289123610.jpg&#8220; title_text=&#8220;IMG_7016&#8243; show_in_lightbox=&#8220;on&#8220; _builder_version=&#8220;4.19.4&#8243; _module_preset=&#8220;default&#8220; box_shadow_style=&#8220;preset1&#8243; global_colors_info=&#8220;{}&#8220;][\/et_pb_image][et_pb_text _builder_version=&#8220;4.19.4&#8243; _module_preset=&#8220;default&#8220; global_colors_info=&#8220;{}&#8220;]<\/p>\n<p>Bei dem Start konnten sich Neele und Sophia an die Spitze setzen.<\/p>\n<p>[\/et_pb_text][\/et_pb_column][et_pb_column type=&#8220;1_3&#8243; _builder_version=&#8220;4.19.4&#8243; _module_preset=&#8220;default&#8220; global_colors_info=&#8220;{}&#8220;][et_pb_image src=&#8220;https:\/\/www.psv-wuppertal-leichtathletik.de\/wp-content\/uploads\/2023\/02\/IMG_7022-scaled.jpg&#8220; title_text=&#8220;IMG_7022&#8243; show_in_lightbox=&#8220;on&#8220; _builder_version=&#8220;4.19.4&#8243; _module_preset=&#8220;default&#8220; box_shadow_style=&#8220;preset1&#8243; global_colors_info=&#8220;{}&#8220;][\/et_pb_image][\/et_pb_column][\/et_pb_row][et_pb_row column_structure=&#8220;1_2,1_2&#8243; _builder_version=&#8220;4.19.4&#8243; _module_preset=&#8220;default&#8220; global_colors_info=&#8220;{}&#8220;][et_pb_column type=&#8220;1_2&#8243; _builder_version=&#8220;4.19.4&#8243; _module_preset=&#8220;default&#8220; global_colors_info=&#8220;{}&#8220;][et_pb_image src=&#8220;https:\/\/www.psv-wuppertal-leichtathletik.de\/wp-content\/uploads\/2023\/02\/IMG_7067-scaled.jpg&#8220; title_text=&#8220;IMG_7067&#8243; show_in_lightbox=&#8220;on&#8220; _builder_version=&#8220;4.19.4&#8243; _module_preset=&#8220;default&#8220; box_shadow_style=&#8220;preset1&#8243; global_colors_info=&#8220;{}&#8220;][\/et_pb_image][et_pb_text _builder_version=&#8220;4.19.4&#8243; _module_preset=&#8220;default&#8220; global_colors_info=&#8220;{}&#8220;]<\/p>\n<p>P4 Neele Leven, P1 Sophia van Look<\/p>\n<p>[\/et_pb_text][\/et_pb_column][et_pb_column type=&#8220;1_2&#8243; _builder_version=&#8220;4.19.4&#8243; _module_preset=&#8220;default&#8220; global_colors_info=&#8220;{}&#8220;][et_pb_image src=&#8220;https:\/\/www.psv-wuppertal-leichtathletik.de\/wp-content\/uploads\/2023\/02\/IMG_7073-scaled.jpg&#8220; title_text=&#8220;IMG_7073&#8243; show_in_lightbox=&#8220;on&#8220; _builder_version=&#8220;4.19.4&#8243; _module_preset=&#8220;default&#8220; box_shadow_style=&#8220;preset1&#8243; global_colors_info=&#8220;{}&#8220;][\/et_pb_image][et_pb_text _builder_version=&#8220;4.19.4&#8243; _module_preset=&#8220;default&#8220; global_colors_info=&#8220;{}&#8220;]<\/p>\n<p>Zurecht k\u00f6nnen sich beide \u00fcber eine \u00fcberragende Leistung freuen. Beide triumphierten bei dem U12er Lauf. Sophia van Look erk\u00e4mpfte sich den 1. Platz mit 5:38min auf 1300m U12 Crosslauf. Neele Leven lief mit einer sehr guten Zeit von 5:58min auf den 4. Platz durch das Ziel.\u00a0<\/p>\n<p>[\/et_pb_text][\/et_pb_column][\/et_pb_row][et_pb_row column_structure=&#8220;1_2,1_2&#8243; _builder_version=&#8220;4.19.4&#8243; _module_preset=&#8220;default&#8220; global_colors_info=&#8220;{}&#8220;][et_pb_column type=&#8220;1_2&#8243; _builder_version=&#8220;4.19.4&#8243; _module_preset=&#8220;default&#8220; global_colors_info=&#8220;{}&#8220;][et_pb_image src=&#8220;https:\/\/www.psv-wuppertal-leichtathletik.de\/wp-content\/uploads\/2023\/02\/IMG_7044-scaled.jpg&#8220; title_text=&#8220;IMG_7044&#8243; show_in_lightbox=&#8220;on&#8220; _builder_version=&#8220;4.19.4&#8243; _module_preset=&#8220;default&#8220; box_shadow_style=&#8220;preset1&#8243; global_colors_info=&#8220;{}&#8220;][\/et_pb_image][et_pb_text _builder_version=&#8220;4.19.4&#8243; _module_preset=&#8220;default&#8220; global_colors_info=&#8220;{}&#8220;]<\/p>\n<p>P1 f\u00fcr Oskar Bleidie\u00dfl<\/p>\n<p>[\/et_pb_text][\/et_pb_column][et_pb_column type=&#8220;1_2&#8243; _builder_version=&#8220;4.19.4&#8243; _module_preset=&#8220;default&#8220; global_colors_info=&#8220;{}&#8220;][et_pb_image src=&#8220;https:\/\/www.psv-wuppertal-leichtathletik.de\/wp-content\/uploads\/2023\/02\/IMG_7042-scaled.jpg&#8220; title_text=&#8220;IMG_7042&#8243; show_in_lightbox=&#8220;on&#8220; _builder_version=&#8220;4.19.4&#8243; _module_preset=&#8220;default&#8220; box_shadow_style=&#8220;preset1&#8243; global_colors_info=&#8220;{}&#8220;][\/et_pb_image][et_pb_text _builder_version=&#8220;4.19.4&#8243; _module_preset=&#8220;default&#8220; global_colors_info=&#8220;{}&#8220;]<\/p>\n<p>Ebenso konnte sich Ivan an die Spitze setzen. Mit Ehrgeiz und Kampfgeist lief er eine sehr gute Zeit.<\/p>\n<p>[\/et_pb_text][\/et_pb_column][\/et_pb_row][et_pb_row _builder_version=&#8220;4.19.4&#8243; _module_preset=&#8220;default&#8220; global_colors_info=&#8220;{}&#8220;][et_pb_column type=&#8220;4_4&#8243; _builder_version=&#8220;4.19.4&#8243; _module_preset=&#8220;default&#8220; global_colors_info=&#8220;{}&#8220;][et_pb_image src=&#8220;https:\/\/www.psv-wuppertal-leichtathletik.de\/wp-content\/uploads\/2023\/02\/5465fb32-699c-48ef-93aa-40320ce97b71.jpg&#8220; title_text=&#8220;5465fb32-699c-48ef-93aa-40320ce97b71&#8243; show_in_lightbox=&#8220;on&#8220; _builder_version=&#8220;4.19.4&#8243; _module_preset=&#8220;default&#8220; box_shadow_style=&#8220;preset1&#8243; global_colors_info=&#8220;{}&#8220;][\/et_pb_image][et_pb_text _builder_version=&#8220;4.19.4&#8243; _module_preset=&#8220;default&#8220; global_colors_info=&#8220;{}&#8220;]<\/p>\n<p>P2 f\u00fcr Ivan Solodkyi im Lauf M13 U14 auf 1700m mit der Zeit von 06:24min<\/p>\n<p>[\/et_pb_text][\/et_pb_column][\/et_pb_row][et_pb_row column_structure=&#8220;1_2,1_2&#8243; _builder_version=&#8220;4.19.4&#8243; _module_preset=&#8220;default&#8220; global_colors_info=&#8220;{}&#8220;][et_pb_column type=&#8220;1_2&#8243; _builder_version=&#8220;4.19.4&#8243; _module_preset=&#8220;default&#8220; global_colors_info=&#8220;{}&#8220;][et_pb_image src=&#8220;https:\/\/www.psv-wuppertal-leichtathletik.de\/wp-content\/uploads\/2023\/02\/IMG_7080-scaled.jpg&#8220; title_text=&#8220;IMG_7080&#8243; show_in_lightbox=&#8220;on&#8220; _builder_version=&#8220;4.19.4&#8243; _module_preset=&#8220;default&#8220; box_shadow_style=&#8220;preset1&#8243; global_colors_info=&#8220;{}&#8220;][\/et_pb_image][et_pb_text _builder_version=&#8220;4.19.4&#8243; _module_preset=&#8220;default&#8220; global_colors_info=&#8220;{}&#8220;]<\/p>\n<p>Linda Bleidie\u00dfel (Platz 5) und Hannah Schoeppe (Platz 6) liefen ebenso mit \u00fcberragenden Zeiten durch die Ziellinie.<\/p>\n<p>[\/et_pb_text][\/et_pb_column][et_pb_column type=&#8220;1_2&#8243; _builder_version=&#8220;4.19.4&#8243; _module_preset=&#8220;default&#8220; global_colors_info=&#8220;{}&#8220;][et_pb_image src=&#8220;https:\/\/www.psv-wuppertal-leichtathletik.de\/wp-content\/uploads\/2023\/02\/IMG_7085-scaled.jpg&#8220; title_text=&#8220;IMG_7085&#8243; show_in_lightbox=&#8220;on&#8220; _builder_version=&#8220;4.19.4&#8243; _module_preset=&#8220;default&#8220; box_shadow_style=&#8220;preset1&#8243; global_colors_info=&#8220;{}&#8220;][\/et_pb_image][\/et_pb_column][\/et_pb_row][et_pb_row column_structure=&#8220;1_2,1_2&#8243; _builder_version=&#8220;4.19.4&#8243; _module_preset=&#8220;default&#8220; global_colors_info=&#8220;{}&#8220;][et_pb_column type=&#8220;1_2&#8243; _builder_version=&#8220;4.19.4&#8243; _module_preset=&#8220;default&#8220; global_colors_info=&#8220;{}&#8220;][et_pb_text _builder_version=&#8220;4.19.4&#8243; _module_preset=&#8220;default&#8220; global_colors_info=&#8220;{}&#8220;]<\/p>\n<p>Jannis Ruf und Kjell Kaja liefen ebenso bei dem Crosslauf mit. In der Gruppe U16 M14 auf 2500m waren die Pl\u00e4tze 3 (Jannis) und 6 (Kjell) war ebenso ein Treppchenplatz dabei.<\/p>\n<p>[\/et_pb_text][\/et_pb_column][et_pb_column type=&#8220;1_2&#8243; _builder_version=&#8220;4.19.4&#8243; _module_preset=&#8220;default&#8220; global_colors_info=&#8220;{}&#8220;][et_pb_text _builder_version=&#8220;4.19.4&#8243; _module_preset=&#8220;default&#8220; global_colors_info=&#8220;{}&#8220;]<\/p>\n<p>Stefan Buess und Daniel Leven konnten den Tag noch mit den Pl\u00e4tzen 2 und 5 in der Einzelwertung M40 auf 5100m Cross abrunden.<\/p>\n<p>Einen Abschluss fanden dann die Blaulichter als Staffel Neele, Linda und Oskar auf Platz 7.<\/p>\n<p>Gl\u00fcckwunsch an alle Teilnehmer!!\u00a0<\/p>\n<p>&nbsp;<\/p>\n<p>DANKE an die Veranstalter des 29. Energie Cross Neukirche.<\/p>\n<p>&nbsp;<\/p>\n<p>[\/et_pb_text][\/et_pb_column][\/et_pb_row][\/et_pb_section][et_pb_section fb_built=&#8220;1&#8243; _builder_version=&#8220;4.19.4&#8243; _module_preset=&#8220;default&#8220; global_colors_info=&#8220;{}&#8220;][\/et_pb_section]<\/p>\n","protected":false},"excerpt":{"rendered":"<p>Starker Auftritt des PSV beim 29. Energie Cross Neukirchen Bestes Wetter und motivierte Athleten brachten Erfolge! Am Samstag den 11.02.2023 lud der SG Neukirchen H\u00fclchrath zum 29. Energie Cross Neukirchen ein. Als Teil des Nordrhein Cross Cup wurden unsere Athleten und alle anderen starken Vereine freundlich empfangen. Alle Teilnehmer\/innen des PSV fanden Platz unter den [&hellip;]<\/p>\n","protected":false},"author":1,"featured_media":2591,"comment_status":"closed","ping_status":"closed","sticky":false,"template":"","format":"standard","meta":{"_et_pb_use_builder":"on","_et_pb_old_content":"","_et_gb_content_width":"","footnotes":""},"categories":[1],"tags":[],"class_list":["post-2576","post","type-post","status-publish","format-standard","has-post-thumbnail","hentry","category-uncategorized"],"featured_media_urls":{"thumbnail":["https:\/\/www.psv-wuppertal-leichtathletik.de\/wp-content\/uploads\/2023\/02\/IMG_7012-150x150.jpg",150,150,true],"medium":["https:\/\/www.psv-wuppertal-leichtathletik.de\/wp-content\/uploads\/2023\/02\/IMG_7012-300x225.jpg",300,225,true],"medium_large":["https:\/\/www.psv-wuppertal-leichtathletik.de\/wp-content\/uploads\/2023\/02\/IMG_7012-768x576.jpg",768,576,true],"large":["https:\/\/www.psv-wuppertal-leichtathletik.de\/wp-content\/uploads\/2023\/02\/IMG_7012-1024x768.jpg",1024,768,true],"1536x1536":["https:\/\/www.psv-wuppertal-leichtathletik.de\/wp-content\/uploads\/2023\/02\/IMG_7012-1536x1152.jpg",1536,1152,true],"2048x2048":["https:\/\/www.psv-wuppertal-leichtathletik.de\/wp-content\/uploads\/2023\/02\/IMG_7012-2048x1536.jpg",2048,1536,true],"et-pb-post-main-image":["https:\/\/www.psv-wuppertal-leichtathletik.de\/wp-content\/uploads\/2023\/02\/IMG_7012-400x250.jpg",400,250,true],"et-pb-post-main-image-fullwidth":["https:\/\/www.psv-wuppertal-leichtathletik.de\/wp-content\/uploads\/2023\/02\/IMG_7012-1080x675.jpg",1080,675,true],"et-pb-portfolio-image":["https:\/\/www.psv-wuppertal-leichtathletik.de\/wp-content\/uploads\/2023\/02\/IMG_7012-400x284.jpg",400,284,true],"et-pb-portfolio-module-image":["https:\/\/www.psv-wuppertal-leichtathletik.de\/wp-content\/uploads\/2023\/02\/IMG_7012-510x382.jpg",510,382,true],"et-pb-portfolio-image-single":["https:\/\/www.psv-wuppertal-leichtathletik.de\/wp-content\/uploads\/2023\/02\/IMG_7012-1080x810.jpg",1080,810,true],"et-pb-gallery-module-image-portrait":["https:\/\/www.psv-wuppertal-leichtathletik.de\/wp-content\/uploads\/2023\/02\/IMG_7012-400x516.jpg",400,516,true],"et-pb-post-main-image-fullwidth-large":["https:\/\/www.psv-wuppertal-leichtathletik.de\/wp-content\/uploads\/2023\/02\/IMG_7012-2880x1800.jpg",2880,1800,true],"et-pb-image--responsive--desktop":["https:\/\/www.psv-wuppertal-leichtathletik.de\/wp-content\/uploads\/2023\/02\/IMG_7012-1280x960.jpg",960,720,true],"et-pb-image--responsive--tablet":["https:\/\/www.psv-wuppertal-leichtathletik.de\/wp-content\/uploads\/2023\/02\/IMG_7012-980x735.jpg",735,551,true],"et-pb-image--responsive--phone":["https:\/\/www.psv-wuppertal-leichtathletik.de\/wp-content\/uploads\/2023\/02\/IMG_7012-480x360.jpg",360,270,true],"portfolio_item-thumbnail":["https:\/\/www.psv-wuppertal-leichtathletik.de\/wp-content\/uploads\/2023\/02\/IMG_7012-600x400.jpg",600,400,true],"portfolio_item-thumbnail@2x":["https:\/\/www.psv-wuppertal-leichtathletik.de\/wp-content\/uploads\/2023\/02\/IMG_7012-scaled.jpg",1067,800,false],"portfolio_item-masonry":["https:\/\/www.psv-wuppertal-leichtathletik.de\/wp-content\/uploads\/2023\/02\/IMG_7012-600x450.jpg",600,450,true],"portfolio_item-masonry@2x":["https:\/\/www.psv-wuppertal-leichtathletik.de\/wp-content\/uploads\/2023\/02\/IMG_7012-scaled.jpg",1200,900,false],"portfolio_item-thumbnail_cinema":["https:\/\/www.psv-wuppertal-leichtathletik.de\/wp-content\/uploads\/2023\/02\/IMG_7012-800x335.jpg",800,335,true],"portfolio_item-thumbnail_portrait":["https:\/\/www.psv-wuppertal-leichtathletik.de\/wp-content\/uploads\/2023\/02\/IMG_7012-600x900.jpg",600,900,true],"portfolio_item-thumbnail_portrait@2x":["https:\/\/www.psv-wuppertal-leichtathletik.de\/wp-content\/uploads\/2023\/02\/IMG_7012-scaled.jpg",1200,900,false],"portfolio_item-thumbnail_square":["https:\/\/www.psv-wuppertal-leichtathletik.de\/wp-content\/uploads\/2023\/02\/IMG_7012-800x800.jpg",800,800,true]},"_links":{"self":[{"href":"https:\/\/www.psv-wuppertal-leichtathletik.de\/index.php?rest_route=\/wp\/v2\/posts\/2576","targetHints":{"allow":["GET"]}}],"collection":[{"href":"https:\/\/www.psv-wuppertal-leichtathletik.de\/index.php?rest_route=\/wp\/v2\/posts"}],"about":[{"href":"https:\/\/www.psv-wuppertal-leichtathletik.de\/index.php?rest_route=\/wp\/v2\/types\/post"}],"author":[{"embeddable":true,"href":"https:\/\/www.psv-wuppertal-leichtathletik.de\/index.php?rest_route=\/wp\/v2\/users\/1"}],"replies":[{"embeddable":true,"href":"https:\/\/www.psv-wuppertal-leichtathletik.de\/index.php?rest_route=%2Fwp%2Fv2%2Fcomments&post=2576"}],"version-history":[{"count":11,"href":"https:\/\/www.psv-wuppertal-leichtathletik.de\/index.php?rest_route=\/wp\/v2\/posts\/2576\/revisions"}],"predecessor-version":[{"id":2614,"href":"https:\/\/www.psv-wuppertal-leichtathletik.de\/index.php?rest_route=\/wp\/v2\/posts\/2576\/revisions\/2614"}],"wp:featuredmedia":[{"embeddable":true,"href":"https:\/\/www.psv-wuppertal-leichtathletik.de\/index.php?rest_route=\/wp\/v2\/media\/2591"}],"wp:attachment":[{"href":"https:\/\/www.psv-wuppertal-leichtathletik.de\/index.php?rest_route=%2Fwp%2Fv2%2Fmedia&parent=2576"}],"wp:term":[{"taxonomy":"category","embeddable":true,"href":"https:\/\/www.psv-wuppertal-leichtathletik.de\/index.php?rest_route=%2Fwp%2Fv2%2Fcategories&post=2576"},{"taxonomy":"post_tag","embeddable":true,"href":"https:\/\/www.psv-wuppertal-leichtathletik.de\/index.php?rest_route=%2Fwp%2Fv2%2Ftags&post=2576"}],"curies":[{"name":"wp","href":"https:\/\/api.w.org\/{rel}","templated":true}]}}