{"id":2645,"date":"2023-03-23T09:51:34","date_gmt":"2023-03-23T09:51:34","guid":{"rendered":"https:\/\/www.psv-wuppertal-leichtathletik.de\/?p=2645"},"modified":"2023-08-04T12:44:04","modified_gmt":"2023-08-04T12:44:04","slug":"osterferien-2023","status":"publish","type":"post","link":"https:\/\/www.psv-wuppertal-leichtathletik.de\/?p=2645","title":{"rendered":"Osterferien 2023"},"content":{"rendered":"\n<p class=\"has-text-align-center has-vivid-green-cyan-color has-text-color\"><strong>Die Kinder und auch die Trainer der<\/strong><\/p>\n\n\n\n<p class=\"has-text-align-center has-vivid-red-color has-text-color\"><strong>Leichtathletikabteilung<\/strong><\/p>\n\n\n\n<p class=\"has-text-align-center has-pale-cyan-blue-color has-text-color\"><strong>gehen in die<\/strong><\/p>\n\n\n\n<p class=\"has-text-align-center has-vivid-green-cyan-color has-text-color\"><strong>O<\/strong><strong>s<\/strong><strong>te<\/strong><strong>rf<\/strong><strong>er<\/strong><strong>i<\/strong><strong>e<\/strong><strong>n<\/strong><\/p>\n\n\n\n<p><strong>letztes Training:&nbsp; &nbsp; Freitag,&nbsp; 31.03.2023<\/strong><\/p>\n\n\n\n<p><strong>erstes Training: &nbsp; &nbsp; Montag, 17.04.2023<\/strong><\/p>\n\n\n\n<p><strong>Wir w\u00fcnschen allen eine sch\u00f6ne Ferienzeit und den Kindern eine gute Erholung von der Schule und vom Training, viel Spa\u00df und Freude beim&nbsp; Eier suchen.<\/strong><br><br><strong>Wir freuen uns darauf, nach den Ferien, wenn ihr erholt und mit neuen Kr\u00e4ften, gest\u00e4rkt durch die vielen Schokoeier, gemeinsam mit uns die n\u00e4chsten H\u00fcrden \u00fcberspringen wollt.<\/strong><br><br>&nbsp;<\/p>\n\n\n\n<p><strong>Es gr\u00fc\u00dfen &nbsp;euch \/ Sie<\/strong><\/p>\n\n\n\n<p><strong>ganz herzlich <\/strong><strong>die Trainer\/innen und Runny der LA PSV<\/strong><br><br><\/p>\n","protected":false},"excerpt":{"rendered":"<p>Die Kinder und auch die Trainer der Leichtathletikabteilung gehen in die Osterferien letztes Training:&nbsp; &nbsp; Freitag,&nbsp; 31.03.2023 erstes Training: &nbsp; &nbsp; Montag, 17.04.2023 Wir w\u00fcnschen allen eine sch\u00f6ne Ferienzeit und den Kindern eine gute Erholung von der Schule und vom Training, viel Spa\u00df und Freude beim&nbsp; Eier suchen. Wir freuen uns darauf, nach den Ferien, [&hellip;]<\/p>\n","protected":false},"author":1,"featured_media":2761,"comment_status":"closed","ping_status":"closed","sticky":false,"template":"","format":"standard","meta":{"_et_pb_use_builder":"off","_et_pb_old_content":"","_et_gb_content_width":"","footnotes":""},"categories":[26],"tags":[],"class_list":["post-2645","post","type-post","status-publish","format-standard","has-post-thumbnail","hentry","category-archivierte-beitraege-nicht-sichtbar"],"featured_media_urls":{"thumbnail":["https:\/\/www.psv-wuppertal-leichtathletik.de\/wp-content\/uploads\/2023\/03\/Ostern-1-150x150.png",150,150,true],"medium":["https:\/\/www.psv-wuppertal-leichtathletik.de\/wp-content\/uploads\/2023\/03\/Ostern-1-300x169.png",300,169,true],"medium_large":["https:\/\/www.psv-wuppertal-leichtathletik.de\/wp-content\/uploads\/2023\/03\/Ostern-1-768x432.png",768,432,true],"large":["https:\/\/www.psv-wuppertal-leichtathletik.de\/wp-content\/uploads\/2023\/03\/Ostern-1-1024x576.png",1024,576,true],"1536x1536":["https:\/\/www.psv-wuppertal-leichtathletik.de\/wp-content\/uploads\/2023\/03\/Ostern-1-1536x864.png",1536,864,true],"2048x2048":["https:\/\/www.psv-wuppertal-leichtathletik.de\/wp-content\/uploads\/2023\/03\/Ostern-1.png",1920,1080,false],"et-pb-post-main-image":["https:\/\/www.psv-wuppertal-leichtathletik.de\/wp-content\/uploads\/2023\/03\/Ostern-1-400x250.png",400,250,true],"et-pb-post-main-image-fullwidth":["https:\/\/www.psv-wuppertal-leichtathletik.de\/wp-content\/uploads\/2023\/03\/Ostern-1-1080x675.png",1080,675,true],"et-pb-portfolio-image":["https:\/\/www.psv-wuppertal-leichtathletik.de\/wp-content\/uploads\/2023\/03\/Ostern-1-400x284.png",400,284,true],"et-pb-portfolio-module-image":["https:\/\/www.psv-wuppertal-leichtathletik.de\/wp-content\/uploads\/2023\/03\/Ostern-1-510x382.png",510,382,true],"et-pb-portfolio-image-single":["https:\/\/www.psv-wuppertal-leichtathletik.de\/wp-content\/uploads\/2023\/03\/Ostern-1-1080x608.png",1080,608,true],"et-pb-gallery-module-image-portrait":["https:\/\/www.psv-wuppertal-leichtathletik.de\/wp-content\/uploads\/2023\/03\/Ostern-1-400x516.png",400,516,true],"et-pb-post-main-image-fullwidth-large":["https:\/\/www.psv-wuppertal-leichtathletik.de\/wp-content\/uploads\/2023\/03\/Ostern-1.png",1920,1080,false],"et-pb-image--responsive--desktop":["https:\/\/www.psv-wuppertal-leichtathletik.de\/wp-content\/uploads\/2023\/03\/Ostern-1-1280x720.png",1280,720,true],"et-pb-image--responsive--tablet":["https:\/\/www.psv-wuppertal-leichtathletik.de\/wp-content\/uploads\/2023\/03\/Ostern-1-980x551.png",980,551,true],"et-pb-image--responsive--phone":["https:\/\/www.psv-wuppertal-leichtathletik.de\/wp-content\/uploads\/2023\/03\/Ostern-1-480x270.png",480,270,true],"portfolio_item-thumbnail":["https:\/\/www.psv-wuppertal-leichtathletik.de\/wp-content\/uploads\/2023\/03\/Ostern-1-600x400.png",600,400,true],"portfolio_item-thumbnail@2x":["https:\/\/www.psv-wuppertal-leichtathletik.de\/wp-content\/uploads\/2023\/03\/Ostern-1.png",1200,675,false],"portfolio_item-masonry":["https:\/\/www.psv-wuppertal-leichtathletik.de\/wp-content\/uploads\/2023\/03\/Ostern-1-600x338.png",600,338,true],"portfolio_item-masonry@2x":["https:\/\/www.psv-wuppertal-leichtathletik.de\/wp-content\/uploads\/2023\/03\/Ostern-1.png",1200,675,false],"portfolio_item-thumbnail_cinema":["https:\/\/www.psv-wuppertal-leichtathletik.de\/wp-content\/uploads\/2023\/03\/Ostern-1-800x335.png",800,335,true],"portfolio_item-thumbnail_portrait":["https:\/\/www.psv-wuppertal-leichtathletik.de\/wp-content\/uploads\/2023\/03\/Ostern-1-600x900.png",600,900,true],"portfolio_item-thumbnail_portrait@2x":["https:\/\/www.psv-wuppertal-leichtathletik.de\/wp-content\/uploads\/2023\/03\/Ostern-1.png",1200,675,false],"portfolio_item-thumbnail_square":["https:\/\/www.psv-wuppertal-leichtathletik.de\/wp-content\/uploads\/2023\/03\/Ostern-1-800x800.png",800,800,true]},"_links":{"self":[{"href":"https:\/\/www.psv-wuppertal-leichtathletik.de\/index.php?rest_route=\/wp\/v2\/posts\/2645","targetHints":{"allow":["GET"]}}],"collection":[{"href":"https:\/\/www.psv-wuppertal-leichtathletik.de\/index.php?rest_route=\/wp\/v2\/posts"}],"about":[{"href":"https:\/\/www.psv-wuppertal-leichtathletik.de\/index.php?rest_route=\/wp\/v2\/types\/post"}],"author":[{"embeddable":true,"href":"https:\/\/www.psv-wuppertal-leichtathletik.de\/index.php?rest_route=\/wp\/v2\/users\/1"}],"replies":[{"embeddable":true,"href":"https:\/\/www.psv-wuppertal-leichtathletik.de\/index.php?rest_route=%2Fwp%2Fv2%2Fcomments&post=2645"}],"version-history":[{"count":4,"href":"https:\/\/www.psv-wuppertal-leichtathletik.de\/index.php?rest_route=\/wp\/v2\/posts\/2645\/revisions"}],"predecessor-version":[{"id":2653,"href":"https:\/\/www.psv-wuppertal-leichtathletik.de\/index.php?rest_route=\/wp\/v2\/posts\/2645\/revisions\/2653"}],"wp:featuredmedia":[{"embeddable":true,"href":"https:\/\/www.psv-wuppertal-leichtathletik.de\/index.php?rest_route=\/wp\/v2\/media\/2761"}],"wp:attachment":[{"href":"https:\/\/www.psv-wuppertal-leichtathletik.de\/index.php?rest_route=%2Fwp%2Fv2%2Fmedia&parent=2645"}],"wp:term":[{"taxonomy":"category","embeddable":true,"href":"https:\/\/www.psv-wuppertal-leichtathletik.de\/index.php?rest_route=%2Fwp%2Fv2%2Fcategories&post=2645"},{"taxonomy":"post_tag","embeddable":true,"href":"https:\/\/www.psv-wuppertal-leichtathletik.de\/index.php?rest_route=%2Fwp%2Fv2%2Ftags&post=2645"}],"curies":[{"name":"wp","href":"https:\/\/api.w.org\/{rel}","templated":true}]}}