{"id":2658,"date":"2023-03-26T10:10:56","date_gmt":"2023-03-26T10:10:56","guid":{"rendered":"https:\/\/www.psv-wuppertal-leichtathletik.de\/?p=2658"},"modified":"2023-03-31T11:28:43","modified_gmt":"2023-03-31T11:28:43","slug":"staffellauf-in-bottrop","status":"publish","type":"post","link":"https:\/\/www.psv-wuppertal-leichtathletik.de\/?p=2658","title":{"rendered":"Staffellauf in Bottrop"},"content":{"rendered":"<p>[et_pb_section fb_built=&#8220;1&#8243; admin_label=&#8220;Coaches&#8220; _builder_version=&#8220;4.16&#8243; _module_preset=&#8220;default&#8220; custom_padding=&#8220;13px|||||&#8220; global_colors_info=&#8220;{}&#8220;][et_pb_row _builder_version=&#8220;4.19.4&#8243; _module_preset=&#8220;default&#8220; custom_padding=&#8220;||27px|||&#8220; locked=&#8220;off&#8220; global_colors_info=&#8220;{}&#8220;][et_pb_column type=&#8220;4_4&#8243; _builder_version=&#8220;4.16&#8243; _module_preset=&#8220;default&#8220; global_colors_info=&#8220;{}&#8220;][et_pb_text _builder_version=&#8220;4.20.2&#8243; _module_preset=&#8220;default&#8220; custom_padding=&#8220;0px|||||&#8220; hover_enabled=&#8220;0&#8243; global_colors_info=&#8220;{}&#8220; sticky_enabled=&#8220;0&#8243;]<\/p>\n<p><strong>Bottrop Staffellauf<br \/><\/strong><\/p>\n<p>Bei mehr schlecht als rechtem Wetter waren wir am Samstag zu Gast beim LC Bottrop. Die Athleten waren bereit f\u00fcr den Wettkampf auf dem ausserordentlich sch\u00f6nen Gel\u00e4nde des LC.<\/p>\n<p>Den Start machte unser Team der U12 auf 6x800m. Dabei konnte der PSV von Anfang an im Kampf mit dem LC Bottrop schnell absetzen und erzielte den 1. Platz mit einem grandiosen Vorsprung von 20 Sekunden. An den Start gingen Elias Espanion, Neele Leven, Marie Jansen, Oskar Bleidie\u00dfel, Jakob Eickelberg und Sophia van Look.<br \/>Mit einer super Zeit von 18:52,76 Minuten konnte das Team ins Ziel laufen, das macht eine Durchschnittszeit von ~3,00Min\/800m pro Athlet.<\/p>\n<p>Im Anschluss konnten Florian Fichtel, Tim Friedrich und Lucian-Elija Unverzagt ebenso bei der Staffel der Regiomeisterschaften teilnehmen.<\/p>\n<p>Unser starkes Team der weiblichen Jugend U14 nahmen ebenso erfolgreich teil. Weitere Details in gesondertem Beitrag:<\/p>\n<p style=\"text-align: center;\"><span style=\"color: #ed0000; font-size: xx-large;\"><em><a href=\"https:\/\/www.psv-wuppertal-leichtathletik.de\/uncategorized\/regionsmeisterschaften-langstaffel-der-u14-und-u-16-in-bottrop\/\" style=\"color: #ed0000;\">KLICK<\/a><\/em><\/span><\/p>\n<p><strong>\u00a0<\/strong><\/p>\n<p><strong><\/strong><\/p>\n<p>[\/et_pb_text][\/et_pb_column][\/et_pb_row][et_pb_row column_structure=&#8220;1_2,1_2&#8243; _builder_version=&#8220;4.19.4&#8243; _module_preset=&#8220;default&#8220; global_colors_info=&#8220;{}&#8220;][et_pb_column type=&#8220;1_2&#8243; _builder_version=&#8220;4.19.4&#8243; _module_preset=&#8220;default&#8220; global_colors_info=&#8220;{}&#8220;][et_pb_image src=&#8220;https:\/\/www.psv-wuppertal-leichtathletik.de\/wp-content\/uploads\/2023\/03\/IMG_7778-scaled.jpg&#8220; title_text=&#8220;IMG_7778&#8243; show_in_lightbox=&#8220;on&#8220; _builder_version=&#8220;4.19.4&#8243; _module_preset=&#8220;default&#8220; box_shadow_style=&#8220;preset1&#8243; global_colors_info=&#8220;{}&#8220;][\/et_pb_image][\/et_pb_column][et_pb_column type=&#8220;1_2&#8243; _builder_version=&#8220;4.19.4&#8243; _module_preset=&#8220;default&#8220; global_colors_info=&#8220;{}&#8220;][et_pb_image src=&#8220;https:\/\/www.psv-wuppertal-leichtathletik.de\/wp-content\/uploads\/2023\/03\/IMG_7543-scaled.jpg&#8220; title_text=&#8220;IMG_7543&#8243; show_in_lightbox=&#8220;on&#8220; _builder_version=&#8220;4.19.4&#8243; _module_preset=&#8220;default&#8220; box_shadow_style=&#8220;preset1&#8243; global_colors_info=&#8220;{}&#8220;][\/et_pb_image][\/et_pb_column][\/et_pb_row][et_pb_row column_structure=&#8220;1_3,1_3,1_3&#8243; _builder_version=&#8220;4.19.4&#8243; _module_preset=&#8220;default&#8220; global_colors_info=&#8220;{}&#8220;][et_pb_column type=&#8220;1_3&#8243; _builder_version=&#8220;4.19.4&#8243; _module_preset=&#8220;default&#8220; global_colors_info=&#8220;{}&#8220;][\/et_pb_column][et_pb_column type=&#8220;1_3&#8243; _builder_version=&#8220;4.19.4&#8243; _module_preset=&#8220;default&#8220; global_colors_info=&#8220;{}&#8220;][et_pb_image src=&#8220;https:\/\/www.psv-wuppertal-leichtathletik.de\/wp-content\/uploads\/2023\/03\/IMG_7573-768&#215;1024.jpg&#8220; title_text=&#8220;IMG_7573&#8243; show_in_lightbox=&#8220;on&#8220; _builder_version=&#8220;4.19.4&#8243; _module_preset=&#8220;default&#8220; box_shadow_style=&#8220;preset1&#8243; global_colors_info=&#8220;{}&#8220;][\/et_pb_image][\/et_pb_column][et_pb_column type=&#8220;1_3&#8243; _builder_version=&#8220;4.19.4&#8243; _module_preset=&#8220;default&#8220; global_colors_info=&#8220;{}&#8220;][\/et_pb_column][\/et_pb_row][et_pb_row column_structure=&#8220;1_2,1_2&#8243; _builder_version=&#8220;4.19.4&#8243; _module_preset=&#8220;default&#8220; global_colors_info=&#8220;{}&#8220;][et_pb_column type=&#8220;1_2&#8243; _builder_version=&#8220;4.19.4&#8243; _module_preset=&#8220;default&#8220; global_colors_info=&#8220;{}&#8220;][et_pb_image src=&#8220;https:\/\/www.psv-wuppertal-leichtathletik.de\/wp-content\/uploads\/2023\/03\/IMG_7557-scaled.jpg&#8220; title_text=&#8220;IMG_7557&#8243; show_in_lightbox=&#8220;on&#8220; _builder_version=&#8220;4.19.4&#8243; _module_preset=&#8220;default&#8220; box_shadow_style=&#8220;preset1&#8243; global_colors_info=&#8220;{}&#8220;][\/et_pb_image][\/et_pb_column][et_pb_column type=&#8220;1_2&#8243; _builder_version=&#8220;4.19.4&#8243; _module_preset=&#8220;default&#8220; global_colors_info=&#8220;{}&#8220;][et_pb_image src=&#8220;https:\/\/www.psv-wuppertal-leichtathletik.de\/wp-content\/uploads\/2023\/03\/IMG_7584-scaled.jpg&#8220; title_text=&#8220;IMG_7584&#8243; show_in_lightbox=&#8220;on&#8220; _builder_version=&#8220;4.19.4&#8243; _module_preset=&#8220;default&#8220; box_shadow_style=&#8220;preset1&#8243; global_colors_info=&#8220;{}&#8220;][\/et_pb_image][\/et_pb_column][\/et_pb_row][et_pb_row column_structure=&#8220;1_2,1_2&#8243; _builder_version=&#8220;4.19.4&#8243; _module_preset=&#8220;default&#8220; global_colors_info=&#8220;{}&#8220;][et_pb_column type=&#8220;1_2&#8243; _builder_version=&#8220;4.19.4&#8243; _module_preset=&#8220;default&#8220; global_colors_info=&#8220;{}&#8220;][et_pb_image src=&#8220;https:\/\/www.psv-wuppertal-leichtathletik.de\/wp-content\/uploads\/2023\/03\/IMG_7589-576&#215;1024.jpg&#8220; title_text=&#8220;IMG_7589&#8243; show_in_lightbox=&#8220;on&#8220; _builder_version=&#8220;4.19.4&#8243; _module_preset=&#8220;default&#8220; box_shadow_style=&#8220;preset1&#8243; global_colors_info=&#8220;{}&#8220;][\/et_pb_image][\/et_pb_column][et_pb_column type=&#8220;1_2&#8243; _builder_version=&#8220;4.19.4&#8243; _module_preset=&#8220;default&#8220; global_colors_info=&#8220;{}&#8220;][et_pb_image src=&#8220;https:\/\/www.psv-wuppertal-leichtathletik.de\/wp-content\/uploads\/2023\/03\/IMG_7613-scaled-e1679827889122.jpg&#8220; title_text=&#8220;IMG_7613&#8243; show_in_lightbox=&#8220;on&#8220; _builder_version=&#8220;4.19.4&#8243; _module_preset=&#8220;default&#8220; box_shadow_style=&#8220;preset1&#8243; global_colors_info=&#8220;{}&#8220;][\/et_pb_image][\/et_pb_column][\/et_pb_row][et_pb_row column_structure=&#8220;1_2,1_2&#8243; _builder_version=&#8220;4.19.4&#8243; _module_preset=&#8220;default&#8220; global_colors_info=&#8220;{}&#8220;][et_pb_column type=&#8220;1_2&#8243; _builder_version=&#8220;4.19.4&#8243; _module_preset=&#8220;default&#8220; global_colors_info=&#8220;{}&#8220;][et_pb_image src=&#8220;https:\/\/www.psv-wuppertal-leichtathletik.de\/wp-content\/uploads\/2023\/03\/IMG_7639-scaled.jpg&#8220; title_text=&#8220;IMG_7639&#8243; show_in_lightbox=&#8220;on&#8220; _builder_version=&#8220;4.19.4&#8243; _module_preset=&#8220;default&#8220; box_shadow_style=&#8220;preset1&#8243; global_colors_info=&#8220;{}&#8220;][\/et_pb_image][\/et_pb_column][et_pb_column type=&#8220;1_2&#8243; _builder_version=&#8220;4.19.4&#8243; _module_preset=&#8220;default&#8220; global_colors_info=&#8220;{}&#8220;][et_pb_image src=&#8220;https:\/\/www.psv-wuppertal-leichtathletik.de\/wp-content\/uploads\/2023\/03\/IMG_7685-scaled.jpg&#8220; title_text=&#8220;IMG_7685&#8243; show_in_lightbox=&#8220;on&#8220; _builder_version=&#8220;4.19.4&#8243; _module_preset=&#8220;default&#8220; box_shadow_style=&#8220;preset1&#8243; global_colors_info=&#8220;{}&#8220;][\/et_pb_image][\/et_pb_column][\/et_pb_row][et_pb_row column_structure=&#8220;1_2,1_2&#8243; _builder_version=&#8220;4.19.4&#8243; _module_preset=&#8220;default&#8220; global_colors_info=&#8220;{}&#8220;][et_pb_column type=&#8220;1_2&#8243; _builder_version=&#8220;4.19.4&#8243; _module_preset=&#8220;default&#8220; global_colors_info=&#8220;{}&#8220;][et_pb_image src=&#8220;https:\/\/www.psv-wuppertal-leichtathletik.de\/wp-content\/uploads\/2023\/03\/IMG_7725-scaled.jpg&#8220; title_text=&#8220;IMG_7725&#8243; show_in_lightbox=&#8220;on&#8220; _builder_version=&#8220;4.19.4&#8243; _module_preset=&#8220;default&#8220; box_shadow_style=&#8220;preset1&#8243; global_colors_info=&#8220;{}&#8220;][\/et_pb_image][\/et_pb_column][et_pb_column type=&#8220;1_2&#8243; _builder_version=&#8220;4.19.4&#8243; _module_preset=&#8220;default&#8220; global_colors_info=&#8220;{}&#8220;][et_pb_image src=&#8220;https:\/\/www.psv-wuppertal-leichtathletik.de\/wp-content\/uploads\/2023\/03\/IMG_7727-scaled.jpeg&#8220; title_text=&#8220;IMG_7727&#8243; show_in_lightbox=&#8220;on&#8220; _builder_version=&#8220;4.19.4&#8243; _module_preset=&#8220;default&#8220; box_shadow_style=&#8220;preset1&#8243; global_colors_info=&#8220;{}&#8220;][\/et_pb_image][\/et_pb_column][\/et_pb_row][et_pb_row column_structure=&#8220;1_2,1_2&#8243; _builder_version=&#8220;4.19.4&#8243; _module_preset=&#8220;default&#8220; global_colors_info=&#8220;{}&#8220;][et_pb_column type=&#8220;1_2&#8243; _builder_version=&#8220;4.19.4&#8243; _module_preset=&#8220;default&#8220; global_colors_info=&#8220;{}&#8220;][et_pb_image src=&#8220;https:\/\/www.psv-wuppertal-leichtathletik.de\/wp-content\/uploads\/2023\/03\/IMG_7831-scaled.jpeg&#8220; title_text=&#8220;IMG_7831&#8243; show_in_lightbox=&#8220;on&#8220; _builder_version=&#8220;4.19.4&#8243; _module_preset=&#8220;default&#8220; box_shadow_style=&#8220;preset1&#8243; global_colors_info=&#8220;{}&#8220;][\/et_pb_image][\/et_pb_column][et_pb_column type=&#8220;1_2&#8243; _builder_version=&#8220;4.19.4&#8243; _module_preset=&#8220;default&#8220; global_colors_info=&#8220;{}&#8220;][et_pb_image src=&#8220;https:\/\/www.psv-wuppertal-leichtathletik.de\/wp-content\/uploads\/2023\/03\/c140cd94-f41b-4fdc-b14f-2772e6c33a5e.jpg&#8220; title_text=&#8220;c140cd94-f41b-4fdc-b14f-2772e6c33a5e&#8220; show_in_lightbox=&#8220;on&#8220; _builder_version=&#8220;4.19.4&#8243; _module_preset=&#8220;default&#8220; box_shadow_style=&#8220;preset1&#8243; global_colors_info=&#8220;{}&#8220;][\/et_pb_image][\/et_pb_column][\/et_pb_row][et_pb_row column_structure=&#8220;1_3,1_3,1_3&#8243; _builder_version=&#8220;4.19.4&#8243; _module_preset=&#8220;default&#8220; global_colors_info=&#8220;{}&#8220;][et_pb_column type=&#8220;1_3&#8243; _builder_version=&#8220;4.19.4&#8243; _module_preset=&#8220;default&#8220; global_colors_info=&#8220;{}&#8220;][et_pb_circle_counter title=&#8220;Eltern mit Paparazzitalent :)&#8220; number=&#8220;100&#8243; _builder_version=&#8220;4.19.4&#8243; _module_preset=&#8220;default&#8220; global_colors_info=&#8220;{}&#8220;][\/et_pb_circle_counter][\/et_pb_column][et_pb_column type=&#8220;1_3&#8243; _builder_version=&#8220;4.19.4&#8243; _module_preset=&#8220;default&#8220; global_colors_info=&#8220;{}&#8220;][et_pb_image src=&#8220;https:\/\/www.psv-wuppertal-leichtathletik.de\/wp-content\/uploads\/2023\/03\/1faf6b43-3d05-4a86-9414-89a0457e2a0e-1024&#215;768.jpg&#8220; title_text=&#8220;1faf6b43-3d05-4a86-9414-89a0457e2a0e&#8220; show_in_lightbox=&#8220;on&#8220; _builder_version=&#8220;4.19.4&#8243; _module_preset=&#8220;default&#8220; box_shadow_style=&#8220;preset1&#8243; global_colors_info=&#8220;{}&#8220;][\/et_pb_image][\/et_pb_column][et_pb_column type=&#8220;1_3&#8243; _builder_version=&#8220;4.19.4&#8243; _module_preset=&#8220;default&#8220; global_colors_info=&#8220;{}&#8220;][\/et_pb_column][\/et_pb_row][\/et_pb_section][et_pb_section fb_built=&#8220;1&#8243; fullwidth=&#8220;on&#8220; _builder_version=&#8220;4.19.4&#8243; _module_preset=&#8220;default&#8220; global_colors_info=&#8220;{}&#8220;][\/et_pb_section][et_pb_section fb_built=&#8220;1&#8243; fullwidth=&#8220;on&#8220; _builder_version=&#8220;4.19.4&#8243; _module_preset=&#8220;default&#8220; global_colors_info=&#8220;{}&#8220;][et_pb_fullwidth_code _builder_version=&#8220;4.19.4&#8243; _module_preset=&#8220;default&#8220; global_colors_info=&#8220;{}&#8220;]Die Bilder der Teams der U16, U14 und im Einzel folgen noch.[\/et_pb_fullwidth_code][et_pb_fullwidth_code _builder_version=&#8220;4.19.4&#8243; _module_preset=&#8220;default&#8220; global_colors_info=&#8220;{}&#8220;]Staffel der U12 im Team im Video :)[\/et_pb_fullwidth_code][et_pb_fullwidth_code _builder_version=&#8220;4.19.4&#8243; _module_preset=&#8220;default&#8220; global_colors_info=&#8220;{}&#8220;]\n<div class=\"wp-block-html5-player-parent\">\n<div data-video-id=\"\" class='wp-block-html5-player-video html5_video_players' class=\"wp-block-html5-player-video\" data-nonce=\"80a717a826\" data-attributes=\"{&quot;source&quot;:&quot;https:\\\/\\\/www.psv-wuppertal-leichtathletik.de\\\/wp-content\\\/uploads\\\/2023\\\/03\\\/20230325_Bottrop_Staffel_TeamU12.mp4&quot;,&quot;width&quot;:{&quot;number&quot;:61,&quot;unit&quot;:&quot;%&quot;},&quot;provider&quot;:&quot;self-hosted&quot;,&quot;imported&quot;:false,&quot;poster&quot;:&quot;&quot;,&quot;options&quot;:{&quot;controls&quot;:[&quot;play-large&quot;,&quot;play&quot;,&quot;progress&quot;,&quot;current-time&quot;,&quot;mute&quot;,&quot;volume&quot;,&quot;captions&quot;,&quot;settings&quot;,&quot;airplay&quot;,&quot;fullscreen&quot;],&quot;settings&quot;:[&quot;captions&quot;,&quot;quality&quot;,&quot;speed&quot;,&quot;loop&quot;],&quot;loadSprite&quot;:true,&quot;autoplay&quot;:false,&quot;playsinline&quot;:true,&quot;seekTime&quot;:10,&quot;volume&quot;:1,&quot;muted&quot;:false,&quot;hideControls&quot;:true,&quot;resetOnEnd&quot;:false,&quot;tooltips&quot;:{&quot;controls&quot;:true,&quot;seek&quot;:true},&quot;captions&quot;:{&quot;active&quot;:true,&quot;language&quot;:&quot;auto&quot;,&quot;update&quot;:true},&quot;ratio&quot;:null,&quot;storage&quot;:{&quot;enabled&quot;:true,&quot;key&quot;:&quot;plyr&quot;},&quot;speed&quot;:{&quot;options&quot;:[0.5,0.75,1,1.25,1.5,1.75,2,4]},&quot;loop&quot;:{&quot;active&quot;:false},&quot;ads&quot;:{&quot;enabled&quot;:true,&quot;tagUrl&quot;:null},&quot;urls&quot;:{&quot;enabled&quot;:false,&quot;download&quot;:null},&quot;markers&quot;:{&quot;enabled&quot;:false,&quot;points&quot;:[]},&quot;preload&quot;:&quot;metadata&quot;},&quot;features&quot;:{&quot;popup&quot;:{&quot;enabled&quot;:false,&quot;selector&quot;:null,&quot;hasBtn&quot;:false,&quot;type&quot;:&quot;button&quot;,&quot;btnText&quot;:&quot;Watch Video&quot;,&quot;align&quot;:&quot;center&quot;,&quot;btnStyle&quot;:{&quot;color&quot;:&quot;#fff&quot;,&quot;backgroundColor&quot;:&quot;#006BA1&quot;,&quot;fontSize&quot;:&quot;16px&quot;,&quot;padding&quot;:{&quot;top&quot;:&quot;10px&quot;,&quot;right&quot;:&quot;20px&quot;,&quot;bottom&quot;:&quot;10px&quot;,&quot;left&quot;:&quot;20px&quot;}},&quot;isTrigger&quot;:false},&quot;overlay&quot;:{&quot;enabled&quot;:false,&quot;items&quot;:[{&quot;color&quot;:&quot;#fff&quot;,&quot;backgroundColor&quot;:&quot;#333&quot;,&quot;fontSize&quot;:&quot;16px&quot;,&quot;link&quot;:&quot;&quot;,&quot;logo&quot;:&quot;&quot;,&quot;text&quot;:&quot;Simple Text&quot;,&quot;position&quot;:&quot;top_right&quot;,&quot;type&quot;:&quot;text&quot;,&quot;opacity&quot;:1}]},&quot;endScreen&quot;:{&quot;enabled&quot;:false,&quot;text&quot;:&quot;Simple Text&quot;,&quot;btnText&quot;:&quot;Visit&quot;,&quot;btnLink&quot;:&quot;&quot;,&quot;btnStyle&quot;:[]},&quot;thumbInPause&quot;:{&quot;enabled&quot;:false,&quot;type&quot;:&quot;default&quot;},&quot;watermark&quot;:{&quot;enabled&quot;:false,&quot;type&quot;:&quot;email&quot;,&quot;text&quot;:&quot;&quot;,&quot;color&quot;:&quot;#f00&quot;},&quot;passwordProtected&quot;:{&quot;enabled&quot;:false,&quot;errorMessage&quot;:&quot;Password didn&#039;t matched&quot;,&quot;heading&quot;:&quot;Please Entire the password to access the video&quot;,&quot;button&quot;:{&quot;text&quot;:&quot;Access&quot;,&quot;color&quot;:&quot;#222&quot;,&quot;backgroundColor&quot;:&quot;#ffffffe3&quot;},&quot;password&quot;:null},&quot;sticky&quot;:{&quot;enabled&quot;:false,&quot;position&quot;:&quot;top_right&quot;},&quot;playWhenVisible&quot;:false,&quot;disablePause&quot;:false,&quot;hideYoutubeUI&quot;:false,&quot;startTime&quot;:null,&quot;hideLoadingPlaceholder&quot;:false,&quot;saveState&quot;:false},&quot;onlyLoggedIn&quot;:{&quot;whoCanSeeThisVideo&quot;:&quot;everyone&quot;,&quot;allowedRoles&quot;:[],&quot;message&quot;:&quot;This video is only for registered users. Please login to watch the video.&quot;},&quot;seo&quot;:{&quot;title&quot;:&quot;&quot;,&quot;description&quot;:&quot;&quot;,&quot;duration&quot;:&quot;&quot;},&quot;quality&quot;:[],&quot;subtitle&quot;:[{&quot;label&quot;:&quot;English\\\/en&quot;,&quot;caption_file&quot;:&quot;&quot;}],&quot;thumbInPause&quot;:false,&quot;hideYoutubeUI&quot;:false,&quot;autoplayWhenVisible&quot;:false,&quot;styles&quot;:{&quot;plyr_wrapper&quot;:{&quot;width&quot;:&quot;100%&quot;,&quot;borderRadius&quot;:&quot;0px&quot;,&quot;overflow&quot;:&quot;hidden&quot;},&quot;.plyr&quot;:{&quot;--plyr-color-main&quot;:&quot;#00b2ff&quot;}},&quot;CSS&quot;:&quot;&quot;,&quot;isCDURL&quot;:false,&quot;posterTime&quot;:20,&quot;chapters&quot;:[],&quot;controls&quot;:{&quot;play-large&quot;:true,&quot;restart&quot;:false,&quot;rewind&quot;:false,&quot;play&quot;:true,&quot;fast-forward&quot;:false,&quot;progress&quot;:true,&quot;current-time&quot;:true,&quot;duration&quot;:false,&quot;mute&quot;:true,&quot;volume&quot;:true,&quot;pip&quot;:false,&quot;airplay&quot;:false,&quot;settings&quot;:true,&quot;downlaod&quot;:false,&quot;fullscreen&quot;:true},&quot;brandColor&quot;:&quot;#00B3FF&quot;,&quot;radius&quot;:{&quot;number&quot;:0,&quot;unit&quot;:&quot;px&quot;},&quot;repeat&quot;:false,&quot;autoplay&quot;:false,&quot;muted&quot;:false,&quot;sticky&quot;:false,&quot;stickyPosition&quot;:&quot;top-right&quot;,&quot;popup&quot;:false,&quot;popupType&quot;:&quot;button&quot;,&quot;playsinline&quot;:false,&quot;popupBtnStyle&quot;:{&quot;color&quot;:&quot;#fff&quot;,&quot;backgroundColor&quot;:&quot;#006BA1&quot;,&quot;fontSize&quot;:&quot;16px&quot;,&quot;padding&quot;:{&quot;top&quot;:&quot;10px&quot;,&quot;right&quot;:&quot;20px&quot;,&quot;bottom&quot;:&quot;10px&quot;,&quot;left&quot;:&quot;20px&quot;},&quot;align&quot;:&quot;center&quot;},&quot;popupBtnText&quot;:&quot;Watch Video&quot;,&quot;disablePause&quot;:false,&quot;thumbStyle&quot;:&quot;default&quot;,&quot;resetOnEnd&quot;:false,&quot;autoHideControl&quot;:true,&quot;protected&quot;:false,&quot;protectedText&quot;:&quot;Please enter password to wath the video&quot;,&quot;seekTime&quot;:10,&quot;startTime&quot;:0,&quot;preload&quot;:&quot;metadata&quot;,&quot;overlay&quot;:false,&quot;overlayPosition&quot;:&quot;top_right&quot;,&quot;overlayBackground&quot;:&quot;#333&quot;,&quot;overlayOpacity&quot;:0.8,&quot;overlayTextColor&quot;:&quot;#ffffff&quot;,&quot;overlayFontSize&quot;:{&quot;number&quot;:20,&quot;unit&quot;:&quot;px&quot;},&quot;overlayTextHoverColor&quot;:&quot;#ffffff&quot;,&quot;endScreen&quot;:{&quot;enabled&quot;:false,&quot;text&quot;:&quot;Simple Text&quot;,&quot;btnText&quot;:&quot;Watch Again&quot;,&quot;btnLink&quot;:&quot;&quot;,&quot;btnStyle&quot;:[]},&quot;endscreen&quot;:false,&quot;endscreenText&quot;:&quot;Endscreen text&quot;,&quot;endscreenTextLink&quot;:&quot;#&quot;,&quot;streaming&quot;:false,&quot;streamingType&quot;:&quot;hls&quot;,&quot;speed&quot;:{&quot;1&quot;:true,&quot;2&quot;:true,&quot;3&quot;:true,&quot;0.5&quot;:true,&quot;0.75&quot;:true,&quot;1.25&quot;:true,&quot;1.5&quot;:true,&quot;1.75&quot;:true,&quot;2.5&quot;:true},&quot;captionEnabled&quot;:false,&quot;saveState&quot;:false}\" >\n    <style>\n        .preload_poster svg {background: var(--plyr-video-control-background-hover, var(--plyr-color-main, var(--plyr-color-main, #1ABAFF)));border: 0;border-radius: 100%;left: 50%;opacity: .9;padding: calc(var(--plyr-control-spacing, 8px) * 1.5);position: absolute;top: 50%;transform: translate(-50%, -50%);transition: .3s;z-index: 2;box-sizing: content-box;fill: #fff;}\n        .preload_poster {display: block}\n    <\/style>\n    <div class=\"preload_poster\" style=\"overflow:hidden;aspect-ratio:16\/9;background-image:url()\">\n        <svg width=\"24px\" height=\"24px\" viewBox=\"0 0 15 15\" fill=\"none\" xmlns=\"http:\/\/www.w3.org\/2000\/svg\">\n            <path d=\"M4.79062 2.09314C4.63821 1.98427 4.43774 1.96972 4.27121 2.05542C4.10467 2.14112 4 2.31271 4 2.5V12.5C4 12.6873 4.10467 12.8589 4.27121 12.9446C4.43774 13.0303 4.63821 13.0157 4.79062 12.9069L11.7906 7.90687C11.922 7.81301 12 7.66148 12 7.5C12 7.33853 11.922 7.18699 11.7906 7.09314L4.79062 2.09314Z\" \/>\n        <\/svg>\n    <\/div>\n<\/div>\n\n<\/div>\n[\/et_pb_fullwidth_code][\/et_pb_section][et_pb_section fb_built=&#8220;1&#8243; _builder_version=&#8220;4.19.4&#8243; _module_preset=&#8220;default&#8220; global_colors_info=&#8220;{}&#8220;][\/et_pb_section]<\/p>\n","protected":false},"excerpt":{"rendered":"<p>Bottrop Staffellauf Bei mehr schlecht als rechtem Wetter waren wir am Samstag zu Gast beim LC Bottrop. Die Athleten waren bereit f\u00fcr den Wettkampf auf dem ausserordentlich sch\u00f6nen Gel\u00e4nde des LC. Den Start machte unser Team der U12 auf 6x800m. Dabei konnte der PSV von Anfang an im Kampf mit dem LC Bottrop schnell absetzen [&hellip;]<\/p>\n","protected":false},"author":1,"featured_media":2674,"comment_status":"closed","ping_status":"closed","sticky":false,"template":"","format":"standard","meta":{"_et_pb_use_builder":"on","_et_pb_old_content":"","_et_gb_content_width":"","footnotes":""},"categories":[1],"tags":[],"class_list":["post-2658","post","type-post","status-publish","format-standard","has-post-thumbnail","hentry","category-uncategorized"],"featured_media_urls":{"thumbnail":["https:\/\/www.psv-wuppertal-leichtathletik.de\/wp-content\/uploads\/2023\/03\/IMG_7831-150x150.jpeg",150,150,true],"medium":["https:\/\/www.psv-wuppertal-leichtathletik.de\/wp-content\/uploads\/2023\/03\/IMG_7831-300x225.jpeg",300,225,true],"medium_large":["https:\/\/www.psv-wuppertal-leichtathletik.de\/wp-content\/uploads\/2023\/03\/IMG_7831-768x576.jpeg",768,576,true],"large":["https:\/\/www.psv-wuppertal-leichtathletik.de\/wp-content\/uploads\/2023\/03\/IMG_7831-1024x768.jpeg",1024,768,true],"1536x1536":["https:\/\/www.psv-wuppertal-leichtathletik.de\/wp-content\/uploads\/2023\/03\/IMG_7831-1536x1152.jpeg",1536,1152,true],"2048x2048":["https:\/\/www.psv-wuppertal-leichtathletik.de\/wp-content\/uploads\/2023\/03\/IMG_7831-2048x1536.jpeg",2048,1536,true],"et-pb-post-main-image":["https:\/\/www.psv-wuppertal-leichtathletik.de\/wp-content\/uploads\/2023\/03\/IMG_7831-400x250.jpeg",400,250,true],"et-pb-post-main-image-fullwidth":["https:\/\/www.psv-wuppertal-leichtathletik.de\/wp-content\/uploads\/2023\/03\/IMG_7831-1080x675.jpeg",1080,675,true],"et-pb-portfolio-image":["https:\/\/www.psv-wuppertal-leichtathletik.de\/wp-content\/uploads\/2023\/03\/IMG_7831-400x284.jpeg",400,284,true],"et-pb-portfolio-module-image":["https:\/\/www.psv-wuppertal-leichtathletik.de\/wp-content\/uploads\/2023\/03\/IMG_7831-510x382.jpeg",510,382,true],"et-pb-portfolio-image-single":["https:\/\/www.psv-wuppertal-leichtathletik.de\/wp-content\/uploads\/2023\/03\/IMG_7831-1080x810.jpeg",1080,810,true],"et-pb-gallery-module-image-portrait":["https:\/\/www.psv-wuppertal-leichtathletik.de\/wp-content\/uploads\/2023\/03\/IMG_7831-400x516.jpeg",400,516,true],"et-pb-post-main-image-fullwidth-large":["https:\/\/www.psv-wuppertal-leichtathletik.de\/wp-content\/uploads\/2023\/03\/IMG_7831-2880x1800.jpeg",2880,1800,true],"et-pb-image--responsive--desktop":["https:\/\/www.psv-wuppertal-leichtathletik.de\/wp-content\/uploads\/2023\/03\/IMG_7831-1280x960.jpeg",960,720,true],"et-pb-image--responsive--tablet":["https:\/\/www.psv-wuppertal-leichtathletik.de\/wp-content\/uploads\/2023\/03\/IMG_7831-980x735.jpeg",735,551,true],"et-pb-image--responsive--phone":["https:\/\/www.psv-wuppertal-leichtathletik.de\/wp-content\/uploads\/2023\/03\/IMG_7831-480x360.jpeg",360,270,true],"portfolio_item-thumbnail":["https:\/\/www.psv-wuppertal-leichtathletik.de\/wp-content\/uploads\/2023\/03\/IMG_7831-600x400.jpeg",600,400,true],"portfolio_item-thumbnail@2x":["https:\/\/www.psv-wuppertal-leichtathletik.de\/wp-content\/uploads\/2023\/03\/IMG_7831-scaled.jpeg",1067,800,false],"portfolio_item-masonry":["https:\/\/www.psv-wuppertal-leichtathletik.de\/wp-content\/uploads\/2023\/03\/IMG_7831-600x450.jpeg",600,450,true],"portfolio_item-masonry@2x":["https:\/\/www.psv-wuppertal-leichtathletik.de\/wp-content\/uploads\/2023\/03\/IMG_7831-scaled.jpeg",1200,900,false],"portfolio_item-thumbnail_cinema":["https:\/\/www.psv-wuppertal-leichtathletik.de\/wp-content\/uploads\/2023\/03\/IMG_7831-800x335.jpeg",800,335,true],"portfolio_item-thumbnail_portrait":["https:\/\/www.psv-wuppertal-leichtathletik.de\/wp-content\/uploads\/2023\/03\/IMG_7831-600x900.jpeg",600,900,true],"portfolio_item-thumbnail_portrait@2x":["https:\/\/www.psv-wuppertal-leichtathletik.de\/wp-content\/uploads\/2023\/03\/IMG_7831-scaled.jpeg",1200,900,false],"portfolio_item-thumbnail_square":["https:\/\/www.psv-wuppertal-leichtathletik.de\/wp-content\/uploads\/2023\/03\/IMG_7831-800x800.jpeg",800,800,true]},"_links":{"self":[{"href":"https:\/\/www.psv-wuppertal-leichtathletik.de\/index.php?rest_route=\/wp\/v2\/posts\/2658","targetHints":{"allow":["GET"]}}],"collection":[{"href":"https:\/\/www.psv-wuppertal-leichtathletik.de\/index.php?rest_route=\/wp\/v2\/posts"}],"about":[{"href":"https:\/\/www.psv-wuppertal-leichtathletik.de\/index.php?rest_route=\/wp\/v2\/types\/post"}],"author":[{"embeddable":true,"href":"https:\/\/www.psv-wuppertal-leichtathletik.de\/index.php?rest_route=\/wp\/v2\/users\/1"}],"replies":[{"embeddable":true,"href":"https:\/\/www.psv-wuppertal-leichtathletik.de\/index.php?rest_route=%2Fwp%2Fv2%2Fcomments&post=2658"}],"version-history":[{"count":20,"href":"https:\/\/www.psv-wuppertal-leichtathletik.de\/index.php?rest_route=\/wp\/v2\/posts\/2658\/revisions"}],"predecessor-version":[{"id":2747,"href":"https:\/\/www.psv-wuppertal-leichtathletik.de\/index.php?rest_route=\/wp\/v2\/posts\/2658\/revisions\/2747"}],"wp:featuredmedia":[{"embeddable":true,"href":"https:\/\/www.psv-wuppertal-leichtathletik.de\/index.php?rest_route=\/wp\/v2\/media\/2674"}],"wp:attachment":[{"href":"https:\/\/www.psv-wuppertal-leichtathletik.de\/index.php?rest_route=%2Fwp%2Fv2%2Fmedia&parent=2658"}],"wp:term":[{"taxonomy":"category","embeddable":true,"href":"https:\/\/www.psv-wuppertal-leichtathletik.de\/index.php?rest_route=%2Fwp%2Fv2%2Fcategories&post=2658"},{"taxonomy":"post_tag","embeddable":true,"href":"https:\/\/www.psv-wuppertal-leichtathletik.de\/index.php?rest_route=%2Fwp%2Fv2%2Ftags&post=2658"}],"curies":[{"name":"wp","href":"https:\/\/api.w.org\/{rel}","templated":true}]}}