{"id":2835,"date":"2023-04-30T11:37:11","date_gmt":"2023-04-30T11:37:11","guid":{"rendered":"https:\/\/www.psv-wuppertal-leichtathletik.de\/?p=2835"},"modified":"2023-05-01T08:57:04","modified_gmt":"2023-05-01T08:57:04","slug":"18-kinderleichtathletiksportfest-u-8-u-10-bericht","status":"publish","type":"post","link":"https:\/\/www.psv-wuppertal-leichtathletik.de\/?p=2835","title":{"rendered":"18. Kinderleichtathletiksportfest\u00a0 U 8 \/ U 10 &#8211; Bericht"},"content":{"rendered":"<p>[et_pb_section fb_built=&#8220;1&#8243; admin_label=&#8220;Coaches&#8220; _builder_version=&#8220;4.16&#8243; _module_preset=&#8220;default&#8220; custom_padding=&#8220;13px|||||&#8220; global_colors_info=&#8220;{}&#8220;][et_pb_row _builder_version=&#8220;4.19.4&#8243; _module_preset=&#8220;default&#8220; custom_padding=&#8220;||27px|||&#8220; locked=&#8220;off&#8220; global_colors_info=&#8220;{}&#8220;][et_pb_column type=&#8220;4_4&#8243; _builder_version=&#8220;4.16&#8243; _module_preset=&#8220;default&#8220; global_colors_info=&#8220;{}&#8220;][et_pb_text _builder_version=&#8220;4.20.4&#8243; _module_preset=&#8220;default&#8220; custom_padding=&#8220;0px|||||&#8220; hover_enabled=&#8220;0&#8243; global_colors_info=&#8220;{}&#8220; sticky_enabled=&#8220;0&#8243;]<\/p>\n<div class=\"flex flex-grow flex-col gap-3\">\n<div class=\"min-h-[20px] flex flex-col items-start gap-4 whitespace-pre-wrap break-words\">\n<div class=\"markdown prose w-full break-words dark:prose-invert light\">\n<p><text x=\"-9999\" y=\"-9999\"><\/text><span class=\"flex-grow flex-shrink-0\"><\/span><\/p>\n<div class=\"flex flex-grow flex-col gap-3\">\n<div class=\"min-h-[20px] flex flex-col items-start gap-4 whitespace-pre-wrap break-words\">\n<div class=\"markdown prose w-full break-words dark:prose-invert light\">\n<p>Am vergangenen Samstag, den 26. April, k\u00e4mpften auf der Herbert-Schade-Sportanlage in Solingen 12 Mannschaften bei tr\u00fcbem Wetter und dunklen Wolken um den Sieg beim Kinderleichtathletik-Wettkampf. Unsere junge und noch wettkampfunerfahrene Mannschaft zeigte trotzdem eine starke Leistung im Wurf und Sprint. Beim Hochweitsprung und Stadion Crosslauf gibt es noch Raum f\u00fcr Verbesserungen. Leider konnte Julian van Look aufgrund von Krankheit nicht teilnehmen, was eine gro\u00dfe Verst\u00e4rkung f\u00fcr das Team gewesen w\u00e4re.<\/p>\n<p>Die Disziplinen des Wettkampfs umfassten Weitwurf, Hochsprung, Sprint \u00fcber 30 m und einen anspruchsvollen Crosslauf. Die Freude war gro\u00df, als bei der Siegerehrung bekannt wurde, dass unsere Mannschaft trotz starker Konkurrenz einen tollen 4. Platz erzielen konnte.<\/p>\n<p>F\u00fcr die erfolgreiche U8 des PSV gingen Simon Schwedler, Henriette Leister, Elisha u. Eliora Osemwengie, Whitney Eighbokan, Andrey u. Paul Weimer, Henri Weck, Greta Jansen, Mykola Bilytskyi und unser Neth\u00e4ckchen, Luiza Emilia Fryziel, an den Start. F\u00fcr drei Kinder war es der erste und f\u00fcr alle anderen, au\u00dfer der erfahrenen Greta, der zweite Wettkampf.<\/p>\n<p>F\u00fcr unsere U10 gingen Anton Bremer, Josefine Cichon, Sofie Eckhoff, Jakob Eickelberg, Marie Jansen, Clara Sophie Levering, Pia Meier, Clemens Pohl, Joshua Radtke, Nico Schauer und Jona Schwedler an den Start. Trotz des schlechten Wetters gaben die jungen Athletinnen und Athleten der U10-Mannschaft alles. Besonders beeindruckend waren die Leistungen im 40m Sprint, wo die PSV-Athleten eine starke Zeit erzielten und nur knapp hinter dem Team aus Solingen landeten. Beim Hochweitsprung zeigte sich, dass noch Luft nach oben vorhanden ist, aber im Drehwurf konnten die PSV&#8217;ler wieder punkten und sicherte sich einen guten Platz im Mittelfeld.<\/p>\n<div class=\"flex flex-grow flex-col gap-3\">\n<div class=\"min-h-[20px] flex flex-col items-start gap-4 whitespace-pre-wrap break-words\">\n<div class=\"markdown prose w-full break-words dark:prose-invert light\">\n<p>Der kr\u00e4ftezehrende Stadioncrosslauf war die letzte Disziplin und entschied \u00fcber die Platzierungen. Hier zeigten die jungen Athletinnen und Athleten noch einmal ihre Ausdauer und Willensst\u00e4rke, um das Rennen zu beenden. Am Ende reichte es f\u00fcr die PSV-Mannschaft zu einem tollen zweiten Platz, den sie gemeinsam mit dem Team aus Ratingen erreichten. Der Sieg ging dieses Mal an den Gastgeber Solinger LC, der sich gegen\u00fcber dem letzten Wettkampf steigern konnte.<\/p>\n<p>Trotz des verpassten Sieges war die Stimmung in der Mannschaft gut und die PSV-Athleten waren stolz auf ihre Leistung. Der n\u00e4chste Wettkampf steht schon in wenigen Wochen an, bei den Stadtmeisterschaften f\u00fcr die U8 und U10 auf der Oberbergischen Stra\u00dfe. Dort wollen die jungen Athletinnen und Athleten wieder ihr K\u00f6nnen unter Beweis stellen und um die begehrten Titel k\u00e4mpfen.<\/p>\n<\/div>\n<\/div>\n<\/div>\n<p>Der Kila-Wettkampf wurde vom Solinger SC ausgerichtet und bot den jungen Athletinnen und Athleten die M\u00f6glichkeit, ihr K\u00f6nnen unter Beweis zu stellen. Wir bedanken uns herzlich bei den Veranstaltern und Ausrichtern f\u00fcr ihre hervorragende Arbeit und Unterst\u00fctzung.<\/p>\n<p>Dieser Wettkampf zeigt, dass junge Talente in der Leichtathletik-Szene gro\u00dfartige Leistungen erbringen k\u00f6nnen. Der n\u00e4chste Wettkampf steht bereits bevor: am 13.05.23 finden auf der Oberbergischen Stra\u00dfe die Stadtmeisterschaften f\u00fcr die U8 und U10 statt. Wir sind gespannt auf die kommenden Herausforderungen und freuen uns darauf, unsere jungen Athletinnen und Athleten erneut anzufeuern.<\/p>\n<\/div>\n<\/div>\n<\/div>\n<\/div>\n<\/div>\n<\/div>\n<p>[\/et_pb_text][\/et_pb_column][\/et_pb_row][et_pb_row column_structure=&#8220;1_2,1_2&#8243; _builder_version=&#8220;4.19.4&#8243; _module_preset=&#8220;default&#8220; global_colors_info=&#8220;{}&#8220;][et_pb_column type=&#8220;1_2&#8243; _builder_version=&#8220;4.19.4&#8243; _module_preset=&#8220;default&#8220; global_colors_info=&#8220;{}&#8220;][et_pb_image src=&#8220;https:\/\/www.psv-wuppertal-leichtathletik.de\/wp-content\/uploads\/2023\/04\/IMG_8943-scaled.jpg&#8220; title_text=&#8220;IMG_8943&#8243; show_in_lightbox=&#8220;on&#8220; _builder_version=&#8220;4.20.4&#8243; _module_preset=&#8220;default&#8220; box_shadow_style=&#8220;preset1&#8243; global_colors_info=&#8220;{}&#8220;][\/et_pb_image][\/et_pb_column][et_pb_column type=&#8220;1_2&#8243; _builder_version=&#8220;4.19.4&#8243; _module_preset=&#8220;default&#8220; global_colors_info=&#8220;{}&#8220;][et_pb_image src=&#8220;https:\/\/www.psv-wuppertal-leichtathletik.de\/wp-content\/uploads\/2023\/04\/IMG_8941-scaled.jpg&#8220; title_text=&#8220;IMG_8941&#8243; show_in_lightbox=&#8220;on&#8220; _builder_version=&#8220;4.20.4&#8243; _module_preset=&#8220;default&#8220; box_shadow_style=&#8220;preset1&#8243; global_colors_info=&#8220;{}&#8220;][\/et_pb_image][\/et_pb_column][\/et_pb_row][et_pb_row column_structure=&#8220;1_2,1_2&#8243; _builder_version=&#8220;4.19.4&#8243; _module_preset=&#8220;default&#8220; global_colors_info=&#8220;{}&#8220;][et_pb_column type=&#8220;1_2&#8243; _builder_version=&#8220;4.19.4&#8243; _module_preset=&#8220;default&#8220; global_colors_info=&#8220;{}&#8220;][et_pb_image src=&#8220;https:\/\/www.psv-wuppertal-leichtathletik.de\/wp-content\/uploads\/2023\/04\/IMG_8945-scaled.jpg&#8220; title_text=&#8220;IMG_8945&#8243; show_in_lightbox=&#8220;on&#8220; _builder_version=&#8220;4.20.4&#8243; _module_preset=&#8220;default&#8220; box_shadow_style=&#8220;preset1&#8243; global_colors_info=&#8220;{}&#8220;][\/et_pb_image][\/et_pb_column][et_pb_column type=&#8220;1_2&#8243; _builder_version=&#8220;4.19.4&#8243; _module_preset=&#8220;default&#8220; global_colors_info=&#8220;{}&#8220;][et_pb_image src=&#8220;https:\/\/www.psv-wuppertal-leichtathletik.de\/wp-content\/uploads\/2023\/04\/IMG_8946-scaled.jpg&#8220; title_text=&#8220;IMG_8946&#8243; show_in_lightbox=&#8220;on&#8220; _builder_version=&#8220;4.20.4&#8243; _module_preset=&#8220;default&#8220; box_shadow_style=&#8220;preset1&#8243; global_colors_info=&#8220;{}&#8220;][\/et_pb_image][\/et_pb_column][\/et_pb_row][et_pb_row column_structure=&#8220;1_2,1_2&#8243; _builder_version=&#8220;4.19.4&#8243; _module_preset=&#8220;default&#8220; global_colors_info=&#8220;{}&#8220;][et_pb_column type=&#8220;1_2&#8243; _builder_version=&#8220;4.19.4&#8243; _module_preset=&#8220;default&#8220; global_colors_info=&#8220;{}&#8220;][et_pb_image src=&#8220;https:\/\/www.psv-wuppertal-leichtathletik.de\/wp-content\/uploads\/2023\/04\/IMG_8948-scaled.jpg&#8220; title_text=&#8220;IMG_8948&#8243; show_in_lightbox=&#8220;on&#8220; _builder_version=&#8220;4.20.4&#8243; _module_preset=&#8220;default&#8220; box_shadow_style=&#8220;preset1&#8243; global_colors_info=&#8220;{}&#8220;][\/et_pb_image][\/et_pb_column][et_pb_column type=&#8220;1_2&#8243; _builder_version=&#8220;4.19.4&#8243; _module_preset=&#8220;default&#8220; global_colors_info=&#8220;{}&#8220;][et_pb_image src=&#8220;https:\/\/www.psv-wuppertal-leichtathletik.de\/wp-content\/uploads\/2023\/04\/IMG_8952-scaled.jpeg&#8220; title_text=&#8220;IMG_8952&#8243; show_in_lightbox=&#8220;on&#8220; _builder_version=&#8220;4.20.4&#8243; _module_preset=&#8220;default&#8220; box_shadow_style=&#8220;preset1&#8243; global_colors_info=&#8220;{}&#8220;][\/et_pb_image][\/et_pb_column][\/et_pb_row][et_pb_row _builder_version=&#8220;4.19.4&#8243; _module_preset=&#8220;default&#8220; global_colors_info=&#8220;{}&#8220;][et_pb_column type=&#8220;4_4&#8243; _builder_version=&#8220;4.19.4&#8243; _module_preset=&#8220;default&#8220; global_colors_info=&#8220;{}&#8220;][et_pb_image src=&#8220;https:\/\/www.psv-wuppertal-leichtathletik.de\/wp-content\/uploads\/2023\/04\/d50100e4-b1b5-449e-94e7-983ef2b2e456.jpg&#8220; title_text=&#8220;d50100e4-b1b5-449e-94e7-983ef2b2e456&#8243; show_in_lightbox=&#8220;on&#8220; _builder_version=&#8220;4.20.4&#8243; _module_preset=&#8220;default&#8220; box_shadow_style=&#8220;preset1&#8243; global_colors_info=&#8220;{}&#8220;][\/et_pb_image][\/et_pb_column][\/et_pb_row][et_pb_row column_structure=&#8220;1_2,1_2&#8243; _builder_version=&#8220;4.19.4&#8243; _module_preset=&#8220;default&#8220; global_colors_info=&#8220;{}&#8220;][et_pb_column type=&#8220;1_2&#8243; _builder_version=&#8220;4.19.4&#8243; _module_preset=&#8220;default&#8220; global_colors_info=&#8220;{}&#8220;][et_pb_image src=&#8220;https:\/\/www.psv-wuppertal-leichtathletik.de\/wp-content\/uploads\/2023\/04\/076ddf6c-aba7-4f24-96c4-e55d7a96ba55.jpg&#8220; title_text=&#8220;076ddf6c-aba7-4f24-96c4-e55d7a96ba55&#8243; show_in_lightbox=&#8220;on&#8220; _builder_version=&#8220;4.20.4&#8243; _module_preset=&#8220;default&#8220; box_shadow_style=&#8220;preset1&#8243; global_colors_info=&#8220;{}&#8220;][\/et_pb_image][\/et_pb_column][et_pb_column type=&#8220;1_2&#8243; _builder_version=&#8220;4.19.4&#8243; _module_preset=&#8220;default&#8220; global_colors_info=&#8220;{}&#8220;][et_pb_image src=&#8220;https:\/\/www.psv-wuppertal-leichtathletik.de\/wp-content\/uploads\/2023\/04\/22ca29d7-3b69-4fd5-8a01-1108760b24b1.jpg&#8220; title_text=&#8220;22ca29d7-3b69-4fd5-8a01-1108760b24b1&#8243; show_in_lightbox=&#8220;on&#8220; _builder_version=&#8220;4.20.4&#8243; _module_preset=&#8220;default&#8220; box_shadow_style=&#8220;preset1&#8243; global_colors_info=&#8220;{}&#8220;][\/et_pb_image][\/et_pb_column][\/et_pb_row][et_pb_row column_structure=&#8220;1_2,1_2&#8243; _builder_version=&#8220;4.19.4&#8243; _module_preset=&#8220;default&#8220; global_colors_info=&#8220;{}&#8220;][et_pb_column type=&#8220;1_2&#8243; _builder_version=&#8220;4.19.4&#8243; _module_preset=&#8220;default&#8220; global_colors_info=&#8220;{}&#8220;][et_pb_image src=&#8220;https:\/\/www.psv-wuppertal-leichtathletik.de\/wp-content\/uploads\/2023\/04\/39adf7cb-c257-4f66-802d-0dcd061fdba9.jpg&#8220; title_text=&#8220;39adf7cb-c257-4f66-802d-0dcd061fdba9&#8243; show_in_lightbox=&#8220;on&#8220; _builder_version=&#8220;4.20.4&#8243; _module_preset=&#8220;default&#8220; box_shadow_style=&#8220;preset1&#8243; global_colors_info=&#8220;{}&#8220;][\/et_pb_image][\/et_pb_column][et_pb_column type=&#8220;1_2&#8243; _builder_version=&#8220;4.19.4&#8243; _module_preset=&#8220;default&#8220; global_colors_info=&#8220;{}&#8220;][et_pb_image src=&#8220;https:\/\/www.psv-wuppertal-leichtathletik.de\/wp-content\/uploads\/2023\/04\/477a006a-be66-4b36-a1fb-46cfc1bc9690-1.jpg&#8220; title_text=&#8220;477a006a-be66-4b36-a1fb-46cfc1bc9690-1&#8243; show_in_lightbox=&#8220;on&#8220; _builder_version=&#8220;4.20.4&#8243; _module_preset=&#8220;default&#8220; box_shadow_style=&#8220;preset1&#8243; global_colors_info=&#8220;{}&#8220;][\/et_pb_image][\/et_pb_column][\/et_pb_row][et_pb_row column_structure=&#8220;1_2,1_2&#8243; _builder_version=&#8220;4.19.4&#8243; _module_preset=&#8220;default&#8220; global_colors_info=&#8220;{}&#8220;][et_pb_column type=&#8220;1_2&#8243; _builder_version=&#8220;4.19.4&#8243; _module_preset=&#8220;default&#8220; global_colors_info=&#8220;{}&#8220;][et_pb_image src=&#8220;https:\/\/www.psv-wuppertal-leichtathletik.de\/wp-content\/uploads\/2023\/05\/PXL_20230429_102838472.MP_-scaled.jpg&#8220; title_text=&#8220;PXL_20230429_102838472.MP&#8220; show_in_lightbox=&#8220;on&#8220; _builder_version=&#8220;4.20.4&#8243; _module_preset=&#8220;default&#8220; hover_enabled=&#8220;0&#8243; box_shadow_style=&#8220;preset1&#8243; global_colors_info=&#8220;{}&#8220; sticky_enabled=&#8220;0&#8243;][\/et_pb_image][\/et_pb_column][et_pb_column type=&#8220;1_2&#8243; _builder_version=&#8220;4.19.4&#8243; _module_preset=&#8220;default&#8220; global_colors_info=&#8220;{}&#8220;][et_pb_image src=&#8220;https:\/\/www.psv-wuppertal-leichtathletik.de\/wp-content\/uploads\/2023\/05\/PXL_20230429_115113270-scaled.jpg&#8220; title_text=&#8220;PXL_20230429_115113270&#8243; show_in_lightbox=&#8220;on&#8220; _builder_version=&#8220;4.20.4&#8243; _module_preset=&#8220;default&#8220; hover_enabled=&#8220;0&#8243; box_shadow_style=&#8220;preset1&#8243; global_colors_info=&#8220;{}&#8220; sticky_enabled=&#8220;0&#8243;][\/et_pb_image][\/et_pb_column][\/et_pb_row][et_pb_row _builder_version=&#8220;4.20.4&#8243; _module_preset=&#8220;default&#8220; global_colors_info=&#8220;{}&#8220;][et_pb_column type=&#8220;4_4&#8243; _builder_version=&#8220;4.20.4&#8243; _module_preset=&#8220;default&#8220; global_colors_info=&#8220;{}&#8220;][et_pb_icon font_icon=&#8220;&#xf5a2;||fa||900&#8243; _builder_version=&#8220;4.20.4&#8243; _module_preset=&#8220;default&#8220; global_colors_info=&#8220;{}&#8220;][\/et_pb_icon][et_pb_text _builder_version=&#8220;4.20.4&#8243; _module_preset=&#8220;default&#8220; global_colors_info=&#8220;{}&#8220;]<\/p>\n<h1 style=\"text-align: center;\">U8 PLATZ 4<\/h1>\n<p>[\/et_pb_text][\/et_pb_column][\/et_pb_row][et_pb_row _builder_version=&#8220;4.19.4&#8243; _module_preset=&#8220;default&#8220; global_colors_info=&#8220;{}&#8220;][et_pb_column type=&#8220;4_4&#8243; _builder_version=&#8220;4.19.4&#8243; _module_preset=&#8220;default&#8220; global_colors_info=&#8220;{}&#8220;][et_pb_image src=&#8220;https:\/\/www.psv-wuppertal-leichtathletik.de\/wp-content\/uploads\/2023\/05\/PXL_20230429_115400724.MP2_-scaled.jpg&#8220; title_text=&#8220;PXL_20230429_115400724.MP~2&#8243; show_in_lightbox=&#8220;on&#8220; _builder_version=&#8220;4.20.4&#8243; _module_preset=&#8220;default&#8220; hover_enabled=&#8220;0&#8243; box_shadow_style=&#8220;preset1&#8243; global_colors_info=&#8220;{}&#8220; sticky_enabled=&#8220;0&#8243;][\/et_pb_image][et_pb_icon font_icon=&#8220;&#xf5a2;||fa||900&#8243; _builder_version=&#8220;4.20.4&#8243; _module_preset=&#8220;default&#8220; global_colors_info=&#8220;{}&#8220;][\/et_pb_icon][et_pb_text _builder_version=&#8220;4.20.4&#8243; _module_preset=&#8220;default&#8220; global_colors_info=&#8220;{}&#8220;]<\/p>\n<h1 style=\"text-align: center;\">U10 PLATZ 2<\/h1>\n<p>[\/et_pb_text][et_pb_image src=&#8220;https:\/\/www.psv-wuppertal-leichtathletik.de\/wp-content\/uploads\/2023\/04\/e90fd0aa-0f56-4a30-b8b5-035d7337e5e5.jpg&#8220; title_text=&#8220;e90fd0aa-0f56-4a30-b8b5-035d7337e5e5&#8243; show_in_lightbox=&#8220;on&#8220; _builder_version=&#8220;4.20.4&#8243; _module_preset=&#8220;default&#8220; hover_enabled=&#8220;0&#8243; box_shadow_style=&#8220;preset1&#8243; global_colors_info=&#8220;{}&#8220; sticky_enabled=&#8220;0&#8243;][\/et_pb_image][\/et_pb_column][\/et_pb_row][\/et_pb_section]<\/p>\n","protected":false},"excerpt":{"rendered":"<p>Am vergangenen Samstag, den 26. April, k\u00e4mpften auf der Herbert-Schade-Sportanlage in Solingen 12 Mannschaften bei tr\u00fcbem Wetter und dunklen Wolken um den Sieg beim Kinderleichtathletik-Wettkampf. Unsere junge und noch wettkampfunerfahrene Mannschaft zeigte trotzdem eine starke Leistung im Wurf und Sprint. Beim Hochweitsprung und Stadion Crosslauf gibt es noch Raum f\u00fcr Verbesserungen. Leider konnte Julian van [&hellip;]<\/p>\n","protected":false},"author":1,"featured_media":2852,"comment_status":"closed","ping_status":"closed","sticky":false,"template":"","format":"standard","meta":{"_et_pb_use_builder":"on","_et_pb_old_content":"","_et_gb_content_width":"","footnotes":""},"categories":[1],"tags":[],"class_list":["post-2835","post","type-post","status-publish","format-standard","has-post-thumbnail","hentry","category-uncategorized"],"featured_media_urls":{"thumbnail":["https:\/\/www.psv-wuppertal-leichtathletik.de\/wp-content\/uploads\/2023\/04\/IMG_8950-150x150.jpg",150,150,true],"medium":["https:\/\/www.psv-wuppertal-leichtathletik.de\/wp-content\/uploads\/2023\/04\/IMG_8950-300x225.jpg",300,225,true],"medium_large":["https:\/\/www.psv-wuppertal-leichtathletik.de\/wp-content\/uploads\/2023\/04\/IMG_8950-768x576.jpg",768,576,true],"large":["https:\/\/www.psv-wuppertal-leichtathletik.de\/wp-content\/uploads\/2023\/04\/IMG_8950-1024x768.jpg",1024,768,true],"1536x1536":["https:\/\/www.psv-wuppertal-leichtathletik.de\/wp-content\/uploads\/2023\/04\/IMG_8950-1536x1152.jpg",1536,1152,true],"2048x2048":["https:\/\/www.psv-wuppertal-leichtathletik.de\/wp-content\/uploads\/2023\/04\/IMG_8950-2048x1536.jpg",2048,1536,true],"et-pb-post-main-image":["https:\/\/www.psv-wuppertal-leichtathletik.de\/wp-content\/uploads\/2023\/04\/IMG_8950-400x250.jpg",400,250,true],"et-pb-post-main-image-fullwidth":["https:\/\/www.psv-wuppertal-leichtathletik.de\/wp-content\/uploads\/2023\/04\/IMG_8950-1080x675.jpg",1080,675,true],"et-pb-portfolio-image":["https:\/\/www.psv-wuppertal-leichtathletik.de\/wp-content\/uploads\/2023\/04\/IMG_8950-400x284.jpg",400,284,true],"et-pb-portfolio-module-image":["https:\/\/www.psv-wuppertal-leichtathletik.de\/wp-content\/uploads\/2023\/04\/IMG_8950-510x382.jpg",510,382,true],"et-pb-portfolio-image-single":["https:\/\/www.psv-wuppertal-leichtathletik.de\/wp-content\/uploads\/2023\/04\/IMG_8950-1080x810.jpg",1080,810,true],"et-pb-gallery-module-image-portrait":["https:\/\/www.psv-wuppertal-leichtathletik.de\/wp-content\/uploads\/2023\/04\/IMG_8950-400x516.jpg",400,516,true],"et-pb-post-main-image-fullwidth-large":["https:\/\/www.psv-wuppertal-leichtathletik.de\/wp-content\/uploads\/2023\/04\/IMG_8950-2880x1800.jpg",2880,1800,true],"et-pb-image--responsive--desktop":["https:\/\/www.psv-wuppertal-leichtathletik.de\/wp-content\/uploads\/2023\/04\/IMG_8950-1280x960.jpg",960,720,true],"et-pb-image--responsive--tablet":["https:\/\/www.psv-wuppertal-leichtathletik.de\/wp-content\/uploads\/2023\/04\/IMG_8950-980x735.jpg",735,551,true],"et-pb-image--responsive--phone":["https:\/\/www.psv-wuppertal-leichtathletik.de\/wp-content\/uploads\/2023\/04\/IMG_8950-480x360.jpg",360,270,true],"portfolio_item-thumbnail":["https:\/\/www.psv-wuppertal-leichtathletik.de\/wp-content\/uploads\/2023\/04\/IMG_8950-600x400.jpg",600,400,true],"portfolio_item-thumbnail@2x":["https:\/\/www.psv-wuppertal-leichtathletik.de\/wp-content\/uploads\/2023\/04\/IMG_8950-scaled.jpg",1067,800,false],"portfolio_item-masonry":["https:\/\/www.psv-wuppertal-leichtathletik.de\/wp-content\/uploads\/2023\/04\/IMG_8950-600x450.jpg",600,450,true],"portfolio_item-masonry@2x":["https:\/\/www.psv-wuppertal-leichtathletik.de\/wp-content\/uploads\/2023\/04\/IMG_8950-scaled.jpg",1200,900,false],"portfolio_item-thumbnail_cinema":["https:\/\/www.psv-wuppertal-leichtathletik.de\/wp-content\/uploads\/2023\/04\/IMG_8950-800x335.jpg",800,335,true],"portfolio_item-thumbnail_portrait":["https:\/\/www.psv-wuppertal-leichtathletik.de\/wp-content\/uploads\/2023\/04\/IMG_8950-600x900.jpg",600,900,true],"portfolio_item-thumbnail_portrait@2x":["https:\/\/www.psv-wuppertal-leichtathletik.de\/wp-content\/uploads\/2023\/04\/IMG_8950-scaled.jpg",1200,900,false],"portfolio_item-thumbnail_square":["https:\/\/www.psv-wuppertal-leichtathletik.de\/wp-content\/uploads\/2023\/04\/IMG_8950-800x800.jpg",800,800,true]},"_links":{"self":[{"href":"https:\/\/www.psv-wuppertal-leichtathletik.de\/index.php?rest_route=\/wp\/v2\/posts\/2835","targetHints":{"allow":["GET"]}}],"collection":[{"href":"https:\/\/www.psv-wuppertal-leichtathletik.de\/index.php?rest_route=\/wp\/v2\/posts"}],"about":[{"href":"https:\/\/www.psv-wuppertal-leichtathletik.de\/index.php?rest_route=\/wp\/v2\/types\/post"}],"author":[{"embeddable":true,"href":"https:\/\/www.psv-wuppertal-leichtathletik.de\/index.php?rest_route=\/wp\/v2\/users\/1"}],"replies":[{"embeddable":true,"href":"https:\/\/www.psv-wuppertal-leichtathletik.de\/index.php?rest_route=%2Fwp%2Fv2%2Fcomments&post=2835"}],"version-history":[{"count":9,"href":"https:\/\/www.psv-wuppertal-leichtathletik.de\/index.php?rest_route=\/wp\/v2\/posts\/2835\/revisions"}],"predecessor-version":[{"id":2868,"href":"https:\/\/www.psv-wuppertal-leichtathletik.de\/index.php?rest_route=\/wp\/v2\/posts\/2835\/revisions\/2868"}],"wp:featuredmedia":[{"embeddable":true,"href":"https:\/\/www.psv-wuppertal-leichtathletik.de\/index.php?rest_route=\/wp\/v2\/media\/2852"}],"wp:attachment":[{"href":"https:\/\/www.psv-wuppertal-leichtathletik.de\/index.php?rest_route=%2Fwp%2Fv2%2Fmedia&parent=2835"}],"wp:term":[{"taxonomy":"category","embeddable":true,"href":"https:\/\/www.psv-wuppertal-leichtathletik.de\/index.php?rest_route=%2Fwp%2Fv2%2Fcategories&post=2835"},{"taxonomy":"post_tag","embeddable":true,"href":"https:\/\/www.psv-wuppertal-leichtathletik.de\/index.php?rest_route=%2Fwp%2Fv2%2Ftags&post=2835"}],"curies":[{"name":"wp","href":"https:\/\/api.w.org\/{rel}","templated":true}]}}