{"id":2877,"date":"2023-05-06T17:34:31","date_gmt":"2023-05-06T17:34:31","guid":{"rendered":"https:\/\/www.psv-wuppertal-leichtathletik.de\/?p=2877"},"modified":"2023-08-04T12:43:25","modified_gmt":"2023-08-04T12:43:25","slug":"mach-mit-trikottag-in-nordrhein-westfalen-2023","status":"publish","type":"post","link":"https:\/\/www.psv-wuppertal-leichtathletik.de\/?p=2877","title":{"rendered":"Mach mit!! TrikotTag in Nordrhein-Westfalen 2023"},"content":{"rendered":"<p>[et_pb_section fb_built=&#8220;1&#8243; _builder_version=&#8220;4.16&#8243; global_colors_info=&#8220;{}&#8220;][et_pb_row _builder_version=&#8220;4.16&#8243; background_size=&#8220;initial&#8220; background_position=&#8220;top_left&#8220; background_repeat=&#8220;repeat&#8220; global_colors_info=&#8220;{}&#8220;][et_pb_column type=&#8220;4_4&#8243; _builder_version=&#8220;4.16&#8243; custom_padding=&#8220;|||&#8220; global_colors_info=&#8220;{}&#8220; custom_padding__hover=&#8220;|||&#8220;][et_pb_text _builder_version=&#8220;4.20.4&#8243; background_size=&#8220;initial&#8220; background_position=&#8220;top_left&#8220; background_repeat=&#8220;repeat&#8220; global_colors_info=&#8220;{}&#8220;]<\/p>\n<p><!-- divi:paragraph --><strong><\/strong><strong>Beitragsbildquelle: <span class=\"smaller\"><span class=\"text-primary\"><em>\u00a9 LSB NRW \/ Andrea Bowinkelmann<\/em><\/span><\/span><em><\/em><br \/><\/strong><\/p>\n<p><!-- \/divi:paragraph --><\/p>\n<p>[\/et_pb_text][\/et_pb_column][\/et_pb_row][et_pb_row _builder_version=&#8220;4.16&#8243; background_size=&#8220;initial&#8220; background_position=&#8220;top_left&#8220; background_repeat=&#8220;repeat&#8220; global_colors_info=&#8220;{}&#8220;][et_pb_column type=&#8220;4_4&#8243; _builder_version=&#8220;4.16&#8243; custom_padding=&#8220;|||&#8220; global_colors_info=&#8220;{}&#8220; custom_padding__hover=&#8220;|||&#8220;][et_pb_text _builder_version=&#8220;4.20.4&#8243; text_text_color=&#8220;#E02B20&#8243; text_font_size=&#8220;18px&#8220; background_size=&#8220;initial&#8220; background_position=&#8220;top_left&#8220; background_repeat=&#8220;repeat&#8220; global_colors_info=&#8220;{}&#8220;]<\/p>\n<p><!-- divi:paragraph --><strong>F\u00fcr die Mitglieder bedeutet dies, dass wir als Vereinsabteilung an der Aktion teilnehmen werden. Bei der n\u00e4chsten Veranstaltung (Stadtmeisterschaft) werden die Mitglieder der Leichtathletikabteilung <span style=\"text-decoration: underline;\">nach<\/span> der Veranstaltung &#8222;zusammengetrommelt&#8220;. \ud83d\ude42<br \/>Welches Kind mit dabei ist, entscheidet ihr als Eltern.<br \/>Hierzu ist eine Einverst\u00e4ndniserkl\u00e4rung <span style=\"text-decoration: underline;\">notwendig<\/span>. Diese liegt an dem Tag im Wettkampfb\u00fcro bereit. Diese Erkl\u00e4rung ist dann auszuf\u00fcllen, zu unterschreiben und unmittelbar wieder im B\u00fcro abzugeben.<br \/><a href=\"https:\/\/www.lsb.nrw\/fileadmin\/Trikottag\/Einverstaendniserklaerung_TrikotTag_NRW_2023.pdf\" target=\"_blank\" rel=\"noopener\">Einverst\u00e4ndniserkl\u00e4rung zum Trikottag<\/a><br \/><\/strong><strong><\/strong><\/p>\n<p><strong>Das dann entstandene Bild wird vom Vorstand eingereicht und dann hei\u00dft es&#8230;. Daumen dr\u00fccken&#8230;.<\/strong><\/p>\n<p>&nbsp;<\/p>\n<p><!-- \/divi:paragraph --><\/p>\n<p>[\/et_pb_text][\/et_pb_column][\/et_pb_row][et_pb_row _builder_version=&#8220;4.20.4&#8243; background_size=&#8220;initial&#8220; background_position=&#8220;top_left&#8220; background_repeat=&#8220;repeat&#8220; custom_padding=&#8220;11px|||||&#8220; hover_enabled=&#8220;0&#8243; global_colors_info=&#8220;{}&#8220; sticky_enabled=&#8220;0&#8243;][et_pb_column type=&#8220;4_4&#8243; _builder_version=&#8220;4.20.4&#8243; custom_padding=&#8220;|||&#8220; hover_enabled=&#8220;0&#8243; border_width_all=&#8220;7px&#8220; border_color_all=&#8220;#FFFFFF&#8220; box_shadow_style=&#8220;preset1&#8243; box_shadow_horizontal=&#8220;-23px&#8220; box_shadow_blur=&#8220;21px&#8220; box_shadow_spread=&#8220;-6px&#8220; global_colors_info=&#8220;{}&#8220; custom_padding__hover=&#8220;|||&#8220; sticky_enabled=&#8220;0&#8243;][et_pb_text _builder_version=&#8220;4.20.4&#8243; background_size=&#8220;initial&#8220; background_position=&#8220;top_left&#8220; background_repeat=&#8220;repeat&#8220; hover_enabled=&#8220;0&#8243; global_colors_info=&#8220;{}&#8220; sticky_enabled=&#8220;0&#8243;]<!-- divi:paragraph --><strong><\/strong><strong> Am MITTWOCH, den 14.06.2023 findet der zweite TrikotTag 2023 in Nordrhein-Westfalen statt.<\/strong><\/p>\n<p>&nbsp;<\/p>\n<p>Quelle: <a href=\"https:\/\/www.lsb.nrw\/trikottag\">https:\/\/www.lsb.nrw\/trikottag<\/a><\/p>\n<div id=\"c12943\" class=\"frame frame-default frame-type-text frame-layout-0\">\n<h2><span class=\"text-primary\">Zeigt Flagge f\u00fcr Euren Verein!<\/span><\/h2>\n<p>Trikots stehen f\u00fcr Leidenschaft, Gemeinschaft und Zusammenhalt. Sie zeigen, mit welchem Verein oder welcher Mannschaft Ihr Euch verbunden f\u00fchlt. Ihr tragt sie mit Stolz.<br \/>Grund genug, wieder einen eigenen Tag f\u00fcr sie ins Leben zu rufen, der ganz im Zeichen des Vereinssports steht: Den 2. <strong>#TrikotTagNRW<\/strong>!<br \/>Am 14. Juni 2023 rufen nicht nur der Landessportbund Nordrhein-Westfalen e.V. und seine Sportjugend alle Sportvereinsmitglieder in NRW dazu auf, im Trikot Werbung f\u00fcr ihren Verein zu machen.\u00a0Auch viele andere Landessportb\u00fcnde werden ebenfalls an diesem Tag den TrikotTag ausloben, so dass die Aktion in diesem Jahr bundesweite Anerkennung findet. Ziel ist es, ein Zeichen f\u00fcr den Vereinssport zu setzen, indem am 14.06.2023 alle Vereinsmitglieder das Trikot, das Polo-Shirt oder den Trainingsanzug des Vereins zur Arbeit, zur Schule, zum Einkaufen und \u00fcberall in der \u00d6ffentlichkeit tragen.<\/p>\n<h3><span class=\"text-primary\">Zeigt Euch in den Sozialen Netzwerken<\/span><\/h3>\n<p>Stellt Eure Vereinsliebe in den Fokus und postet am TrikotTag bei Facebook, Instagram, Tiktok, Twitter und Co ein Bild von Euch im Trikot mit den <strong>Hashtags #trikottag <\/strong>und<strong> #TrikotTagNRW<\/strong> und verlinkt gerne auch Euren Verein. Somit erreichen wir noch mehr Menschen und machen auf den Vereinssport aufmerksam. Eure Posts mit dem passenden NRW-Hashtag werden automatisch auf unserer Social Wall gesammelt und angezeigt. <strong>Vereint im Trikot auf einer bunten Wand!<\/strong><\/p>\n<h3><span class=\"text-primary\">Gewinnt mit Euren Bildern einen von 60 Trikot-Gutscheinen im Wert von 600 \u20ac oder 400 \u20ac f\u00fcr Euren Verein<\/span><\/h3>\n<p>Ladet Euer Foto inklusive <a href=\"https:\/\/www.lsb.nrw\/fileadmin\/Trikottag\/Einverstaendniserklaerung_TrikotTag_NRW_2023.pdf\" title=\"Einwilligungserkl\u00e4rung TrikotTag 2023\" target=\"_blank\" rel=\"noopener\">Einwilligungserkl\u00e4rung<\/a> ab dem 14.06.2023 und sp\u00e4testens bis zum 18.06.2023 \u00fcber das <a href=\"https:\/\/www.lsb.nrw\/trikottag\/foto-einreichen\" target=\"_blank\" rel=\"noopener\">Online Formular<\/a> (<span class=\"smaller\"><em>ab 14.06. online) <\/em><\/span>hoch. So landet Ihr automatisch im TrikotTag-Lostopf und bekommt somit die Chance auf einen der Hauptgewinne \u2013 Trikot-Gutschein im Wert von 600 \u20ac f\u00fcr Euren Verein, gesponsert von owayo oder eine 400 \u20ac-Spende f\u00fcr Euren Verein, zur Verf\u00fcgung gestellt von der ARAG.<\/p>\n<p>Verlost werden insgesamt:<\/p>\n<p>&nbsp;<\/p>\n<ul>\n<li>60 x 600 \u20ac Trikot-Gutscheine von owayo GmbH, die f\u00fcr voll bedruckbare Funktions-Trikots einsetzbar sind<\/li>\n<li>30 Spenden der ARAG in H\u00f6he von je 400 \u20ac<\/li>\n<\/ul>\n<\/div>\n<p><strong>\u00a0<\/strong><\/p>\n<p><!-- \/divi:paragraph -->[\/et_pb_text][\/et_pb_column][\/et_pb_row][\/et_pb_section]<\/p>\n","protected":false},"excerpt":{"rendered":"<p>Beitragsbildquelle: \u00a9 LSB NRW \/ Andrea Bowinkelmann F\u00fcr die Mitglieder bedeutet dies, dass wir als Vereinsabteilung an der Aktion teilnehmen werden. Bei der n\u00e4chsten Veranstaltung (Stadtmeisterschaft) werden die Mitglieder der Leichtathletikabteilung nach der Veranstaltung &#8222;zusammengetrommelt&#8220;. :)Welches Kind mit dabei ist, entscheidet ihr als Eltern.Hierzu ist eine Einverst\u00e4ndniserkl\u00e4rung notwendig. Diese liegt an dem Tag im Wettkampfb\u00fcro [&hellip;]<\/p>\n","protected":false},"author":1,"featured_media":2878,"comment_status":"closed","ping_status":"closed","sticky":false,"template":"","format":"standard","meta":{"_et_pb_use_builder":"on","_et_pb_old_content":"","_et_gb_content_width":"","footnotes":""},"categories":[26],"tags":[],"class_list":["post-2877","post","type-post","status-publish","format-standard","has-post-thumbnail","hentry","category-archivierte-beitraege-nicht-sichtbar"],"featured_media_urls":{"thumbnail":["https:\/\/www.psv-wuppertal-leichtathletik.de\/wp-content\/uploads\/2023\/05\/TrikotTag2023_Websitegrafik_1280x910px-150x150.webp",150,150,true],"medium":["https:\/\/www.psv-wuppertal-leichtathletik.de\/wp-content\/uploads\/2023\/05\/TrikotTag2023_Websitegrafik_1280x910px-300x213.webp",300,213,true],"medium_large":["https:\/\/www.psv-wuppertal-leichtathletik.de\/wp-content\/uploads\/2023\/05\/TrikotTag2023_Websitegrafik_1280x910px-768x546.webp",768,546,true],"large":["https:\/\/www.psv-wuppertal-leichtathletik.de\/wp-content\/uploads\/2023\/05\/TrikotTag2023_Websitegrafik_1280x910px-1024x728.webp",1024,728,true],"1536x1536":["https:\/\/www.psv-wuppertal-leichtathletik.de\/wp-content\/uploads\/2023\/05\/TrikotTag2023_Websitegrafik_1280x910px.webp",1280,910,false],"2048x2048":["https:\/\/www.psv-wuppertal-leichtathletik.de\/wp-content\/uploads\/2023\/05\/TrikotTag2023_Websitegrafik_1280x910px.webp",1280,910,false],"et-pb-post-main-image":["https:\/\/www.psv-wuppertal-leichtathletik.de\/wp-content\/uploads\/2023\/05\/TrikotTag2023_Websitegrafik_1280x910px-400x250.webp",400,250,true],"et-pb-post-main-image-fullwidth":["https:\/\/www.psv-wuppertal-leichtathletik.de\/wp-content\/uploads\/2023\/05\/TrikotTag2023_Websitegrafik_1280x910px-1080x675.webp",1080,675,true],"et-pb-portfolio-image":["https:\/\/www.psv-wuppertal-leichtathletik.de\/wp-content\/uploads\/2023\/05\/TrikotTag2023_Websitegrafik_1280x910px-400x284.webp",400,284,true],"et-pb-portfolio-module-image":["https:\/\/www.psv-wuppertal-leichtathletik.de\/wp-content\/uploads\/2023\/05\/TrikotTag2023_Websitegrafik_1280x910px-510x382.webp",510,382,true],"et-pb-portfolio-image-single":["https:\/\/www.psv-wuppertal-leichtathletik.de\/wp-content\/uploads\/2023\/05\/TrikotTag2023_Websitegrafik_1280x910px-1080x768.webp",1080,768,true],"et-pb-gallery-module-image-portrait":["https:\/\/www.psv-wuppertal-leichtathletik.de\/wp-content\/uploads\/2023\/05\/TrikotTag2023_Websitegrafik_1280x910px-400x516.webp",400,516,true],"et-pb-post-main-image-fullwidth-large":["https:\/\/www.psv-wuppertal-leichtathletik.de\/wp-content\/uploads\/2023\/05\/TrikotTag2023_Websitegrafik_1280x910px.webp",1280,910,false],"et-pb-image--responsive--desktop":["https:\/\/www.psv-wuppertal-leichtathletik.de\/wp-content\/uploads\/2023\/05\/TrikotTag2023_Websitegrafik_1280x910px.webp",1013,720,false],"et-pb-image--responsive--tablet":["https:\/\/www.psv-wuppertal-leichtathletik.de\/wp-content\/uploads\/2023\/05\/TrikotTag2023_Websitegrafik_1280x910px-980x697.webp",775,551,true],"et-pb-image--responsive--phone":["https:\/\/www.psv-wuppertal-leichtathletik.de\/wp-content\/uploads\/2023\/05\/TrikotTag2023_Websitegrafik_1280x910px-480x341.webp",380,270,true],"portfolio_item-thumbnail":["https:\/\/www.psv-wuppertal-leichtathletik.de\/wp-content\/uploads\/2023\/05\/TrikotTag2023_Websitegrafik_1280x910px-600x400.webp",600,400,true],"portfolio_item-thumbnail@2x":["https:\/\/www.psv-wuppertal-leichtathletik.de\/wp-content\/uploads\/2023\/05\/TrikotTag2023_Websitegrafik_1280x910px.webp",1125,800,false],"portfolio_item-masonry":["https:\/\/www.psv-wuppertal-leichtathletik.de\/wp-content\/uploads\/2023\/05\/TrikotTag2023_Websitegrafik_1280x910px-600x427.webp",600,427,true],"portfolio_item-masonry@2x":["https:\/\/www.psv-wuppertal-leichtathletik.de\/wp-content\/uploads\/2023\/05\/TrikotTag2023_Websitegrafik_1280x910px.webp",1200,853,false],"portfolio_item-thumbnail_cinema":["https:\/\/www.psv-wuppertal-leichtathletik.de\/wp-content\/uploads\/2023\/05\/TrikotTag2023_Websitegrafik_1280x910px-800x335.webp",800,335,true],"portfolio_item-thumbnail_portrait":["https:\/\/www.psv-wuppertal-leichtathletik.de\/wp-content\/uploads\/2023\/05\/TrikotTag2023_Websitegrafik_1280x910px-600x900.webp",600,900,true],"portfolio_item-thumbnail_portrait@2x":["https:\/\/www.psv-wuppertal-leichtathletik.de\/wp-content\/uploads\/2023\/05\/TrikotTag2023_Websitegrafik_1280x910px.webp",1200,853,false],"portfolio_item-thumbnail_square":["https:\/\/www.psv-wuppertal-leichtathletik.de\/wp-content\/uploads\/2023\/05\/TrikotTag2023_Websitegrafik_1280x910px-800x800.webp",800,800,true]},"_links":{"self":[{"href":"https:\/\/www.psv-wuppertal-leichtathletik.de\/index.php?rest_route=\/wp\/v2\/posts\/2877","targetHints":{"allow":["GET"]}}],"collection":[{"href":"https:\/\/www.psv-wuppertal-leichtathletik.de\/index.php?rest_route=\/wp\/v2\/posts"}],"about":[{"href":"https:\/\/www.psv-wuppertal-leichtathletik.de\/index.php?rest_route=\/wp\/v2\/types\/post"}],"author":[{"embeddable":true,"href":"https:\/\/www.psv-wuppertal-leichtathletik.de\/index.php?rest_route=\/wp\/v2\/users\/1"}],"replies":[{"embeddable":true,"href":"https:\/\/www.psv-wuppertal-leichtathletik.de\/index.php?rest_route=%2Fwp%2Fv2%2Fcomments&post=2877"}],"version-history":[{"count":8,"href":"https:\/\/www.psv-wuppertal-leichtathletik.de\/index.php?rest_route=\/wp\/v2\/posts\/2877\/revisions"}],"predecessor-version":[{"id":2889,"href":"https:\/\/www.psv-wuppertal-leichtathletik.de\/index.php?rest_route=\/wp\/v2\/posts\/2877\/revisions\/2889"}],"wp:featuredmedia":[{"embeddable":true,"href":"https:\/\/www.psv-wuppertal-leichtathletik.de\/index.php?rest_route=\/wp\/v2\/media\/2878"}],"wp:attachment":[{"href":"https:\/\/www.psv-wuppertal-leichtathletik.de\/index.php?rest_route=%2Fwp%2Fv2%2Fmedia&parent=2877"}],"wp:term":[{"taxonomy":"category","embeddable":true,"href":"https:\/\/www.psv-wuppertal-leichtathletik.de\/index.php?rest_route=%2Fwp%2Fv2%2Fcategories&post=2877"},{"taxonomy":"post_tag","embeddable":true,"href":"https:\/\/www.psv-wuppertal-leichtathletik.de\/index.php?rest_route=%2Fwp%2Fv2%2Ftags&post=2877"}],"curies":[{"name":"wp","href":"https:\/\/api.w.org\/{rel}","templated":true}]}}