{"id":2900,"date":"2023-05-07T17:39:51","date_gmt":"2023-05-07T17:39:51","guid":{"rendered":"https:\/\/www.psv-wuppertal-leichtathletik.de\/?p=2900"},"modified":"2023-05-08T04:38:39","modified_gmt":"2023-05-08T04:38:39","slug":"regiomeisterschaften-in-solingen-06-05-23","status":"publish","type":"post","link":"https:\/\/www.psv-wuppertal-leichtathletik.de\/?p=2900","title":{"rendered":"Regiomeisterschaften in Solingen 06.05.23"},"content":{"rendered":"<p>[et_pb_section fb_built=&#8220;1&#8243; admin_label=&#8220;Coaches&#8220; _builder_version=&#8220;4.16&#8243; _module_preset=&#8220;default&#8220; custom_padding=&#8220;13px|||||&#8220; global_colors_info=&#8220;{}&#8220;][et_pb_row _builder_version=&#8220;4.16&#8243; _module_preset=&#8220;default&#8220; custom_padding=&#8220;||27px|||&#8220; locked=&#8220;off&#8220; global_colors_info=&#8220;{}&#8220;][et_pb_column type=&#8220;4_4&#8243; _builder_version=&#8220;4.16&#8243; _module_preset=&#8220;default&#8220; global_colors_info=&#8220;{}&#8220;][et_pb_text _builder_version=&#8220;4.20.4&#8243; _module_preset=&#8220;default&#8220; custom_padding=&#8220;0px|||||&#8220; hover_enabled=&#8220;0&#8243; global_colors_info=&#8220;{}&#8220; sticky_enabled=&#8220;0&#8243;]<\/p>\n<p>Am Samstag nahmen 7 L\u00e4ufer\/innen des PSV erfolgreich an den offenen Regionsmeisterschaften der U14 und U 16 in Solingen auf der Herbert-Schade Sportanlage teil.<br \/>Bei gutem Laufwetter f\u00fcr die Mittelstreckler konnte der PSV tolle Ergebnisse erzielen. 2 Titel, 2 Vizemeister, Platz 3 und Platz 4. Dazu kommen noch 4 pers\u00f6nliche. Bestzeiten. Bei der U14 weiblich starteten Linda Bleidi\u00dfel und Hannah Schoeppe.Sie mussten 5 Runden, also 2000m, absolvieren.Vom Start weg lief Linda und Hannah in der Spitzengruppe. In gleichm\u00e4\u00dfigen Runden konnte Linda bei ihrem 1. Start in 8:02,77 Min. den Regionsmeistertitel holen. Bei Hannah machte sich nach ca. 1000m eine alte Verletzung bemerkbar. Mit starken Schmerzen lief sie das Rennen zu Ende und wurde mit Platz 3 in der Zeit von 8:38,10 Min. belohnt. Im vergangenen Jahr konnte sie noch in 7:52,44 Minuten gewinnen.<br \/>Ivan Solodkyi konnte bei der U14 seine gute Form unter Beweis stellen. Er musste sich in starken 6:44,84 Min. am Ende nur knapp Michael Hahn aus Meckenheim geschlagen geben. Da es eine offene Regionsmeisterschaft war, wurde Ivan Vizemeister. Ivan ist der schnellste Junge in der Region Mitte. Jannis Ruf belegte nach einem starken Schlussspurt auf den letzten 100 m bei der U16, M14 in pers\u00f6nlicher Bestzeit von 7:34,48 Platz 4. <br \/>Bei der U16 M15 \u00fcber 3000m holte sich Jarno Voth souver\u00e4n in 10:29,93 Minuten den Titel. Diesen tollen Erfolg vervollst\u00e4ndigte Tim Fiedrich stark Pollen geplagt auf Platz 2 in 10:41,48 Min. Unser st\u00e4rkster L\u00e4ufer, Lucian Unverzagt, musste bei 2000 m verletzungsbedingt das Rennen aufgeben. Bis dahin war er auf einer Zeit unter 10 Minuten unterwegs. Die Qualifikationszeit f\u00fcr die DM U16 w\u00e4re m\u00f6glich gewesen. \u00dcber 300m verpasste Lucian in 42,51 Sekunden die geforderten 42 Sekunden nur um 51 Hundertstel. Die Nr. 1 in der Region auf der Mittelstrecke ist der PSV Wuppertal.<\/p>\n<p>[\/et_pb_text][\/et_pb_column][\/et_pb_row][et_pb_row column_structure=&#8220;1_2,1_2&#8243; _builder_version=&#8220;4.19.4&#8243; _module_preset=&#8220;default&#8220; global_colors_info=&#8220;{}&#8220;][et_pb_column type=&#8220;1_2&#8243; _builder_version=&#8220;4.19.4&#8243; _module_preset=&#8220;default&#8220; global_colors_info=&#8220;{}&#8220;][et_pb_image src=&#8220;https:\/\/www.psv-wuppertal-leichtathletik.de\/wp-content\/uploads\/2023\/05\/PXL_20230506_141555060.jpg&#8220; title_text=&#8220;PXL_20230506_141555060&#8243; show_in_lightbox=&#8220;on&#8220; _builder_version=&#8220;4.20.4&#8243; _module_preset=&#8220;default&#8220; box_shadow_style=&#8220;preset1&#8243; global_colors_info=&#8220;{}&#8220;][\/et_pb_image][\/et_pb_column][et_pb_column type=&#8220;1_2&#8243; _builder_version=&#8220;4.19.4&#8243; _module_preset=&#8220;default&#8220; global_colors_info=&#8220;{}&#8220;][et_pb_image src=&#8220;https:\/\/www.psv-wuppertal-leichtathletik.de\/wp-content\/uploads\/2023\/05\/PXL_20230506_141726874.jpg&#8220; title_text=&#8220;PXL_20230506_141726874&#8243; show_in_lightbox=&#8220;on&#8220; _builder_version=&#8220;4.20.4&#8243; _module_preset=&#8220;default&#8220; box_shadow_style=&#8220;preset1&#8243; global_colors_info=&#8220;{}&#8220;][\/et_pb_image][\/et_pb_column][\/et_pb_row][et_pb_row column_structure=&#8220;1_2,1_2&#8243; _builder_version=&#8220;4.19.4&#8243; _module_preset=&#8220;default&#8220; global_colors_info=&#8220;{}&#8220;][et_pb_column type=&#8220;1_2&#8243; _builder_version=&#8220;4.19.4&#8243; _module_preset=&#8220;default&#8220; global_colors_info=&#8220;{}&#8220;][et_pb_image src=&#8220;https:\/\/www.psv-wuppertal-leichtathletik.de\/wp-content\/uploads\/2023\/05\/PXL_20230506_142521313.jpg&#8220; title_text=&#8220;PXL_20230506_142521313&#8243; show_in_lightbox=&#8220;on&#8220; _builder_version=&#8220;4.20.4&#8243; _module_preset=&#8220;default&#8220; box_shadow_style=&#8220;preset1&#8243; global_colors_info=&#8220;{}&#8220;][\/et_pb_image][\/et_pb_column][et_pb_column type=&#8220;1_2&#8243; _builder_version=&#8220;4.19.4&#8243; _module_preset=&#8220;default&#8220; global_colors_info=&#8220;{}&#8220;][et_pb_image src=&#8220;https:\/\/www.psv-wuppertal-leichtathletik.de\/wp-content\/uploads\/2023\/05\/PXL_20230506_141833916.jpg&#8220; title_text=&#8220;PXL_20230506_141833916&#8243; show_in_lightbox=&#8220;on&#8220; _builder_version=&#8220;4.20.4&#8243; _module_preset=&#8220;default&#8220; box_shadow_style=&#8220;preset1&#8243; global_colors_info=&#8220;{}&#8220;][\/et_pb_image][\/et_pb_column][\/et_pb_row][et_pb_row _builder_version=&#8220;4.19.4&#8243; _module_preset=&#8220;default&#8220; global_colors_info=&#8220;{}&#8220;][et_pb_column type=&#8220;4_4&#8243; _builder_version=&#8220;4.19.4&#8243; _module_preset=&#8220;default&#8220; global_colors_info=&#8220;{}&#8220;][et_pb_image src=&#8220;https:\/\/www.psv-wuppertal-leichtathletik.de\/wp-content\/uploads\/2023\/05\/PXL_20230506_141336918.MP2_.jpg&#8220; title_text=&#8220;PXL_20230506_141336918.MP~2&#8243; show_in_lightbox=&#8220;on&#8220; _builder_version=&#8220;4.20.4&#8243; _module_preset=&#8220;default&#8220; box_shadow_style=&#8220;preset1&#8243; global_colors_info=&#8220;{}&#8220;][\/et_pb_image][\/et_pb_column][\/et_pb_row][et_pb_row column_structure=&#8220;1_5,1_5,1_5,1_5,1_5&#8243; _builder_version=&#8220;4.19.4&#8243; _module_preset=&#8220;default&#8220; global_colors_info=&#8220;{}&#8220;][et_pb_column type=&#8220;1_5&#8243; _builder_version=&#8220;4.19.4&#8243; _module_preset=&#8220;default&#8220; global_colors_info=&#8220;{}&#8220;][et_pb_image src=&#8220;https:\/\/www.psv-wuppertal-leichtathletik.de\/wp-content\/uploads\/2023\/05\/PXL_20230506_152608276.NIGHT_.jpg&#8220; title_text=&#8220;PXL_20230506_152608276.NIGHT&#8220; show_in_lightbox=&#8220;on&#8220; _builder_version=&#8220;4.20.4&#8243; _module_preset=&#8220;default&#8220; box_shadow_style=&#8220;preset1&#8243; global_colors_info=&#8220;{}&#8220;][\/et_pb_image][\/et_pb_column][et_pb_column type=&#8220;1_5&#8243; _builder_version=&#8220;4.20.4&#8243; _module_preset=&#8220;default&#8220; global_colors_info=&#8220;{}&#8220;][et_pb_image src=&#8220;https:\/\/www.psv-wuppertal-leichtathletik.de\/wp-content\/uploads\/2023\/05\/PXL_20230506_152558149.NIGHT_.jpg&#8220; title_text=&#8220;PXL_20230506_152558149.NIGHT&#8220; show_in_lightbox=&#8220;on&#8220; _builder_version=&#8220;4.20.4&#8243; _module_preset=&#8220;default&#8220; box_shadow_style=&#8220;preset1&#8243; global_colors_info=&#8220;{}&#8220;][\/et_pb_image][\/et_pb_column][et_pb_column type=&#8220;1_5&#8243; _builder_version=&#8220;4.19.4&#8243; _module_preset=&#8220;default&#8220; global_colors_info=&#8220;{}&#8220;][et_pb_image src=&#8220;https:\/\/www.psv-wuppertal-leichtathletik.de\/wp-content\/uploads\/2023\/05\/PXL_20230506_143739471.jpg&#8220; title_text=&#8220;PXL_20230506_143739471&#8243; show_in_lightbox=&#8220;on&#8220; _builder_version=&#8220;4.20.4&#8243; _module_preset=&#8220;default&#8220; box_shadow_style=&#8220;preset1&#8243; global_colors_info=&#8220;{}&#8220;][\/et_pb_image][\/et_pb_column][et_pb_column type=&#8220;1_5&#8243; _builder_version=&#8220;4.19.4&#8243; _module_preset=&#8220;default&#8220; global_colors_info=&#8220;{}&#8220;][et_pb_image src=&#8220;https:\/\/www.psv-wuppertal-leichtathletik.de\/wp-content\/uploads\/2023\/05\/PXL_20230506_153210589.NIGHT_.jpg&#8220; title_text=&#8220;PXL_20230506_153210589.NIGHT&#8220; show_in_lightbox=&#8220;on&#8220; _builder_version=&#8220;4.20.4&#8243; _module_preset=&#8220;default&#8220; box_shadow_style=&#8220;preset1&#8243; global_colors_info=&#8220;{}&#8220;][\/et_pb_image][\/et_pb_column][et_pb_column type=&#8220;1_5&#8243; _builder_version=&#8220;4.19.4&#8243; _module_preset=&#8220;default&#8220; global_colors_info=&#8220;{}&#8220;][et_pb_image src=&#8220;https:\/\/www.psv-wuppertal-leichtathletik.de\/wp-content\/uploads\/2023\/05\/PXL_20230506_143530966.jpg&#8220; title_text=&#8220;PXL_20230506_143530966&#8243; show_in_lightbox=&#8220;on&#8220; _builder_version=&#8220;4.20.4&#8243; _module_preset=&#8220;default&#8220; box_shadow_style=&#8220;preset1&#8243; global_colors_info=&#8220;{}&#8220;][\/et_pb_image][\/et_pb_column][\/et_pb_row][et_pb_row column_structure=&#8220;1_5,1_5,1_5,1_5,1_5&#8243; _builder_version=&#8220;4.19.4&#8243; _module_preset=&#8220;default&#8220; global_colors_info=&#8220;{}&#8220;][et_pb_column type=&#8220;1_5&#8243; _builder_version=&#8220;4.19.4&#8243; _module_preset=&#8220;default&#8220; global_colors_info=&#8220;{}&#8220;][et_pb_image src=&#8220;https:\/\/www.psv-wuppertal-leichtathletik.de\/wp-content\/uploads\/2023\/05\/PXL_20230506_153330072.MP_.jpg&#8220; title_text=&#8220;PXL_20230506_153330072.MP&#8220; show_in_lightbox=&#8220;on&#8220; _builder_version=&#8220;4.20.4&#8243; _module_preset=&#8220;default&#8220; box_shadow_style=&#8220;preset1&#8243; global_colors_info=&#8220;{}&#8220;][\/et_pb_image][\/et_pb_column][et_pb_column type=&#8220;1_5&#8243; _builder_version=&#8220;4.20.4&#8243; _module_preset=&#8220;default&#8220; global_colors_info=&#8220;{}&#8220;][et_pb_image src=&#8220;https:\/\/www.psv-wuppertal-leichtathletik.de\/wp-content\/uploads\/2023\/05\/PXL_20230506_150222739.jpg&#8220; title_text=&#8220;PXL_20230506_150222739&#8243; show_in_lightbox=&#8220;on&#8220; _builder_version=&#8220;4.20.4&#8243; _module_preset=&#8220;default&#8220; box_shadow_style=&#8220;preset1&#8243; global_colors_info=&#8220;{}&#8220;][\/et_pb_image][\/et_pb_column][et_pb_column type=&#8220;1_5&#8243; _builder_version=&#8220;4.19.4&#8243; _module_preset=&#8220;default&#8220; global_colors_info=&#8220;{}&#8220;][et_pb_image src=&#8220;https:\/\/www.psv-wuppertal-leichtathletik.de\/wp-content\/uploads\/2023\/05\/PXL_20230506_150758980.jpg&#8220; title_text=&#8220;PXL_20230506_150758980&#8243; show_in_lightbox=&#8220;on&#8220; _builder_version=&#8220;4.20.4&#8243; _module_preset=&#8220;default&#8220; box_shadow_style=&#8220;preset1&#8243; global_colors_info=&#8220;{}&#8220;][\/et_pb_image][\/et_pb_column][et_pb_column type=&#8220;1_5&#8243; _builder_version=&#8220;4.19.4&#8243; _module_preset=&#8220;default&#8220; global_colors_info=&#8220;{}&#8220;][et_pb_image src=&#8220;https:\/\/www.psv-wuppertal-leichtathletik.de\/wp-content\/uploads\/2023\/05\/PXL_20230506_151312435.MP_.jpg&#8220; title_text=&#8220;PXL_20230506_151312435.MP&#8220; show_in_lightbox=&#8220;on&#8220; _builder_version=&#8220;4.20.4&#8243; _module_preset=&#8220;default&#8220; box_shadow_style=&#8220;preset1&#8243; global_colors_info=&#8220;{}&#8220;][\/et_pb_image][\/et_pb_column][et_pb_column type=&#8220;1_5&#8243; _builder_version=&#8220;4.19.4&#8243; _module_preset=&#8220;default&#8220; global_colors_info=&#8220;{}&#8220;][et_pb_image src=&#8220;https:\/\/www.psv-wuppertal-leichtathletik.de\/wp-content\/uploads\/2023\/05\/PXL_20230506_150403481.MP_.jpg&#8220; title_text=&#8220;PXL_20230506_150403481.MP&#8220; show_in_lightbox=&#8220;on&#8220; _builder_version=&#8220;4.20.4&#8243; _module_preset=&#8220;default&#8220; box_shadow_style=&#8220;preset1&#8243; global_colors_info=&#8220;{}&#8220;][\/et_pb_image][\/et_pb_column][\/et_pb_row][et_pb_row column_structure=&#8220;1_3,1_3,1_3&#8243; _builder_version=&#8220;4.19.4&#8243; _module_preset=&#8220;default&#8220; global_colors_info=&#8220;{}&#8220;][et_pb_column type=&#8220;1_3&#8243; _builder_version=&#8220;4.19.4&#8243; _module_preset=&#8220;default&#8220; global_colors_info=&#8220;{}&#8220;][et_pb_image src=&#8220;https:\/\/www.psv-wuppertal-leichtathletik.de\/wp-content\/uploads\/2023\/05\/PXL_20230506_154807680.jpg&#8220; title_text=&#8220;PXL_20230506_154807680&#8243; show_in_lightbox=&#8220;on&#8220; _builder_version=&#8220;4.20.4&#8243; _module_preset=&#8220;default&#8220; box_shadow_style=&#8220;preset1&#8243; global_colors_info=&#8220;{}&#8220;][\/et_pb_image][\/et_pb_column][et_pb_column type=&#8220;1_3&#8243; _builder_version=&#8220;4.20.4&#8243; _module_preset=&#8220;default&#8220; global_colors_info=&#8220;{}&#8220;][et_pb_image src=&#8220;https:\/\/www.psv-wuppertal-leichtathletik.de\/wp-content\/uploads\/2023\/05\/PXL_20230506_154849246.jpg&#8220; title_text=&#8220;PXL_20230506_154849246&#8243; show_in_lightbox=&#8220;on&#8220; _builder_version=&#8220;4.20.4&#8243; _module_preset=&#8220;default&#8220; box_shadow_style=&#8220;preset1&#8243; global_colors_info=&#8220;{}&#8220;][\/et_pb_image][\/et_pb_column][et_pb_column type=&#8220;1_3&#8243; _builder_version=&#8220;4.19.4&#8243; _module_preset=&#8220;default&#8220; global_colors_info=&#8220;{}&#8220;][et_pb_image src=&#8220;https:\/\/www.psv-wuppertal-leichtathletik.de\/wp-content\/uploads\/2023\/05\/PXL_20230506_151317032.MP_.jpg&#8220; title_text=&#8220;PXL_20230506_151317032.MP&#8220; show_in_lightbox=&#8220;on&#8220; _builder_version=&#8220;4.20.4&#8243; _module_preset=&#8220;default&#8220; box_shadow_style=&#8220;preset1&#8243; global_colors_info=&#8220;{}&#8220;][\/et_pb_image][\/et_pb_column][\/et_pb_row][\/et_pb_section]<\/p>\n","protected":false},"excerpt":{"rendered":"<p>Am Samstag nahmen 7 L\u00e4ufer\/innen des PSV erfolgreich an den offenen Regionsmeisterschaften der U14 und U 16 in Solingen auf der Herbert-Schade Sportanlage teil.Bei gutem Laufwetter f\u00fcr die Mittelstreckler konnte der PSV tolle Ergebnisse erzielen. 2 Titel, 2 Vizemeister, Platz 3 und Platz 4. Dazu kommen noch 4 pers\u00f6nliche. Bestzeiten. Bei der U14 weiblich starteten [&hellip;]<\/p>\n","protected":false},"author":1,"featured_media":2904,"comment_status":"closed","ping_status":"closed","sticky":false,"template":"","format":"standard","meta":{"_et_pb_use_builder":"on","_et_pb_old_content":"","_et_gb_content_width":"","footnotes":""},"categories":[1],"tags":[],"class_list":["post-2900","post","type-post","status-publish","format-standard","has-post-thumbnail","hentry","category-uncategorized"],"featured_media_urls":{"thumbnail":["https:\/\/www.psv-wuppertal-leichtathletik.de\/wp-content\/uploads\/2023\/05\/PXL_20230506_141726874-150x150.jpg",150,150,true],"medium":["https:\/\/www.psv-wuppertal-leichtathletik.de\/wp-content\/uploads\/2023\/05\/PXL_20230506_141726874-300x225.jpg",300,225,true],"medium_large":["https:\/\/www.psv-wuppertal-leichtathletik.de\/wp-content\/uploads\/2023\/05\/PXL_20230506_141726874-768x576.jpg",768,576,true],"large":["https:\/\/www.psv-wuppertal-leichtathletik.de\/wp-content\/uploads\/2023\/05\/PXL_20230506_141726874-1024x768.jpg",1024,768,true],"1536x1536":["https:\/\/www.psv-wuppertal-leichtathletik.de\/wp-content\/uploads\/2023\/05\/PXL_20230506_141726874-1536x1152.jpg",1536,1152,true],"2048x2048":["https:\/\/www.psv-wuppertal-leichtathletik.de\/wp-content\/uploads\/2023\/05\/PXL_20230506_141726874-2048x1536.jpg",2048,1536,true],"et-pb-post-main-image":["https:\/\/www.psv-wuppertal-leichtathletik.de\/wp-content\/uploads\/2023\/05\/PXL_20230506_141726874-400x250.jpg",400,250,true],"et-pb-post-main-image-fullwidth":["https:\/\/www.psv-wuppertal-leichtathletik.de\/wp-content\/uploads\/2023\/05\/PXL_20230506_141726874-1080x675.jpg",1080,675,true],"et-pb-portfolio-image":["https:\/\/www.psv-wuppertal-leichtathletik.de\/wp-content\/uploads\/2023\/05\/PXL_20230506_141726874-400x284.jpg",400,284,true],"et-pb-portfolio-module-image":["https:\/\/www.psv-wuppertal-leichtathletik.de\/wp-content\/uploads\/2023\/05\/PXL_20230506_141726874-510x382.jpg",510,382,true],"et-pb-portfolio-image-single":["https:\/\/www.psv-wuppertal-leichtathletik.de\/wp-content\/uploads\/2023\/05\/PXL_20230506_141726874-1080x810.jpg",1080,810,true],"et-pb-gallery-module-image-portrait":["https:\/\/www.psv-wuppertal-leichtathletik.de\/wp-content\/uploads\/2023\/05\/PXL_20230506_141726874-400x516.jpg",400,516,true],"et-pb-post-main-image-fullwidth-large":["https:\/\/www.psv-wuppertal-leichtathletik.de\/wp-content\/uploads\/2023\/05\/PXL_20230506_141726874-2419x1800.jpg",2419,1800,true],"et-pb-image--responsive--desktop":["https:\/\/www.psv-wuppertal-leichtathletik.de\/wp-content\/uploads\/2023\/05\/PXL_20230506_141726874-1280x960.jpg",960,720,true],"et-pb-image--responsive--tablet":["https:\/\/www.psv-wuppertal-leichtathletik.de\/wp-content\/uploads\/2023\/05\/PXL_20230506_141726874-980x735.jpg",735,551,true],"et-pb-image--responsive--phone":["https:\/\/www.psv-wuppertal-leichtathletik.de\/wp-content\/uploads\/2023\/05\/PXL_20230506_141726874-480x360.jpg",360,270,true],"portfolio_item-thumbnail":["https:\/\/www.psv-wuppertal-leichtathletik.de\/wp-content\/uploads\/2023\/05\/PXL_20230506_141726874-600x400.jpg",600,400,true],"portfolio_item-thumbnail@2x":["https:\/\/www.psv-wuppertal-leichtathletik.de\/wp-content\/uploads\/2023\/05\/PXL_20230506_141726874.jpg",1067,800,false],"portfolio_item-masonry":["https:\/\/www.psv-wuppertal-leichtathletik.de\/wp-content\/uploads\/2023\/05\/PXL_20230506_141726874-600x450.jpg",600,450,true],"portfolio_item-masonry@2x":["https:\/\/www.psv-wuppertal-leichtathletik.de\/wp-content\/uploads\/2023\/05\/PXL_20230506_141726874.jpg",1200,900,false],"portfolio_item-thumbnail_cinema":["https:\/\/www.psv-wuppertal-leichtathletik.de\/wp-content\/uploads\/2023\/05\/PXL_20230506_141726874-800x335.jpg",800,335,true],"portfolio_item-thumbnail_portrait":["https:\/\/www.psv-wuppertal-leichtathletik.de\/wp-content\/uploads\/2023\/05\/PXL_20230506_141726874-600x900.jpg",600,900,true],"portfolio_item-thumbnail_portrait@2x":["https:\/\/www.psv-wuppertal-leichtathletik.de\/wp-content\/uploads\/2023\/05\/PXL_20230506_141726874.jpg",1200,900,false],"portfolio_item-thumbnail_square":["https:\/\/www.psv-wuppertal-leichtathletik.de\/wp-content\/uploads\/2023\/05\/PXL_20230506_141726874-800x800.jpg",800,800,true]},"_links":{"self":[{"href":"https:\/\/www.psv-wuppertal-leichtathletik.de\/index.php?rest_route=\/wp\/v2\/posts\/2900","targetHints":{"allow":["GET"]}}],"collection":[{"href":"https:\/\/www.psv-wuppertal-leichtathletik.de\/index.php?rest_route=\/wp\/v2\/posts"}],"about":[{"href":"https:\/\/www.psv-wuppertal-leichtathletik.de\/index.php?rest_route=\/wp\/v2\/types\/post"}],"author":[{"embeddable":true,"href":"https:\/\/www.psv-wuppertal-leichtathletik.de\/index.php?rest_route=\/wp\/v2\/users\/1"}],"replies":[{"embeddable":true,"href":"https:\/\/www.psv-wuppertal-leichtathletik.de\/index.php?rest_route=%2Fwp%2Fv2%2Fcomments&post=2900"}],"version-history":[{"count":4,"href":"https:\/\/www.psv-wuppertal-leichtathletik.de\/index.php?rest_route=\/wp\/v2\/posts\/2900\/revisions"}],"predecessor-version":[{"id":2926,"href":"https:\/\/www.psv-wuppertal-leichtathletik.de\/index.php?rest_route=\/wp\/v2\/posts\/2900\/revisions\/2926"}],"wp:featuredmedia":[{"embeddable":true,"href":"https:\/\/www.psv-wuppertal-leichtathletik.de\/index.php?rest_route=\/wp\/v2\/media\/2904"}],"wp:attachment":[{"href":"https:\/\/www.psv-wuppertal-leichtathletik.de\/index.php?rest_route=%2Fwp%2Fv2%2Fmedia&parent=2900"}],"wp:term":[{"taxonomy":"category","embeddable":true,"href":"https:\/\/www.psv-wuppertal-leichtathletik.de\/index.php?rest_route=%2Fwp%2Fv2%2Fcategories&post=2900"},{"taxonomy":"post_tag","embeddable":true,"href":"https:\/\/www.psv-wuppertal-leichtathletik.de\/index.php?rest_route=%2Fwp%2Fv2%2Ftags&post=2900"}],"curies":[{"name":"wp","href":"https:\/\/api.w.org\/{rel}","templated":true}]}}