{"id":3049,"date":"2023-06-01T17:01:07","date_gmt":"2023-06-01T17:01:07","guid":{"rendered":"https:\/\/www.psv-wuppertal-leichtathletik.de\/?p=3049"},"modified":"2023-08-04T12:43:05","modified_gmt":"2023-08-04T12:43:05","slug":"ausschreibung-sommerlauf-2023","status":"publish","type":"post","link":"https:\/\/www.psv-wuppertal-leichtathletik.de\/?p=3049","title":{"rendered":"Ausschreibung Sommerlauf 2023"},"content":{"rendered":"\n[et_pb_section fb_built=&#8220;1&#8243; _builder_version=&#8220;4.16&#8243; global_colors_info=&#8220;{}&#8220;][et_pb_row _builder_version=&#8220;4.16&#8243; background_size=&#8220;initial&#8220; background_position=&#8220;top_left&#8220; background_repeat=&#8220;repeat&#8220; global_colors_info=&#8220;{}&#8220;][et_pb_column type=&#8220;4_4&#8243; _builder_version=&#8220;4.16&#8243; custom_padding=&#8220;|||&#8220; global_colors_info=&#8220;{}&#8220; custom_padding__hover=&#8220;|||&#8220;][et_pb_text _builder_version=&#8220;4.21.0&#8243; background_size=&#8220;initial&#8220; background_position=&#8220;top_left&#8220; background_repeat=&#8220;repeat&#8220; hover_enabled=&#8220;0&#8243; global_colors_info=&#8220;{}&#8220; sticky_enabled=&#8220;0&#8243;]<p><!-- divi:paragraph --><strong><\/strong><strong>Samstag 17.06.2023 (11:00Uhr- ~15:00Uhr)<\/strong><\/p>\n<p><strong>Treffpunkt Oberbergische Stra\u00dfe Sportplatz. Dann gehen wir gesammelt zum Startlauf in den Kothener Wald (ausgeschildert)<br \/><\/strong><\/p>\n<div>\n<p>11:30 Uhr U8 w\/m (eine Runde ca. 500m, getrennte Wertung\u00a0nach Jungen und M\u00e4dchen)<\/p>\n<p>11:50Uhr U10 w\/m (eine Runde ca. 500m, eine Runde ca. 480m, getrennte Wertung nach Jungen und M\u00e4dchen)<br \/><em>Nur Runde 1<\/em><\/p>\n<p>12:10Uhr U12 w\/m (eine gro\u00dfe Runde ca. 1200m, (getrennte Wertung nach Jungen und M\u00e4dchen)<br \/><em>Runde 2,3,1<\/em><\/p>\n<p>12:30Uhr U14\/16 w\/m (zwei Runden\u00a0ca.2000m\u00a0getrennte Wertung nach Jungen und M\u00e4dchen)<br \/><em>2x Runde 2 und 2x Runde 1<\/em><\/p>\n<p><span style=\"text-decoration: underline;\"><em>(Rundenskizze weiter unten zu sehen)<\/em><\/span><\/p>\n<p>Anschlie\u00dfend Grillw\u00fcrstchen auf dem Sportplatz der Oberbergischen Stra\u00dfe.<\/p>\n<p><strong>Siegerehrung ~13:15Uhr<\/strong><\/p>\n<p>Pl\u00e4tze 1-3 der jeweiligen Altersklassen werden gewertet.<\/p>\n<p>Urkunden und Medaillen f\u00fcr jeden Teilnehmer.<\/p>\n<p>Es wird ein \u201eTurnschuhlauf\u201c, also keine Spikes.<\/p>\n<p>Bitte Becher, Teller und Besteck mitbringen.<\/p>\n<p>&nbsp;<\/p>\n<p>F\u00fcr Softgetr\u00e4nke ist gesorgt.<\/p>\n<p>Beachtet bitte, dass der Start und Zieleinlauf im Wald erfolgt. Die Wege sind ausgeschildert bzw. Streckenposten weisen den Weg.<\/p>\n<p>Meldungen bis zum\u00a0<strong>08.06.2023<\/strong>\u00a0an\u00a0<a href=\"mailto:gerd.fuetterer@gmail.com\">gerd.fuetterer@gmail.com<\/a><\/p>\n<\/div>\n<p><!-- \/divi:paragraph --><\/p>[\/et_pb_text][\/et_pb_column][\/et_pb_row][et_pb_row column_structure=&#8220;1_3,1_3,1_3&#8243; _builder_version=&#8220;4.21.0&#8243; _module_preset=&#8220;default&#8220; global_colors_info=&#8220;{}&#8220;][et_pb_column type=&#8220;1_3&#8243; _builder_version=&#8220;4.21.0&#8243; _module_preset=&#8220;default&#8220; global_colors_info=&#8220;{}&#8220;][et_pb_image src=&#8220;https:\/\/www.psv-wuppertal-leichtathletik.de\/wp-content\/uploads\/2023\/06\/PXL_20230531_163517326.jpg&#8220; title_text=&#8220;PXL_20230531_163517326&#8243; _builder_version=&#8220;4.21.0&#8243; _module_preset=&#8220;default&#8220; global_colors_info=&#8220;{}&#8220;][\/et_pb_image][\/et_pb_column][et_pb_column type=&#8220;1_3&#8243; _builder_version=&#8220;4.21.0&#8243; _module_preset=&#8220;default&#8220; global_colors_info=&#8220;{}&#8220;][et_pb_image src=&#8220;https:\/\/www.psv-wuppertal-leichtathletik.de\/wp-content\/uploads\/2023\/06\/PXL_20230531_163406082.jpg&#8220; title_text=&#8220;PXL_20230531_163406082&#8243; _builder_version=&#8220;4.21.0&#8243; _module_preset=&#8220;default&#8220; global_colors_info=&#8220;{}&#8220;][\/et_pb_image][\/et_pb_column][et_pb_column type=&#8220;1_3&#8243; _builder_version=&#8220;4.21.0&#8243; _module_preset=&#8220;default&#8220; global_colors_info=&#8220;{}&#8220;][et_pb_image src=&#8220;https:\/\/www.psv-wuppertal-leichtathletik.de\/wp-content\/uploads\/2023\/06\/PXL_20230531_163348541.jpg&#8220; title_text=&#8220;PXL_20230531_163348541&#8243; _builder_version=&#8220;4.21.0&#8243; _module_preset=&#8220;default&#8220; global_colors_info=&#8220;{}&#8220;][\/et_pb_image][\/et_pb_column][\/et_pb_row][et_pb_row _builder_version=&#8220;4.21.0&#8243; _module_preset=&#8220;default&#8220; global_colors_info=&#8220;{}&#8220;][et_pb_column type=&#8220;4_4&#8243; _builder_version=&#8220;4.21.0&#8243; _module_preset=&#8220;default&#8220; global_colors_info=&#8220;{}&#8220;][et_pb_image src=&#8220;https:\/\/www.psv-wuppertal-leichtathletik.de\/wp-content\/uploads\/2023\/06\/strecke-Sommerlauf-23.jpg&#8220; title_text=&#8220;strecke Sommerlauf 23&#8243; _builder_version=&#8220;4.21.0&#8243; _module_preset=&#8220;default&#8220; global_colors_info=&#8220;{}&#8220;][\/et_pb_image][\/et_pb_column][\/et_pb_row][\/et_pb_section]\n","protected":false},"excerpt":{"rendered":"<p>Samstag 17.06.2023 (11:00Uhr- ~15:00Uhr) Treffpunkt Oberbergische Stra\u00dfe Sportplatz. Dann gehen wir gesammelt zum Startlauf in den Kothener Wald (ausgeschildert) 11:30 Uhr U8 w\/m (eine Runde ca. 500m, getrennte Wertung\u00a0nach Jungen und M\u00e4dchen) 11:50Uhr U10 w\/m (eine Runde ca. 500m, eine Runde ca. 480m, getrennte Wertung nach Jungen und M\u00e4dchen)Nur Runde 1 12:10Uhr U12 w\/m (eine [&hellip;]<\/p>\n","protected":false},"author":1,"featured_media":2758,"comment_status":"closed","ping_status":"closed","sticky":false,"template":"","format":"standard","meta":{"_et_pb_use_builder":"on","_et_pb_old_content":"","_et_gb_content_width":"","footnotes":""},"categories":[26],"tags":[],"class_list":["post-3049","post","type-post","status-publish","format-standard","has-post-thumbnail","hentry","category-archivierte-beitraege-nicht-sichtbar"],"featured_media_urls":{"thumbnail":["https:\/\/www.psv-wuppertal-leichtathletik.de\/wp-content\/uploads\/2023\/03\/Ausschreibung-150x150.png",150,150,true],"medium":["https:\/\/www.psv-wuppertal-leichtathletik.de\/wp-content\/uploads\/2023\/03\/Ausschreibung-300x169.png",300,169,true],"medium_large":["https:\/\/www.psv-wuppertal-leichtathletik.de\/wp-content\/uploads\/2023\/03\/Ausschreibung-768x432.png",768,432,true],"large":["https:\/\/www.psv-wuppertal-leichtathletik.de\/wp-content\/uploads\/2023\/03\/Ausschreibung-1024x576.png",1024,576,true],"1536x1536":["https:\/\/www.psv-wuppertal-leichtathletik.de\/wp-content\/uploads\/2023\/03\/Ausschreibung-1536x864.png",1536,864,true],"2048x2048":["https:\/\/www.psv-wuppertal-leichtathletik.de\/wp-content\/uploads\/2023\/03\/Ausschreibung.png",1920,1080,false],"et-pb-post-main-image":["https:\/\/www.psv-wuppertal-leichtathletik.de\/wp-content\/uploads\/2023\/03\/Ausschreibung-400x250.png",400,250,true],"et-pb-post-main-image-fullwidth":["https:\/\/www.psv-wuppertal-leichtathletik.de\/wp-content\/uploads\/2023\/03\/Ausschreibung-1080x675.png",1080,675,true],"et-pb-portfolio-image":["https:\/\/www.psv-wuppertal-leichtathletik.de\/wp-content\/uploads\/2023\/03\/Ausschreibung-400x284.png",400,284,true],"et-pb-portfolio-module-image":["https:\/\/www.psv-wuppertal-leichtathletik.de\/wp-content\/uploads\/2023\/03\/Ausschreibung-510x382.png",510,382,true],"et-pb-portfolio-image-single":["https:\/\/www.psv-wuppertal-leichtathletik.de\/wp-content\/uploads\/2023\/03\/Ausschreibung-1080x608.png",1080,608,true],"et-pb-gallery-module-image-portrait":["https:\/\/www.psv-wuppertal-leichtathletik.de\/wp-content\/uploads\/2023\/03\/Ausschreibung-400x516.png",400,516,true],"et-pb-post-main-image-fullwidth-large":["https:\/\/www.psv-wuppertal-leichtathletik.de\/wp-content\/uploads\/2023\/03\/Ausschreibung.png",1920,1080,false],"et-pb-image--responsive--desktop":["https:\/\/www.psv-wuppertal-leichtathletik.de\/wp-content\/uploads\/2023\/03\/Ausschreibung-1280x720.png",1280,720,true],"et-pb-image--responsive--tablet":["https:\/\/www.psv-wuppertal-leichtathletik.de\/wp-content\/uploads\/2023\/03\/Ausschreibung-980x551.png",980,551,true],"et-pb-image--responsive--phone":["https:\/\/www.psv-wuppertal-leichtathletik.de\/wp-content\/uploads\/2023\/03\/Ausschreibung-480x270.png",480,270,true],"portfolio_item-thumbnail":["https:\/\/www.psv-wuppertal-leichtathletik.de\/wp-content\/uploads\/2023\/03\/Ausschreibung-600x400.png",600,400,true],"portfolio_item-thumbnail@2x":["https:\/\/www.psv-wuppertal-leichtathletik.de\/wp-content\/uploads\/2023\/03\/Ausschreibung.png",1200,675,false],"portfolio_item-masonry":["https:\/\/www.psv-wuppertal-leichtathletik.de\/wp-content\/uploads\/2023\/03\/Ausschreibung-600x338.png",600,338,true],"portfolio_item-masonry@2x":["https:\/\/www.psv-wuppertal-leichtathletik.de\/wp-content\/uploads\/2023\/03\/Ausschreibung.png",1200,675,false],"portfolio_item-thumbnail_cinema":["https:\/\/www.psv-wuppertal-leichtathletik.de\/wp-content\/uploads\/2023\/03\/Ausschreibung-800x335.png",800,335,true],"portfolio_item-thumbnail_portrait":["https:\/\/www.psv-wuppertal-leichtathletik.de\/wp-content\/uploads\/2023\/03\/Ausschreibung-600x900.png",600,900,true],"portfolio_item-thumbnail_portrait@2x":["https:\/\/www.psv-wuppertal-leichtathletik.de\/wp-content\/uploads\/2023\/03\/Ausschreibung.png",1200,675,false],"portfolio_item-thumbnail_square":["https:\/\/www.psv-wuppertal-leichtathletik.de\/wp-content\/uploads\/2023\/03\/Ausschreibung-800x800.png",800,800,true]},"_links":{"self":[{"href":"https:\/\/www.psv-wuppertal-leichtathletik.de\/index.php?rest_route=\/wp\/v2\/posts\/3049","targetHints":{"allow":["GET"]}}],"collection":[{"href":"https:\/\/www.psv-wuppertal-leichtathletik.de\/index.php?rest_route=\/wp\/v2\/posts"}],"about":[{"href":"https:\/\/www.psv-wuppertal-leichtathletik.de\/index.php?rest_route=\/wp\/v2\/types\/post"}],"author":[{"embeddable":true,"href":"https:\/\/www.psv-wuppertal-leichtathletik.de\/index.php?rest_route=\/wp\/v2\/users\/1"}],"replies":[{"embeddable":true,"href":"https:\/\/www.psv-wuppertal-leichtathletik.de\/index.php?rest_route=%2Fwp%2Fv2%2Fcomments&post=3049"}],"version-history":[{"count":5,"href":"https:\/\/www.psv-wuppertal-leichtathletik.de\/index.php?rest_route=\/wp\/v2\/posts\/3049\/revisions"}],"predecessor-version":[{"id":3318,"href":"https:\/\/www.psv-wuppertal-leichtathletik.de\/index.php?rest_route=\/wp\/v2\/posts\/3049\/revisions\/3318"}],"wp:featuredmedia":[{"embeddable":true,"href":"https:\/\/www.psv-wuppertal-leichtathletik.de\/index.php?rest_route=\/wp\/v2\/media\/2758"}],"wp:attachment":[{"href":"https:\/\/www.psv-wuppertal-leichtathletik.de\/index.php?rest_route=%2Fwp%2Fv2%2Fmedia&parent=3049"}],"wp:term":[{"taxonomy":"category","embeddable":true,"href":"https:\/\/www.psv-wuppertal-leichtathletik.de\/index.php?rest_route=%2Fwp%2Fv2%2Fcategories&post=3049"},{"taxonomy":"post_tag","embeddable":true,"href":"https:\/\/www.psv-wuppertal-leichtathletik.de\/index.php?rest_route=%2Fwp%2Fv2%2Ftags&post=3049"}],"curies":[{"name":"wp","href":"https:\/\/api.w.org\/{rel}","templated":true}]}}