{"id":3195,"date":"2023-06-11T13:54:42","date_gmt":"2023-06-11T13:54:42","guid":{"rendered":"https:\/\/www.psv-wuppertal-leichtathletik.de\/?p=3195"},"modified":"2023-06-11T13:55:04","modified_gmt":"2023-06-11T13:55:04","slug":"polizei-sportverein-triumphiert-beim-fuchslauf-2023","status":"publish","type":"post","link":"https:\/\/www.psv-wuppertal-leichtathletik.de\/?p=3195","title":{"rendered":"Polizei Sportverein triumphiert beim Fuchslauf 2023"},"content":{"rendered":"\n[et_pb_section fb_built=&#8220;1&#8243; admin_label=&#8220;Coaches&#8220; _builder_version=&#8220;4.16&#8243; _module_preset=&#8220;default&#8220; custom_padding=&#8220;13px|||||&#8220; global_colors_info=&#8220;{}&#8220; theme_builder_area=&#8220;post_content&#8220;][et_pb_row _builder_version=&#8220;4.19.4&#8243; _module_preset=&#8220;default&#8220; custom_padding=&#8220;||27px|||&#8220; locked=&#8220;off&#8220; global_colors_info=&#8220;{}&#8220; theme_builder_area=&#8220;post_content&#8220;][et_pb_column type=&#8220;4_4&#8243; _builder_version=&#8220;4.16&#8243; _module_preset=&#8220;default&#8220; global_colors_info=&#8220;{}&#8220; theme_builder_area=&#8220;post_content&#8220;][et_pb_text _builder_version=&#8220;4.21.0&#8243; _module_preset=&#8220;default&#8220; custom_padding=&#8220;0px|||||&#8220; hover_enabled=&#8220;0&#8243; global_colors_info=&#8220;{}&#8220; theme_builder_area=&#8220;post_content&#8220; sticky_enabled=&#8220;0&#8243;]<div class=\"flex flex-grow flex-col gap-3\">\n<div class=\"min-h-[20px] flex flex-col items-start gap-4 whitespace-pre-wrap break-words\">\n<div class=\"markdown prose w-full break-words dark:prose-invert light\">\n<p><text x=\"-9999\" y=\"-9999\"><\/text><span class=\"flex-grow flex-shrink-0\"><\/span><\/p>\n<p>Beim diesj\u00e4hrigen Fuchslauf, einem der anspruchsvollsten Laufwettbewerbe der Region, hat der Polizei Sportverein (PSV) erneut beeindruckende Erfolge erzielt. Die L\u00e4uferinnen und L\u00e4ufer des Vereins zeigten herausragende Leistungen und brachten den Verein damit erneut auf das Siegerpodium.<\/p>\n<p>Sophia Pohl, Eddi, Oskar und Linda Bleidi\u00dfel, sowie Neele Johanna Leven bewiesen erneut, dass Sie zu den Spitzenl\u00e4ufern der Region geh\u00f6ren<\/p>\n<p>Mit einer eindrucksvollen Geschwindigkeit und Ausdauer setzten die L\u00e4uferinnen und L\u00e4ufer des PSV Wuppertal w\u00e4hrend des gesamten Rennens ein beeindruckendes Tempo.<\/p>\n<p>Angefeuert von begeisterten Zuschauern und unterst\u00fctzt durch ein engagiertes Trainerteam, \u00fcbertrafen die Athletinnen und Athleten des Vereins ihre eigenen Erwartungen und lie\u00dfen die Konkurrenz hinter sich.<\/p>\n<p>Sophia Pohl belegte einen sehr guten zweiten Platz beim Bambini Lauf.<br \/>Eddi Bleidi\u00dfel wurde vierter im U10 Lauf. <br \/>Neele Leven, erste im Jahrgang U12, und Linda Bleidi\u00dfel, erste im Jahrgang U14, dominierten den Lauf der U12 bis U16. Sie liefen mit gro\u00dfen Abstand \u00fcber die Ziellinie. Oskar Bleidi\u00dfel wurde ebenfalls Erster in seiner Altersklasse U12.<\/p>\n<p>&nbsp;<\/p>\n<p>Bericht: Daniel<\/p>\n<\/div>\n<\/div>\n<\/div>[\/et_pb_text][\/et_pb_column][\/et_pb_row][et_pb_row column_structure=&#8220;1_4,1_4,1_4,1_4&#8243; _builder_version=&#8220;4.19.4&#8243; _module_preset=&#8220;default&#8220; global_colors_info=&#8220;{}&#8220; theme_builder_area=&#8220;post_content&#8220;][et_pb_column type=&#8220;1_4&#8243; _builder_version=&#8220;4.19.4&#8243; _module_preset=&#8220;default&#8220; global_colors_info=&#8220;{}&#8220; theme_builder_area=&#8220;post_content&#8220;][et_pb_image src=&#8220;https:\/\/www.psv-wuppertal-leichtathletik.de\/wp-content\/uploads\/2023\/06\/WhatsApp-Image-2023-06-10-at-14.29.47.jpeg&#8220; title_text=&#8220;WhatsApp Image 2023-06-10 at 14.29.47&#8243; show_in_lightbox=&#8220;on&#8220; _builder_version=&#8220;4.21.0&#8243; _module_preset=&#8220;default&#8220; hover_enabled=&#8220;0&#8243; box_shadow_style=&#8220;preset1&#8243; global_colors_info=&#8220;{}&#8220; theme_builder_area=&#8220;post_content&#8220; sticky_enabled=&#8220;0&#8243;][\/et_pb_image][\/et_pb_column][et_pb_column type=&#8220;1_4&#8243; _builder_version=&#8220;4.19.4&#8243; _module_preset=&#8220;default&#8220; global_colors_info=&#8220;{}&#8220; theme_builder_area=&#8220;post_content&#8220;][et_pb_image src=&#8220;https:\/\/www.psv-wuppertal-leichtathletik.de\/wp-content\/uploads\/2023\/06\/WhatsApp-Image-2023-06-10-at-14.29.42.jpeg&#8220; title_text=&#8220;WhatsApp Image 2023-06-10 at 14.29.42&#8243; show_in_lightbox=&#8220;on&#8220; _builder_version=&#8220;4.21.0&#8243; _module_preset=&#8220;default&#8220; hover_enabled=&#8220;0&#8243; box_shadow_style=&#8220;preset1&#8243; global_colors_info=&#8220;{}&#8220; theme_builder_area=&#8220;post_content&#8220; sticky_enabled=&#8220;0&#8243;][\/et_pb_image][\/et_pb_column][et_pb_column type=&#8220;1_4&#8243; _builder_version=&#8220;4.19.4&#8243; _module_preset=&#8220;default&#8220; global_colors_info=&#8220;{}&#8220; theme_builder_area=&#8220;post_content&#8220;][et_pb_image src=&#8220;https:\/\/www.psv-wuppertal-leichtathletik.de\/wp-content\/uploads\/2023\/06\/WhatsApp-Image-2023-06-10-at-12.46.13.jpeg&#8220; title_text=&#8220;WhatsApp Image 2023-06-10 at 12.46.13&#8243; show_in_lightbox=&#8220;on&#8220; _builder_version=&#8220;4.21.0&#8243; _module_preset=&#8220;default&#8220; hover_enabled=&#8220;0&#8243; box_shadow_style=&#8220;preset1&#8243; global_colors_info=&#8220;{}&#8220; theme_builder_area=&#8220;post_content&#8220; sticky_enabled=&#8220;0&#8243;][\/et_pb_image][\/et_pb_column][et_pb_column type=&#8220;1_4&#8243; _builder_version=&#8220;4.19.4&#8243; _module_preset=&#8220;default&#8220; global_colors_info=&#8220;{}&#8220; theme_builder_area=&#8220;post_content&#8220;][et_pb_image src=&#8220;https:\/\/www.psv-wuppertal-leichtathletik.de\/wp-content\/uploads\/2023\/06\/WhatsApp-Image-2023-06-10-at-12.46.00.jpeg&#8220; title_text=&#8220;WhatsApp Image 2023-06-10 at 12.46.00&#8243; show_in_lightbox=&#8220;on&#8220; _builder_version=&#8220;4.21.0&#8243; _module_preset=&#8220;default&#8220; hover_enabled=&#8220;0&#8243; box_shadow_style=&#8220;preset1&#8243; global_colors_info=&#8220;{}&#8220; theme_builder_area=&#8220;post_content&#8220; sticky_enabled=&#8220;0&#8243;][\/et_pb_image][\/et_pb_column][\/et_pb_row][\/et_pb_section]\n","protected":false},"excerpt":{"rendered":"<p>Beim diesj\u00e4hrigen Fuchslauf, einem der anspruchsvollsten Laufwettbewerbe der Region, hat der Polizei Sportverein (PSV) erneut beeindruckende Erfolge erzielt. Die L\u00e4uferinnen und L\u00e4ufer des Vereins zeigten herausragende Leistungen und brachten den Verein damit erneut auf das Siegerpodium. Sophia Pohl, Eddi, Oskar und Linda Bleidi\u00dfel, sowie Neele Johanna Leven bewiesen erneut, dass Sie zu den Spitzenl\u00e4ufern der [&hellip;]<\/p>\n","protected":false},"author":1,"featured_media":3199,"comment_status":"closed","ping_status":"closed","sticky":false,"template":"","format":"standard","meta":{"_et_pb_use_builder":"on","_et_pb_old_content":"","_et_gb_content_width":"","footnotes":""},"categories":[1],"tags":[],"class_list":["post-3195","post","type-post","status-publish","format-standard","has-post-thumbnail","hentry","category-uncategorized"],"featured_media_urls":{"thumbnail":["https:\/\/www.psv-wuppertal-leichtathletik.de\/wp-content\/uploads\/2023\/06\/WhatsApp-Image-2023-06-10-at-12.46.13-150x150.jpeg",150,150,true],"medium":["https:\/\/www.psv-wuppertal-leichtathletik.de\/wp-content\/uploads\/2023\/06\/WhatsApp-Image-2023-06-10-at-12.46.13-300x225.jpeg",300,225,true],"medium_large":["https:\/\/www.psv-wuppertal-leichtathletik.de\/wp-content\/uploads\/2023\/06\/WhatsApp-Image-2023-06-10-at-12.46.13-768x576.jpeg",768,576,true],"large":["https:\/\/www.psv-wuppertal-leichtathletik.de\/wp-content\/uploads\/2023\/06\/WhatsApp-Image-2023-06-10-at-12.46.13-1024x768.jpeg",1024,768,true],"1536x1536":["https:\/\/www.psv-wuppertal-leichtathletik.de\/wp-content\/uploads\/2023\/06\/WhatsApp-Image-2023-06-10-at-12.46.13-1536x1152.jpeg",1536,1152,true],"2048x2048":["https:\/\/www.psv-wuppertal-leichtathletik.de\/wp-content\/uploads\/2023\/06\/WhatsApp-Image-2023-06-10-at-12.46.13.jpeg",1600,1200,false],"et-pb-post-main-image":["https:\/\/www.psv-wuppertal-leichtathletik.de\/wp-content\/uploads\/2023\/06\/WhatsApp-Image-2023-06-10-at-12.46.13-400x250.jpeg",400,250,true],"et-pb-post-main-image-fullwidth":["https:\/\/www.psv-wuppertal-leichtathletik.de\/wp-content\/uploads\/2023\/06\/WhatsApp-Image-2023-06-10-at-12.46.13-1080x675.jpeg",1080,675,true],"et-pb-portfolio-image":["https:\/\/www.psv-wuppertal-leichtathletik.de\/wp-content\/uploads\/2023\/06\/WhatsApp-Image-2023-06-10-at-12.46.13-400x284.jpeg",400,284,true],"et-pb-portfolio-module-image":["https:\/\/www.psv-wuppertal-leichtathletik.de\/wp-content\/uploads\/2023\/06\/WhatsApp-Image-2023-06-10-at-12.46.13-510x382.jpeg",510,382,true],"et-pb-portfolio-image-single":["https:\/\/www.psv-wuppertal-leichtathletik.de\/wp-content\/uploads\/2023\/06\/WhatsApp-Image-2023-06-10-at-12.46.13-1080x810.jpeg",1080,810,true],"et-pb-gallery-module-image-portrait":["https:\/\/www.psv-wuppertal-leichtathletik.de\/wp-content\/uploads\/2023\/06\/WhatsApp-Image-2023-06-10-at-12.46.13-400x516.jpeg",400,516,true],"et-pb-post-main-image-fullwidth-large":["https:\/\/www.psv-wuppertal-leichtathletik.de\/wp-content\/uploads\/2023\/06\/WhatsApp-Image-2023-06-10-at-12.46.13.jpeg",1600,1200,false],"et-pb-image--responsive--desktop":["https:\/\/www.psv-wuppertal-leichtathletik.de\/wp-content\/uploads\/2023\/06\/WhatsApp-Image-2023-06-10-at-12.46.13-1280x960.jpeg",960,720,true],"et-pb-image--responsive--tablet":["https:\/\/www.psv-wuppertal-leichtathletik.de\/wp-content\/uploads\/2023\/06\/WhatsApp-Image-2023-06-10-at-12.46.13-980x735.jpeg",735,551,true],"et-pb-image--responsive--phone":["https:\/\/www.psv-wuppertal-leichtathletik.de\/wp-content\/uploads\/2023\/06\/WhatsApp-Image-2023-06-10-at-12.46.13-480x360.jpeg",360,270,true],"portfolio_item-thumbnail":["https:\/\/www.psv-wuppertal-leichtathletik.de\/wp-content\/uploads\/2023\/06\/WhatsApp-Image-2023-06-10-at-12.46.13-600x400.jpeg",600,400,true],"portfolio_item-thumbnail@2x":["https:\/\/www.psv-wuppertal-leichtathletik.de\/wp-content\/uploads\/2023\/06\/WhatsApp-Image-2023-06-10-at-12.46.13-1200x800.jpeg",1200,800,true],"portfolio_item-masonry":["https:\/\/www.psv-wuppertal-leichtathletik.de\/wp-content\/uploads\/2023\/06\/WhatsApp-Image-2023-06-10-at-12.46.13-600x450.jpeg",600,450,true],"portfolio_item-masonry@2x":["https:\/\/www.psv-wuppertal-leichtathletik.de\/wp-content\/uploads\/2023\/06\/WhatsApp-Image-2023-06-10-at-12.46.13-1200x900.jpeg",1200,900,true],"portfolio_item-thumbnail_cinema":["https:\/\/www.psv-wuppertal-leichtathletik.de\/wp-content\/uploads\/2023\/06\/WhatsApp-Image-2023-06-10-at-12.46.13-800x335.jpeg",800,335,true],"portfolio_item-thumbnail_portrait":["https:\/\/www.psv-wuppertal-leichtathletik.de\/wp-content\/uploads\/2023\/06\/WhatsApp-Image-2023-06-10-at-12.46.13-600x900.jpeg",600,900,true],"portfolio_item-thumbnail_portrait@2x":["https:\/\/www.psv-wuppertal-leichtathletik.de\/wp-content\/uploads\/2023\/06\/WhatsApp-Image-2023-06-10-at-12.46.13-1200x1200.jpeg",1200,1200,true],"portfolio_item-thumbnail_square":["https:\/\/www.psv-wuppertal-leichtathletik.de\/wp-content\/uploads\/2023\/06\/WhatsApp-Image-2023-06-10-at-12.46.13-800x800.jpeg",800,800,true]},"_links":{"self":[{"href":"https:\/\/www.psv-wuppertal-leichtathletik.de\/index.php?rest_route=\/wp\/v2\/posts\/3195","targetHints":{"allow":["GET"]}}],"collection":[{"href":"https:\/\/www.psv-wuppertal-leichtathletik.de\/index.php?rest_route=\/wp\/v2\/posts"}],"about":[{"href":"https:\/\/www.psv-wuppertal-leichtathletik.de\/index.php?rest_route=\/wp\/v2\/types\/post"}],"author":[{"embeddable":true,"href":"https:\/\/www.psv-wuppertal-leichtathletik.de\/index.php?rest_route=\/wp\/v2\/users\/1"}],"replies":[{"embeddable":true,"href":"https:\/\/www.psv-wuppertal-leichtathletik.de\/index.php?rest_route=%2Fwp%2Fv2%2Fcomments&post=3195"}],"version-history":[{"count":3,"href":"https:\/\/www.psv-wuppertal-leichtathletik.de\/index.php?rest_route=\/wp\/v2\/posts\/3195\/revisions"}],"predecessor-version":[{"id":3203,"href":"https:\/\/www.psv-wuppertal-leichtathletik.de\/index.php?rest_route=\/wp\/v2\/posts\/3195\/revisions\/3203"}],"wp:featuredmedia":[{"embeddable":true,"href":"https:\/\/www.psv-wuppertal-leichtathletik.de\/index.php?rest_route=\/wp\/v2\/media\/3199"}],"wp:attachment":[{"href":"https:\/\/www.psv-wuppertal-leichtathletik.de\/index.php?rest_route=%2Fwp%2Fv2%2Fmedia&parent=3195"}],"wp:term":[{"taxonomy":"category","embeddable":true,"href":"https:\/\/www.psv-wuppertal-leichtathletik.de\/index.php?rest_route=%2Fwp%2Fv2%2Fcategories&post=3195"},{"taxonomy":"post_tag","embeddable":true,"href":"https:\/\/www.psv-wuppertal-leichtathletik.de\/index.php?rest_route=%2Fwp%2Fv2%2Ftags&post=3195"}],"curies":[{"name":"wp","href":"https:\/\/api.w.org\/{rel}","templated":true}]}}