{"id":3204,"date":"2023-06-12T06:55:13","date_gmt":"2023-06-12T06:55:13","guid":{"rendered":"https:\/\/www.psv-wuppertal-leichtathletik.de\/?p=3204"},"modified":"2023-06-12T06:55:40","modified_gmt":"2023-06-12T06:55:40","slug":"mittelstreckler-des-psv-wuppertal-ueberzeugen-bei-nordrheinmeisterschaften-der-u16","status":"publish","type":"post","link":"https:\/\/www.psv-wuppertal-leichtathletik.de\/?p=3204","title":{"rendered":"Mittelstreckler des PSV Wuppertal \u00fcberzeugen bei Nordrheinmeisterschaften der U16"},"content":{"rendered":"\n[et_pb_section fb_built=&#8220;1&#8243; admin_label=&#8220;Coaches&#8220; _builder_version=&#8220;4.16&#8243; _module_preset=&#8220;default&#8220; custom_padding=&#8220;13px|||||&#8220; global_colors_info=&#8220;{}&#8220; theme_builder_area=&#8220;post_content&#8220;][et_pb_row _builder_version=&#8220;4.19.4&#8243; _module_preset=&#8220;default&#8220; custom_padding=&#8220;||27px|||&#8220; locked=&#8220;off&#8220; global_colors_info=&#8220;{}&#8220; theme_builder_area=&#8220;post_content&#8220;][et_pb_column type=&#8220;4_4&#8243; _builder_version=&#8220;4.16&#8243; _module_preset=&#8220;default&#8220; global_colors_info=&#8220;{}&#8220; theme_builder_area=&#8220;post_content&#8220;][et_pb_text _builder_version=&#8220;4.21.0&#8243; _module_preset=&#8220;default&#8220; custom_padding=&#8220;0px|||||&#8220; hover_enabled=&#8220;0&#8243; global_colors_info=&#8220;{}&#8220; theme_builder_area=&#8220;post_content&#8220; sticky_enabled=&#8220;0&#8243;]<div class=\"flex flex-grow flex-col gap-3\">\n<div class=\"min-h-[20px] flex flex-col items-start gap-4 whitespace-pre-wrap break-words\">\n<div class=\"markdown prose w-full break-words dark:prose-invert light\">\n<p><text x=\"-9999\" y=\"-9999\"><\/text>Bei 30 Grad auf der Tartanbahn und kaum einem L\u00fcftchen gingen gestern die Mittelstreckler des PSV Wuppertal in Duisburg an den Start.<br \/>Ivan Solodkyi, noch U14 L\u00e4ufer, startete im \u00e4lteren Jahrgang. Ivan wollte nach gutem Training noch eine neue pers\u00f6nliche Bestzeit laufen. Nach gutem Start lief Ivan im Lauf 1 vom Start weg auf dem 2.Platz in der Spitzengruppe mit. Angriffe von hinten wehrte Ivan alle ab. Mit starken letzen 100m kam er mit neuer Bestzeit von 2:24,01 Minuten ins Ziel, was am Ende f\u00fcr einen starken 9. Platz reichte.<br \/>Beim Lauf der M15 stellten sich Lucian Unverzagt und Tim Fiedrich den Gegnern aus NRW. Die Siegerzeit im 1. Lauf der M15 betrug 2:16,67 Minuten, damit war allen klar, dass man alles geben muss, um am Ende bei der Siegerehrung dabei sein zu k\u00f6nnen. Vom Start weg hielten sich Lucian und Tim in der Spitzengruppe auf. Die Durchgangszeit von <br \/>65 Sekunden bei 400 m lie\u00df auf neue pers\u00f6nliche Bestzeiten schlie\u00dfen. Nach der 1. Runde versch\u00e4rfte Max Litzkow aus Leverkusen das Tempo und riss eine kleine L\u00fccke. Mit 2:07,93 holte er sich souver\u00e4n den Titel. Lucian k\u00e4mpfte sich auf einen hervorragenden 3. Platz und verteidigte diesen mit aller Kraft. In einem super starken Schlussspurt musste er sich am Ende dem L\u00e4ufer aus Hilferath knapp um 11\/100 geschlagen geben. 2:11,98 Minuten ist Lucians neue pers\u00f6nliche Bestzeit. Tim hatte ein starkes Finish und kam mit 2:15,12 Minuten ganz knapp hinter Julian Mauer (2:14,93) aus Leverkusen auf einen super 7. Platz im Nordrhein.<br \/>Die Mittelstreckler des PSV haben in Duisburg voll \u00fcberzeugt und ein starkes Ausrufezeichen kurz vor den Sommerferien gesetzt. Sie geh\u00f6ren zu den Besten im Nordrhein.<\/p>\n<\/div>\n<\/div>\n<\/div>[\/et_pb_text][\/et_pb_column][\/et_pb_row][et_pb_row column_structure=&#8220;1_4,1_4,1_4,1_4&#8243; _builder_version=&#8220;4.19.4&#8243; _module_preset=&#8220;default&#8220; global_colors_info=&#8220;{}&#8220; theme_builder_area=&#8220;post_content&#8220;][et_pb_column type=&#8220;1_4&#8243; _builder_version=&#8220;4.19.4&#8243; _module_preset=&#8220;default&#8220; global_colors_info=&#8220;{}&#8220; theme_builder_area=&#8220;post_content&#8220;][et_pb_image src=&#8220;https:\/\/www.psv-wuppertal-leichtathletik.de\/wp-content\/uploads\/2023\/06\/IMG-20230610-WA0005.jpg&#8220; title_text=&#8220;IMG-20230610-WA0005&#8243; show_in_lightbox=&#8220;on&#8220; _builder_version=&#8220;4.21.0&#8243; _module_preset=&#8220;default&#8220; hover_enabled=&#8220;0&#8243; box_shadow_style=&#8220;preset1&#8243; global_colors_info=&#8220;{}&#8220; theme_builder_area=&#8220;post_content&#8220; sticky_enabled=&#8220;0&#8243;][\/et_pb_image][\/et_pb_column][et_pb_column type=&#8220;1_4&#8243; _builder_version=&#8220;4.19.4&#8243; _module_preset=&#8220;default&#8220; global_colors_info=&#8220;{}&#8220; theme_builder_area=&#8220;post_content&#8220;][et_pb_image src=&#8220;https:\/\/www.psv-wuppertal-leichtathletik.de\/wp-content\/uploads\/2023\/06\/PXL_20230610_115511835-scaled.jpg&#8220; title_text=&#8220;PXL_20230610_115511835&#8243; show_in_lightbox=&#8220;on&#8220; _builder_version=&#8220;4.21.0&#8243; _module_preset=&#8220;default&#8220; hover_enabled=&#8220;0&#8243; box_shadow_style=&#8220;preset1&#8243; global_colors_info=&#8220;{}&#8220; theme_builder_area=&#8220;post_content&#8220; sticky_enabled=&#8220;0&#8243;][\/et_pb_image][\/et_pb_column][et_pb_column type=&#8220;1_4&#8243; _builder_version=&#8220;4.19.4&#8243; _module_preset=&#8220;default&#8220; global_colors_info=&#8220;{}&#8220; theme_builder_area=&#8220;post_content&#8220;][et_pb_image src=&#8220;https:\/\/www.psv-wuppertal-leichtathletik.de\/wp-content\/uploads\/2023\/06\/PXL_20230610_122534638-scaled.jpg&#8220; title_text=&#8220;PXL_20230610_122534638&#8243; show_in_lightbox=&#8220;on&#8220; _builder_version=&#8220;4.21.0&#8243; _module_preset=&#8220;default&#8220; hover_enabled=&#8220;0&#8243; box_shadow_style=&#8220;preset1&#8243; global_colors_info=&#8220;{}&#8220; theme_builder_area=&#8220;post_content&#8220; sticky_enabled=&#8220;0&#8243;][\/et_pb_image][\/et_pb_column][et_pb_column type=&#8220;1_4&#8243; _builder_version=&#8220;4.19.4&#8243; _module_preset=&#8220;default&#8220; global_colors_info=&#8220;{}&#8220; theme_builder_area=&#8220;post_content&#8220;][et_pb_image src=&#8220;https:\/\/www.psv-wuppertal-leichtathletik.de\/wp-content\/uploads\/2023\/06\/PXL_20230610_123203406-scaled.jpg&#8220; title_text=&#8220;PXL_20230610_123203406&#8243; show_in_lightbox=&#8220;on&#8220; _builder_version=&#8220;4.21.0&#8243; _module_preset=&#8220;default&#8220; hover_enabled=&#8220;0&#8243; box_shadow_style=&#8220;preset1&#8243; global_colors_info=&#8220;{}&#8220; theme_builder_area=&#8220;post_content&#8220; sticky_enabled=&#8220;0&#8243;][\/et_pb_image][\/et_pb_column][\/et_pb_row][et_pb_row column_structure=&#8220;1_4,1_4,1_4,1_4&#8243; _builder_version=&#8220;4.19.4&#8243; _module_preset=&#8220;default&#8220; global_colors_info=&#8220;{}&#8220; theme_builder_area=&#8220;post_content&#8220;][et_pb_column type=&#8220;1_4&#8243; _builder_version=&#8220;4.19.4&#8243; _module_preset=&#8220;default&#8220; global_colors_info=&#8220;{}&#8220; theme_builder_area=&#8220;post_content&#8220;][et_pb_image src=&#8220;https:\/\/www.psv-wuppertal-leichtathletik.de\/wp-content\/uploads\/2023\/06\/PXL_20230610_124052426-scaled.jpg&#8220; title_text=&#8220;PXL_20230610_124052426&#8243; show_in_lightbox=&#8220;on&#8220; _builder_version=&#8220;4.21.0&#8243; _module_preset=&#8220;default&#8220; hover_enabled=&#8220;0&#8243; box_shadow_style=&#8220;preset1&#8243; global_colors_info=&#8220;{}&#8220; theme_builder_area=&#8220;post_content&#8220; sticky_enabled=&#8220;0&#8243;][\/et_pb_image][\/et_pb_column][et_pb_column type=&#8220;1_4&#8243; _builder_version=&#8220;4.19.4&#8243; _module_preset=&#8220;default&#8220; global_colors_info=&#8220;{}&#8220; theme_builder_area=&#8220;post_content&#8220;][et_pb_image src=&#8220;https:\/\/www.psv-wuppertal-leichtathletik.de\/wp-content\/uploads\/2023\/06\/PXL_20230610_132609332.MP_-scaled.jpg&#8220; title_text=&#8220;PXL_20230610_132609332.MP&#8220; show_in_lightbox=&#8220;on&#8220; _builder_version=&#8220;4.21.0&#8243; _module_preset=&#8220;default&#8220; hover_enabled=&#8220;0&#8243; box_shadow_style=&#8220;preset1&#8243; global_colors_info=&#8220;{}&#8220; theme_builder_area=&#8220;post_content&#8220; sticky_enabled=&#8220;0&#8243;][\/et_pb_image][\/et_pb_column][et_pb_column type=&#8220;1_4&#8243; _builder_version=&#8220;4.19.4&#8243; _module_preset=&#8220;default&#8220; global_colors_info=&#8220;{}&#8220; theme_builder_area=&#8220;post_content&#8220;][et_pb_image src=&#8220;https:\/\/www.psv-wuppertal-leichtathletik.de\/wp-content\/uploads\/2023\/06\/PXL_20230610_132731706-scaled.jpg&#8220; title_text=&#8220;PXL_20230610_132731706&#8243; show_in_lightbox=&#8220;on&#8220; _builder_version=&#8220;4.21.0&#8243; _module_preset=&#8220;default&#8220; hover_enabled=&#8220;0&#8243; box_shadow_style=&#8220;preset1&#8243; global_colors_info=&#8220;{}&#8220; theme_builder_area=&#8220;post_content&#8220; sticky_enabled=&#8220;0&#8243;][\/et_pb_image][\/et_pb_column][et_pb_column type=&#8220;1_4&#8243; _builder_version=&#8220;4.19.4&#8243; _module_preset=&#8220;default&#8220; global_colors_info=&#8220;{}&#8220; theme_builder_area=&#8220;post_content&#8220;][et_pb_image src=&#8220;https:\/\/www.psv-wuppertal-leichtathletik.de\/wp-content\/uploads\/2023\/06\/PXL_20230610_132738900.PORTRAIT.ORIGINAL-scaled.jpg&#8220; title_text=&#8220;PXL_20230610_132738900.PORTRAIT.ORIGINAL&#8220; show_in_lightbox=&#8220;on&#8220; _builder_version=&#8220;4.21.0&#8243; _module_preset=&#8220;default&#8220; hover_enabled=&#8220;0&#8243; box_shadow_style=&#8220;preset1&#8243; global_colors_info=&#8220;{}&#8220; theme_builder_area=&#8220;post_content&#8220; sticky_enabled=&#8220;0&#8243;][\/et_pb_image][\/et_pb_column][\/et_pb_row][\/et_pb_section]\n","protected":false},"excerpt":{"rendered":"<p>Bei 30 Grad auf der Tartanbahn und kaum einem L\u00fcftchen gingen gestern die Mittelstreckler des PSV Wuppertal in Duisburg an den Start.Ivan Solodkyi, noch U14 L\u00e4ufer, startete im \u00e4lteren Jahrgang. Ivan wollte nach gutem Training noch eine neue pers\u00f6nliche Bestzeit laufen. Nach gutem Start lief Ivan im Lauf 1 vom Start weg auf dem 2.Platz [&hellip;]<\/p>\n","protected":false},"author":2,"featured_media":3212,"comment_status":"closed","ping_status":"closed","sticky":false,"template":"","format":"standard","meta":{"_et_pb_use_builder":"on","_et_pb_old_content":"","_et_gb_content_width":"","footnotes":""},"categories":[1],"tags":[],"class_list":["post-3204","post","type-post","status-publish","format-standard","has-post-thumbnail","hentry","category-uncategorized"],"featured_media_urls":{"thumbnail":["https:\/\/www.psv-wuppertal-leichtathletik.de\/wp-content\/uploads\/2023\/06\/PXL_20230610_132731706-150x150.jpg",150,150,true],"medium":["https:\/\/www.psv-wuppertal-leichtathletik.de\/wp-content\/uploads\/2023\/06\/PXL_20230610_132731706-300x225.jpg",300,225,true],"medium_large":["https:\/\/www.psv-wuppertal-leichtathletik.de\/wp-content\/uploads\/2023\/06\/PXL_20230610_132731706-768x576.jpg",768,576,true],"large":["https:\/\/www.psv-wuppertal-leichtathletik.de\/wp-content\/uploads\/2023\/06\/PXL_20230610_132731706-1024x768.jpg",1024,768,true],"1536x1536":["https:\/\/www.psv-wuppertal-leichtathletik.de\/wp-content\/uploads\/2023\/06\/PXL_20230610_132731706-1536x1152.jpg",1536,1152,true],"2048x2048":["https:\/\/www.psv-wuppertal-leichtathletik.de\/wp-content\/uploads\/2023\/06\/PXL_20230610_132731706-2048x1536.jpg",2048,1536,true],"et-pb-post-main-image":["https:\/\/www.psv-wuppertal-leichtathletik.de\/wp-content\/uploads\/2023\/06\/PXL_20230610_132731706-400x250.jpg",400,250,true],"et-pb-post-main-image-fullwidth":["https:\/\/www.psv-wuppertal-leichtathletik.de\/wp-content\/uploads\/2023\/06\/PXL_20230610_132731706-1080x675.jpg",1080,675,true],"et-pb-portfolio-image":["https:\/\/www.psv-wuppertal-leichtathletik.de\/wp-content\/uploads\/2023\/06\/PXL_20230610_132731706-400x284.jpg",400,284,true],"et-pb-portfolio-module-image":["https:\/\/www.psv-wuppertal-leichtathletik.de\/wp-content\/uploads\/2023\/06\/PXL_20230610_132731706-510x382.jpg",510,382,true],"et-pb-portfolio-image-single":["https:\/\/www.psv-wuppertal-leichtathletik.de\/wp-content\/uploads\/2023\/06\/PXL_20230610_132731706-1080x810.jpg",1080,810,true],"et-pb-gallery-module-image-portrait":["https:\/\/www.psv-wuppertal-leichtathletik.de\/wp-content\/uploads\/2023\/06\/PXL_20230610_132731706-400x516.jpg",400,516,true],"et-pb-post-main-image-fullwidth-large":["https:\/\/www.psv-wuppertal-leichtathletik.de\/wp-content\/uploads\/2023\/06\/PXL_20230610_132731706-2880x1800.jpg",2880,1800,true],"et-pb-image--responsive--desktop":["https:\/\/www.psv-wuppertal-leichtathletik.de\/wp-content\/uploads\/2023\/06\/PXL_20230610_132731706-1280x960.jpg",960,720,true],"et-pb-image--responsive--tablet":["https:\/\/www.psv-wuppertal-leichtathletik.de\/wp-content\/uploads\/2023\/06\/PXL_20230610_132731706-980x735.jpg",735,551,true],"et-pb-image--responsive--phone":["https:\/\/www.psv-wuppertal-leichtathletik.de\/wp-content\/uploads\/2023\/06\/PXL_20230610_132731706-480x360.jpg",360,270,true],"portfolio_item-thumbnail":["https:\/\/www.psv-wuppertal-leichtathletik.de\/wp-content\/uploads\/2023\/06\/PXL_20230610_132731706-600x400.jpg",600,400,true],"portfolio_item-thumbnail@2x":["https:\/\/www.psv-wuppertal-leichtathletik.de\/wp-content\/uploads\/2023\/06\/PXL_20230610_132731706-1200x800.jpg",1200,800,true],"portfolio_item-masonry":["https:\/\/www.psv-wuppertal-leichtathletik.de\/wp-content\/uploads\/2023\/06\/PXL_20230610_132731706-600x450.jpg",600,450,true],"portfolio_item-masonry@2x":["https:\/\/www.psv-wuppertal-leichtathletik.de\/wp-content\/uploads\/2023\/06\/PXL_20230610_132731706-1200x900.jpg",1200,900,true],"portfolio_item-thumbnail_cinema":["https:\/\/www.psv-wuppertal-leichtathletik.de\/wp-content\/uploads\/2023\/06\/PXL_20230610_132731706-800x335.jpg",800,335,true],"portfolio_item-thumbnail_portrait":["https:\/\/www.psv-wuppertal-leichtathletik.de\/wp-content\/uploads\/2023\/06\/PXL_20230610_132731706-600x900.jpg",600,900,true],"portfolio_item-thumbnail_portrait@2x":["https:\/\/www.psv-wuppertal-leichtathletik.de\/wp-content\/uploads\/2023\/06\/PXL_20230610_132731706-1200x1800.jpg",1200,1800,true],"portfolio_item-thumbnail_square":["https:\/\/www.psv-wuppertal-leichtathletik.de\/wp-content\/uploads\/2023\/06\/PXL_20230610_132731706-800x800.jpg",800,800,true]},"_links":{"self":[{"href":"https:\/\/www.psv-wuppertal-leichtathletik.de\/index.php?rest_route=\/wp\/v2\/posts\/3204","targetHints":{"allow":["GET"]}}],"collection":[{"href":"https:\/\/www.psv-wuppertal-leichtathletik.de\/index.php?rest_route=\/wp\/v2\/posts"}],"about":[{"href":"https:\/\/www.psv-wuppertal-leichtathletik.de\/index.php?rest_route=\/wp\/v2\/types\/post"}],"author":[{"embeddable":true,"href":"https:\/\/www.psv-wuppertal-leichtathletik.de\/index.php?rest_route=\/wp\/v2\/users\/2"}],"replies":[{"embeddable":true,"href":"https:\/\/www.psv-wuppertal-leichtathletik.de\/index.php?rest_route=%2Fwp%2Fv2%2Fcomments&post=3204"}],"version-history":[{"count":3,"href":"https:\/\/www.psv-wuppertal-leichtathletik.de\/index.php?rest_route=\/wp\/v2\/posts\/3204\/revisions"}],"predecessor-version":[{"id":3216,"href":"https:\/\/www.psv-wuppertal-leichtathletik.de\/index.php?rest_route=\/wp\/v2\/posts\/3204\/revisions\/3216"}],"wp:featuredmedia":[{"embeddable":true,"href":"https:\/\/www.psv-wuppertal-leichtathletik.de\/index.php?rest_route=\/wp\/v2\/media\/3212"}],"wp:attachment":[{"href":"https:\/\/www.psv-wuppertal-leichtathletik.de\/index.php?rest_route=%2Fwp%2Fv2%2Fmedia&parent=3204"}],"wp:term":[{"taxonomy":"category","embeddable":true,"href":"https:\/\/www.psv-wuppertal-leichtathletik.de\/index.php?rest_route=%2Fwp%2Fv2%2Fcategories&post=3204"},{"taxonomy":"post_tag","embeddable":true,"href":"https:\/\/www.psv-wuppertal-leichtathletik.de\/index.php?rest_route=%2Fwp%2Fv2%2Ftags&post=3204"}],"curies":[{"name":"wp","href":"https:\/\/api.w.org\/{rel}","templated":true}]}}