{"id":3406,"date":"2023-08-29T18:37:29","date_gmt":"2023-08-29T18:37:29","guid":{"rendered":"https:\/\/www.psv-wuppertal-leichtathletik.de\/?p=3406"},"modified":"2023-08-31T08:48:07","modified_gmt":"2023-08-31T08:48:07","slug":"2-u12-talentiade-in-der-lvn-region-mitte-bericht","status":"publish","type":"post","link":"https:\/\/www.psv-wuppertal-leichtathletik.de\/?p=3406","title":{"rendered":"2. U12-Talentiade in der LVN-Region Mitte &#8211; Bericht"},"content":{"rendered":"<p>[et_pb_section fb_built=&#8220;1&#8243; admin_label=&#8220;Coaches&#8220; _builder_version=&#8220;4.16&#8243; _module_preset=&#8220;default&#8220; custom_padding=&#8220;13px|||||&#8220; global_colors_info=&#8220;{}&#8220;][et_pb_row _builder_version=&#8220;4.19.4&#8243; _module_preset=&#8220;default&#8220; custom_padding=&#8220;||27px|||&#8220; locked=&#8220;off&#8220; global_colors_info=&#8220;{}&#8220;][et_pb_column type=&#8220;4_4&#8243; _builder_version=&#8220;4.16&#8243; _module_preset=&#8220;default&#8220; global_colors_info=&#8220;{}&#8220;][et_pb_text _builder_version=&#8220;4.21.2&#8243; _module_preset=&#8220;default&#8220; custom_padding=&#8220;0px|||||&#8220; global_colors_info=&#8220;{}&#8220;]<\/p>\n<div class=\"flex flex-grow flex-col gap-3\">\n<div class=\"min-h-[20px] flex flex-col items-start gap-4 whitespace-pre-wrap break-words\">\n<div class=\"markdown prose w-full break-words dark:prose-invert light\">\n<p><text x=\"-9999\" y=\"-9999\"><\/text><span class=\"flex-grow flex-shrink-0\"><\/span><\/p>\n<p>Mit Petrus\u2019 Segen auf unserer Seite startete am Samstag, den 26.08.23 p\u00fcnktlich um 10:00 die Talentiade der u12 und u14 auf dem Sportplatz Oberbergische Stra\u00dfe.<br \/>Die 6 Teilnehmer des PSV hatten farblich das Nachsehen. Der Haaner TV und der ASC D\u00fcsseldorf dominierten sowohl in Rot als auch mit Pl\u00e4tzen auf dem begehrten Treppchen. <br \/>Nichtsdestotrotz haben alle PSVer erfolgreich den Platz verlassen. In der Altersklasse w\/m 11 sicherte sich Jenny Krey Platz 3 mit einer starken Weite von 27,50 m im Schlagballwurf. Teampartner Philip Herbeck erzielte mit 33,00 m Platz 4.<br \/>In der M10 sicherte sich Oscar Bleidie\u00dfel die Silbermedaille mit 30,00 m. In der Disziplin 30 m fliegend traten die beiden M\u00e4dels Sophia van Look und Neele Leven an &#8211; hier war die Konkurrenz so stark, dass es mit 4,55 sek und 4,57 sek nur f\u00fcr Platz 11 f\u00fcr Sophia und Platz 12 f\u00fcr Neele gereicht hat. Sebastian Pohl hingegen hatte mit einer Zeit von 4,56 sek immerhin Platz 6 ergattert. In der w11 belegte Leona Sonntag mit 4,18 sek Platz 6.<br \/>Beim Weitsprung war der PSV in der Altersgruppe W10\/M10 insgesamt daf\u00fcr deutlich erfolgreicher. Hier kam Sebastian Pohl mit einer Weite von 3,29 m auf Platz 7 &#8211; Sophia van Look mit einer Weite von 3,36 m auf Platz 6 und Neele Leven mit 3,38 m auf Platz 5. Die Altersgruppe W11 belegte mit Leona Sonntag und einer Weite von 3,74 m Platz 12 und mit 3,30 m wurde Jenny Krey 19. Letztere versuchte sich beim Hochsprung und belegte mit erfolgreichen 1,16 m Platz 8.<br \/>Die letzte und wohl herausforderndste Disziplin waren die 2000 m in allen Altersklassen. Hier bewies sich der PSV als starker, ernstzunehmender Gegner und verlie\u00df das Feld mit 5 Medaillen. In der M11 startete Philip Herbeck und sicherte sich einen verdienten Platz 3 mit einer Zeit von 8,36 min. In der M10 stand Oscar Bleidie\u00dfel ganz oben auf dem Treppchen und trug stolz die Goldmedaille mit einer Zeit von sagenhaften 7,56 Minuten. Jona Schwedler (hochestartet aus der M9) erzielte mit 8,21 Minuten Platz 3. Nach einem Schlusssprint setzte sich der 1 Jahr j\u00fcngere PSVer gegen seine \u00e4lteren Konkurrenten durch. <br \/>Auch Sophia van Look und Neele Leven standen mit Silber und Bronze auf dem Treppchen mit einer Zeit von 8,18min f\u00fcr Sophia van Look und 8,51 min f\u00fcr Neele Leven.<\/p>\n<p>Bravo und herzlichen Gl\u00fcckwunsch an alle Teilnehmer\/ innen<\/p>\n<\/div>\n<\/div>\n<\/div>\n<p>[\/et_pb_text][\/et_pb_column][\/et_pb_row][et_pb_row column_structure=&#8220;1_2,1_2&#8243; _builder_version=&#8220;4.19.4&#8243; _module_preset=&#8220;default&#8220; global_colors_info=&#8220;{}&#8220;][et_pb_column type=&#8220;1_2&#8243; _builder_version=&#8220;4.19.4&#8243; _module_preset=&#8220;default&#8220; global_colors_info=&#8220;{}&#8220;][et_pb_image src=&#8220;https:\/\/www.psv-wuppertal-leichtathletik.de\/wp-content\/uploads\/2023\/08\/1.jpg&#8220; title_text=&#8220;1&#8243; show_in_lightbox=&#8220;on&#8220; _builder_version=&#8220;4.21.2&#8243; _module_preset=&#8220;default&#8220; box_shadow_style=&#8220;preset1&#8243; global_colors_info=&#8220;{}&#8220;][\/et_pb_image][\/et_pb_column][et_pb_column type=&#8220;1_2&#8243; _builder_version=&#8220;4.21.0&#8243; _module_preset=&#8220;default&#8220; global_colors_info=&#8220;{}&#8220;][et_pb_image src=&#8220;https:\/\/www.psv-wuppertal-leichtathletik.de\/wp-content\/uploads\/2023\/08\/2.jpg&#8220; title_text=&#8220;2&#8243; show_in_lightbox=&#8220;on&#8220; _builder_version=&#8220;4.21.2&#8243; _module_preset=&#8220;default&#8220; box_shadow_style=&#8220;preset1&#8243; global_colors_info=&#8220;{}&#8220;][\/et_pb_image][\/et_pb_column][\/et_pb_row][et_pb_row _builder_version=&#8220;4.19.4&#8243; _module_preset=&#8220;default&#8220; global_colors_info=&#8220;{}&#8220;][et_pb_column type=&#8220;4_4&#8243; _builder_version=&#8220;4.19.4&#8243; _module_preset=&#8220;default&#8220; global_colors_info=&#8220;{}&#8220;][et_pb_image src=&#8220;https:\/\/www.psv-wuppertal-leichtathletik.de\/wp-content\/uploads\/2023\/08\/3.jpg&#8220; title_text=&#8220;3&#8243; show_in_lightbox=&#8220;on&#8220; _builder_version=&#8220;4.21.2&#8243; _module_preset=&#8220;default&#8220; box_shadow_style=&#8220;preset1&#8243; global_colors_info=&#8220;{}&#8220;][\/et_pb_image][\/et_pb_column][\/et_pb_row][\/et_pb_section]<\/p>\n","protected":false},"excerpt":{"rendered":"<p>Mit Petrus\u2019 Segen auf unserer Seite startete am Samstag, den 26.08.23 p\u00fcnktlich um 10:00 die Talentiade der u12 und u14 auf dem Sportplatz Oberbergische Stra\u00dfe.Die 6 Teilnehmer des PSV hatten farblich das Nachsehen. Der Haaner TV und der ASC D\u00fcsseldorf dominierten sowohl in Rot als auch mit Pl\u00e4tzen auf dem begehrten Treppchen. Nichtsdestotrotz haben alle [&hellip;]<\/p>\n","protected":false},"author":1,"featured_media":3411,"comment_status":"closed","ping_status":"closed","sticky":false,"template":"","format":"standard","meta":{"_et_pb_use_builder":"on","_et_pb_old_content":"","_et_gb_content_width":"","footnotes":""},"categories":[1],"tags":[],"class_list":["post-3406","post","type-post","status-publish","format-standard","has-post-thumbnail","hentry","category-uncategorized"],"featured_media_urls":{"thumbnail":["https:\/\/www.psv-wuppertal-leichtathletik.de\/wp-content\/uploads\/2023\/08\/3-150x150.jpg",150,150,true],"medium":["https:\/\/www.psv-wuppertal-leichtathletik.de\/wp-content\/uploads\/2023\/08\/3-300x225.jpg",300,225,true],"medium_large":["https:\/\/www.psv-wuppertal-leichtathletik.de\/wp-content\/uploads\/2023\/08\/3-768x576.jpg",768,576,true],"large":["https:\/\/www.psv-wuppertal-leichtathletik.de\/wp-content\/uploads\/2023\/08\/3-1024x768.jpg",1024,768,true],"1536x1536":["https:\/\/www.psv-wuppertal-leichtathletik.de\/wp-content\/uploads\/2023\/08\/3-1536x1152.jpg",1536,1152,true],"2048x2048":["https:\/\/www.psv-wuppertal-leichtathletik.de\/wp-content\/uploads\/2023\/08\/3.jpg",2048,1536,false],"et-pb-post-main-image":["https:\/\/www.psv-wuppertal-leichtathletik.de\/wp-content\/uploads\/2023\/08\/3-400x250.jpg",400,250,true],"et-pb-post-main-image-fullwidth":["https:\/\/www.psv-wuppertal-leichtathletik.de\/wp-content\/uploads\/2023\/08\/3-1080x675.jpg",1080,675,true],"et-pb-portfolio-image":["https:\/\/www.psv-wuppertal-leichtathletik.de\/wp-content\/uploads\/2023\/08\/3-400x284.jpg",400,284,true],"et-pb-portfolio-module-image":["https:\/\/www.psv-wuppertal-leichtathletik.de\/wp-content\/uploads\/2023\/08\/3-510x382.jpg",510,382,true],"et-pb-portfolio-image-single":["https:\/\/www.psv-wuppertal-leichtathletik.de\/wp-content\/uploads\/2023\/08\/3-1080x810.jpg",1080,810,true],"et-pb-gallery-module-image-portrait":["https:\/\/www.psv-wuppertal-leichtathletik.de\/wp-content\/uploads\/2023\/08\/3-400x516.jpg",400,516,true],"et-pb-post-main-image-fullwidth-large":["https:\/\/www.psv-wuppertal-leichtathletik.de\/wp-content\/uploads\/2023\/08\/3.jpg",2048,1536,false],"et-pb-image--responsive--desktop":["https:\/\/www.psv-wuppertal-leichtathletik.de\/wp-content\/uploads\/2023\/08\/3-1280x960.jpg",960,720,true],"et-pb-image--responsive--tablet":["https:\/\/www.psv-wuppertal-leichtathletik.de\/wp-content\/uploads\/2023\/08\/3-980x735.jpg",735,551,true],"et-pb-image--responsive--phone":["https:\/\/www.psv-wuppertal-leichtathletik.de\/wp-content\/uploads\/2023\/08\/3-480x360.jpg",360,270,true],"portfolio_item-thumbnail":["https:\/\/www.psv-wuppertal-leichtathletik.de\/wp-content\/uploads\/2023\/08\/3-600x400.jpg",600,400,true],"portfolio_item-thumbnail@2x":["https:\/\/www.psv-wuppertal-leichtathletik.de\/wp-content\/uploads\/2023\/08\/3-1200x800.jpg",1200,800,true],"portfolio_item-masonry":["https:\/\/www.psv-wuppertal-leichtathletik.de\/wp-content\/uploads\/2023\/08\/3-600x450.jpg",600,450,true],"portfolio_item-masonry@2x":["https:\/\/www.psv-wuppertal-leichtathletik.de\/wp-content\/uploads\/2023\/08\/3-1200x900.jpg",1200,900,true],"portfolio_item-thumbnail_cinema":["https:\/\/www.psv-wuppertal-leichtathletik.de\/wp-content\/uploads\/2023\/08\/3-800x335.jpg",800,335,true],"portfolio_item-thumbnail_portrait":["https:\/\/www.psv-wuppertal-leichtathletik.de\/wp-content\/uploads\/2023\/08\/3-600x900.jpg",600,900,true],"portfolio_item-thumbnail_portrait@2x":["https:\/\/www.psv-wuppertal-leichtathletik.de\/wp-content\/uploads\/2023\/08\/3-1200x1536.jpg",1200,1536,true],"portfolio_item-thumbnail_square":["https:\/\/www.psv-wuppertal-leichtathletik.de\/wp-content\/uploads\/2023\/08\/3-800x800.jpg",800,800,true]},"_links":{"self":[{"href":"https:\/\/www.psv-wuppertal-leichtathletik.de\/index.php?rest_route=\/wp\/v2\/posts\/3406","targetHints":{"allow":["GET"]}}],"collection":[{"href":"https:\/\/www.psv-wuppertal-leichtathletik.de\/index.php?rest_route=\/wp\/v2\/posts"}],"about":[{"href":"https:\/\/www.psv-wuppertal-leichtathletik.de\/index.php?rest_route=\/wp\/v2\/types\/post"}],"author":[{"embeddable":true,"href":"https:\/\/www.psv-wuppertal-leichtathletik.de\/index.php?rest_route=\/wp\/v2\/users\/1"}],"replies":[{"embeddable":true,"href":"https:\/\/www.psv-wuppertal-leichtathletik.de\/index.php?rest_route=%2Fwp%2Fv2%2Fcomments&post=3406"}],"version-history":[{"count":5,"href":"https:\/\/www.psv-wuppertal-leichtathletik.de\/index.php?rest_route=\/wp\/v2\/posts\/3406\/revisions"}],"predecessor-version":[{"id":3428,"href":"https:\/\/www.psv-wuppertal-leichtathletik.de\/index.php?rest_route=\/wp\/v2\/posts\/3406\/revisions\/3428"}],"wp:featuredmedia":[{"embeddable":true,"href":"https:\/\/www.psv-wuppertal-leichtathletik.de\/index.php?rest_route=\/wp\/v2\/media\/3411"}],"wp:attachment":[{"href":"https:\/\/www.psv-wuppertal-leichtathletik.de\/index.php?rest_route=%2Fwp%2Fv2%2Fmedia&parent=3406"}],"wp:term":[{"taxonomy":"category","embeddable":true,"href":"https:\/\/www.psv-wuppertal-leichtathletik.de\/index.php?rest_route=%2Fwp%2Fv2%2Fcategories&post=3406"},{"taxonomy":"post_tag","embeddable":true,"href":"https:\/\/www.psv-wuppertal-leichtathletik.de\/index.php?rest_route=%2Fwp%2Fv2%2Ftags&post=3406"}],"curies":[{"name":"wp","href":"https:\/\/api.w.org\/{rel}","templated":true}]}}