{"id":3730,"date":"2024-01-08T11:15:42","date_gmt":"2024-01-08T11:15:42","guid":{"rendered":"https:\/\/www.psv-wuppertal-leichtathletik.de\/?p=3730"},"modified":"2024-02-02T12:23:58","modified_gmt":"2024-02-02T12:23:58","slug":"winter-waldlauf-des-tusem-essen-ausschreibung-fuer-psv","status":"publish","type":"post","link":"https:\/\/www.psv-wuppertal-leichtathletik.de\/?p=3730","title":{"rendered":"Winter-Waldlauf des TUSEM Essen  [Ausschreibung f\u00fcr PSV]"},"content":{"rendered":"<p>[et_pb_section fb_built=&#8220;1&#8243; _builder_version=&#8220;4.16&#8243; global_colors_info=&#8220;{}&#8220;][et_pb_row _builder_version=&#8220;4.23.1&#8243; background_size=&#8220;initial&#8220; background_position=&#8220;top_left&#8220; background_repeat=&#8220;repeat&#8220; global_colors_info=&#8220;{}&#8220;][et_pb_column type=&#8220;4_4&#8243; _builder_version=&#8220;4.23.1&#8243; custom_padding=&#8220;|||&#8220; global_colors_info=&#8220;{}&#8220; custom_padding__hover=&#8220;|||&#8220;][et_pb_text _builder_version=&#8220;4.23.1&#8243; background_size=&#8220;initial&#8220; background_position=&#8220;top_left&#8220; background_repeat=&#8220;repeat&#8220; hover_enabled=&#8220;0&#8243; global_colors_info=&#8220;{}&#8220; sticky_enabled=&#8220;0&#8243;]<\/p>\n<p><span style=\"color: #ff0000;\"><strong>66. Winter-Waldlauf des TUSEM Essen<\/strong><\/span><\/p>\n<p><strong>am 27. Januar 2024<\/strong><\/p>\n<p>auf der Margarethenh\u00f6he, direkt am Grugapark Essen<\/p>\n<p><strong>Ausrichter<\/strong><\/p>\n<p>TUSEM Essen, Leichtathletikabteilung, Fibelweg 7, 45149 Essen<\/p>\n<p><strong>Termin<\/strong><\/p>\n<p><strong>Samstag, 27.01.2024, ab 13:00 Uhr<\/strong><\/p>\n<p>&nbsp;<\/p>\n<p><strong>Meldeschluss:\u00a0 \u00a020.01.2024<\/strong><\/p>\n<p><strong>Meldungen an: <a href=\"mailto:gerd.fuetterer@gmail.com\">gerd.fuetterer@gmail.com<\/a><\/strong><\/p>\n<p>&nbsp;<\/p>\n<p><strong>Austragungsst\u00e4tte\u00a0<\/strong><\/p>\n<p>Die L\u00e4ufe werden auf dem Sportplatz Fibelweg und dem Wald an der \u201eSommerburg\u201d Essen-Margarethenh\u00f6he ausgetragen. Dieser schlie\u00dft sich unmittelbar an den Sportplatz an.<\/p>\n<p><strong>Laufstrecke<\/strong><\/p>\n<p>Start und Ziel befinden sich auf dem Sportplatz am Fibelweg. Die Wettkampfstrecke verl\u00e4uft \u00fcber befestigte Wald- und Gehwege und ist auch bei schlechten Witterungsbedingungen gut zu laufen. Die Rundstrecken im Wald sind profiliert.<\/p>\n<p>&nbsp;<\/p>\n<p><strong>Wettbewerbe und Zeitplan (\u00c4nderungen vorbehalten)<\/strong><\/p>\n<table>\n<tbody>\n<tr>\n<td>\n<p>13:45 Uhr<\/p>\n<\/td>\n<td>\n<p>&nbsp;<\/p>\n<\/td>\n<td>\n<p><strong>Kinder M\/WU8 720 m<\/strong>\u00a0(2 Runden auf Sportplatz)<br \/>(Jahrg\u00e4nge 2017 und 2018)<\/p>\n<\/td>\n<\/tr>\n<tr>\n<td>\n<p>14:00 Uhr<\/p>\n<\/td>\n<td>\n<p>&nbsp;<\/p>\n<\/td>\n<td>\n<p><strong>Kinder M\/WU10 1.300 m<\/strong>\u00a0(1 kleine Waldrunde)<br \/>(Jahrg\u00e4nge 2015 und 2016)<\/p>\n<\/td>\n<\/tr>\n<tr>\n<td>\n<p>14:15 Uhr<\/p>\n<\/td>\n<td>\n<p>&nbsp;<\/p>\n<\/td>\n<td>\n<p><strong>Kinder M\/WU12 1.300 m<\/strong>\u00a0(1 kleine Waldrunde)<br \/>(Jahrg\u00e4nge 2013 und 2014)<\/p>\n<\/td>\n<\/tr>\n<tr>\n<td>\n<p>14:30 Uhr<\/p>\n<\/td>\n<td>\n<p>&nbsp;<\/p>\n<\/td>\n<td>\n<p><strong>Jugend M\/WU14 und M\/WU16 2.100 m<\/strong>\u00a0(2 kleine Waldrunden)<br \/>(Jahrg\u00e4nge 2009 bis 2012)<\/p>\n<\/td>\n<\/tr>\n<tr>\n<td>\n<p>14:50 Uhr<\/p>\n<\/td>\n<td>\n<p>&nbsp;<\/p>\n<\/td>\n<td>\n<p><strong>Jedermannlauf 4.100 m<\/strong>\u00a0(2 gro\u00dfe Waldrunden)<br \/>M\/WU18 und M\/WU20, Frauen und M\u00e4nner HK, M\/W 30-80 (10er Schritte)<\/p>\n<\/td>\n<\/tr>\n<tr>\n<td>\n<p>15:35 Uhr<\/p>\n<\/td>\n<td>\n<p>&nbsp;<\/p>\n<\/td>\n<td>\n<p><strong>Hauptlauf 9.600 m<\/strong>\u00a0(5 gro\u00dfe Waldrunden)<br \/>Frauen und M\u00e4nner Hauptklasse, M\/W 30-80 (10er Schritte)\u00a0<\/p>\n<\/td>\n<\/tr>\n<\/tbody>\n<\/table>\n<p><strong>Auszeichnungen<\/strong><\/p>\n<p>Urkunden k\u00f6nnen f\u00fcr alle TeilnehmerInnen im Internet ausgedruckt werden. Ehrenpreise f\u00fcr die Klassensieger\/-innen (Sachpreise werden nicht nachgesendet). Die Bambinis erhalten vor Ort eine Teilnahmeurkunde.<\/p>\n<p><strong>Siegerehrung<\/strong><\/p>\n<p>Eine Siegerehrung findet etwa 30 Minuten nach den jeweiligen L\u00e4ufen am TUSEM-Gesundheitszentrum statt. Urkundenausgabe f\u00fcr die Bambinil\u00e4ufe unmittelbar nach dem Lauf.<\/p>\n<p><strong>Verpflegung<\/strong><\/p>\n<p>F\u00fcr Euch SportlerInnen gibt es Wasser und warmen Tee im Ziel. F\u00fcr SportlerInnen und ZuschauerInnen ist unsere Kaffee- und Kuchenbar ge\u00f6ffnet. Die Gastronomie im TUSEM-Clubhaus hat au\u00dferdem warme und kalte Speisen im Angebot.<\/p>\n<p>&nbsp;<\/p>\n<p>[\/et_pb_text][\/et_pb_column][\/et_pb_row][et_pb_row _builder_version=&#8220;4.21.2&#8243; _module_preset=&#8220;default&#8220; global_colors_info=&#8220;{}&#8220;][et_pb_column type=&#8220;4_4&#8243; _builder_version=&#8220;4.21.2&#8243; _module_preset=&#8220;default&#8220; global_colors_info=&#8220;{}&#8220;][\/et_pb_column][\/et_pb_row][\/et_pb_section][et_pb_section fb_built=&#8220;1&#8243; fullwidth=&#8220;on&#8220; _builder_version=&#8220;4.21.2&#8243; _module_preset=&#8220;default&#8220; global_colors_info=&#8220;{}&#8220;][\/et_pb_section]<\/p>\n","protected":false},"excerpt":{"rendered":"<p>66. Winter-Waldlauf des TUSEM Essen am 27. Januar 2024 auf der Margarethenh\u00f6he, direkt am Grugapark Essen Ausrichter TUSEM Essen, Leichtathletikabteilung, Fibelweg 7, 45149 Essen Termin Samstag, 27.01.2024, ab 13:00 Uhr &nbsp; Meldeschluss:\u00a0 \u00a020.01.2024 Meldungen an: gerd.fuetterer@gmail.com &nbsp; Austragungsst\u00e4tte\u00a0 Die L\u00e4ufe werden auf dem Sportplatz Fibelweg und dem Wald an der \u201eSommerburg\u201d Essen-Margarethenh\u00f6he ausgetragen. Dieser schlie\u00dft [&hellip;]<\/p>\n","protected":false},"author":1,"featured_media":2758,"comment_status":"closed","ping_status":"closed","sticky":false,"template":"","format":"standard","meta":{"_et_pb_use_builder":"on","_et_pb_old_content":"","_et_gb_content_width":"","footnotes":""},"categories":[26],"tags":[],"class_list":["post-3730","post","type-post","status-publish","format-standard","has-post-thumbnail","hentry","category-archivierte-beitraege-nicht-sichtbar"],"featured_media_urls":{"thumbnail":["https:\/\/www.psv-wuppertal-leichtathletik.de\/wp-content\/uploads\/2023\/03\/Ausschreibung-150x150.png",150,150,true],"medium":["https:\/\/www.psv-wuppertal-leichtathletik.de\/wp-content\/uploads\/2023\/03\/Ausschreibung-300x169.png",300,169,true],"medium_large":["https:\/\/www.psv-wuppertal-leichtathletik.de\/wp-content\/uploads\/2023\/03\/Ausschreibung-768x432.png",768,432,true],"large":["https:\/\/www.psv-wuppertal-leichtathletik.de\/wp-content\/uploads\/2023\/03\/Ausschreibung-1024x576.png",1024,576,true],"1536x1536":["https:\/\/www.psv-wuppertal-leichtathletik.de\/wp-content\/uploads\/2023\/03\/Ausschreibung-1536x864.png",1536,864,true],"2048x2048":["https:\/\/www.psv-wuppertal-leichtathletik.de\/wp-content\/uploads\/2023\/03\/Ausschreibung.png",1920,1080,false],"et-pb-post-main-image":["https:\/\/www.psv-wuppertal-leichtathletik.de\/wp-content\/uploads\/2023\/03\/Ausschreibung-400x250.png",400,250,true],"et-pb-post-main-image-fullwidth":["https:\/\/www.psv-wuppertal-leichtathletik.de\/wp-content\/uploads\/2023\/03\/Ausschreibung-1080x675.png",1080,675,true],"et-pb-portfolio-image":["https:\/\/www.psv-wuppertal-leichtathletik.de\/wp-content\/uploads\/2023\/03\/Ausschreibung-400x284.png",400,284,true],"et-pb-portfolio-module-image":["https:\/\/www.psv-wuppertal-leichtathletik.de\/wp-content\/uploads\/2023\/03\/Ausschreibung-510x382.png",510,382,true],"et-pb-portfolio-image-single":["https:\/\/www.psv-wuppertal-leichtathletik.de\/wp-content\/uploads\/2023\/03\/Ausschreibung-1080x608.png",1080,608,true],"et-pb-gallery-module-image-portrait":["https:\/\/www.psv-wuppertal-leichtathletik.de\/wp-content\/uploads\/2023\/03\/Ausschreibung-400x516.png",400,516,true],"et-pb-post-main-image-fullwidth-large":["https:\/\/www.psv-wuppertal-leichtathletik.de\/wp-content\/uploads\/2023\/03\/Ausschreibung.png",1920,1080,false],"et-pb-image--responsive--desktop":["https:\/\/www.psv-wuppertal-leichtathletik.de\/wp-content\/uploads\/2023\/03\/Ausschreibung-1280x720.png",1280,720,true],"et-pb-image--responsive--tablet":["https:\/\/www.psv-wuppertal-leichtathletik.de\/wp-content\/uploads\/2023\/03\/Ausschreibung-980x551.png",980,551,true],"et-pb-image--responsive--phone":["https:\/\/www.psv-wuppertal-leichtathletik.de\/wp-content\/uploads\/2023\/03\/Ausschreibung-480x270.png",480,270,true],"portfolio_item-thumbnail":["https:\/\/www.psv-wuppertal-leichtathletik.de\/wp-content\/uploads\/2023\/03\/Ausschreibung-600x400.png",600,400,true],"portfolio_item-thumbnail@2x":["https:\/\/www.psv-wuppertal-leichtathletik.de\/wp-content\/uploads\/2023\/03\/Ausschreibung.png",1200,675,false],"portfolio_item-masonry":["https:\/\/www.psv-wuppertal-leichtathletik.de\/wp-content\/uploads\/2023\/03\/Ausschreibung-600x338.png",600,338,true],"portfolio_item-masonry@2x":["https:\/\/www.psv-wuppertal-leichtathletik.de\/wp-content\/uploads\/2023\/03\/Ausschreibung.png",1200,675,false],"portfolio_item-thumbnail_cinema":["https:\/\/www.psv-wuppertal-leichtathletik.de\/wp-content\/uploads\/2023\/03\/Ausschreibung-800x335.png",800,335,true],"portfolio_item-thumbnail_portrait":["https:\/\/www.psv-wuppertal-leichtathletik.de\/wp-content\/uploads\/2023\/03\/Ausschreibung-600x900.png",600,900,true],"portfolio_item-thumbnail_portrait@2x":["https:\/\/www.psv-wuppertal-leichtathletik.de\/wp-content\/uploads\/2023\/03\/Ausschreibung.png",1200,675,false],"portfolio_item-thumbnail_square":["https:\/\/www.psv-wuppertal-leichtathletik.de\/wp-content\/uploads\/2023\/03\/Ausschreibung-800x800.png",800,800,true]},"_links":{"self":[{"href":"https:\/\/www.psv-wuppertal-leichtathletik.de\/index.php?rest_route=\/wp\/v2\/posts\/3730","targetHints":{"allow":["GET"]}}],"collection":[{"href":"https:\/\/www.psv-wuppertal-leichtathletik.de\/index.php?rest_route=\/wp\/v2\/posts"}],"about":[{"href":"https:\/\/www.psv-wuppertal-leichtathletik.de\/index.php?rest_route=\/wp\/v2\/types\/post"}],"author":[{"embeddable":true,"href":"https:\/\/www.psv-wuppertal-leichtathletik.de\/index.php?rest_route=\/wp\/v2\/users\/1"}],"replies":[{"embeddable":true,"href":"https:\/\/www.psv-wuppertal-leichtathletik.de\/index.php?rest_route=%2Fwp%2Fv2%2Fcomments&post=3730"}],"version-history":[{"count":6,"href":"https:\/\/www.psv-wuppertal-leichtathletik.de\/index.php?rest_route=\/wp\/v2\/posts\/3730\/revisions"}],"predecessor-version":[{"id":3739,"href":"https:\/\/www.psv-wuppertal-leichtathletik.de\/index.php?rest_route=\/wp\/v2\/posts\/3730\/revisions\/3739"}],"wp:featuredmedia":[{"embeddable":true,"href":"https:\/\/www.psv-wuppertal-leichtathletik.de\/index.php?rest_route=\/wp\/v2\/media\/2758"}],"wp:attachment":[{"href":"https:\/\/www.psv-wuppertal-leichtathletik.de\/index.php?rest_route=%2Fwp%2Fv2%2Fmedia&parent=3730"}],"wp:term":[{"taxonomy":"category","embeddable":true,"href":"https:\/\/www.psv-wuppertal-leichtathletik.de\/index.php?rest_route=%2Fwp%2Fv2%2Fcategories&post=3730"},{"taxonomy":"post_tag","embeddable":true,"href":"https:\/\/www.psv-wuppertal-leichtathletik.de\/index.php?rest_route=%2Fwp%2Fv2%2Ftags&post=3730"}],"curies":[{"name":"wp","href":"https:\/\/api.w.org\/{rel}","templated":true}]}}