{"id":3995,"date":"2024-04-15T16:52:40","date_gmt":"2024-04-15T16:52:40","guid":{"rendered":"https:\/\/www.psv-wuppertal-leichtathletik.de\/?p=3995"},"modified":"2024-04-15T16:52:40","modified_gmt":"2024-04-15T16:52:40","slug":"starker-auftritt-bei-der-regio-langstreckenmeisterschaft-bericht-psv","status":"publish","type":"post","link":"https:\/\/www.psv-wuppertal-leichtathletik.de\/?p=3995","title":{"rendered":"Starker Auftritt bei der Regio-Langstreckenmeisterschaft [Bericht PSV]"},"content":{"rendered":"\n[et_pb_section fb_built=&#8220;1&#8243; admin_label=&#8220;Coaches&#8220; _builder_version=&#8220;4.16&#8243; _module_preset=&#8220;default&#8220; custom_padding=&#8220;13px|||||&#8220; global_colors_info=&#8220;{}&#8220; theme_builder_area=&#8220;post_content&#8220;][et_pb_row _builder_version=&#8220;4.24.3&#8243; _module_preset=&#8220;default&#8220; custom_padding=&#8220;||27px|||&#8220; hover_enabled=&#8220;0&#8243; locked=&#8220;off&#8220; global_colors_info=&#8220;{}&#8220; theme_builder_area=&#8220;post_content&#8220; sticky_enabled=&#8220;0&#8243;][et_pb_column type=&#8220;4_4&#8243; _builder_version=&#8220;4.21.2&#8243; _module_preset=&#8220;default&#8220; global_colors_info=&#8220;{}&#8220; theme_builder_area=&#8220;post_content&#8220;][et_pb_text _builder_version=&#8220;4.24.3&#8243; _module_preset=&#8220;default&#8220; custom_padding=&#8220;0px|||||&#8220; hover_enabled=&#8220;0&#8243; global_colors_info=&#8220;{}&#8220; theme_builder_area=&#8220;post_content&#8220; sticky_enabled=&#8220;0&#8243;]<p>Am Freitagabend fand auf der sch\u00f6nen Sportanlage in Korschenbroich die Langstreckenmeisterschaft der U14 &#8211; U20 statt. In diesem Rahmen konnten sich die<br \/>jungen Nachwuchsl\u00e4ufer\/innen der U12 \u00fcber die 800m Strecke messen.<br \/>Den Anfang machten Jona Schwedler und Jakob Eickelberg, die bei tollen \u00e4u\u00dferen Bedingungen \u00fcber 800m an den Start gingen. Nach guter Vorbereitung wollten die Jungen<br \/>eine pers\u00f6nliche Bestzeit erzielen. Die zwei PSVer setzten sich nach gutem Start an die Spitze des Feldes und liefen eine schnelle 1. Runde in 84,3 Sekunden, was eine<br \/>neue Bestzeit erhoffen lie\u00df. Nach einem tollen Endspurt auf den letzten 75m kamen Jona und Jakob Kopf an Kopf ins Ziel. Mit 2:53,05 Min. hatte Jona die Nasenspitze vorn. Jakob<br \/>kam in 2:53,26 Min. auf einen tollen 2. Platz. F\u00fcr die beiden war es eine gro\u00dfartige neue Bestzeit. Das gute Training der vergangenen Wochen zeigte seine Fr\u00fcchte. Im Anschluss an<br \/>die Jungen, ging Neele Leven auf die Strecke. Eine gute 1. Runde in 86,8 Sekunden erweckte die Hoffnung auf eine Bestzeit. Nach einem taktisch guten Lauf mit tollem Schlussspurt <br \/>auf den letzten 100m erk\u00e4mpfte sich Neele Platz 2 mit neuer pers\u00f6nlicher Bestzeit von 3:03,82 Minuten. Nun ist das neue Ziel, die drei Minuten zu unterbieten.<br \/>Nach den 800m L\u00e4ufen begannen die Langstreckenmeisterschaften. \u00dcber 2000m starteten, mit der Hoffnung auf einen Treppchenplatz, Oskar Bleidi\u00dfel und Lauren Unverzagt. Direkt nach dem Start bildete sich eine Dreiergruppe, die das Rennen von vorne bestimmte. Zu dieser Gruppe geh\u00f6rte ein L\u00e4ufer aus M\u00f6nchengladbach und dazu Lauren und Oskar vom PSV.<br \/>Lauren ging das Rennen sehr schnell an, der M\u00f6nchengladbacher und er setzen sich ein wenig ab. Oskar konnte nach 600m auf die Beiden aufschie\u00dfen. Die ersten 1000m wurden<br \/>in 4:07 Minuten absolviert. In der letzten Runde setzte sich der L\u00e4ufer aus MG von den PSV Jungen ab, Oskar und Lauren konnten nicht ganz folgen. Gemeinsam kamen die Beiden <br \/>auf die Zielgerade. Lauren mobilisierte nochmals alle Kr\u00e4fte und schob sich auf den letzten 50m an seinem j\u00fcngeren Vereinskameraden vorbei. Mit 8:06,40 Min. wurde Lauren Vize-Regionsmeister. Oskar kam als U12 L\u00e4ufer bei der U14 in 8:08,30 Min. auf einen starken 3. Platz und vervollst\u00e4ndigte die gute Bilanz der PSV Laufgarde.<br \/>Zu guter Letzt starteten Tim Fiedrich und Jarno Voth \u00fcber 7 1\/2 Runden (3000m). Am Start standen L\u00e4ufer aus verschiedenen Altersgruppen. Von Beginn an \u00fcbernahm<br \/>ein U20 L\u00e4ufer die Spitze. Tim und Jarno folgten ihm und liefen eine schnelle erste Runde in 72\/75 Sekunden. Die zweite Runde verlief dann etwas ruhiger und so ben\u00f6tigten Tim 3:15 Min.<br \/>und Jarno bei 3:27 Min. f\u00fcr die ersten 1000m. Tim lief mit 6:50 Min. und Jarno mit 7:10 Mi. bei 2000 m durch. Auf den letzten 1000m versuchten die Beiden das Tempo und <br \/>ihre gute Position zu halten. Mit 10:17,72 Minuten holte sich Tim Fiedrich den Regionsmeistertitel, auf Platz 2 folgte sein Trainings- und Vereinskumpel Jarno Voth. Jarno war durch Krankheit<br \/>und Erk\u00e4ltung nicht ganz fit und mit seiner Zeit von 10:55,90 Minuten nicht zufrieden.<br \/>Tolle Platzierungen, starke Zeiten ! Der PSV setzte in der Region das erste Ausrufungszeichen in der neuen Freiluftsaison auf der Bahn.<br \/>Krankheitsbedingt fehlten Ivan Solodkyi, Hannah Schoeppe und Sophia van Look. Alle Drei h\u00e4tten in ihrer Laufklasse ein entscheidendes W\u00f6rtchen um die Titelvergabe mitgesprochen.<br \/>2 x Platz 1n<br \/>4 x Platz 2<br \/>1 x Platz 3, welch eine Ausbeute bei 7 Startern\/innen !!!<\/p>\n<p>&nbsp;<\/p>[\/et_pb_text][et_pb_gallery gallery_ids=&#8220;3998,3999,4000,4001,4002,4003,4004,4005,4006,4007,4008,4009,4010,4011,4012,4013,4014&#8243; posts_number=&#8220;100&#8243; orientation=&#8220;portrait&#8220; show_title_and_caption=&#8220;off&#8220; show_pagination=&#8220;off&#8220; _builder_version=&#8220;4.24.3&#8243; _module_preset=&#8220;default&#8220; hover_enabled=&#8220;0&#8243; box_shadow_style_image=&#8220;preset3&#8243; global_colors_info=&#8220;{}&#8220; theme_builder_area=&#8220;post_content&#8220; sticky_enabled=&#8220;0&#8243;][\/et_pb_gallery][\/et_pb_column][\/et_pb_row][\/et_pb_section]\n","protected":false},"excerpt":{"rendered":"<p>Am Freitagabend fand auf der sch\u00f6nen Sportanlage in Korschenbroich die Langstreckenmeisterschaft der U14 &#8211; U20 statt. In diesem Rahmen konnten sich diejungen Nachwuchsl\u00e4ufer\/innen der U12 \u00fcber die 800m Strecke messen.Den Anfang machten Jona Schwedler und Jakob Eickelberg, die bei tollen \u00e4u\u00dferen Bedingungen \u00fcber 800m an den Start gingen. Nach guter Vorbereitung wollten die Jungeneine pers\u00f6nliche [&hellip;]<\/p>\n","protected":false},"author":2,"featured_media":3998,"comment_status":"closed","ping_status":"closed","sticky":false,"template":"","format":"standard","meta":{"_et_pb_use_builder":"on","_et_pb_old_content":"","_et_gb_content_width":"","footnotes":""},"categories":[1],"tags":[],"class_list":["post-3995","post","type-post","status-publish","format-standard","has-post-thumbnail","hentry","category-uncategorized"],"featured_media_urls":{"thumbnail":["https:\/\/www.psv-wuppertal-leichtathletik.de\/wp-content\/uploads\/2024\/04\/20240415_Regio_Langstrecke-1-150x150.jpg",150,150,true],"medium":["https:\/\/www.psv-wuppertal-leichtathletik.de\/wp-content\/uploads\/2024\/04\/20240415_Regio_Langstrecke-1-300x219.jpg",300,219,true],"medium_large":["https:\/\/www.psv-wuppertal-leichtathletik.de\/wp-content\/uploads\/2024\/04\/20240415_Regio_Langstrecke-1-768x562.jpg",768,562,true],"large":["https:\/\/www.psv-wuppertal-leichtathletik.de\/wp-content\/uploads\/2024\/04\/20240415_Regio_Langstrecke-1-1024x749.jpg",1024,749,true],"1536x1536":["https:\/\/www.psv-wuppertal-leichtathletik.de\/wp-content\/uploads\/2024\/04\/20240415_Regio_Langstrecke-1-1536x1124.jpg",1536,1124,true],"2048x2048":["https:\/\/www.psv-wuppertal-leichtathletik.de\/wp-content\/uploads\/2024\/04\/20240415_Regio_Langstrecke-1-2048x1498.jpg",2048,1498,true],"et-pb-post-main-image":["https:\/\/www.psv-wuppertal-leichtathletik.de\/wp-content\/uploads\/2024\/04\/20240415_Regio_Langstrecke-1-400x250.jpg",400,250,true],"et-pb-post-main-image-fullwidth":["https:\/\/www.psv-wuppertal-leichtathletik.de\/wp-content\/uploads\/2024\/04\/20240415_Regio_Langstrecke-1-1080x675.jpg",1080,675,true],"et-pb-portfolio-image":["https:\/\/www.psv-wuppertal-leichtathletik.de\/wp-content\/uploads\/2024\/04\/20240415_Regio_Langstrecke-1-400x284.jpg",400,284,true],"et-pb-portfolio-module-image":["https:\/\/www.psv-wuppertal-leichtathletik.de\/wp-content\/uploads\/2024\/04\/20240415_Regio_Langstrecke-1-510x382.jpg",510,382,true],"et-pb-portfolio-image-single":["https:\/\/www.psv-wuppertal-leichtathletik.de\/wp-content\/uploads\/2024\/04\/20240415_Regio_Langstrecke-1-1080x790.jpg",1080,790,true],"et-pb-gallery-module-image-portrait":["https:\/\/www.psv-wuppertal-leichtathletik.de\/wp-content\/uploads\/2024\/04\/20240415_Regio_Langstrecke-1-400x516.jpg",400,516,true],"et-pb-post-main-image-fullwidth-large":["https:\/\/www.psv-wuppertal-leichtathletik.de\/wp-content\/uploads\/2024\/04\/20240415_Regio_Langstrecke-1-2880x1800.jpg",2880,1800,true],"et-pb-image--responsive--desktop":["https:\/\/www.psv-wuppertal-leichtathletik.de\/wp-content\/uploads\/2024\/04\/20240415_Regio_Langstrecke-1-1280x937.jpg",984,720,true],"et-pb-image--responsive--tablet":["https:\/\/www.psv-wuppertal-leichtathletik.de\/wp-content\/uploads\/2024\/04\/20240415_Regio_Langstrecke-1-980x717.jpg",753,551,true],"et-pb-image--responsive--phone":["https:\/\/www.psv-wuppertal-leichtathletik.de\/wp-content\/uploads\/2024\/04\/20240415_Regio_Langstrecke-1-480x351.jpg",369,270,true],"portfolio_item-thumbnail":["https:\/\/www.psv-wuppertal-leichtathletik.de\/wp-content\/uploads\/2024\/04\/20240415_Regio_Langstrecke-1-600x400.jpg",600,400,true],"portfolio_item-thumbnail@2x":["https:\/\/www.psv-wuppertal-leichtathletik.de\/wp-content\/uploads\/2024\/04\/20240415_Regio_Langstrecke-1-1200x800.jpg",1200,800,true],"portfolio_item-masonry":["https:\/\/www.psv-wuppertal-leichtathletik.de\/wp-content\/uploads\/2024\/04\/20240415_Regio_Langstrecke-1-600x439.jpg",600,439,true],"portfolio_item-masonry@2x":["https:\/\/www.psv-wuppertal-leichtathletik.de\/wp-content\/uploads\/2024\/04\/20240415_Regio_Langstrecke-1-1200x878.jpg",1200,878,true],"portfolio_item-thumbnail_cinema":["https:\/\/www.psv-wuppertal-leichtathletik.de\/wp-content\/uploads\/2024\/04\/20240415_Regio_Langstrecke-1-800x335.jpg",800,335,true],"portfolio_item-thumbnail_portrait":["https:\/\/www.psv-wuppertal-leichtathletik.de\/wp-content\/uploads\/2024\/04\/20240415_Regio_Langstrecke-1-600x900.jpg",600,900,true],"portfolio_item-thumbnail_portrait@2x":["https:\/\/www.psv-wuppertal-leichtathletik.de\/wp-content\/uploads\/2024\/04\/20240415_Regio_Langstrecke-1-1200x1800.jpg",1200,1800,true],"portfolio_item-thumbnail_square":["https:\/\/www.psv-wuppertal-leichtathletik.de\/wp-content\/uploads\/2024\/04\/20240415_Regio_Langstrecke-1-800x800.jpg",800,800,true]},"_links":{"self":[{"href":"https:\/\/www.psv-wuppertal-leichtathletik.de\/index.php?rest_route=\/wp\/v2\/posts\/3995","targetHints":{"allow":["GET"]}}],"collection":[{"href":"https:\/\/www.psv-wuppertal-leichtathletik.de\/index.php?rest_route=\/wp\/v2\/posts"}],"about":[{"href":"https:\/\/www.psv-wuppertal-leichtathletik.de\/index.php?rest_route=\/wp\/v2\/types\/post"}],"author":[{"embeddable":true,"href":"https:\/\/www.psv-wuppertal-leichtathletik.de\/index.php?rest_route=\/wp\/v2\/users\/2"}],"replies":[{"embeddable":true,"href":"https:\/\/www.psv-wuppertal-leichtathletik.de\/index.php?rest_route=%2Fwp%2Fv2%2Fcomments&post=3995"}],"version-history":[{"count":4,"href":"https:\/\/www.psv-wuppertal-leichtathletik.de\/index.php?rest_route=\/wp\/v2\/posts\/3995\/revisions"}],"predecessor-version":[{"id":4017,"href":"https:\/\/www.psv-wuppertal-leichtathletik.de\/index.php?rest_route=\/wp\/v2\/posts\/3995\/revisions\/4017"}],"wp:featuredmedia":[{"embeddable":true,"href":"https:\/\/www.psv-wuppertal-leichtathletik.de\/index.php?rest_route=\/wp\/v2\/media\/3998"}],"wp:attachment":[{"href":"https:\/\/www.psv-wuppertal-leichtathletik.de\/index.php?rest_route=%2Fwp%2Fv2%2Fmedia&parent=3995"}],"wp:term":[{"taxonomy":"category","embeddable":true,"href":"https:\/\/www.psv-wuppertal-leichtathletik.de\/index.php?rest_route=%2Fwp%2Fv2%2Fcategories&post=3995"},{"taxonomy":"post_tag","embeddable":true,"href":"https:\/\/www.psv-wuppertal-leichtathletik.de\/index.php?rest_route=%2Fwp%2Fv2%2Ftags&post=3995"}],"curies":[{"name":"wp","href":"https:\/\/api.w.org\/{rel}","templated":true}]}}