{"id":4225,"date":"2024-07-07T17:08:12","date_gmt":"2024-07-07T17:08:12","guid":{"rendered":"https:\/\/www.psv-wuppertal-leichtathletik.de\/?p=4225"},"modified":"2024-08-29T07:30:07","modified_gmt":"2024-08-29T07:30:07","slug":"psv-sommerfest-am-24-08-2024","status":"publish","type":"post","link":"https:\/\/www.psv-wuppertal-leichtathletik.de\/?p=4225","title":{"rendered":"PSV Sommerfest am 24.08.2024"},"content":{"rendered":"\n[et_pb_section fb_built=&#8220;1&#8243; _builder_version=&#8220;4.16&#8243; global_colors_info=&#8220;{}&#8220; theme_builder_area=&#8220;post_content&#8220;][et_pb_row _builder_version=&#8220;4.23.1&#8243; background_size=&#8220;initial&#8220; background_position=&#8220;top_left&#8220; background_repeat=&#8220;repeat&#8220; global_colors_info=&#8220;{}&#8220; theme_builder_area=&#8220;post_content&#8220;][et_pb_column type=&#8220;4_4&#8243; _builder_version=&#8220;4.23.1&#8243; custom_padding=&#8220;|||&#8220; global_colors_info=&#8220;{}&#8220; custom_padding__hover=&#8220;|||&#8220; theme_builder_area=&#8220;post_content&#8220;][et_pb_text _builder_version=&#8220;4.24.3&#8243; background_size=&#8220;initial&#8220; background_position=&#8220;top_left&#8220; background_repeat=&#8220;repeat&#8220; hover_enabled=&#8220;0&#8243; global_colors_info=&#8220;{}&#8220; theme_builder_area=&#8220;post_content&#8220; sticky_enabled=&#8220;0&#8243;]<p>Liebe Mitglieder,<\/p>\n<p>Der Hauptverein feiert!<\/p>\n<p>Am 24.08.2024 findet das Sommerfest des Hauptvereins statt.<\/p>\n<p>Mehr Details auf: <a href=\"https:\/\/psv-wuppertal.de\/psv-sommerfest-am-24-08-2024\/\">https:\/\/psv-wuppertal.de\/psv-sommerfest-am-24-08-2024\/<\/a><\/p>\n<p>&nbsp;<\/p>\n<p>Als Abteilung werden wir 3 &#8222;Stationen&#8220; organisieren. Einen 30Meter Sprint, Weitwurf und noch eine weitere Disziplin :).<\/p>\n<p>Hierf\u00fcr ben\u00f6tigen wir f\u00fcr den Verlauf des Tages immer mal wieder Helfer. Bitte sprecht Eure Trainer an, ob ihr behilflich sein k\u00f6nnt.<\/p>[\/et_pb_text][\/et_pb_column][\/et_pb_row][et_pb_row _builder_version=&#8220;4.23.1&#8243; background_size=&#8220;initial&#8220; background_position=&#8220;top_left&#8220; background_repeat=&#8220;repeat&#8220; global_colors_info=&#8220;{}&#8220; theme_builder_area=&#8220;post_content&#8220;][et_pb_column type=&#8220;4_4&#8243; _builder_version=&#8220;4.23.1&#8243; custom_padding=&#8220;|||&#8220; global_colors_info=&#8220;{}&#8220; custom_padding__hover=&#8220;|||&#8220; theme_builder_area=&#8220;post_content&#8220;][et_pb_text _builder_version=&#8220;4.24.3&#8243; background_size=&#8220;initial&#8220; background_position=&#8220;top_left&#8220; background_repeat=&#8220;repeat&#8220; hover_enabled=&#8220;0&#8243; global_colors_info=&#8220;{}&#8220; theme_builder_area=&#8220;post_content&#8220; sticky_enabled=&#8220;0&#8243;]<p><a href=\"https:\/\/www.psv-wuppertal-leichtathletik.de\/wp-content\/uploads\/2024\/07\/Sommerfest_PSV.jpg\"><img fetchpriority=\"high\" fetchpriority=\"high\" decoding=\"async\" src=\"https:\/\/www.psv-wuppertal-leichtathletik.de\/wp-content\/uploads\/2024\/07\/Sommerfest_PSV-732x1024.jpg\" width=\"732\" height=\"1024\" alt=\"\" class=\"wp-image-4229 alignleft size-large\" \/><\/a><\/p>[\/et_pb_text][\/et_pb_column][\/et_pb_row][\/et_pb_section][et_pb_section fb_built=&#8220;1&#8243; fullwidth=&#8220;on&#8220; _builder_version=&#8220;4.21.2&#8243; _module_preset=&#8220;default&#8220; global_colors_info=&#8220;{}&#8220; theme_builder_area=&#8220;post_content&#8220;][\/et_pb_section]\n","protected":false},"excerpt":{"rendered":"<p>Liebe Mitglieder, Der Hauptverein feiert! Am 24.08.2024 findet das Sommerfest des Hauptvereins statt. Mehr Details auf: https:\/\/psv-wuppertal.de\/psv-sommerfest-am-24-08-2024\/ &nbsp; Als Abteilung werden wir 3 &#8222;Stationen&#8220; organisieren. Einen 30Meter Sprint, Weitwurf und noch eine weitere Disziplin :). Hierf\u00fcr ben\u00f6tigen wir f\u00fcr den Verlauf des Tages immer mal wieder Helfer. Bitte sprecht Eure Trainer an, ob ihr behilflich [&hellip;]<\/p>\n","protected":false},"author":1,"featured_media":4229,"comment_status":"open","ping_status":"closed","sticky":false,"template":"","format":"standard","meta":{"_et_pb_use_builder":"on","_et_pb_old_content":"","_et_gb_content_width":"","footnotes":""},"categories":[26],"tags":[],"class_list":["post-4225","post","type-post","status-publish","format-standard","has-post-thumbnail","hentry","category-archivierte-beitraege-nicht-sichtbar"],"featured_media_urls":{"thumbnail":["https:\/\/www.psv-wuppertal-leichtathletik.de\/wp-content\/uploads\/2024\/07\/Sommerfest_PSV-150x150.jpg",150,150,true],"medium":["https:\/\/www.psv-wuppertal-leichtathletik.de\/wp-content\/uploads\/2024\/07\/Sommerfest_PSV-214x300.jpg",214,300,true],"medium_large":["https:\/\/www.psv-wuppertal-leichtathletik.de\/wp-content\/uploads\/2024\/07\/Sommerfest_PSV-768x1075.jpg",768,1075,true],"large":["https:\/\/www.psv-wuppertal-leichtathletik.de\/wp-content\/uploads\/2024\/07\/Sommerfest_PSV-732x1024.jpg",732,1024,true],"1536x1536":["https:\/\/www.psv-wuppertal-leichtathletik.de\/wp-content\/uploads\/2024\/07\/Sommerfest_PSV-1097x1536.jpg",1097,1536,true],"2048x2048":["https:\/\/www.psv-wuppertal-leichtathletik.de\/wp-content\/uploads\/2024\/07\/Sommerfest_PSV.jpg",1143,1600,false],"et-pb-post-main-image":["https:\/\/www.psv-wuppertal-leichtathletik.de\/wp-content\/uploads\/2024\/07\/Sommerfest_PSV-400x250.jpg",400,250,true],"et-pb-post-main-image-fullwidth":["https:\/\/www.psv-wuppertal-leichtathletik.de\/wp-content\/uploads\/2024\/07\/Sommerfest_PSV-1080x675.jpg",1080,675,true],"et-pb-portfolio-image":["https:\/\/www.psv-wuppertal-leichtathletik.de\/wp-content\/uploads\/2024\/07\/Sommerfest_PSV-400x284.jpg",400,284,true],"et-pb-portfolio-module-image":["https:\/\/www.psv-wuppertal-leichtathletik.de\/wp-content\/uploads\/2024\/07\/Sommerfest_PSV-510x382.jpg",510,382,true],"et-pb-portfolio-image-single":["https:\/\/www.psv-wuppertal-leichtathletik.de\/wp-content\/uploads\/2024\/07\/Sommerfest_PSV-1080x1512.jpg",1080,1512,true],"et-pb-gallery-module-image-portrait":["https:\/\/www.psv-wuppertal-leichtathletik.de\/wp-content\/uploads\/2024\/07\/Sommerfest_PSV-400x516.jpg",400,516,true],"et-pb-post-main-image-fullwidth-large":["https:\/\/www.psv-wuppertal-leichtathletik.de\/wp-content\/uploads\/2024\/07\/Sommerfest_PSV.jpg",1143,1600,false],"et-pb-image--responsive--desktop":["https:\/\/www.psv-wuppertal-leichtathletik.de\/wp-content\/uploads\/2024\/07\/Sommerfest_PSV.jpg",514,720,false],"et-pb-image--responsive--tablet":["https:\/\/www.psv-wuppertal-leichtathletik.de\/wp-content\/uploads\/2024\/07\/Sommerfest_PSV-980x1372.jpg",394,551,true],"et-pb-image--responsive--phone":["https:\/\/www.psv-wuppertal-leichtathletik.de\/wp-content\/uploads\/2024\/07\/Sommerfest_PSV-480x672.jpg",193,270,true],"portfolio_item-thumbnail":["https:\/\/www.psv-wuppertal-leichtathletik.de\/wp-content\/uploads\/2024\/07\/Sommerfest_PSV-600x400.jpg",600,400,true],"portfolio_item-thumbnail@2x":["https:\/\/www.psv-wuppertal-leichtathletik.de\/wp-content\/uploads\/2024\/07\/Sommerfest_PSV-1143x800.jpg",1143,800,true],"portfolio_item-masonry":["https:\/\/www.psv-wuppertal-leichtathletik.de\/wp-content\/uploads\/2024\/07\/Sommerfest_PSV-600x840.jpg",600,840,true],"portfolio_item-masonry@2x":["https:\/\/www.psv-wuppertal-leichtathletik.de\/wp-content\/uploads\/2024\/07\/Sommerfest_PSV.jpg",1143,1600,false],"portfolio_item-thumbnail_cinema":["https:\/\/www.psv-wuppertal-leichtathletik.de\/wp-content\/uploads\/2024\/07\/Sommerfest_PSV-800x335.jpg",800,335,true],"portfolio_item-thumbnail_portrait":["https:\/\/www.psv-wuppertal-leichtathletik.de\/wp-content\/uploads\/2024\/07\/Sommerfest_PSV-600x900.jpg",600,900,true],"portfolio_item-thumbnail_portrait@2x":["https:\/\/www.psv-wuppertal-leichtathletik.de\/wp-content\/uploads\/2024\/07\/Sommerfest_PSV.jpg",1143,1600,false],"portfolio_item-thumbnail_square":["https:\/\/www.psv-wuppertal-leichtathletik.de\/wp-content\/uploads\/2024\/07\/Sommerfest_PSV-800x800.jpg",800,800,true]},"_links":{"self":[{"href":"https:\/\/www.psv-wuppertal-leichtathletik.de\/index.php?rest_route=\/wp\/v2\/posts\/4225","targetHints":{"allow":["GET"]}}],"collection":[{"href":"https:\/\/www.psv-wuppertal-leichtathletik.de\/index.php?rest_route=\/wp\/v2\/posts"}],"about":[{"href":"https:\/\/www.psv-wuppertal-leichtathletik.de\/index.php?rest_route=\/wp\/v2\/types\/post"}],"author":[{"embeddable":true,"href":"https:\/\/www.psv-wuppertal-leichtathletik.de\/index.php?rest_route=\/wp\/v2\/users\/1"}],"replies":[{"embeddable":true,"href":"https:\/\/www.psv-wuppertal-leichtathletik.de\/index.php?rest_route=%2Fwp%2Fv2%2Fcomments&post=4225"}],"version-history":[{"count":3,"href":"https:\/\/www.psv-wuppertal-leichtathletik.de\/index.php?rest_route=\/wp\/v2\/posts\/4225\/revisions"}],"predecessor-version":[{"id":4232,"href":"https:\/\/www.psv-wuppertal-leichtathletik.de\/index.php?rest_route=\/wp\/v2\/posts\/4225\/revisions\/4232"}],"wp:featuredmedia":[{"embeddable":true,"href":"https:\/\/www.psv-wuppertal-leichtathletik.de\/index.php?rest_route=\/wp\/v2\/media\/4229"}],"wp:attachment":[{"href":"https:\/\/www.psv-wuppertal-leichtathletik.de\/index.php?rest_route=%2Fwp%2Fv2%2Fmedia&parent=4225"}],"wp:term":[{"taxonomy":"category","embeddable":true,"href":"https:\/\/www.psv-wuppertal-leichtathletik.de\/index.php?rest_route=%2Fwp%2Fv2%2Fcategories&post=4225"},{"taxonomy":"post_tag","embeddable":true,"href":"https:\/\/www.psv-wuppertal-leichtathletik.de\/index.php?rest_route=%2Fwp%2Fv2%2Ftags&post=4225"}],"curies":[{"name":"wp","href":"https:\/\/api.w.org\/{rel}","templated":true}]}}