{"id":4957,"date":"2025-06-23T09:53:56","date_gmt":"2025-06-23T09:53:56","guid":{"rendered":"https:\/\/www.psv-wuppertal-leichtathletik.de\/?p=4957"},"modified":"2025-06-23T09:56:45","modified_gmt":"2025-06-23T09:56:45","slug":"nordrhein-meisterschaften-2025-u16-u20-maenner-frauen-duisburg","status":"publish","type":"post","link":"https:\/\/www.psv-wuppertal-leichtathletik.de\/?p=4957","title":{"rendered":"Nordrhein-Meisterschaften 2025 U16\/U20\/M\u00e4nner\/Frauen \u2013 Duisburg"},"content":{"rendered":"\n[et_pb_section fb_built=&#8220;1&#8243; _builder_version=&#8220;4.27.3&#8243; _module_preset=&#8220;default&#8220; global_colors_info=&#8220;{}&#8220; theme_builder_area=&#8220;post_content&#8220;][et_pb_row _builder_version=&#8220;4.27.3&#8243; _module_preset=&#8220;default&#8220; global_colors_info=&#8220;{}&#8220; theme_builder_area=&#8220;post_content&#8220;][et_pb_column type=&#8220;4_4&#8243; _builder_version=&#8220;4.27.3&#8243; _module_preset=&#8220;default&#8220; global_colors_info=&#8220;{}&#8220; theme_builder_area=&#8220;post_content&#8220;][et_pb_text _builder_version=&#8220;4.27.4&#8243; _module_preset=&#8220;default&#8220; hover_enabled=&#8220;0&#8243; global_colors_info=&#8220;{}&#8220; theme_builder_area=&#8220;post_content&#8220; sticky_enabled=&#8220;0&#8243;]<p data-start=\"101\" data-end=\"402\">Am Wochenende fanden in Duisburg die Nordrhein-Meisterschaften 2025 statt \u2013 ein hochkar\u00e4tiges Kr\u00e4ftemessen der besten Athletinnen und Athleten aus der Region. In den Altersklassen U16, U20 sowie bei den Erwachsenen ging es um Titel, Bestzeiten und die n\u00e4chsten Schritte in der sportlichen Entwicklung.<\/p>\n<p data-start=\"404\" data-end=\"465\"><strong data-start=\"404\" data-end=\"465\">Starkes Deb\u00fct bei Landesmeisterschaften: Tarik \u00dcnal (M14)<\/strong><\/p>\n<p data-start=\"467\" data-end=\"798\">Einen bemerkenswerten Auftritt lieferte Tarik \u00dcnal (M14) am Samstag \u00fcber die 100 Meter Sprintstrecke ab. Der junge Athlet, der erst seit rund einem Jahr im Verein ist und aktuell lediglich zweimal pro Woche trainiert, stellte sich der Herausforderung von drei Sprintl\u00e4ufen bei hochsommerlichen Temperaturen \u2013 eine Premiere f\u00fcr ihn.<\/p>\n<p data-start=\"800\" data-end=\"1222\">Bereits im Vorlauf sorgte Tarik f\u00fcr ein Ausrufezeichen: Mit 12,00 Sekunden verbesserte er seine pers\u00f6nliche Bestleistung deutlich und zeigte seine starke Form. Im Zwischenlauf konnte er an diese Zeit nicht ganz ankn\u00fcpfen (12,25 s), qualifizierte sich jedoch sicher f\u00fcr das Finale. Dort steigerte er sich erneut auf 12,21 Sekunden und belegte einen hervorragenden 4. Platz. Seine bisherige Bestmarke lag bei 12,12 Sekunden.<\/p>\n<p data-start=\"1224\" data-end=\"1561\">Dass Tarik drei intensive L\u00e4ufe an einem Tag absolvierte, ist in diesem Alter und bei seiner bisherigen Wettkampferfahrung alles andere als selbstverst\u00e4ndlich \u2013 umso h\u00f6her ist diese Leistung einzuordnen. Trainer Ralf setzt bewusst auf einen behutsamen Aufbau, denn Tarik bringt viel Potenzial mit, das sich kontinuierlich entfalten soll.<\/p>\n<p data-start=\"1563\" data-end=\"1934\">Eine strukturelle Herausforderung bleibt jedoch: Im Wintertraining stehen dem Team aktuell lediglich etwa 25 Meter Kunststoffbahn in der Halle zur Verf\u00fcgung \u2013 keine optimalen Bedingungen f\u00fcr eine leistungsorientierte Sprintentwicklung. Eine Kaltlufthalle, wie wir sie etwa in Wuppertal w\u00fcnschen, k\u00f6nnte mittelfristig entscheidend zur Leistungssteigerung beitragen.<\/p>\n<p data-start=\"1936\" data-end=\"2274\" data-is-last-node=\"\" data-is-only-node=\"\"><strong data-start=\"1936\" data-end=\"1946\">Fazit:<\/strong><br data-start=\"1946\" data-end=\"1949\" \/>Tarik \u00dcnal hat in Duisburg nicht nur mit neuen Bestzeiten \u00fcberzeugt, sondern vor allem mit k\u00e4mpferischer Einstellung und Belastbarkeit. Der 4. Platz bei seiner ersten Landesmeisterschaft ist ein starkes Signal \u2013 und mit gezielter F\u00f6rderung und verbesserten Trainingsbedingungen ist hier in Zukunft noch viel mehr zu erwarten.<\/p>[\/et_pb_text][\/et_pb_column][\/et_pb_row][et_pb_row _builder_version=&#8220;4.27.3&#8243; _module_preset=&#8220;default&#8220; global_colors_info=&#8220;{}&#8220; theme_builder_area=&#8220;post_content&#8220;][et_pb_column type=&#8220;4_4&#8243; _builder_version=&#8220;4.27.3&#8243; _module_preset=&#8220;default&#8220; global_colors_info=&#8220;{}&#8220; theme_builder_area=&#8220;post_content&#8220;][et_pb_gallery gallery_ids=&#8220;4961&#8243; posts_number=&#8220;50&#8243; orientation=&#8220;portrait&#8220; show_title_and_caption=&#8220;off&#8220; show_pagination=&#8220;off&#8220; _builder_version=&#8220;4.27.4&#8243; _dynamic_attributes=&#8220;link_option_url&#8220; _module_preset=&#8220;default&#8220; animation_style=&#8220;fade&#8220; link_option_url=&#8220;@ET-DC@eyJkeW5hbWljIjp0cnVlLCJjb250ZW50IjoicG9zdF9saW5rX3VybF9hdHRhY2htZW50Iiwic2V0dGluZ3MiOnsicG9zdF9pZCI6IjQ0MDQifX0=@&#8220; hover_enabled=&#8220;0&#8243; box_shadow_style_image=&#8220;preset1&#8243; box_shadow_spread_image=&#8220;1px&#8220; global_colors_info=&#8220;{}&#8220; theme_builder_area=&#8220;post_content&#8220; sticky_enabled=&#8220;0&#8243;][\/et_pb_gallery][\/et_pb_column][\/et_pb_row][\/et_pb_section]\n","protected":false},"excerpt":{"rendered":"<p>Am Wochenende fanden in Duisburg die Nordrhein-Meisterschaften 2025 statt \u2013 ein hochkar\u00e4tiges Kr\u00e4ftemessen der besten Athletinnen und Athleten aus der Region. In den Altersklassen U16, U20 sowie bei den Erwachsenen ging es um Titel, Bestzeiten und die n\u00e4chsten Schritte in der sportlichen Entwicklung. Starkes Deb\u00fct bei Landesmeisterschaften: Tarik \u00dcnal (M14) Einen bemerkenswerten Auftritt lieferte Tarik [&hellip;]<\/p>\n","protected":false},"author":1,"featured_media":4961,"comment_status":"closed","ping_status":"closed","sticky":false,"template":"","format":"standard","meta":{"_et_pb_use_builder":"on","_et_pb_old_content":"","_et_gb_content_width":"","footnotes":""},"categories":[1],"tags":[],"class_list":["post-4957","post","type-post","status-publish","format-standard","has-post-thumbnail","hentry","category-uncategorized"],"featured_media_urls":{"thumbnail":["https:\/\/www.psv-wuppertal-leichtathletik.de\/wp-content\/uploads\/2025\/06\/1-1-e1750672592921-150x150.jpg",150,150,true],"medium":["https:\/\/www.psv-wuppertal-leichtathletik.de\/wp-content\/uploads\/2025\/06\/1-1-e1750672592921-300x240.jpg",300,240,true],"medium_large":["https:\/\/www.psv-wuppertal-leichtathletik.de\/wp-content\/uploads\/2025\/06\/1-1-e1750672592921-768x615.jpg",768,615,true],"large":["https:\/\/www.psv-wuppertal-leichtathletik.de\/wp-content\/uploads\/2025\/06\/1-1-e1750672592921-1024x820.jpg",1024,820,true],"1536x1536":["https:\/\/www.psv-wuppertal-leichtathletik.de\/wp-content\/uploads\/2025\/06\/1-1-1152x1536.jpg",1152,1536,true],"2048x2048":["https:\/\/www.psv-wuppertal-leichtathletik.de\/wp-content\/uploads\/2025\/06\/1-1-e1750672592921.jpg",1045,837,false],"et-pb-post-main-image":["https:\/\/www.psv-wuppertal-leichtathletik.de\/wp-content\/uploads\/2025\/06\/1-1-e1750672592921-400x250.jpg",400,250,true],"et-pb-post-main-image-fullwidth":["https:\/\/www.psv-wuppertal-leichtathletik.de\/wp-content\/uploads\/2025\/06\/1-1-e1750672592921-1045x675.jpg",1045,675,true],"et-pb-portfolio-image":["https:\/\/www.psv-wuppertal-leichtathletik.de\/wp-content\/uploads\/2025\/06\/1-1-e1750672592921-400x284.jpg",400,284,true],"et-pb-portfolio-module-image":["https:\/\/www.psv-wuppertal-leichtathletik.de\/wp-content\/uploads\/2025\/06\/1-1-e1750672592921-510x382.jpg",510,382,true],"et-pb-portfolio-image-single":["https:\/\/www.psv-wuppertal-leichtathletik.de\/wp-content\/uploads\/2025\/06\/1-1-1080x1440.jpg",1080,1440,true],"et-pb-gallery-module-image-portrait":["https:\/\/www.psv-wuppertal-leichtathletik.de\/wp-content\/uploads\/2025\/06\/1-1-e1750672592921-400x516.jpg",400,516,true],"et-pb-post-main-image-fullwidth-large":["https:\/\/www.psv-wuppertal-leichtathletik.de\/wp-content\/uploads\/2025\/06\/1-1-e1750672592921.jpg",1045,837,false],"et-pb-image--responsive--desktop":["https:\/\/www.psv-wuppertal-leichtathletik.de\/wp-content\/uploads\/2025\/06\/1-1-e1750672592921-1045x720.jpg",1045,720,true],"et-pb-image--responsive--tablet":["https:\/\/www.psv-wuppertal-leichtathletik.de\/wp-content\/uploads\/2025\/06\/1-1-e1750672592921-980x551.jpg",980,551,true],"et-pb-image--responsive--phone":["https:\/\/www.psv-wuppertal-leichtathletik.de\/wp-content\/uploads\/2025\/06\/1-1-e1750672592921-480x270.jpg",480,270,true],"portfolio_item-thumbnail":["https:\/\/www.psv-wuppertal-leichtathletik.de\/wp-content\/uploads\/2025\/06\/1-1-e1750672592921-600x400.jpg",600,400,true],"portfolio_item-thumbnail@2x":["https:\/\/www.psv-wuppertal-leichtathletik.de\/wp-content\/uploads\/2025\/06\/1-1-e1750672592921-1045x800.jpg",1045,800,true],"portfolio_item-masonry":["https:\/\/www.psv-wuppertal-leichtathletik.de\/wp-content\/uploads\/2025\/06\/1-1-e1750672592921-600x481.jpg",600,481,true],"portfolio_item-masonry@2x":["https:\/\/www.psv-wuppertal-leichtathletik.de\/wp-content\/uploads\/2025\/06\/1-1-e1750672592921.jpg",1045,837,false],"portfolio_item-thumbnail_cinema":["https:\/\/www.psv-wuppertal-leichtathletik.de\/wp-content\/uploads\/2025\/06\/1-1-e1750672592921-800x335.jpg",800,335,true],"portfolio_item-thumbnail_portrait":["https:\/\/www.psv-wuppertal-leichtathletik.de\/wp-content\/uploads\/2025\/06\/1-1-e1750672592921-600x837.jpg",600,837,true],"portfolio_item-thumbnail_portrait@2x":["https:\/\/www.psv-wuppertal-leichtathletik.de\/wp-content\/uploads\/2025\/06\/1-1-e1750672592921.jpg",1045,837,false],"portfolio_item-thumbnail_square":["https:\/\/www.psv-wuppertal-leichtathletik.de\/wp-content\/uploads\/2025\/06\/1-1-e1750672592921-800x800.jpg",800,800,true]},"_links":{"self":[{"href":"https:\/\/www.psv-wuppertal-leichtathletik.de\/index.php?rest_route=\/wp\/v2\/posts\/4957","targetHints":{"allow":["GET"]}}],"collection":[{"href":"https:\/\/www.psv-wuppertal-leichtathletik.de\/index.php?rest_route=\/wp\/v2\/posts"}],"about":[{"href":"https:\/\/www.psv-wuppertal-leichtathletik.de\/index.php?rest_route=\/wp\/v2\/types\/post"}],"author":[{"embeddable":true,"href":"https:\/\/www.psv-wuppertal-leichtathletik.de\/index.php?rest_route=\/wp\/v2\/users\/1"}],"replies":[{"embeddable":true,"href":"https:\/\/www.psv-wuppertal-leichtathletik.de\/index.php?rest_route=%2Fwp%2Fv2%2Fcomments&post=4957"}],"version-history":[{"count":6,"href":"https:\/\/www.psv-wuppertal-leichtathletik.de\/index.php?rest_route=\/wp\/v2\/posts\/4957\/revisions"}],"predecessor-version":[{"id":4966,"href":"https:\/\/www.psv-wuppertal-leichtathletik.de\/index.php?rest_route=\/wp\/v2\/posts\/4957\/revisions\/4966"}],"wp:featuredmedia":[{"embeddable":true,"href":"https:\/\/www.psv-wuppertal-leichtathletik.de\/index.php?rest_route=\/wp\/v2\/media\/4961"}],"wp:attachment":[{"href":"https:\/\/www.psv-wuppertal-leichtathletik.de\/index.php?rest_route=%2Fwp%2Fv2%2Fmedia&parent=4957"}],"wp:term":[{"taxonomy":"category","embeddable":true,"href":"https:\/\/www.psv-wuppertal-leichtathletik.de\/index.php?rest_route=%2Fwp%2Fv2%2Fcategories&post=4957"},{"taxonomy":"post_tag","embeddable":true,"href":"https:\/\/www.psv-wuppertal-leichtathletik.de\/index.php?rest_route=%2Fwp%2Fv2%2Ftags&post=4957"}],"curies":[{"name":"wp","href":"https:\/\/api.w.org\/{rel}","templated":true}]}}