{"id":4976,"date":"2025-06-29T12:16:26","date_gmt":"2025-06-29T12:16:26","guid":{"rendered":"https:\/\/www.psv-wuppertal-leichtathletik.de\/?p=4976"},"modified":"2025-06-29T12:23:05","modified_gmt":"2025-06-29T12:23:05","slug":"regionsmeisterschaften-2025-starke-staffel-leistungen","status":"publish","type":"post","link":"https:\/\/www.psv-wuppertal-leichtathletik.de\/?p=4976","title":{"rendered":"Regionsmeisterschaften 2025 \u2013 Starke Staffel-Leistungen"},"content":{"rendered":"<p>[et_pb_section fb_built=&#8220;1&#8243; _builder_version=&#8220;4.27.3&#8243; _module_preset=&#8220;default&#8220; global_colors_info=&#8220;{}&#8220;][et_pb_row _builder_version=&#8220;4.27.3&#8243; _module_preset=&#8220;default&#8220; global_colors_info=&#8220;{}&#8220;][et_pb_column type=&#8220;4_4&#8243; _builder_version=&#8220;4.27.3&#8243; _module_preset=&#8220;default&#8220; global_colors_info=&#8220;{}&#8220;][et_pb_text _builder_version=&#8220;4.27.4&#8243; _module_preset=&#8220;default&#8220; hover_enabled=&#8220;0&#8243; global_colors_info=&#8220;{}&#8220; sticky_enabled=&#8220;0&#8243;]<\/p>\n<p class=\"p1\">Am <span class=\"s1\"><b>28. Juni 2025<\/b><\/span> fanden in Remscheid die <span class=\"s1\"><b>Regionsmeisterschaften im Drei- und Vierkampf U14<\/b><\/span>, die <span class=\"s1\"><b>Regionswettk\u00e4mpfe im Dreikampf U12<\/b><\/span> sowie die <span class=\"s1\"><b>langen Staffeln<\/b><\/span> statt. Bei <span class=\"s1\"><b>bestem Wetter<\/b><\/span> und einer <span class=\"s1\"><b>rundum gelungenen Organisation<\/b><\/span> \u2013 ein herzliches Dankesch\u00f6n an die Veranstalter \u2013 zeigte sich der PSV Wuppertal von seiner besten Seite.<\/p>\n<h4><b>\ud83c\udfc3\u200d\u2642\ufe0f M\u00e4nnliche Jugend U14 \u2013 Platz 3 in der Regionswertung<\/b><\/h4>\n<p class=\"p1\">Den Auftakt machten unsere Jungs \u00fcber die <span class=\"s1\"><b>3x800m<\/b><\/span>. <span class=\"s1\"><b>Oskar Bleidi\u00dfel (2013)<\/b><\/span> ging als Startl\u00e4ufer ins Rennen und legte ein starkes Tempo vor. Die ersten beiden Runden verliefen vielversprechend, doch der Druck der Konkurrenz war deutlich sp\u00fcrbar. <span class=\"s1\"><b>Jona Schwedler (2014)<\/b><\/span> und <span class=\"s1\"><b>Jonathan Kaufmann (2013)<\/b><\/span> mussten etwas abrei\u00dfen lassen, gaben jedoch nicht auf. Mit einem <span class=\"s1\"><b>starken Endspurt<\/b><\/span> sicherte sich das Team verdient den <span class=\"s1\"><b>3. Platz in der m\u00e4nnlichen Regionswertung<\/b><\/span> \u2013 eine tolle Leistung und ein Team mit viel Potenzial f\u00fcr die kommenden Wettk\u00e4mpfe.<\/p>\n<p class=\"p4\"><b>Zeit: 8:22,77 min<\/b><b><\/b><\/p>\n<h4 class=\"p3\"><b>\ud83c\udfc3\u200d\u2640\ufe0f Weibliche Jugend U14 \u2013 Vizemeisterinnen!<\/b><span class=\"s2\"><\/span><\/h4>\n<p class=\"p1\">Anschlie\u00dfend startete unsere M\u00e4dchenstaffel \u2013 und das mit einem echten Paukenschlag. <span class=\"s1\"><b>Jana Stanic (2012)<\/b><\/span> \u00fcbernahm den Startlauf und setzte sich mit einem hervorragenden Auftakt direkt hinter die F\u00fchrende. H\u00e4tte es eine offizielle Einzelzeit gegeben, w\u00e4re das vermutlich ihre pers\u00f6nliche Bestzeit gewesen. Die \u00dcbergabe an <span class=\"s1\"><b>Sophia van Look (2013) <\/b><\/span>lief reibungslos, Sophia \u00fcbernahm die n\u00e4chsten zwei Runden. Zwar vergr\u00f6\u00dferte sich der Abstand zur f\u00fchrenden Staffel, aber Sophia hielt den Druck auf die Zweitplatzierten hoch.<\/p>\n<p class=\"p1\">Die letzte \u00dcbergabe an <span class=\"s1\"><b>Neele Johanna Leven (2013)<\/b><\/span> verlief erneut perfekt \u2013 und mit der Unterst\u00fctzung des Publikums im R\u00fccken zeigte Neele, wie viel Disziplin und Trainingsflei\u00df im Team stecken. Sie mobilisierte auf der Zielgeraden die letzten Reserven und lief auf <span class=\"s1\"><b>Platz 3 durchs Ziel<\/b><\/span>.<\/p>\n<p class=\"p1\">Da die Siegerstaffel <span class=\"s1\"><b>au\u00dferhalb der Wertung <\/b><\/span>antrat, rutschten unsere M\u00e4dchen <span class=\"s1\"><b>auf Rang 2<\/b><\/span> in der Regionswertung und d\u00fcrfen sich nun <span class=\"s1\"><b>Vizemeisterinnen 2025<\/b><\/span> nennen!<\/p>\n<p class=\"p4\"><b>Zeit: 8:20,30 min<\/b><b><\/b><\/p>\n<h3><b>\ud83e\udd48\ud83e\udd49 Ein erfolgreicher Tag f\u00fcr den PSV!<\/b><\/h3>\n<p class=\"p1\">Mit <span class=\"s1\"><b>Platz 2 bei den M\u00e4dchen<\/b><\/span> und <span class=\"s1\"><b>Platz 3 bei den Jungen<\/b><\/span> war der PSV Wuppertal bei den <span class=\"s1\"><b>Regionsmeisterschaften 2025<\/b><\/span> im <span class=\"s1\"><b>3x800m-Staffellauf<\/b><\/span> stark vertreten. Ein gelungener Wettkampftag mit toller Stimmung, gro\u00dfem Einsatz und viel Teamgeist \u2013 wir sind stolz auf unsere Athletinnen und Athleten!<\/p>\n<p>[\/et_pb_text][\/et_pb_column][\/et_pb_row][et_pb_row _builder_version=&#8220;4.27.3&#8243; _module_preset=&#8220;default&#8220; global_colors_info=&#8220;{}&#8220;][et_pb_column type=&#8220;4_4&#8243; _builder_version=&#8220;4.27.3&#8243; _module_preset=&#8220;default&#8220; global_colors_info=&#8220;{}&#8220;][et_pb_gallery gallery_ids=&#8220;4979,4980,4981,4982,4983,4984,4985,4986,4987,4988,4989,4990,4991,4992,4993,4994,4995,4996,4997,4998,4999,5000,5001,5002,5003,5004,5005,5006,5007,5008,5009&#8243; posts_number=&#8220;50&#8243; orientation=&#8220;portrait&#8220; show_title_and_caption=&#8220;off&#8220; show_pagination=&#8220;off&#8220; _builder_version=&#8220;4.27.4&#8243; _dynamic_attributes=&#8220;link_option_url&#8220; _module_preset=&#8220;default&#8220; animation_style=&#8220;fade&#8220; link_option_url=&#8220;@ET-DC@eyJkeW5hbWljIjp0cnVlLCJjb250ZW50IjoicG9zdF9saW5rX3VybF9hdHRhY2htZW50Iiwic2V0dGluZ3MiOnsicG9zdF9pZCI6IjQ0MDQifX0=@&#8220; box_shadow_style_image=&#8220;preset1&#8243; box_shadow_spread_image=&#8220;1px&#8220; global_colors_info=&#8220;{}&#8220;][\/et_pb_gallery][\/et_pb_column][\/et_pb_row][\/et_pb_section]<\/p>\n","protected":false},"excerpt":{"rendered":"<p>Am 28. Juni 2025 fanden in Remscheid die Regionsmeisterschaften im Drei- und Vierkampf U14, die Regionswettk\u00e4mpfe im Dreikampf U12 sowie die langen Staffeln statt. Bei bestem Wetter und einer rundum gelungenen Organisation \u2013 ein herzliches Dankesch\u00f6n an die Veranstalter \u2013 zeigte sich der PSV Wuppertal von seiner besten Seite. \ud83c\udfc3\u200d\u2642\ufe0f M\u00e4nnliche Jugend U14 \u2013 Platz [&hellip;]<\/p>\n","protected":false},"author":1,"featured_media":5008,"comment_status":"open","ping_status":"closed","sticky":false,"template":"","format":"standard","meta":{"_et_pb_use_builder":"on","_et_pb_old_content":"","_et_gb_content_width":"","footnotes":""},"categories":[1],"tags":[],"class_list":["post-4976","post","type-post","status-publish","format-standard","has-post-thumbnail","hentry","category-uncategorized"],"featured_media_urls":{"thumbnail":["https:\/\/www.psv-wuppertal-leichtathletik.de\/wp-content\/uploads\/2025\/06\/IMG_3052-150x150.jpeg",150,150,true],"medium":["https:\/\/www.psv-wuppertal-leichtathletik.de\/wp-content\/uploads\/2025\/06\/IMG_3052-300x225.jpeg",300,225,true],"medium_large":["https:\/\/www.psv-wuppertal-leichtathletik.de\/wp-content\/uploads\/2025\/06\/IMG_3052-768x576.jpeg",768,576,true],"large":["https:\/\/www.psv-wuppertal-leichtathletik.de\/wp-content\/uploads\/2025\/06\/IMG_3052-1024x768.jpeg",1024,768,true],"1536x1536":["https:\/\/www.psv-wuppertal-leichtathletik.de\/wp-content\/uploads\/2025\/06\/IMG_3052-1536x1152.jpeg",1536,1152,true],"2048x2048":["https:\/\/www.psv-wuppertal-leichtathletik.de\/wp-content\/uploads\/2025\/06\/IMG_3052-2048x1536.jpeg",2048,1536,true],"et-pb-post-main-image":["https:\/\/www.psv-wuppertal-leichtathletik.de\/wp-content\/uploads\/2025\/06\/IMG_3052-400x250.jpeg",400,250,true],"et-pb-post-main-image-fullwidth":["https:\/\/www.psv-wuppertal-leichtathletik.de\/wp-content\/uploads\/2025\/06\/IMG_3052-1080x675.jpeg",1080,675,true],"et-pb-portfolio-image":["https:\/\/www.psv-wuppertal-leichtathletik.de\/wp-content\/uploads\/2025\/06\/IMG_3052-400x284.jpeg",400,284,true],"et-pb-portfolio-module-image":["https:\/\/www.psv-wuppertal-leichtathletik.de\/wp-content\/uploads\/2025\/06\/IMG_3052-510x382.jpeg",510,382,true],"et-pb-portfolio-image-single":["https:\/\/www.psv-wuppertal-leichtathletik.de\/wp-content\/uploads\/2025\/06\/IMG_3052-1080x810.jpeg",1080,810,true],"et-pb-gallery-module-image-portrait":["https:\/\/www.psv-wuppertal-leichtathletik.de\/wp-content\/uploads\/2025\/06\/IMG_3052-400x516.jpeg",400,516,true],"et-pb-post-main-image-fullwidth-large":["https:\/\/www.psv-wuppertal-leichtathletik.de\/wp-content\/uploads\/2025\/06\/IMG_3052-2880x1800.jpeg",2880,1800,true],"et-pb-image--responsive--desktop":["https:\/\/www.psv-wuppertal-leichtathletik.de\/wp-content\/uploads\/2025\/06\/IMG_3052-1280x960.jpeg",960,720,true],"et-pb-image--responsive--tablet":["https:\/\/www.psv-wuppertal-leichtathletik.de\/wp-content\/uploads\/2025\/06\/IMG_3052-980x735.jpeg",735,551,true],"et-pb-image--responsive--phone":["https:\/\/www.psv-wuppertal-leichtathletik.de\/wp-content\/uploads\/2025\/06\/IMG_3052-480x360.jpeg",360,270,true],"portfolio_item-thumbnail":["https:\/\/www.psv-wuppertal-leichtathletik.de\/wp-content\/uploads\/2025\/06\/IMG_3052-600x400.jpeg",600,400,true],"portfolio_item-thumbnail@2x":["https:\/\/www.psv-wuppertal-leichtathletik.de\/wp-content\/uploads\/2025\/06\/IMG_3052-1200x800.jpeg",1200,800,true],"portfolio_item-masonry":["https:\/\/www.psv-wuppertal-leichtathletik.de\/wp-content\/uploads\/2025\/06\/IMG_3052-600x450.jpeg",600,450,true],"portfolio_item-masonry@2x":["https:\/\/www.psv-wuppertal-leichtathletik.de\/wp-content\/uploads\/2025\/06\/IMG_3052-1200x900.jpeg",1200,900,true],"portfolio_item-thumbnail_cinema":["https:\/\/www.psv-wuppertal-leichtathletik.de\/wp-content\/uploads\/2025\/06\/IMG_3052-800x335.jpeg",800,335,true],"portfolio_item-thumbnail_portrait":["https:\/\/www.psv-wuppertal-leichtathletik.de\/wp-content\/uploads\/2025\/06\/IMG_3052-600x900.jpeg",600,900,true],"portfolio_item-thumbnail_portrait@2x":["https:\/\/www.psv-wuppertal-leichtathletik.de\/wp-content\/uploads\/2025\/06\/IMG_3052-1200x1800.jpeg",1200,1800,true],"portfolio_item-thumbnail_square":["https:\/\/www.psv-wuppertal-leichtathletik.de\/wp-content\/uploads\/2025\/06\/IMG_3052-800x800.jpeg",800,800,true]},"_links":{"self":[{"href":"https:\/\/www.psv-wuppertal-leichtathletik.de\/index.php?rest_route=\/wp\/v2\/posts\/4976","targetHints":{"allow":["GET"]}}],"collection":[{"href":"https:\/\/www.psv-wuppertal-leichtathletik.de\/index.php?rest_route=\/wp\/v2\/posts"}],"about":[{"href":"https:\/\/www.psv-wuppertal-leichtathletik.de\/index.php?rest_route=\/wp\/v2\/types\/post"}],"author":[{"embeddable":true,"href":"https:\/\/www.psv-wuppertal-leichtathletik.de\/index.php?rest_route=\/wp\/v2\/users\/1"}],"replies":[{"embeddable":true,"href":"https:\/\/www.psv-wuppertal-leichtathletik.de\/index.php?rest_route=%2Fwp%2Fv2%2Fcomments&post=4976"}],"version-history":[{"count":3,"href":"https:\/\/www.psv-wuppertal-leichtathletik.de\/index.php?rest_route=\/wp\/v2\/posts\/4976\/revisions"}],"predecessor-version":[{"id":5011,"href":"https:\/\/www.psv-wuppertal-leichtathletik.de\/index.php?rest_route=\/wp\/v2\/posts\/4976\/revisions\/5011"}],"wp:featuredmedia":[{"embeddable":true,"href":"https:\/\/www.psv-wuppertal-leichtathletik.de\/index.php?rest_route=\/wp\/v2\/media\/5008"}],"wp:attachment":[{"href":"https:\/\/www.psv-wuppertal-leichtathletik.de\/index.php?rest_route=%2Fwp%2Fv2%2Fmedia&parent=4976"}],"wp:term":[{"taxonomy":"category","embeddable":true,"href":"https:\/\/www.psv-wuppertal-leichtathletik.de\/index.php?rest_route=%2Fwp%2Fv2%2Fcategories&post=4976"},{"taxonomy":"post_tag","embeddable":true,"href":"https:\/\/www.psv-wuppertal-leichtathletik.de\/index.php?rest_route=%2Fwp%2Fv2%2Ftags&post=4976"}],"curies":[{"name":"wp","href":"https:\/\/api.w.org\/{rel}","templated":true}]}}