{"id":773,"date":"2022-05-07T12:12:00","date_gmt":"2022-05-07T12:12:00","guid":{"rendered":"https:\/\/www.psv-wuppertal-leichtathletik.de\/uncategorized\/novesia-sprintertag-neuss\/"},"modified":"2023-01-08T17:45:43","modified_gmt":"2023-01-08T17:45:43","slug":"novesia-sprintertag-neuss","status":"publish","type":"post","link":"https:\/\/www.psv-wuppertal-leichtathletik.de\/?p=773","title":{"rendered":"PSV Nachwuchs beim Novesia Sprintertag in Neuss"},"content":{"rendered":"<p>&nbsp; &nbsp; &nbsp; &nbsp; &nbsp; &nbsp; &nbsp; &nbsp; &nbsp; &nbsp; &nbsp; &nbsp; &nbsp; &nbsp; &nbsp; &nbsp; &nbsp; &nbsp; &nbsp; &nbsp; &nbsp; &nbsp; &nbsp; &nbsp;<span style=\"font-size: large;\"> <b>Starke Ergebnisse der 4 PSV&#8217;ler\/innen&nbsp;<\/b><\/span><\/p>\n<p><span style=\"font-size: large;\"><\/span><\/p>\n<table align=\"center\" cellpadding=\"0\" cellspacing=\"0\" class=\"tr-caption-container\" style=\"margin-left: auto; margin-right: auto;\">\n<tbody>\n<tr>\n<td style=\"text-align: center;\"><a href=\"https:\/\/blogger.googleusercontent.com\/img\/b\/R29vZ2xl\/AVvXsEhSIA-I9xLyAE-Y6D16TQdqBql9lx2gnpaTBB-Wdhy4XJUnxDuLdMAjV6l4dXDhV8xcoI4sSPHk4r3uBaxjBnO-MPf7DDI4oSeflgMACu9gulbq9WRUqT-LcGOC4yqJSputV0hNvJiw1wRb0I2JXg_depM1cO_X1cxtY9oj2f3A-FHNcsXjqlEDPPo5uw\/s2048\/IMG-20220507-WA0015.jpg\" style=\"margin-left: auto; margin-right: auto;\"><img fetchpriority=\"high\" fetchpriority=\"high\" decoding=\"async\" border=\"0\" data-original-height=\"2048\" data-original-width=\"1536\" height=\"640\" src=\"https:\/\/www.psv-wuppertal-leichtathletik.de\/wp-content\/uploads\/2022\/05\/IMG-20220507-WA0015.jpg\" class=\"wp-image-774\" width=\"480\" \/><\/a><\/td>\n<\/tr>\n<tr>\n<td class=\"tr-caption\" style=\"text-align: center;\"><b>v.l.n.r. Neele &#8211; Jannis &#8211; Hannah &#8211; Oskar<\/b><\/td>\n<\/tr>\n<\/tbody>\n<\/table>\n<p><span><br \/><b><span style=\"font-size: medium;\">Neele L. startete wieder einen Jahrgang h\u00f6her und trat nur gegen \u00e4ltere M\u00e4dels an. Sie konnte dort super mithalten und beim 800m Lauf souver\u00e4n gewinnen und einen tollen 2. Platz im Weitsprung erzielen. Auch Oskar B. startet bei den \u00c4lteren und behauptete sich vor allem \u00fcber die 800m. Mit einer super Zeit von 2:56,42 Min. erzielte er den 3. Platz. Hannah Sch. wurde \u00fcber 800m mit neuer Bestzeit von 2:52,73 Min. starke 2. Jannis R. hatte schwere Beine und konnte seine Bestzeit nicht erneut verbessern. Er erzielte in 2:53,37 Min. auch einen guten 2. Platz.&nbsp;<\/span><\/b><\/span><\/p>\n<div><span><b><span style=\"font-size: medium;\">hier die einzelnen Zeiten und Weiten:<\/span><\/b><\/span><\/div>\n<div><span><b><span style=\"font-size: medium;\">&nbsp; &nbsp; &nbsp; &nbsp; &nbsp; &nbsp; &nbsp; &nbsp; &nbsp; &nbsp; &nbsp; &nbsp; &nbsp; &nbsp; &nbsp; &nbsp; &nbsp; &nbsp; &nbsp;800 m&nbsp; &nbsp; &nbsp; &nbsp; &nbsp; &nbsp; &nbsp; &nbsp; &nbsp; &nbsp; &nbsp;Sprint&nbsp; &nbsp; &nbsp; &nbsp; &nbsp; &nbsp; Weitsprung<\/span><\/b><\/span><\/div>\n<div><b>Neele L.&nbsp; &nbsp; &nbsp; &nbsp; &nbsp; &nbsp; &nbsp; &nbsp; &nbsp; &nbsp; &nbsp; 1.&nbsp; 3:07,27 Min.&nbsp; &nbsp; &nbsp; &nbsp; &nbsp; &nbsp; &nbsp;5.&nbsp; &nbsp;8,98 sec.&nbsp; &nbsp; &nbsp; &nbsp; &nbsp; &nbsp;2.&nbsp; 3,19 m<\/b><\/div>\n<div><b>Oskar B.&nbsp; &nbsp; &nbsp; &nbsp; &nbsp; &nbsp; &nbsp; &nbsp; &nbsp; &nbsp; &nbsp;3&nbsp; &nbsp;2:56,45 Min.&nbsp; &nbsp; &nbsp; &nbsp; &nbsp; &nbsp; &nbsp;8.&nbsp; 9,86&nbsp; sec.&nbsp; &nbsp; &nbsp; &nbsp; &nbsp; &nbsp;8.&nbsp; 2,86 m<\/b><\/div>\n<div><b>Jannis R&nbsp; &nbsp; &nbsp; &nbsp; &nbsp; &nbsp; &nbsp; &nbsp; &nbsp; &nbsp; &nbsp;2.&nbsp; 2.53,37 Min.&nbsp; &nbsp; &nbsp; &nbsp; &nbsp; &nbsp; &nbsp;6. 13,06 sec.<\/b><\/div>\n<div><b>Hannah Sch.&nbsp; &nbsp; &nbsp; &nbsp; &nbsp; &nbsp; &nbsp; 2.&nbsp; 2:52,73 Min.<\/b><\/div>\n<div><span><b><span style=\"font-size: medium;\"><br \/><\/span><\/b><\/span><\/div>\n<div><span><b><span style=\"font-size: medium;\"><br \/><\/span><\/b><\/span><\/div>\n","protected":false},"excerpt":{"rendered":"<p>&nbsp; &nbsp; &nbsp; &nbsp; &nbsp; &nbsp; &nbsp; &nbsp; &nbsp; &nbsp; &nbsp; &nbsp; &nbsp; &nbsp; &nbsp; &nbsp; &nbsp; &nbsp; &nbsp; &nbsp; &nbsp; &nbsp; &nbsp; &nbsp; Starke Ergebnisse der 4 PSV&#8217;ler\/innen&nbsp; v.l.n.r. Neele &#8211; Jannis &#8211; Hannah &#8211; Oskar Neele L. startete wieder einen Jahrgang h\u00f6her und trat nur gegen \u00e4ltere M\u00e4dels an. Sie konnte dort super [&hellip;]<\/p>\n","protected":false},"author":2,"featured_media":774,"comment_status":"closed","ping_status":"closed","sticky":false,"template":"","format":"standard","meta":{"_et_pb_use_builder":"","_et_pb_old_content":"","_et_gb_content_width":"","footnotes":""},"categories":[20,1],"tags":[],"class_list":["post-773","post","type-post","status-publish","format-standard","has-post-thumbnail","hentry","category-alte-beitraege","category-uncategorized"],"featured_media_urls":{"thumbnail":["https:\/\/www.psv-wuppertal-leichtathletik.de\/wp-content\/uploads\/2022\/05\/IMG-20220507-WA0015.jpg",113,150,false],"medium":["https:\/\/www.psv-wuppertal-leichtathletik.de\/wp-content\/uploads\/2022\/05\/IMG-20220507-WA0015.jpg",225,300,false],"medium_large":["https:\/\/www.psv-wuppertal-leichtathletik.de\/wp-content\/uploads\/2022\/05\/IMG-20220507-WA0015.jpg",480,640,false],"large":["https:\/\/www.psv-wuppertal-leichtathletik.de\/wp-content\/uploads\/2022\/05\/IMG-20220507-WA0015.jpg",480,640,false],"1536x1536":["https:\/\/www.psv-wuppertal-leichtathletik.de\/wp-content\/uploads\/2022\/05\/IMG-20220507-WA0015.jpg",480,640,false],"2048x2048":["https:\/\/www.psv-wuppertal-leichtathletik.de\/wp-content\/uploads\/2022\/05\/IMG-20220507-WA0015.jpg",480,640,false],"et-pb-post-main-image":["https:\/\/www.psv-wuppertal-leichtathletik.de\/wp-content\/uploads\/2022\/05\/IMG-20220507-WA0015.jpg",188,250,false],"et-pb-post-main-image-fullwidth":["https:\/\/www.psv-wuppertal-leichtathletik.de\/wp-content\/uploads\/2022\/05\/IMG-20220507-WA0015.jpg",480,640,false],"et-pb-portfolio-image":["https:\/\/www.psv-wuppertal-leichtathletik.de\/wp-content\/uploads\/2022\/05\/IMG-20220507-WA0015.jpg",213,284,false],"et-pb-portfolio-module-image":["https:\/\/www.psv-wuppertal-leichtathletik.de\/wp-content\/uploads\/2022\/05\/IMG-20220507-WA0015.jpg",287,382,false],"et-pb-portfolio-image-single":["https:\/\/www.psv-wuppertal-leichtathletik.de\/wp-content\/uploads\/2022\/05\/IMG-20220507-WA0015.jpg",480,640,false],"et-pb-gallery-module-image-portrait":["https:\/\/www.psv-wuppertal-leichtathletik.de\/wp-content\/uploads\/2022\/05\/IMG-20220507-WA0015.jpg",387,516,false],"et-pb-post-main-image-fullwidth-large":["https:\/\/www.psv-wuppertal-leichtathletik.de\/wp-content\/uploads\/2022\/05\/IMG-20220507-WA0015.jpg",480,640,false],"et-pb-image--responsive--desktop":["https:\/\/www.psv-wuppertal-leichtathletik.de\/wp-content\/uploads\/2022\/05\/IMG-20220507-WA0015.jpg",480,640,false],"et-pb-image--responsive--tablet":["https:\/\/www.psv-wuppertal-leichtathletik.de\/wp-content\/uploads\/2022\/05\/IMG-20220507-WA0015.jpg",413,551,false],"et-pb-image--responsive--phone":["https:\/\/www.psv-wuppertal-leichtathletik.de\/wp-content\/uploads\/2022\/05\/IMG-20220507-WA0015.jpg",203,270,false],"portfolio_item-thumbnail":["https:\/\/www.psv-wuppertal-leichtathletik.de\/wp-content\/uploads\/2022\/05\/IMG-20220507-WA0015.jpg",300,400,false],"portfolio_item-thumbnail@2x":["https:\/\/www.psv-wuppertal-leichtathletik.de\/wp-content\/uploads\/2022\/05\/IMG-20220507-WA0015.jpg",480,640,false],"portfolio_item-masonry":["https:\/\/www.psv-wuppertal-leichtathletik.de\/wp-content\/uploads\/2022\/05\/IMG-20220507-WA0015.jpg",480,640,false],"portfolio_item-masonry@2x":["https:\/\/www.psv-wuppertal-leichtathletik.de\/wp-content\/uploads\/2022\/05\/IMG-20220507-WA0015.jpg",480,640,false],"portfolio_item-thumbnail_cinema":["https:\/\/www.psv-wuppertal-leichtathletik.de\/wp-content\/uploads\/2022\/05\/IMG-20220507-WA0015.jpg",251,335,false],"portfolio_item-thumbnail_portrait":["https:\/\/www.psv-wuppertal-leichtathletik.de\/wp-content\/uploads\/2022\/05\/IMG-20220507-WA0015.jpg",480,640,false],"portfolio_item-thumbnail_portrait@2x":["https:\/\/www.psv-wuppertal-leichtathletik.de\/wp-content\/uploads\/2022\/05\/IMG-20220507-WA0015.jpg",480,640,false],"portfolio_item-thumbnail_square":["https:\/\/www.psv-wuppertal-leichtathletik.de\/wp-content\/uploads\/2022\/05\/IMG-20220507-WA0015.jpg",480,640,false]},"_links":{"self":[{"href":"https:\/\/www.psv-wuppertal-leichtathletik.de\/index.php?rest_route=\/wp\/v2\/posts\/773","targetHints":{"allow":["GET"]}}],"collection":[{"href":"https:\/\/www.psv-wuppertal-leichtathletik.de\/index.php?rest_route=\/wp\/v2\/posts"}],"about":[{"href":"https:\/\/www.psv-wuppertal-leichtathletik.de\/index.php?rest_route=\/wp\/v2\/types\/post"}],"author":[{"embeddable":true,"href":"https:\/\/www.psv-wuppertal-leichtathletik.de\/index.php?rest_route=\/wp\/v2\/users\/2"}],"replies":[{"embeddable":true,"href":"https:\/\/www.psv-wuppertal-leichtathletik.de\/index.php?rest_route=%2Fwp%2Fv2%2Fcomments&post=773"}],"version-history":[{"count":1,"href":"https:\/\/www.psv-wuppertal-leichtathletik.de\/index.php?rest_route=\/wp\/v2\/posts\/773\/revisions"}],"predecessor-version":[{"id":998,"href":"https:\/\/www.psv-wuppertal-leichtathletik.de\/index.php?rest_route=\/wp\/v2\/posts\/773\/revisions\/998"}],"wp:featuredmedia":[{"embeddable":true,"href":"https:\/\/www.psv-wuppertal-leichtathletik.de\/index.php?rest_route=\/wp\/v2\/media\/774"}],"wp:attachment":[{"href":"https:\/\/www.psv-wuppertal-leichtathletik.de\/index.php?rest_route=%2Fwp%2Fv2%2Fmedia&parent=773"}],"wp:term":[{"taxonomy":"category","embeddable":true,"href":"https:\/\/www.psv-wuppertal-leichtathletik.de\/index.php?rest_route=%2Fwp%2Fv2%2Fcategories&post=773"},{"taxonomy":"post_tag","embeddable":true,"href":"https:\/\/www.psv-wuppertal-leichtathletik.de\/index.php?rest_route=%2Fwp%2Fv2%2Ftags&post=773"}],"curies":[{"name":"wp","href":"https:\/\/api.w.org\/{rel}","templated":true}]}}