{"id":782,"date":"2022-04-21T21:02:00","date_gmt":"2022-04-21T21:02:00","guid":{"rendered":"https:\/\/www.psv-wuppertal-leichtathletik.de\/uncategorized\/letzter-tag-auf-der-sonneninsel-borkum\/"},"modified":"2023-01-08T17:45:20","modified_gmt":"2023-01-08T17:45:20","slug":"letzter-tag-auf-der-sonneninsel-borkum","status":"publish","type":"post","link":"https:\/\/www.psv-wuppertal-leichtathletik.de\/?p=782","title":{"rendered":"Letzter Tag auf der Sonneninsel Borkum"},"content":{"rendered":"<p style=\"text-align: center;\"><span style=\"font-size: large;\">Donnerstag, 21.04.2022<\/span><\/p>\n<p style=\"text-align: center;\"><\/p>\n<p style=\"text-align: left;\"><span style=\"font-size: large;\"><\/p>\n<table cellpadding=\"0\" cellspacing=\"0\" class=\"tr-caption-container\" style=\"float: left;\">\n<tbody>\n<tr>\n<td style=\"text-align: center;\"><a href=\"https:\/\/blogger.googleusercontent.com\/img\/b\/R29vZ2xl\/AVvXsEicPYZmeQwrVt1v1wykfloGwlUxrEmzszptqcjazE-BNLWka-QF4vHA1latThQE6KFXeKvF9liuFl2CFvqWgr3LzlBaOolxdTqXA1KSw1JtlwUb5BqUTId7rWoQtaG3vCEWRygWMSTYUBJGLdVHt5-tN-ScYaoKs4G4J46qv4wWPB_xKmoPPbzFL8AySw\/s4160\/IMG_20220421_121045.jpg\" imageanchor=\"1\" style=\"clear: left; margin-bottom: 1em; margin-left: auto; margin-right: auto;\"><img fetchpriority=\"high\" fetchpriority=\"high\" decoding=\"async\" border=\"0\" data-original-height=\"3120\" data-original-width=\"4160\" height=\"240\" src=\"https:\/\/www.psv-wuppertal-leichtathletik.de\/wp-content\/uploads\/2022\/04\/IMG_20220421_121045.jpg\" class=\"wp-image-783\" width=\"320\" \/><\/a><\/td>\n<\/tr>\n<tr>\n<td class=\"tr-caption\" style=\"text-align: center;\"><b>Mannschaftsbild nach der Platzolympiade<\/p>\n<p><\/b><\/td>\n<\/tr>\n<\/tbody>\n<\/table>\n<p><\/span><\/p>\n<table align=\"center\" cellpadding=\"0\" cellspacing=\"0\" class=\"tr-caption-container\" style=\"margin-left: auto; margin-right: auto;\">\n<tbody>\n<tr>\n<td style=\"text-align: center;\"><a href=\"https:\/\/blogger.googleusercontent.com\/img\/b\/R29vZ2xl\/AVvXsEjZyiu1bQJEIVw7B0lkICdxTm0MzmLe8f0bMIwPdnxcUFufYKjxjDhXGslb0kX2bE9fWFiIo5fN_cE3RVynW6KHHmTSuvsAQSqMwui7KSL1Kb3vgkJW1PI0us46Y3h0ayciPIAj8NbA2XjAY_1BkO-jiW3MurvG0-umhJJ2YKe85WLkUF_kFa7odvSDsQ\/s4160\/IMG_20220421_140537.jpg\" imageanchor=\"1\" style=\"margin-left: auto; margin-right: auto;\"><img decoding=\"async\" border=\"0\" data-original-height=\"3120\" data-original-width=\"4160\" height=\"240\" src=\"https:\/\/www.psv-wuppertal-leichtathletik.de\/wp-content\/uploads\/2022\/04\/IMG_20220421_140537.jpg\" class=\"wp-image-784\" width=\"320\" \/><\/a><\/td>\n<\/tr>\n<tr>\n<td class=\"tr-caption\" style=\"text-align: center;\"><b>&nbsp; Blau u. Rot sind die Sieger<\/b><\/td>\n<\/tr>\n<\/tbody>\n<\/table>\n<p><\/p>\n<p style=\"text-align: left;\"><\/p>\n<table cellpadding=\"0\" cellspacing=\"0\" class=\"tr-caption-container\" style=\"float: left;\">\n<tbody>\n<tr>\n<td style=\"text-align: center;\"><a href=\"https:\/\/blogger.googleusercontent.com\/img\/b\/R29vZ2xl\/AVvXsEjAQOEj15fQX4UFzEXCLw-vb75d4k4rl31qOYrAXK5LQJSwTi0tovye6tSgmnAanhvt0-So-DTs3ijHcJMWMSjsBvWlmT7HJke-dLHH4HXVLzA_3etPuoxXi8snnLumbWGX_mMsFoDkl2dtp2xfQrx23lFocBoxteYRNM_Vr1KLIX8xGcccjIstpRUSLg\/s4160\/IMG_20220421_154605.jpg\" imageanchor=\"1\" style=\"clear: left; margin-bottom: 1em; margin-left: auto; margin-right: auto;\"><img decoding=\"async\" border=\"0\" data-original-height=\"4160\" data-original-width=\"3120\" height=\"320\" src=\"https:\/\/www.psv-wuppertal-leichtathletik.de\/wp-content\/uploads\/2022\/04\/IMG_20220421_154605.jpg\" class=\"wp-image-785\" width=\"240\" \/><\/a><\/td>\n<\/tr>\n<tr>\n<td class=\"tr-caption\" style=\"text-align: center;\"><b>Siegereis<\/b><\/td>\n<\/tr>\n<\/tbody>\n<\/table>\n<p><\/p>\n<table cellpadding=\"0\" cellspacing=\"0\" class=\"tr-caption-container\" style=\"float: right;\">\n<tbody>\n<tr>\n<td style=\"text-align: center;\"><a href=\"https:\/\/blogger.googleusercontent.com\/img\/b\/R29vZ2xl\/AVvXsEhBABrydUwO5C7J-rf2oHgrDeBU74-Nk2ydun_MVomXrRSq5DdoYc2Rp4dyVBSBbPEDCSaPMUQAS1eCUxpDBFJcR8-NKfuYqX19oHnOFOB3XtrvWXEk2Y6J2R6sWoSWCpHaPCRpNELyMeE9Y5KkjnCRy8yDgWQFUbr5Ct0PMTMFvzra_E1Krk5KVf-4mg\/s4160\/IMG_20220421_154614.jpg\" imageanchor=\"1\" style=\"clear: right; margin-bottom: 1em; margin-left: auto; margin-right: auto;\"><img loading=\"lazy\" loading=\"lazy\" decoding=\"async\" border=\"0\" data-original-height=\"3120\" data-original-width=\"4160\" height=\"240\" src=\"https:\/\/www.psv-wuppertal-leichtathletik.de\/wp-content\/uploads\/2022\/04\/IMG_20220421_154614.jpg\" class=\"wp-image-786\" width=\"320\" \/><\/a><\/td>\n<\/tr>\n<tr>\n<td class=\"tr-caption\" style=\"text-align: center;\"><b>2 Kugeln f\u00fcr alle anderen<\/b><\/td>\n<\/tr>\n<\/tbody>\n<\/table>\n<p><\/p>\n<table align=\"center\" cellpadding=\"0\" cellspacing=\"0\" class=\"tr-caption-container\" style=\"margin-left: auto; margin-right: auto;\">\n<tbody>\n<tr>\n<td style=\"text-align: center;\"><a href=\"https:\/\/blogger.googleusercontent.com\/img\/b\/R29vZ2xl\/AVvXsEhnrntztCj585byK80BWMefgEBrLVqMNzXBB4UGYlbI1uPf7NOC9SyLDqdRATTC8b6tO74WKDNJnDBqjeZhCgZtFqCyak2GDVp37oO76OQo4exWS5rVDRbwCCHmULwDHeTzk-Ywv4qox8GFfd4TFMm6ajCVjyaxoeY28UtWQAPv1fiPgTZLEJ22u609FA\/s4160\/IMG_20220421_155252.jpg\" imageanchor=\"1\" style=\"margin-left: auto; margin-right: auto;\"><img loading=\"lazy\" loading=\"lazy\" decoding=\"async\" border=\"0\" data-original-height=\"4160\" data-original-width=\"3120\" height=\"320\" src=\"https:\/\/www.psv-wuppertal-leichtathletik.de\/wp-content\/uploads\/2022\/04\/IMG_20220421_155252.jpg\" class=\"wp-image-787\" width=\"240\" \/><\/a><\/td>\n<\/tr>\n<tr>\n<td class=\"tr-caption\" style=\"text-align: center;\"><b>Eis genie\u00dfen vor dem Leuchtturm<\/b><\/td>\n<\/tr>\n<\/tbody>\n<\/table>\n<p><\/p>\n<table align=\"center\" cellpadding=\"0\" cellspacing=\"0\" class=\"tr-caption-container\" style=\"float: left; margin-right: 1em; text-align: left;\">\n<tbody>\n<tr>\n<td style=\"text-align: center;\"><a href=\"https:\/\/blogger.googleusercontent.com\/img\/b\/R29vZ2xl\/AVvXsEjRMyTcIl6nFTOZwRWomS4eYQqNZav5u2VahGFxjtlkvDSWeq7t9QY68sqLZ86R_7i1PPRk6DHofzxtio79LVdDjHhXDYy1Y7JZdoEmxNZPZ-kcN69tBr9I953WDnQBWD8huw53fWOdJofLD1BgAXmCOnH4hpvTCA5HCAtjIC9EHO4ExQ0J6V9dG9TUIw\/s4160\/IMG_20220421_163405.jpg\" imageanchor=\"1\" style=\"margin-left: auto; margin-right: auto;\"><img loading=\"lazy\" loading=\"lazy\" decoding=\"async\" border=\"0\" data-original-height=\"3120\" data-original-width=\"4160\" height=\"240\" src=\"https:\/\/www.psv-wuppertal-leichtathletik.de\/wp-content\/uploads\/2022\/04\/IMG_20220421_163405.jpg\" class=\"wp-image-788\" width=\"320\" \/><\/a><\/td>\n<\/tr>\n<tr>\n<td class=\"tr-caption\" style=\"text-align: center;\"><b>Blick vom Nordd\u00fcnenweg<\/b><\/td>\n<\/tr>\n<\/tbody>\n<\/table>\n<p><\/p>\n<table align=\"center\" cellpadding=\"0\" cellspacing=\"0\" class=\"tr-caption-container\" style=\"margin-left: auto; margin-right: auto;\">\n<tbody>\n<tr>\n<td style=\"text-align: center;\"><a href=\"https:\/\/blogger.googleusercontent.com\/img\/b\/R29vZ2xl\/AVvXsEh3anjJ2ZGhqSzYvqHm8cWHHxHgzq-I478kfEDEm5Eb2N3Fo_QGofeSKVqlXxcDx0gKCr3Q1W9VRI5fH1xMaqY4554du7DKbICUdqZQTMKmB7yXEphGGEGdjHfSWfrFws-JU9TavKaQ0FMj-K1RITjrxpZ4X3YWpvXWSOuL-1hS2JImFVGLzIW0d67YLg\/s4160\/IMG_20220421_163039.jpg\" imageanchor=\"1\" style=\"margin-left: auto; margin-right: auto;\"><img loading=\"lazy\" loading=\"lazy\" decoding=\"async\" border=\"0\" data-original-height=\"3120\" data-original-width=\"4160\" height=\"240\" src=\"https:\/\/www.psv-wuppertal-leichtathletik.de\/wp-content\/uploads\/2022\/04\/IMG_20220421_163039.jpg\" class=\"wp-image-789\" width=\"320\" \/><\/a><\/td>\n<\/tr>\n<tr>\n<td class=\"tr-caption\" style=\"text-align: center;\"><b>Nordwestlichster Punkt der Deutschlands<\/b><\/td>\n<\/tr>\n<\/tbody>\n<\/table>\n<p><\/p>\n<table align=\"center\" cellpadding=\"0\" cellspacing=\"0\" class=\"tr-caption-container\" style=\"float: left; margin-right: 1em; text-align: left;\">\n<tbody>\n<tr>\n<td style=\"text-align: center;\"><a href=\"https:\/\/blogger.googleusercontent.com\/img\/b\/R29vZ2xl\/AVvXsEjbKLMFHZr-amQqhMP4sirzAZlb7EqU_UlERi_UFuGeZoLqlUmnDws93I7UIvmmlPdlj376eMro96LF4pm4VtSfmDcirgkapcAF4p5_0xZHYetfexhhXonUWyU06wpoRJdt9axeTiEMoG8Azwi-lmtAh15oXBtFWusntP0ZTNmk5XKVGlVMumu5JwnK9Q\/s4160\/IMG_20220421_144713.jpg\" imageanchor=\"1\" style=\"margin-left: auto; margin-right: auto;\"><img loading=\"lazy\" loading=\"lazy\" decoding=\"async\" border=\"0\" data-original-height=\"4160\" data-original-width=\"3120\" height=\"320\" src=\"https:\/\/www.psv-wuppertal-leichtathletik.de\/wp-content\/uploads\/2022\/04\/IMG_20220421_144713.jpg\" class=\"wp-image-790\" width=\"240\" \/><\/a><\/td>\n<\/tr>\n<tr>\n<td class=\"tr-caption\" style=\"text-align: center;\"><\/td>\n<\/tr>\n<\/tbody>\n<\/table>\n<p><\/p>\n<table align=\"center\" cellpadding=\"0\" cellspacing=\"0\" class=\"tr-caption-container\" style=\"margin-left: auto; margin-right: auto;\">\n<tbody>\n<tr>\n<td style=\"text-align: center;\"><a href=\"https:\/\/blogger.googleusercontent.com\/img\/b\/R29vZ2xl\/AVvXsEjT5bQW1CKNDEe6bGldoGFNphhTwEt_kXxjxI86RiOxls_8cyR-DEE_vMx4McBCu2AlJIFb_AgdDaJ9PeoXV-De8aRsc6YVP429ihclyPiSeA4rI7CWeIRp9235iTzE2fgTk76AShs80KM2yXKXW6tHrExqqQ2--aduJIGuIEKlbYsoszzYQyxPRBxuKQ\/s4160\/IMG_20220421_144531.jpg\" imageanchor=\"1\" style=\"margin-left: auto; margin-right: auto;\"><img loading=\"lazy\" loading=\"lazy\" decoding=\"async\" border=\"0\" data-original-height=\"4160\" data-original-width=\"3120\" height=\"320\" src=\"https:\/\/www.psv-wuppertal-leichtathletik.de\/wp-content\/uploads\/2022\/04\/IMG_20220421_144531.jpg\" class=\"wp-image-791\" width=\"240\" \/><\/a><\/td>\n<\/tr>\n<tr>\n<td class=\"tr-caption\" style=\"text-align: center;\"><b>Das &#8222;Gro\u00dfe Kaap&#8220;<\/b><\/td>\n<\/tr>\n<\/tbody>\n<\/table>\n<p><\/p>\n<table align=\"center\" cellpadding=\"0\" cellspacing=\"0\" class=\"tr-caption-container\" style=\"margin-left: auto; margin-right: auto;\">\n<tbody>\n<tr>\n<td style=\"text-align: center;\"><a href=\"https:\/\/blogger.googleusercontent.com\/img\/b\/R29vZ2xl\/AVvXsEhn4yJyiesyhPtV3ZXUvDI2Wu8Q3Zx8Ti-k7qNS0Ch3JsDtKPJC12md_1621gl5i4WgrlyGU1Yg2BiZiUca2QfcrDZIw_1VJMZnfYuo5j6-qRJ2Bp1hgop807joZIWuYWB1wqwIBbd10IRZAZQ9TtUd389z4lTtUvLYatu1H6t3pJhYvyPdlOM14q1jeQ\/s8299\/IMG_20220421_164216.jpg\" imageanchor=\"1\" style=\"margin-left: auto; margin-right: auto;\"><img loading=\"lazy\" loading=\"lazy\" decoding=\"async\" border=\"0\" data-original-height=\"1928\" data-original-width=\"8299\" height=\"148\" src=\"https:\/\/www.psv-wuppertal-leichtathletik.de\/wp-content\/uploads\/2022\/04\/IMG_20220421_164216.jpg\" class=\"wp-image-792\" width=\"640\" \/><\/a><\/td>\n<\/tr>\n<tr>\n<td class=\"tr-caption\" style=\"text-align: center;\"><b>links Water Delle, Klinik, neuer Leuchtturm<\/b><\/td>\n<\/tr>\n<\/tbody>\n<\/table>\n<p><\/p>\n<p style=\"text-align: left;\"><\/p>\n","protected":false},"excerpt":{"rendered":"<p>Donnerstag, 21.04.2022 Mannschaftsbild nach der Platzolympiade &nbsp; Blau u. Rot sind die Sieger Siegereis 2 Kugeln f\u00fcr alle anderen Eis genie\u00dfen vor dem Leuchtturm Blick vom Nordd\u00fcnenweg Nordwestlichster Punkt der Deutschlands Das &#8222;Gro\u00dfe Kaap&#8220; links Water Delle, Klinik, neuer Leuchtturm<\/p>\n","protected":false},"author":2,"featured_media":783,"comment_status":"closed","ping_status":"closed","sticky":false,"template":"","format":"standard","meta":{"_et_pb_use_builder":"","_et_pb_old_content":"","_et_gb_content_width":"","footnotes":""},"categories":[20,1],"tags":[],"class_list":["post-782","post","type-post","status-publish","format-standard","has-post-thumbnail","hentry","category-alte-beitraege","category-uncategorized"],"featured_media_urls":{"thumbnail":["https:\/\/www.psv-wuppertal-leichtathletik.de\/wp-content\/uploads\/2022\/04\/IMG_20220421_121045.jpg",150,113,false],"medium":["https:\/\/www.psv-wuppertal-leichtathletik.de\/wp-content\/uploads\/2022\/04\/IMG_20220421_121045.jpg",300,225,false],"medium_large":["https:\/\/www.psv-wuppertal-leichtathletik.de\/wp-content\/uploads\/2022\/04\/IMG_20220421_121045.jpg",320,240,false],"large":["https:\/\/www.psv-wuppertal-leichtathletik.de\/wp-content\/uploads\/2022\/04\/IMG_20220421_121045.jpg",320,240,false],"1536x1536":["https:\/\/www.psv-wuppertal-leichtathletik.de\/wp-content\/uploads\/2022\/04\/IMG_20220421_121045.jpg",320,240,false],"2048x2048":["https:\/\/www.psv-wuppertal-leichtathletik.de\/wp-content\/uploads\/2022\/04\/IMG_20220421_121045.jpg",320,240,false],"et-pb-post-main-image":["https:\/\/www.psv-wuppertal-leichtathletik.de\/wp-content\/uploads\/2022\/04\/IMG_20220421_121045.jpg",320,240,false],"et-pb-post-main-image-fullwidth":["https:\/\/www.psv-wuppertal-leichtathletik.de\/wp-content\/uploads\/2022\/04\/IMG_20220421_121045.jpg",320,240,false],"et-pb-portfolio-image":["https:\/\/www.psv-wuppertal-leichtathletik.de\/wp-content\/uploads\/2022\/04\/IMG_20220421_121045.jpg",320,240,false],"et-pb-portfolio-module-image":["https:\/\/www.psv-wuppertal-leichtathletik.de\/wp-content\/uploads\/2022\/04\/IMG_20220421_121045.jpg",320,240,false],"et-pb-portfolio-image-single":["https:\/\/www.psv-wuppertal-leichtathletik.de\/wp-content\/uploads\/2022\/04\/IMG_20220421_121045.jpg",320,240,false],"et-pb-gallery-module-image-portrait":["https:\/\/www.psv-wuppertal-leichtathletik.de\/wp-content\/uploads\/2022\/04\/IMG_20220421_121045.jpg",320,240,false],"et-pb-post-main-image-fullwidth-large":["https:\/\/www.psv-wuppertal-leichtathletik.de\/wp-content\/uploads\/2022\/04\/IMG_20220421_121045.jpg",320,240,false],"et-pb-image--responsive--desktop":["https:\/\/www.psv-wuppertal-leichtathletik.de\/wp-content\/uploads\/2022\/04\/IMG_20220421_121045.jpg",320,240,false],"et-pb-image--responsive--tablet":["https:\/\/www.psv-wuppertal-leichtathletik.de\/wp-content\/uploads\/2022\/04\/IMG_20220421_121045.jpg",320,240,false],"et-pb-image--responsive--phone":["https:\/\/www.psv-wuppertal-leichtathletik.de\/wp-content\/uploads\/2022\/04\/IMG_20220421_121045.jpg",320,240,false],"portfolio_item-thumbnail":["https:\/\/www.psv-wuppertal-leichtathletik.de\/wp-content\/uploads\/2022\/04\/IMG_20220421_121045.jpg",320,240,false],"portfolio_item-thumbnail@2x":["https:\/\/www.psv-wuppertal-leichtathletik.de\/wp-content\/uploads\/2022\/04\/IMG_20220421_121045.jpg",320,240,false],"portfolio_item-masonry":["https:\/\/www.psv-wuppertal-leichtathletik.de\/wp-content\/uploads\/2022\/04\/IMG_20220421_121045.jpg",320,240,false],"portfolio_item-masonry@2x":["https:\/\/www.psv-wuppertal-leichtathletik.de\/wp-content\/uploads\/2022\/04\/IMG_20220421_121045.jpg",320,240,false],"portfolio_item-thumbnail_cinema":["https:\/\/www.psv-wuppertal-leichtathletik.de\/wp-content\/uploads\/2022\/04\/IMG_20220421_121045.jpg",320,240,false],"portfolio_item-thumbnail_portrait":["https:\/\/www.psv-wuppertal-leichtathletik.de\/wp-content\/uploads\/2022\/04\/IMG_20220421_121045.jpg",320,240,false],"portfolio_item-thumbnail_portrait@2x":["https:\/\/www.psv-wuppertal-leichtathletik.de\/wp-content\/uploads\/2022\/04\/IMG_20220421_121045.jpg",320,240,false],"portfolio_item-thumbnail_square":["https:\/\/www.psv-wuppertal-leichtathletik.de\/wp-content\/uploads\/2022\/04\/IMG_20220421_121045.jpg",320,240,false]},"_links":{"self":[{"href":"https:\/\/www.psv-wuppertal-leichtathletik.de\/index.php?rest_route=\/wp\/v2\/posts\/782","targetHints":{"allow":["GET"]}}],"collection":[{"href":"https:\/\/www.psv-wuppertal-leichtathletik.de\/index.php?rest_route=\/wp\/v2\/posts"}],"about":[{"href":"https:\/\/www.psv-wuppertal-leichtathletik.de\/index.php?rest_route=\/wp\/v2\/types\/post"}],"author":[{"embeddable":true,"href":"https:\/\/www.psv-wuppertal-leichtathletik.de\/index.php?rest_route=\/wp\/v2\/users\/2"}],"replies":[{"embeddable":true,"href":"https:\/\/www.psv-wuppertal-leichtathletik.de\/index.php?rest_route=%2Fwp%2Fv2%2Fcomments&post=782"}],"version-history":[{"count":1,"href":"https:\/\/www.psv-wuppertal-leichtathletik.de\/index.php?rest_route=\/wp\/v2\/posts\/782\/revisions"}],"predecessor-version":[{"id":1001,"href":"https:\/\/www.psv-wuppertal-leichtathletik.de\/index.php?rest_route=\/wp\/v2\/posts\/782\/revisions\/1001"}],"wp:featuredmedia":[{"embeddable":true,"href":"https:\/\/www.psv-wuppertal-leichtathletik.de\/index.php?rest_route=\/wp\/v2\/media\/783"}],"wp:attachment":[{"href":"https:\/\/www.psv-wuppertal-leichtathletik.de\/index.php?rest_route=%2Fwp%2Fv2%2Fmedia&parent=782"}],"wp:term":[{"taxonomy":"category","embeddable":true,"href":"https:\/\/www.psv-wuppertal-leichtathletik.de\/index.php?rest_route=%2Fwp%2Fv2%2Fcategories&post=782"},{"taxonomy":"post_tag","embeddable":true,"href":"https:\/\/www.psv-wuppertal-leichtathletik.de\/index.php?rest_route=%2Fwp%2Fv2%2Ftags&post=782"}],"curies":[{"name":"wp","href":"https:\/\/api.w.org\/{rel}","templated":true}]}}