{"id":838,"date":"2022-04-09T12:20:00","date_gmt":"2022-04-09T12:20:00","guid":{"rendered":"https:\/\/www.psv-wuppertal-leichtathletik.de\/uncategorized\/zur-ms-waterdelle-auf-borkum-willkommen\/"},"modified":"2023-01-08T17:43:03","modified_gmt":"2023-01-08T17:43:03","slug":"zur-ms-waterdelle-auf-borkum-willkommen","status":"publish","type":"post","link":"https:\/\/www.psv-wuppertal-leichtathletik.de\/?p=838","title":{"rendered":"Trainingsfahrt Borkum 2022"},"content":{"rendered":"<p style=\"text-align: center;\"><span style=\"color: red; font-family: arial; font-size: xx-large; text-align: right;\">&nbsp;Borkum 2022<\/span><\/p>\n<p style=\"text-align: center;\"><span style=\"text-align: right;\"><span style=\"color: red; font-family: arial; font-size: x-large;\"><b>14.04.2022 &#8211; 22.04.2022<\/b><\/span><\/span><\/p>\n<p style=\"text-align: center;\"><span style=\"color: red; font-family: arial; font-size: x-large;\"><b>nun geht es bald los !<\/b><\/span><\/p>\n<p style=\"text-align: center;\"><span style=\"color: red; font-family: arial; font-size: x-large;\"><b><br \/><\/b><\/span><\/p>\n<p style=\"text-align: center;\"><span style=\"color: red; font-family: arial; font-size: x-large;\"><b><br \/><\/b><\/span><\/p>\n<p style=\"text-align: left;\">\n<div class=\"separator\" style=\"clear: left; float: left; margin-bottom: 1em; margin-left: 1em; text-align: center;\"><img fetchpriority=\"high\" fetchpriority=\"high\" decoding=\"async\" alt=\"\" data-original-height=\"197\" data-original-width=\"281\" height=\"224\" src=\"https:\/\/www.psv-wuppertal-leichtathletik.de\/wp-content\/uploads\/2022\/04\/image.png\" class=\"wp-image-839\" width=\"320\" \/><\/div>\n<\/p>\n<p style=\"margin-bottom: 0cm; margin-left: -1.0cm; margin-right: -42.55pt; margin-top: 0cm; margin: 0cm -42.55pt 0cm -1cm;\">Willkommen an Bord des CVJM<br \/>\nFreizeithauses MS Waterdelle!<o:p><\/o:p><\/p>\n<p style=\"margin-bottom: 0cm; margin-left: -1.0cm; margin-right: -42.55pt; margin-top: 0cm; margin: 0cm -42.55pt 0cm -1cm;\">Das Freizeithaus MS Waterdelle &#8211;<br \/>\ndie etwas andere&nbsp;<\/p>\n<p style=\"margin-bottom: 0cm; margin-left: -1.0cm; margin-right: -42.55pt; margin-top: 0cm; margin: 0cm -42.55pt 0cm -1cm;\">Jugendherberge auf Borkum ist eines der<\/p>\n<p style=\"margin-bottom: 0cm; margin-left: -1.0cm; margin-right: -42.55pt; margin-top: 0cm; margin: 0cm -42.55pt 0cm -1cm;\">beliebtesten<br \/>\nJugendfreizeith\u00e4user auf den&nbsp;<\/p>\n<p style=\"margin-bottom: 0cm; margin-left: -1.0cm; margin-right: -42.55pt; margin-top: 0cm; margin: 0cm -42.55pt 0cm -1cm;\">Nordseeinseln.<\/p>\n<p style=\"margin-bottom: 0cm; margin-left: -1.0cm; margin-right: -42.55pt; margin-top: 0cm; margin: 0cm -42.55pt 0cm -1cm;\"><a href=\"http:\/\/www.ms-waterdelle.de\/\" style=\"font-family: Calibri, sans-serif; font-size: 12pt;\">http:\/\/www.ms-waterdelle.de\/<\/a><\/p>\n<\/p>\n<div style=\"text-align: left;\"><span face=\"Calibri, sans-serif\"><br \/><\/span><\/div>\n<div style=\"text-align: left;\"><\/div>\n<div style=\"text-align: left;\">Das klingt doch schon mal<br \/>\nwirklich gut! Vor allen Dingen wollen wir die geniale Lage der Waterdelle<br \/>\nnutzen, um im \u00fcbern\u00e4chsten Fr\u00fchjahr mit euch zu trainieren und die n\u00e4chste<br \/>\nLeichtathletik-Saison vorzubereiten. Vom <b>14. bis zum 22. April 2022<\/b> fahren wir mit euch auf die Nordseeinsel Borkum. F\u00fcr dieses (l\u00e4ngere) Trainingslager<br \/>\nbetragen die Kosten ca. 460\u20ac. Voraussichtlich werden wir mit einem 9-Sitzer,<br \/>\neinem PKW und der F\u00e4hre anreisen. Wir empfehlen euch, bei der<br \/>\nAnmeldung privat eine Reiser\u00fccktritts\u00adversicherung abzuschlie\u00dfen.&nbsp;<span face=\"Calibri, sans-serif\" style=\"font-size: 12pt;\">Die MS Waterdelle ist ein CVJM-Haus, das mitten in den<br \/>\nD\u00fcnen \u2013 also in unmittelbarer Meern\u00e4he \u2013 liegt und mit einem modernen Haus und<br \/>\ntollen Gel\u00e4nde viel bietet:<\/span><\/div>\n<div style=\"text-align: left;\"><a href=\"https:\/\/lh3.googleusercontent.com\/-D1ZAZgEybuk\/X2Sh0JP1YvI\/AAAAAAAAWtA\/5jg9HMfR9gMPb4Lk9aCsSi3qyHGuGjaigCLcBGAsYHQ\/image.png\" style=\"clear: left; display: inline; margin-bottom: 1em; margin-left: 1em; text-align: center;\"><img decoding=\"async\" alt=\"\" data-original-height=\"143\" data-original-width=\"220\" height=\"138\" src=\"https:\/\/www.psv-wuppertal-leichtathletik.de\/wp-content\/uploads\/2022\/04\/image-1.png\" class=\"wp-image-840\" width=\"213\" \/><img decoding=\"async\" alt=\"\" data-original-height=\"149\" data-original-width=\"288\" height=\"120\" src=\"https:\/\/www.psv-wuppertal-leichtathletik.de\/wp-content\/uploads\/2022\/04\/image-2.png\" class=\"wp-image-841\" style=\"text-align: left;\" width=\"232\" \/><\/a><a href=\"https:\/\/lh3.googleusercontent.com\/-sUa4J6mA3Rw\/X2SiqFKF8MI\/AAAAAAAAWtY\/EVWf3sJ4vdEO60_AOnM2mNw08IfHmi0mwCLcBGAsYHQ\/image.png\" style=\"margin-left: 1em; margin-right: 1em;\"><img loading=\"lazy\" loading=\"lazy\" decoding=\"async\" alt=\"\" data-original-height=\"139\" data-original-width=\"176\" height=\"131\" src=\"https:\/\/www.psv-wuppertal-leichtathletik.de\/wp-content\/uploads\/2022\/04\/image-3.png\" class=\"wp-image-842\" width=\"166\" \/><\/a><a href=\"https:\/\/lh3.googleusercontent.com\/-cIdFp8SwhyM\/X2SjApJ9ZnI\/AAAAAAAAWtg\/JDAWZ82dbUMmvvPPjiSxQW8gP8w1jG7BgCLcBGAsYHQ\/image.png\" style=\"clear: left; display: inline; margin-bottom: 1em; margin-left: 1em; text-align: center;\"><img loading=\"lazy\" loading=\"lazy\" decoding=\"async\" alt=\"\" data-original-height=\"139\" data-original-width=\"213\" height=\"140\" src=\"https:\/\/www.psv-wuppertal-leichtathletik.de\/wp-content\/uploads\/2022\/04\/image-4.png\" class=\"wp-image-843\" width=\"168\" \/><\/a><a href=\"https:\/\/lh3.googleusercontent.com\/-RjylZWGydOQ\/X2SjhAe3Q-I\/AAAAAAAAWts\/bOl_LIbkgEU7qfPBoIjo0g4sYqmuQEGpACLcBGAsYHQ\/image.png\" style=\"margin-left: 1em; margin-right: 1em;\"><img loading=\"lazy\" loading=\"lazy\" decoding=\"async\" alt=\"\" data-original-height=\"146\" data-original-width=\"207\" height=\"176\" src=\"https:\/\/www.psv-wuppertal-leichtathletik.de\/wp-content\/uploads\/2022\/04\/image-5.png\" class=\"wp-image-844\" width=\"249\" \/><\/a><a href=\"https:\/\/lh3.googleusercontent.com\/-vSMic0rFxPs\/X2Sj9VLz6MI\/AAAAAAAAWt0\/laoDyCzqOOsqfa6D1U_ut3NkeDqTCwmrgCLcBGAsYHQ\/image.png\" style=\"margin-left: 1em; margin-right: 1em;\"><img loading=\"lazy\" loading=\"lazy\" decoding=\"async\" alt=\"\" data-original-height=\"165\" data-original-width=\"129\" height=\"192\" src=\"https:\/\/www.psv-wuppertal-leichtathletik.de\/wp-content\/uploads\/2022\/04\/image-6.png\" class=\"wp-image-845\" width=\"151\" \/><\/a><\/div>\n<div style=\"text-align: left;\"><\/div>\n<div style=\"text-align: left;\"><b><span style=\"font-size: large;\">Wir freuen uns auf die sch\u00f6ne Zeit auf der Insel Borkum mit euch allen !&nbsp;<\/span><\/b><\/div>\n<div style=\"text-align: left;\"><b><span style=\"font-size: large;\">Ihr auch ?<\/span><\/b><\/div>\n<div style=\"text-align: left;\"><b><br \/><\/b><\/div>\n<div style=\"text-align: left;\"><b><br \/><\/b><\/div>\n<div style=\"text-align: left;\"><b><br \/><\/b><\/div>\n<div style=\"text-align: right;\"><span style=\"color: #0000ee;\"><u><br \/><\/u><\/span><\/div>\n<div style=\"text-align: right;\"><span style=\"color: #0000ee;\"><u><br \/><\/u><\/span><\/div>\n<div style=\"text-align: right;\"><span style=\"color: #0000ee;\"><u><br \/><\/u><\/span><\/div><\/p>\n","protected":false},"excerpt":{"rendered":"<p>&nbsp;Borkum 2022 14.04.2022 &#8211; 22.04.2022 nun geht es bald los ! Willkommen an Bord des CVJM Freizeithauses MS Waterdelle! Das Freizeithaus MS Waterdelle &#8211; die etwas andere&nbsp; Jugendherberge auf Borkum ist eines der beliebtesten Jugendfreizeith\u00e4user auf den&nbsp; Nordseeinseln. http:\/\/www.ms-waterdelle.de\/ Das klingt doch schon mal wirklich gut! Vor allen Dingen wollen wir die geniale Lage der [&hellip;]<\/p>\n","protected":false},"author":2,"featured_media":839,"comment_status":"closed","ping_status":"closed","sticky":false,"template":"","format":"standard","meta":{"_et_pb_use_builder":"","_et_pb_old_content":"","_et_gb_content_width":"","footnotes":""},"categories":[20,1],"tags":[],"class_list":["post-838","post","type-post","status-publish","format-standard","has-post-thumbnail","hentry","category-alte-beitraege","category-uncategorized"],"featured_media_urls":{"thumbnail":["https:\/\/www.psv-wuppertal-leichtathletik.de\/wp-content\/uploads\/2022\/04\/image.png",150,105,false],"medium":["https:\/\/www.psv-wuppertal-leichtathletik.de\/wp-content\/uploads\/2022\/04\/image.png",281,197,false],"medium_large":["https:\/\/www.psv-wuppertal-leichtathletik.de\/wp-content\/uploads\/2022\/04\/image.png",281,197,false],"large":["https:\/\/www.psv-wuppertal-leichtathletik.de\/wp-content\/uploads\/2022\/04\/image.png",281,197,false],"1536x1536":["https:\/\/www.psv-wuppertal-leichtathletik.de\/wp-content\/uploads\/2022\/04\/image.png",281,197,false],"2048x2048":["https:\/\/www.psv-wuppertal-leichtathletik.de\/wp-content\/uploads\/2022\/04\/image.png",281,197,false],"et-pb-post-main-image":["https:\/\/www.psv-wuppertal-leichtathletik.de\/wp-content\/uploads\/2022\/04\/image.png",281,197,false],"et-pb-post-main-image-fullwidth":["https:\/\/www.psv-wuppertal-leichtathletik.de\/wp-content\/uploads\/2022\/04\/image.png",281,197,false],"et-pb-portfolio-image":["https:\/\/www.psv-wuppertal-leichtathletik.de\/wp-content\/uploads\/2022\/04\/image.png",281,197,false],"et-pb-portfolio-module-image":["https:\/\/www.psv-wuppertal-leichtathletik.de\/wp-content\/uploads\/2022\/04\/image.png",281,197,false],"et-pb-portfolio-image-single":["https:\/\/www.psv-wuppertal-leichtathletik.de\/wp-content\/uploads\/2022\/04\/image.png",281,197,false],"et-pb-gallery-module-image-portrait":["https:\/\/www.psv-wuppertal-leichtathletik.de\/wp-content\/uploads\/2022\/04\/image.png",281,197,false],"et-pb-post-main-image-fullwidth-large":["https:\/\/www.psv-wuppertal-leichtathletik.de\/wp-content\/uploads\/2022\/04\/image.png",281,197,false],"et-pb-image--responsive--desktop":["https:\/\/www.psv-wuppertal-leichtathletik.de\/wp-content\/uploads\/2022\/04\/image.png",281,197,false],"et-pb-image--responsive--tablet":["https:\/\/www.psv-wuppertal-leichtathletik.de\/wp-content\/uploads\/2022\/04\/image.png",281,197,false],"et-pb-image--responsive--phone":["https:\/\/www.psv-wuppertal-leichtathletik.de\/wp-content\/uploads\/2022\/04\/image.png",281,197,false],"portfolio_item-thumbnail":["https:\/\/www.psv-wuppertal-leichtathletik.de\/wp-content\/uploads\/2022\/04\/image.png",281,197,false],"portfolio_item-thumbnail@2x":["https:\/\/www.psv-wuppertal-leichtathletik.de\/wp-content\/uploads\/2022\/04\/image.png",281,197,false],"portfolio_item-masonry":["https:\/\/www.psv-wuppertal-leichtathletik.de\/wp-content\/uploads\/2022\/04\/image.png",281,197,false],"portfolio_item-masonry@2x":["https:\/\/www.psv-wuppertal-leichtathletik.de\/wp-content\/uploads\/2022\/04\/image.png",281,197,false],"portfolio_item-thumbnail_cinema":["https:\/\/www.psv-wuppertal-leichtathletik.de\/wp-content\/uploads\/2022\/04\/image.png",281,197,false],"portfolio_item-thumbnail_portrait":["https:\/\/www.psv-wuppertal-leichtathletik.de\/wp-content\/uploads\/2022\/04\/image.png",281,197,false],"portfolio_item-thumbnail_portrait@2x":["https:\/\/www.psv-wuppertal-leichtathletik.de\/wp-content\/uploads\/2022\/04\/image.png",281,197,false],"portfolio_item-thumbnail_square":["https:\/\/www.psv-wuppertal-leichtathletik.de\/wp-content\/uploads\/2022\/04\/image.png",281,197,false]},"_links":{"self":[{"href":"https:\/\/www.psv-wuppertal-leichtathletik.de\/index.php?rest_route=\/wp\/v2\/posts\/838","targetHints":{"allow":["GET"]}}],"collection":[{"href":"https:\/\/www.psv-wuppertal-leichtathletik.de\/index.php?rest_route=\/wp\/v2\/posts"}],"about":[{"href":"https:\/\/www.psv-wuppertal-leichtathletik.de\/index.php?rest_route=\/wp\/v2\/types\/post"}],"author":[{"embeddable":true,"href":"https:\/\/www.psv-wuppertal-leichtathletik.de\/index.php?rest_route=\/wp\/v2\/users\/2"}],"replies":[{"embeddable":true,"href":"https:\/\/www.psv-wuppertal-leichtathletik.de\/index.php?rest_route=%2Fwp%2Fv2%2Fcomments&post=838"}],"version-history":[{"count":1,"href":"https:\/\/www.psv-wuppertal-leichtathletik.de\/index.php?rest_route=\/wp\/v2\/posts\/838\/revisions"}],"predecessor-version":[{"id":1007,"href":"https:\/\/www.psv-wuppertal-leichtathletik.de\/index.php?rest_route=\/wp\/v2\/posts\/838\/revisions\/1007"}],"wp:featuredmedia":[{"embeddable":true,"href":"https:\/\/www.psv-wuppertal-leichtathletik.de\/index.php?rest_route=\/wp\/v2\/media\/839"}],"wp:attachment":[{"href":"https:\/\/www.psv-wuppertal-leichtathletik.de\/index.php?rest_route=%2Fwp%2Fv2%2Fmedia&parent=838"}],"wp:term":[{"taxonomy":"category","embeddable":true,"href":"https:\/\/www.psv-wuppertal-leichtathletik.de\/index.php?rest_route=%2Fwp%2Fv2%2Fcategories&post=838"},{"taxonomy":"post_tag","embeddable":true,"href":"https:\/\/www.psv-wuppertal-leichtathletik.de\/index.php?rest_route=%2Fwp%2Fv2%2Ftags&post=838"}],"curies":[{"name":"wp","href":"https:\/\/api.w.org\/{rel}","templated":true}]}}