{"id":846,"date":"2022-03-30T11:16:00","date_gmt":"2022-03-30T11:16:00","guid":{"rendered":"https:\/\/www.psv-wuppertal-leichtathletik.de\/uncategorized\/sportlicher-jahresruckblick-2021-im-2\/"},"modified":"2023-01-08T17:43:12","modified_gmt":"2023-01-08T17:43:12","slug":"sportlicher-jahresruckblick-2021-im-2","status":"publish","type":"post","link":"https:\/\/www.psv-wuppertal-leichtathletik.de\/?p=846","title":{"rendered":"sportlicher Jahresr\u00fcckblick 2021 im 2. Jahr mit  Corona der LA &#8211; Abteilung des PSV Wuppertal"},"content":{"rendered":"<div class=\"separator\">&nbsp; &nbsp; &nbsp; &nbsp; &nbsp; &nbsp; &nbsp; &nbsp; &nbsp; &nbsp; &nbsp; &nbsp; &nbsp; &nbsp; &nbsp; &nbsp; &nbsp; &nbsp; &nbsp; &nbsp; &nbsp; &nbsp;<b><span style=\"font-size: medium;\">&nbsp; &nbsp;<\/span><\/b><\/div>\n<p style=\"text-align: right;\"><a href=\"https:\/\/www.psv-wuppertal-leichtathletik.de\/wp-content\/uploads\/2022\/03\/image.png\" style=\"clear: left; float: left; margin-bottom: 1em; margin-right: 1em; text-align: center;\"><img fetchpriority=\"high\" fetchpriority=\"high\" decoding=\"async\" alt=\"\" data-original-height=\"155\" data-original-width=\"164\" height=\"240\" src=\"https:\/\/www.psv-wuppertal-leichtathletik.de\/wp-content\/uploads\/2022\/03\/image.png\" class=\"wp-image-881\" width=\"254\" \/><\/a><\/p>\n<p><b><span style=\"font-size: medium;\"><br \/><\/span><\/b><\/p>\n<p><b><span style=\"font-size: medium;\"><br \/><\/span><\/b><\/p>\n<p><b><span style=\"font-size: medium;\"><br \/><\/span><\/b><\/p>\n<p><span style=\"font-size: medium; font-weight: bold;\">Wir haben Corona die Stirn geboten !!!&nbsp; &nbsp; &nbsp; &nbsp;Ein<\/span><span>&nbsp;<\/span><b><span style=\"font-size: medium;\">Tolles Sportjahr liegt hinter uns !<\/span><\/b><\/p>\n<p><b><span style=\"font-size: medium;\"><br \/><\/span><\/b><\/p>\n<p><b>Im vergangen Jahr konnten unsere Kinder im Laufe des Jahrs an einigen Wettk\u00e4mpfen und Meisterschaften teilnehmen. Dabei waren sie sehr erfolgreich und erzielten&nbsp; viele gute Pl\u00e4tze. Bei Mannschaftswettk\u00e4mpfen standen unsere J\u00fcngsten fast immer auf dem Treppchen. Sehr erfolgreich waren die L\u00e4ufer der U 14. Sie holten bei den Regionsmeisterschaften alle Titel im Einzel und der Mannschaft. Hierbei wurden viele neue und starke Bestzeiten aufgestellt. Wir sind gespannt wie es in 2022 weiter gehen wird.<\/b><\/p>\n<p><b>Jan \/ Feb \/ M\u00e4rz&nbsp; &nbsp; &nbsp; &nbsp; &nbsp; &nbsp; &nbsp; &nbsp; &nbsp; &nbsp; &nbsp; &nbsp; &nbsp; &nbsp; &nbsp; &nbsp; &nbsp; &nbsp; &nbsp; &nbsp; &nbsp; &nbsp; &nbsp; &nbsp; &nbsp; &nbsp; &nbsp; &nbsp; &nbsp; &nbsp; &nbsp; &nbsp; &nbsp; &nbsp; &nbsp; &nbsp; &nbsp; &nbsp; &nbsp; &nbsp; &nbsp; &nbsp; &nbsp; &nbsp; &nbsp; &nbsp; &nbsp; &nbsp; &nbsp; &nbsp; &nbsp; &nbsp; &nbsp; &nbsp; &nbsp; &nbsp; &nbsp; &nbsp; &nbsp; &nbsp; &nbsp; &nbsp; &nbsp; &nbsp;Der&nbsp;<\/b><b>Anfang 2021 wurde durch Corona beherrscht und der Sport wurde zu Hause in Form einer Outdoor Challenge durchgef\u00fchrt. Hierzu gab Lisa den Kindern immer wieder neue Aufgaben die sie zu Hause durchf\u00fchren konnten.<\/b><a href=\"https:\/\/1.bp.blogspot.com\/-AuZMtfD4s8I\/X_9x5H_tncI\/AAAAAAAAYak\/YELBoIEoQDokxnjSEzWaJr6EwsiM1rwywCLcBGAsYHQ\/s2048\/Erik.jpg\" style=\"margin-left: 1em; margin-right: 1em; text-align: center;\"><img decoding=\"async\" border=\"0\" data-original-height=\"2048\" data-original-width=\"1536\" height=\"640\" src=\"https:\/\/www.psv-wuppertal-leichtathletik.de\/wp-content\/uploads\/2022\/03\/Erik.jpg\" class=\"wp-image-847\" width=\"480\" \/><\/a><\/p>\n<div class=\"separator\" style=\"clear: both; text-align: center;\"><span style=\"text-align: left;\">&nbsp;<\/span><b style=\"text-align: left;\"><span style=\"font-size: medium;\">21. M\u00e4rz 2021&nbsp; &nbsp; &nbsp; &nbsp; &nbsp; &nbsp; &nbsp; &nbsp; &nbsp; &nbsp; &nbsp; &nbsp; &nbsp; &nbsp; &nbsp; &nbsp; &nbsp; &nbsp; &nbsp; &nbsp; &nbsp; &nbsp; &nbsp; &nbsp; &nbsp; &nbsp; &nbsp; &nbsp; &nbsp; &nbsp; &nbsp; &nbsp; &nbsp; &nbsp; &nbsp; &nbsp; &nbsp; &nbsp; &nbsp; &nbsp; &nbsp; &nbsp; &nbsp; &nbsp; &nbsp; &nbsp; &nbsp; &nbsp; &nbsp; &nbsp; &nbsp; &nbsp; &nbsp; &nbsp; &nbsp; &nbsp; &nbsp; &nbsp; &nbsp; &nbsp; &nbsp; &nbsp; &nbsp; &nbsp; &nbsp; &nbsp; &nbsp; &nbsp; &nbsp; &nbsp; &nbsp; &nbsp; &nbsp; &nbsp; &nbsp; &nbsp; &nbsp; &nbsp; &nbsp; &nbsp;&nbsp;<\/span><\/b><span face=\"Montserrat, sans-serif\" style=\"color: #db002a; font-size: medium; letter-spacing: 0.02em; text-transform: uppercase;\"><b>KRISENSTAB beschlie\u00dft:&nbsp; &nbsp; &nbsp; &nbsp; &nbsp; &nbsp; &nbsp; &nbsp; &nbsp; &nbsp; &nbsp; &nbsp; &nbsp; &nbsp; &nbsp; &nbsp; &nbsp; &nbsp; &nbsp; &nbsp; &nbsp; &nbsp; &nbsp; &nbsp; &nbsp; &nbsp; &nbsp; &nbsp; &nbsp; &nbsp; &nbsp; &nbsp; &nbsp; &nbsp; &nbsp;<\/b><\/span><b style=\"font-size: large; text-align: justify;\"><span face=\"Montserrat, sans-serif\" style=\"color: #db002a; letter-spacing: 0.02em; text-align: center; text-transform: uppercase;\">AUCH SPORTANLAGEN u<\/span><\/b><b style=\"font-size: large; text-align: justify;\"><span face=\"Montserrat, sans-serif\" style=\"color: #db002a; letter-spacing: 0.02em; text-align: center; text-transform: uppercase;\">ND&nbsp;<\/span><\/b><b style=\"text-align: justify;\"><span face=\"Montserrat, sans-serif\" style=\"color: #db002a; font-size: medium; letter-spacing: 0.02em; text-align: center; text-transform: uppercase;\">&nbsp;MUSIKSCHULEN WIEDER ZU<\/span><\/b><\/div>\n<div class=\"separator\" style=\"clear: both; text-align: center;\"><b style=\"text-align: justify;\"><span face=\"Montserrat, sans-serif\" style=\"color: #db002a; font-size: medium; letter-spacing: 0.02em; text-align: center; text-transform: uppercase;\"><br \/><\/span><\/b><\/div>\n<p><b><span style=\"font-size: large;\">April 2022&nbsp; &nbsp; &nbsp; &nbsp; &nbsp; &nbsp; &nbsp; &nbsp; &nbsp; &nbsp; &nbsp; &nbsp; &nbsp; &nbsp; &nbsp; &nbsp; &nbsp; &nbsp; &nbsp; &nbsp; &nbsp; &nbsp; &nbsp; &nbsp; &nbsp; &nbsp; &nbsp; &nbsp; &nbsp; &nbsp; &nbsp; &nbsp; &nbsp; &nbsp; &nbsp; &nbsp; &nbsp; &nbsp; &nbsp; &nbsp; &nbsp; &nbsp; &nbsp; &nbsp; &nbsp; &nbsp; &nbsp; Osterlauf&nbsp; &nbsp;<\/span><\/b> &nbsp; &nbsp; &nbsp; &nbsp; &nbsp; &nbsp; &nbsp; &nbsp; &nbsp; &nbsp; &nbsp; &nbsp; &nbsp; &nbsp; &nbsp; &nbsp; &nbsp; &nbsp; &nbsp; &nbsp; &nbsp; &nbsp; &nbsp; &nbsp; &nbsp; &nbsp; &nbsp; &nbsp; &nbsp; &nbsp; &nbsp; &nbsp; &nbsp; &nbsp; &nbsp; &nbsp; &nbsp; &nbsp; &nbsp; &nbsp; &nbsp; &nbsp; &nbsp; &nbsp; &nbsp; &nbsp; &nbsp; &nbsp; &nbsp; &nbsp; &nbsp; &nbsp; &nbsp; &nbsp; &nbsp; &nbsp; &nbsp; &nbsp; &nbsp; &nbsp; &nbsp; &nbsp; &nbsp; &nbsp; &nbsp; &nbsp; &nbsp; &nbsp; &nbsp;<b>Im April trafen sich dann einige Kinder regelm\u00e4\u00dfig zu einem kleinen Lauftraining. Ostern f\u00fchrten die Minis einen Oster Corona Lauf durch und suchten im Wald nach versteckten Ostersachen.<\/b><a href=\"https:\/\/www.blogger.com\/#\" style=\"font-family: arial; text-align: center;\"><img decoding=\"async\" border=\"0\" height=\"243\" src=\"https:\/\/www.psv-wuppertal-leichtathletik.de\/wp-content\/uploads\/2022\/03\/DSC05101.jpg\" class=\"wp-image-848\" width=\"400\" \/><\/a><\/p>\n<p><b><span style=\"font-size: large;\"><br \/><\/span><\/b><\/p>\n<p><b><span style=\"font-size: large;\">Mai 2022&nbsp; &nbsp; &nbsp; &nbsp; &nbsp; &nbsp; &nbsp; &nbsp; &nbsp; &nbsp; &nbsp; &nbsp; &nbsp; &nbsp; &nbsp; &nbsp; &nbsp; &nbsp; &nbsp; &nbsp; &nbsp; &nbsp; &nbsp; &nbsp; &nbsp; &nbsp; &nbsp; &nbsp; &nbsp; &nbsp; &nbsp; &nbsp; &nbsp; &nbsp; &nbsp; &nbsp; &nbsp; &nbsp; &nbsp; &nbsp; &nbsp; &nbsp; &nbsp; &nbsp; &nbsp; &nbsp; &nbsp; &nbsp; Gegen die Uhr&nbsp; &nbsp; &nbsp; &nbsp; &nbsp; &nbsp; &nbsp; &nbsp; &nbsp; &nbsp; &nbsp; &nbsp; &nbsp; &nbsp; &nbsp; &nbsp; &nbsp; &nbsp; &nbsp; &nbsp; &nbsp; &nbsp; &nbsp; &nbsp;<\/span><\/b><b style=\"text-align: center;\"><span style=\"font-size: large;\">&nbsp; &nbsp; &nbsp; &nbsp; &nbsp; &nbsp; &nbsp; &nbsp; &nbsp; &nbsp; &nbsp; &nbsp; &nbsp; &nbsp; &nbsp; &nbsp; &nbsp; &nbsp;&nbsp;<\/span><\/b><b>Seit einigen Wochen laufen einige Kinder und Jugendliche regelm\u00e4\u00dfig bei jedem Wetter im Wald.&nbsp;<\/b><b>Alle Coronavorschriften&nbsp; wurden\/werden genauestens eingehalten. Alle sind im Kothener Busch auf unserem Rundkurs f\u00fcr Tempol\u00e4ufe gegen die Uhr angetreten und haben sich m\u00e4chtig angestrengt. Mit viel Spa\u00df gab es tolle L\u00e4ufe f\u00fcr eine gute Rundenzeit!<\/b><\/p>\n<p><\/p>\n<blockquote style=\"border: none; margin: 0px 0px 0px 40px; padding: 0px;\">\n<p><b><span style=\"font-size: large;\">Training noch vor den Sommerferien ? ? ?<\/span><\/b><\/p>\n<\/blockquote>\n<blockquote style=\"border: none; margin: 0px 0px 0px 40px; padding: 0px;\">\n<p><b><span style=\"font-size: large;\">&nbsp; &nbsp; &nbsp; &nbsp; &nbsp; &nbsp; Start am Freitag,&nbsp; 28.05.2021&nbsp; !<\/span><\/b>&nbsp;<\/p>\n<\/blockquote>\n<p><b>Liebe Kinder, liebe Eltern,<\/b><\/p>\n<p><b>der Inzidenzwert sinkt zur Zeit t\u00e4glich und er\u00f6ffnet uns die M\u00f6glichkeit am Freitag, 28.05.2021, wieder Training anzubieten. Wir hoffen sehr, dass der Wert weiter sinkt und konstant unter 100 bleibt, damit wir dann auch am kommenden Freitag wieder starten k\u00f6nnen.&nbsp;<\/b><\/p>\n<p><b>Eine Trainingsteilnahme ist nur m\u00f6glich nach vorheriger R\u00fcckmeldung. Der genaue Ablauf und Schutzma\u00dfnahmen werden am Montag per Mail versandt. Wir wollen den Inzidenzwert in den n\u00e4chsten Tagen beobachten und dann t\u00e4tig werden.<\/b><\/p>\n<p><b>Liebe Gr\u00fc\u00dfe&nbsp; &nbsp; &nbsp; &nbsp;&nbsp;<\/b><b>Eure Trainer und der Vorstand des PSV<\/b><b style=\"text-align: center;\"><a href=\"https:\/\/www.psv-wuppertal-leichtathletik.de\/wp-content\/uploads\/2022\/03\/image-1.png\" style=\"margin-left: 1em; margin-right: 1em;\"><img loading=\"lazy\" loading=\"lazy\" decoding=\"async\" alt=\"\" data-original-height=\"155\" data-original-width=\"164\" height=\"240\" src=\"https:\/\/www.psv-wuppertal-leichtathletik.de\/wp-content\/uploads\/2022\/03\/image-1.png\" class=\"wp-image-882\" width=\"254\" \/><\/a><\/b><\/p>\n<p style=\"text-align: justify;\"><span face=\"&quot;Google Sans&quot;, Roboto, RobotoDraft, Helvetica, Arial, sans-serif\" style=\"background-color: white; color: #202124; font-size: 1.375rem; font-variant-ligatures: no-contextual;\"><b><br \/><\/b><\/span><\/p>\n<p style=\"text-align: justify;\"><span face=\"&quot;Google Sans&quot;, Roboto, RobotoDraft, Helvetica, Arial, sans-serif\" style=\"background-color: white; color: #202124; font-size: 1.375rem; font-variant-ligatures: no-contextual;\"><b>50 Jahre Golden Moments SV Sonsbeck Meeting 1971-2021&nbsp; &nbsp; &nbsp; &nbsp; &nbsp; &nbsp; &nbsp; &nbsp; &nbsp; &nbsp; &nbsp; &nbsp; &nbsp; &nbsp; &nbsp; &nbsp; &nbsp; &nbsp; &nbsp; &nbsp; &nbsp; &nbsp; &nbsp; &nbsp; &nbsp; &nbsp; &nbsp; &nbsp; &nbsp; &nbsp;&nbsp;<\/b><\/span><b><span face=\"&quot;Google Sans&quot;, Roboto, RobotoDraft, Helvetica, Arial, sans-serif\" style=\"background-color: white; color: #202124; font-size: 22px; font-variant-ligatures: no-contextual;\">19.06.2021<\/span><\/b><\/p>\n<table align=\"center\" cellpadding=\"0\" cellspacing=\"0\" class=\"tr-caption-container\" style=\"margin-left: auto; margin-right: auto;\">\n<tbody>\n<tr>\n<td style=\"text-align: center;\"><a href=\"https:\/\/1.bp.blogspot.com\/-Bkmizc89ipU\/YM8PU2IyQ6I\/AAAAAAAAaMQ\/Rb2uAi4cVpE3a2Rf7K6Au9G4UtiYCs7IQCLcBGAsYHQ\/s5472\/DSC05172.JPG\" style=\"margin-left: auto; margin-right: auto;\"><img loading=\"lazy\" loading=\"lazy\" decoding=\"async\" border=\"0\" data-original-height=\"5472\" data-original-width=\"3648\" height=\"362\" src=\"https:\/\/www.psv-wuppertal-leichtathletik.de\/wp-content\/uploads\/2022\/03\/DSC05172.jpg\" class=\"wp-image-849\" width=\"241\" \/><\/a><\/td>\n<\/tr>\n<tr>\n<td class=\"tr-caption\" style=\"text-align: center;\"><b><br \/>Gl\u00fcckliche und abgek\u00e4mpfte L\u00e4ufer nach<br \/>den tollen L\u00e4ufen \u00fcber<br \/>800m \/ 2000m<\/p>\n<p><span><span style=\"font-size: large;\">Freude pur !!! Endlich ein Wettkampf ! ! !<\/span><br \/><span style=\"font-size: medium;\">26.06.2021&nbsp; 2 x Platz mit der Mannschaft<\/span><\/span><br \/><\/b><a href=\"https:\/\/1.bp.blogspot.com\/-pscVI1fJ_jA\/YNheLHSBFOI\/AAAAAAAAaR4\/-yirLijS76UkAEPVoWzwlYRj7qxPGNRiQCLcBGAsYHQ\/s2048\/IMG_20210627_090245.jpg\" style=\"margin-left: 1em; margin-right: 1em;\"><img loading=\"lazy\" loading=\"lazy\" decoding=\"async\" border=\"0\" data-original-height=\"2048\" data-original-width=\"1536\" height=\"514\" src=\"https:\/\/www.psv-wuppertal-leichtathletik.de\/wp-content\/uploads\/2022\/03\/IMG_20210627_090245.jpg\" class=\"wp-image-850\" width=\"404\" \/><\/a><\/td>\n<\/tr>\n<\/tbody>\n<\/table>\n<p><b><br \/><\/b><\/p>\n<p><b>Mit Maske zum zweifachen Vizetitel<\/b><\/p>\n<p><i><span style=\"text-align: justify;\"><b>Mit Maske und Kontaktnachverfolgung stand vergangenen Sonntag der erste Mannschaftswettkampf der Saison f\u00fcr die jungen Athletinnen und Athleten des PSV Wuppertal an. Die PSV-Mannschaften der U8 und U10 konnten sich nach Sprint, Sprung, Wurf und Staffellauf jeweils \u00fcber Vizetitel in ihrer Altersklasse freuen.<\/b><\/span><\/i><\/p>\n<p><i style=\"-webkit-text-stroke-width: 0px; color: black; font-family: &quot;Times New Roman&quot;; font-size: medium; font-variant-caps: normal; font-variant-ligatures: normal; font-weight: 400; letter-spacing: normal; orphans: 2; text-align: left; text-decoration-color: initial; text-decoration-style: initial; text-decoration-thickness: initial; text-indent: 0px; text-transform: none; white-space: normal; widows: 2; word-spacing: 0px;\"><\/i><\/p>\n<table align=\"center\" cellpadding=\"0\" cellspacing=\"0\" class=\"tr-caption-container\" style=\"-webkit-text-stroke-width: 0px; font-family: &quot;Times New Roman&quot;; letter-spacing: normal; margin-left: auto; margin-right: auto; orphans: 2; text-decoration-color: initial; text-decoration-style: initial; text-decoration-thickness: initial; text-transform: none; widows: 2; word-spacing: 0px;\">\n<tbody>\n<tr>\n<td style=\"text-align: center;\"><a href=\"https:\/\/1.bp.blogspot.com\/-jYlp-XFbR7c\/YOACBe3FfuI\/AAAAAAAAA60\/qBN6mUJ-IcotkMCcHJ_UR36IYRs_Bv8dACLcBGAsYHQ\/s1024\/U8.jpg\" style=\"margin-left: auto; margin-right: auto;\"><img loading=\"lazy\" loading=\"lazy\" decoding=\"async\" border=\"0\" data-original-height=\"768\" data-original-width=\"1024\" height=\"300\" src=\"https:\/\/www.psv-wuppertal-leichtathletik.de\/wp-content\/uploads\/2022\/03\/U8.jpg\" class=\"wp-image-851\" style=\"cursor: move;\" width=\"400\" \/><\/a><\/td>\n<\/tr>\n<tr>\n<td class=\"tr-caption\" style=\"text-align: center;\"><b>Die Mannschaft der U8<\/b><\/td>\n<\/tr>\n<\/tbody>\n<\/table>\n<p><span style=\"-webkit-text-stroke-width: 0px; color: black; display: inline; float: none; font-family: &quot;Times New Roman&quot;; font-size: medium; font-style: normal; font-variant-caps: normal; font-variant-ligatures: normal; font-weight: 400; letter-spacing: normal; orphans: 2; text-align: left; text-decoration-color: initial; text-decoration-style: initial; text-decoration-thickness: initial; text-indent: 0px; text-transform: none; white-space: normal; widows: 2; word-spacing: 0px;\"><\/span><\/p>\n<table cellpadding=\"0\" cellspacing=\"0\" class=\"tr-caption-container\" style=\"-webkit-text-stroke-width: 0px; font-family: &quot;Times New Roman&quot;; letter-spacing: normal; margin-left: auto; margin-right: auto; orphans: 2; text-align: center; text-decoration-color: initial; text-decoration-style: initial; text-decoration-thickness: initial; text-transform: none; widows: 2; word-spacing: 0px;\">\n<tbody>\n<tr>\n<td style=\"text-align: center;\"><a href=\"https:\/\/1.bp.blogspot.com\/-zsiMUbl-GM0\/YOACGiYKozI\/AAAAAAAAA64\/Ug9arXnKmOgw8BLM74KcNHdzDAyIGD8qQCLcBGAsYHQ\/s2048\/IMG_3855.JPG\" style=\"clear: left; margin-bottom: 1em; margin-left: auto; margin-right: auto;\"><img loading=\"lazy\" loading=\"lazy\" decoding=\"async\" border=\"0\" data-original-height=\"1365\" data-original-width=\"2048\" height=\"213\" src=\"https:\/\/www.psv-wuppertal-leichtathletik.de\/wp-content\/uploads\/2022\/03\/IMG_3855.jpg\" class=\"wp-image-852\" style=\"cursor: move;\" width=\"320\" \/><\/a><\/td>\n<\/tr>\n<tr>\n<td class=\"tr-caption\" style=\"text-align: center;\"><b>Die Mannschaft der U10<\/b><span style=\"font-size: large;\"><b><br \/><\/b><\/span><\/td>\n<\/tr>\n<\/tbody>\n<\/table>\n<p style=\"text-align: left;\"><b style=\"font-size: x-large;\">August 2021&nbsp; &nbsp;&nbsp;<\/b><\/p>\n<p style=\"text-align: left;\"><b style=\"font-size: x-large;\">PSV Quartett \u00fcberzeugt in Berg. Gladbach<\/b><\/p>\n<p><b style=\"text-align: center;\"><span style=\"font-size: medium;\">Tolle Bestleistungen bei Laufserie in Berg. Gladbach<\/span><\/b><\/p>\n<p><a href=\"https:\/\/1.bp.blogspot.com\/-8ZU5YUVJh90\/YR_xkVjOAWI\/AAAAAAAAbhA\/cNzuvFQ3ymAzFDHJnmsTiWRjAchNTktdwCPcBGAsYHg\/s4160\/IMG_20210819_171254.jpg\" style=\"clear: left; float: left; font-weight: 700; margin-bottom: 1em; margin-right: 1em; text-align: center;\"><img loading=\"lazy\" loading=\"lazy\" decoding=\"async\" border=\"0\" data-original-height=\"4160\" data-original-width=\"3120\" height=\"320\" src=\"https:\/\/www.psv-wuppertal-leichtathletik.de\/wp-content\/uploads\/2022\/03\/IMG_20210819_171254.jpg\" class=\"wp-image-853\" width=\"240\" \/><\/a>&nbsp; &nbsp; &nbsp; &nbsp; &nbsp; &nbsp; &nbsp; &nbsp; &nbsp; &nbsp; &nbsp; &nbsp; &nbsp; &nbsp; &nbsp; &nbsp; &nbsp; &nbsp; &nbsp; &nbsp;&nbsp;<\/p>\n<p><b>Neele&nbsp; &nbsp; &nbsp; &nbsp;3:11,06&nbsp; Min.<\/b><\/p>\n<p><b>Lucian&nbsp; &nbsp; &nbsp;2:28,61 Min.<\/b><\/p>\n<p><b>Flo&nbsp; &nbsp; &nbsp; &nbsp; &nbsp; &nbsp; 2:29,02 Min.<\/b><\/p>\n<p><b>Jarno&nbsp; &nbsp; &nbsp; &nbsp; 2:29,06 Min.<\/b><\/p>\n<p><b><br \/><\/b><\/p>\n<p><b><br \/><\/b><\/p>\n<p><b><br \/><\/b><\/p>\n<p><b><br \/><\/b><\/p>\n<p><b><br \/><\/b><\/p>\n<p><b><span style=\"font-size: large;\">Gold&nbsp; &nbsp; Silber&nbsp; &nbsp;Bronze<\/span><\/b><\/p>\n<p style=\"text-align: center;\"><b><span style=\"font-size: medium;\">Platz 1, 2 und 3 gingen bei den Regionsmeisterschaften an den PSV Wuppertal !<\/span><\/b><\/p>\n<p style=\"text-align: center;\"><b><\/b><\/p>\n<div class=\"separator\" style=\"clear: both; text-align: center;\"><a href=\"https:\/\/1.bp.blogspot.com\/-3MFrspjO8Tk\/YS3Uaj4-z4I\/AAAAAAAAA9k\/LBVkqDIWE4oIP0oZvg21tAtsd6NpjRUywCLcBGAsYHQ\/s5472\/DSC05486.JPG\" style=\"margin-left: 1em; margin-right: 1em;\"><img loading=\"lazy\" loading=\"lazy\" decoding=\"async\" border=\"0\" data-original-height=\"3648\" data-original-width=\"5472\" height=\"426\" src=\"https:\/\/www.psv-wuppertal-leichtathletik.de\/wp-content\/uploads\/2022\/03\/DSC05486.jpg\" class=\"wp-image-854\" width=\"640\" \/><\/a><\/div>\n<\/p>\n<p><b><span style=\"font-size: medium;\">Platz 1&nbsp; &nbsp; &nbsp; &nbsp; Jarno&nbsp;<span>&nbsp;&nbsp; &nbsp;<\/span><span>&nbsp;&nbsp; &nbsp;<\/span><span>&nbsp; Voth&nbsp; &nbsp; &nbsp; &nbsp; &nbsp; &nbsp; &nbsp; &nbsp; &nbsp;6:40,32 Min.<\/span><\/span><\/b><\/p>\n<p><b><span style=\"font-size: medium;\"><span>Platz 2&nbsp; &nbsp; &nbsp; &nbsp; Lucian<span>&nbsp;&nbsp; &nbsp;<\/span><span>&nbsp;&nbsp; &nbsp;<\/span><span>&nbsp;Unverzagt&nbsp; &nbsp; &nbsp; &nbsp;6:41,92 Min.<\/span><\/span><\/span><\/b><\/p>\n<p><b><span style=\"font-size: medium;\">Platz 3&nbsp; &nbsp; &nbsp; &nbsp; Florian<span>&nbsp;&nbsp; &nbsp;<\/span><span>&nbsp; &nbsp;<\/span><span>&nbsp;<\/span><span>Fichtel&nbsp; &nbsp; &nbsp; &nbsp; &nbsp; &nbsp; &nbsp;7:18,77 Min.<\/span><\/span><\/b><\/p>\n<p><b><span style=\"font-size: medium;\"><span><br \/><\/span><\/span><\/b><\/p>\n<p><b><span style=\"font-size: large;\">September 2021<\/span><\/b><\/p>\n<p><b><span style=\"font-size: medium;\">Erfolgreicher Volkslauf 2021 bei Bayer Wuppertal<\/span><\/b><\/p>\n<p><b style=\"text-align: center;\"><span style=\"font-size: medium;\">Nachwuchsl\u00e4ufer\/innen des PSV rocken <\/span><\/b><b style=\"font-size: large; text-align: center;\">den Volkslauf 2021<\/b><\/p>\n<p><a href=\"https:\/\/1.bp.blogspot.com\/-OrrsM71GRNk\/YTO1XsaQcgI\/AAAAAAAAboI\/HqfluYQO90A8r1a5P-q9ucehaHi4c3sHgCLcBGAsYHQ\/s5472\/DSC05528.JPG\" style=\"clear: right; margin-bottom: 1em; margin-left: 1em;\"><img loading=\"lazy\" loading=\"lazy\" decoding=\"async\" border=\"0\" data-original-height=\"3648\" data-original-width=\"5472\" height=\"285\" src=\"https:\/\/www.psv-wuppertal-leichtathletik.de\/wp-content\/uploads\/2022\/03\/DSC05528.jpg\" class=\"wp-image-855\" width=\"400\" \/><\/a><\/p>\n<p><a href=\"https:\/\/1.bp.blogspot.com\/-29WOXKmPhWw\/YTPDpP-z4OI\/AAAAAAAAbpc\/RPt-U8TUPwgVtW02LlkWhiz--KHl6Y-xwCLcBGAsYHQ\/s2560\/P1010833.JPG\" style=\"clear: right; float: right; margin-bottom: 1em; margin-left: 1em; text-align: center;\"><img loading=\"lazy\" loading=\"lazy\" decoding=\"async\" border=\"0\" data-original-height=\"2560\" data-original-width=\"1920\" height=\"640\" src=\"https:\/\/www.psv-wuppertal-leichtathletik.de\/wp-content\/uploads\/2022\/03\/P1010833.jpg\" class=\"wp-image-856\" width=\"480\" \/><\/a><\/p>\n<p><b><br \/><\/b><\/p>\n<p><b><br \/><\/b><\/p>\n<p><b><br \/><\/b><\/p>\n<p><b><br \/><\/b><\/p>\n<p><b><br \/><\/b><\/p>\n<p><b><br \/><\/b><\/p>\n<p><b><br \/><\/b><\/p>\n<p><b><br \/><\/b><\/p>\n<p><b><br \/><\/b><\/p>\n<p><b><br \/><\/b><\/p>\n<p><b><br \/><\/b><\/p>\n<p><b><br \/><\/b><\/p>\n<p><b><br \/><\/b><\/p>\n<p><b><br \/><\/b><\/p>\n<p><b><br \/><\/b><\/p>\n<p><b><br \/><\/b><\/p>\n<p><b><br \/><\/b><\/p>\n<p><b><br \/><\/b><\/p>\n<p><b><br \/><\/b><\/p>\n<p style=\"text-align: center;\"><b><span style=\"font-size: medium;\">&nbsp; &nbsp; &nbsp; &nbsp; &nbsp; &nbsp; &nbsp; &nbsp; &nbsp; &nbsp; &nbsp; &nbsp; &nbsp; &nbsp; &nbsp; &nbsp; &nbsp; &nbsp; Regionsmeister in der 3 x 800m Staffel in 7:31,18 Min. !<\/span><\/b><\/p>\n<table align=\"center\" cellpadding=\"0\" cellspacing=\"0\" class=\"tr-caption-container\" style=\"margin-left: auto; margin-right: auto;\">\n<tbody>\n<tr>\n<td style=\"text-align: center;\"><a href=\"https:\/\/1.bp.blogspot.com\/-2LXSvEvq8Tg\/YTzRcS8p0FI\/AAAAAAAAbwU\/BmpOLalPaIU_u6uHY9Lxg2MPdRnduHj8wCPcBGAsYHg\/s1600\/IMG-20210911-WA0009.jpg\" style=\"margin-left: auto; margin-right: auto; text-align: center;\"><img loading=\"lazy\" loading=\"lazy\" decoding=\"async\" border=\"0\" data-original-height=\"1200\" data-original-width=\"1600\" height=\"300\" src=\"https:\/\/www.psv-wuppertal-leichtathletik.de\/wp-content\/uploads\/2022\/03\/IMG-20210911-WA0009.jpg\" class=\"wp-image-857\" width=\"400\" \/><\/a><\/td>\n<\/tr>\n<tr>\n<td class=\"tr-caption\" style=\"text-align: center;\"><b>Lucian &#8211; Flo &#8211; Jarno<\/b><\/td>\n<\/tr>\n<\/tbody>\n<\/table>\n<p><b><br \/><\/b><\/p>\n<p><b><span style=\"font-size: medium;\">&nbsp;souver\u00e4ner Auftritt der PSV L\u00e4ufer<\/span><\/b><\/p>\n<p><b><span style=\"font-size: medium;\">Regionsmeisterschaften 800m Einzel fest in der Hand des PSV Wuppertal<\/span><\/b><\/p>\n<p><span style=\"-webkit-text-stroke-width: 0px; color: black; font-family: arial; font-size: medium; font-style: normal; font-variant-caps: normal; font-variant-ligatures: normal; font-weight: 400; letter-spacing: normal; orphans: 2; text-align: left; text-decoration-color: initial; text-decoration-style: initial; text-decoration-thickness: initial; text-indent: 0px; text-transform: none; white-space: normal; widows: 2; word-spacing: 0px;\"><\/span><\/p>\n<table cellpadding=\"0\" cellspacing=\"0\" class=\"tr-caption-container\" style=\"-webkit-text-stroke-width: 0px; font-family: &quot;Times New Roman&quot;; letter-spacing: normal; margin-left: auto; margin-right: auto; orphans: 2; text-align: center; text-decoration-color: initial; text-decoration-style: initial; text-decoration-thickness: initial; text-transform: none; widows: 2; word-spacing: 0px;\">\n<tbody>\n<tr>\n<td style=\"text-align: center;\"><a href=\"https:\/\/1.bp.blogspot.com\/-2sYxghbkUcc\/YUY0FCyx-ZI\/AAAAAAAAb2I\/nmrGu3AMx04l66yE2L7hNIDKkL4xXG3CgCPcBGAsYHg\/s2048\/signal-2021-09-18-163817.jpeg\" style=\"font-family: arial; margin-left: auto; margin-right: auto; text-align: right;\"><span style=\"color: black;\"><img loading=\"lazy\" loading=\"lazy\" decoding=\"async\" border=\"0\" data-original-height=\"2048\" data-original-width=\"1536\" height=\"320\" src=\"https:\/\/www.psv-wuppertal-leichtathletik.de\/wp-content\/uploads\/2022\/03\/signal-2021-09-18-163817.jpeg\" class=\"wp-image-858\" style=\"cursor: move;\" title=\"v.l. Tim    Lucian       Florian\" width=\"240\" \/><\/span><\/a><\/td>\n<\/tr>\n<tr>\n<td class=\"tr-caption\" style=\"text-align: center;\"><span style=\"font-family: arial; font-size: x-small;\"><b>v.l. Tim, Lucian und Florian<\/b><\/span><\/td>\n<\/tr>\n<\/tbody>\n<\/table>\n<p><b>&nbsp; &nbsp; &nbsp; &nbsp; &nbsp; &nbsp; &nbsp; &nbsp; &nbsp; &nbsp; &nbsp; &nbsp; &nbsp; &nbsp; &nbsp; &nbsp; &nbsp; &nbsp; &nbsp; &nbsp; &nbsp; &nbsp; &nbsp; &nbsp; &nbsp; &nbsp; &nbsp; &nbsp; &nbsp; &nbsp; &nbsp;2:35,26&nbsp; 2:25,50&nbsp; &nbsp;2.27,32<\/b><\/p>\n<p><b><br \/><\/b><\/p>\n<p><b><span style=\"font-size: medium;\">KiLa-Wettkampf der U 8 beim ASC Ratingen<\/span><\/b><\/p>\n<table align=\"center\" cellpadding=\"0\" cellspacing=\"0\" class=\"tr-caption-container\" style=\"margin-left: auto; margin-right: auto;\">\n<tbody>\n<tr>\n<td style=\"text-align: center;\"><img loading=\"lazy\" loading=\"lazy\" decoding=\"async\" border=\"0\" data-original-height=\"3024\" data-original-width=\"4032\" height=\"254\" src=\"https:\/\/www.psv-wuppertal-leichtathletik.de\/wp-content\/uploads\/2022\/03\/IMG_3022.jpeg\" class=\"wp-image-859\" style=\"margin-left: auto; margin-right: auto;\" width=\"400\" \/><\/td>\n<\/tr>\n<tr>\n<td class=\"tr-caption\" style=\"text-align: center;\">\n<table cellpadding=\"0\" cellspacing=\"0\" class=\"tr-caption-container\" style=\"float: left;\">\n<tbody>\n<tr>\n<td class=\"tr-caption\" style=\"text-align: center;\"><span style=\"font-family: arial; font-size: x-small;\"><b>v.l.n.r. Jona, Joshua, Sawwa, Maila, Nico, Pia, Benno u. Clara<br \/><\/b><br \/><\/span><\/td>\n<\/tr>\n<\/tbody>\n<\/table>\n<\/td>\n<\/tr>\n<\/tbody>\n<\/table>\n<div class=\"separator\" style=\"clear: both; text-align: center;\"><a href=\"https:\/\/1.bp.blogspot.com\/-nw-A0GUGl2g\/YUcpJ6yvf0I\/AAAAAAAAb38\/f0crQL9QhhQorYAHpvPHODfxEi96sCokwCPcBGAsYHg\/s4032\/IMAG8391.jpg\" style=\"font-family: arial; font-size: large; margin-left: 1em; margin-right: 1em; text-align: center;\"><br \/><img loading=\"lazy\" loading=\"lazy\" decoding=\"async\" border=\"0\" data-original-height=\"4032\" data-original-width=\"3024\" height=\"320\" src=\"https:\/\/www.psv-wuppertal-leichtathletik.de\/wp-content\/uploads\/2022\/03\/IMAG8391.jpg\" class=\"wp-image-860\" width=\"240\" \/><\/a><\/div>\n<\/p>\n<div style=\"text-align: center;\"><span style=\"font-family: arial;\"><b><span style=\"font-size: medium;\">Toller 6. Platz f\u00fcr die U 10 des PSV Wuppertal<\/span><\/b><\/span><\/div>\n<div style=\"text-align: center;\"><span style=\"font-family: arial;\"><b><span style=\"font-size: medium;\">von 12 teilnehmenden Mannschaften<\/span><\/b><\/span><\/div>\n<div style=\"text-align: center;\"><span style=\"font-family: arial;\"><b><span style=\"font-size: medium;\"><br \/><\/span><\/b><\/span><\/div>\n<table align=\"center\" cellpadding=\"0\" cellspacing=\"0\" class=\"tr-caption-container\" style=\"margin-left: auto; margin-right: auto;\">\n<tbody>\n<tr>\n<td style=\"text-align: center;\"><a href=\"https:\/\/www.blogger.com\/#\" style=\"margin-left: auto; margin-right: auto;\"><img loading=\"lazy\" loading=\"lazy\" decoding=\"async\" width=\"300\" height=\"400\" border=\"0\" src=\"https:\/\/www.psv-wuppertal-leichtathletik.de\/wp-content\/uploads\/2022\/03\/image0.jpeg\" class=\"wp-image-861\" \/><\/a><\/td>\n<\/tr>\n<tr>\n<td class=\"tr-caption\" style=\"text-align: center;\"><span style=\"font-family: arial; text-align: left;\"><b>Ich bin ein PSV&#8217;er<\/b><\/span><\/td>\n<\/tr>\n<\/tbody>\n<\/table>\n<div style=\"text-align: center;\"><span style=\"font-family: arial;\"><b>Starkes U10-Team des PSV Wuppertal<\/b><\/span><\/div>\n<p><span style=\"font-family: arial;\"><\/span><\/p>\n<table cellpadding=\"0\" cellspacing=\"0\" class=\"tr-caption-container\" style=\"-webkit-text-stroke-width: 0px; font-family: &quot;Times New Roman&quot;; letter-spacing: normal; margin-left: auto; margin-right: auto; orphans: 2; text-align: center; text-decoration-color: initial; text-decoration-style: initial; text-decoration-thickness: initial; text-transform: none; widows: 2; word-spacing: 0px;\">\n<tbody>\n<tr>\n<td style=\"text-align: center;\"><a href=\"https:\/\/www.blogger.com\/#\" style=\"margin-left: auto; margin-right: auto;\"><img loading=\"lazy\" loading=\"lazy\" decoding=\"async\" border=\"0\" height=\"300\" src=\"https:\/\/www.psv-wuppertal-leichtathletik.de\/wp-content\/uploads\/2022\/03\/image3.jpeg\" class=\"wp-image-862\" style=\"cursor: move;\" width=\"400\" \/><\/a><\/td>\n<\/tr>\n<tr>\n<td class=\"tr-caption\" style=\"text-align: center;\"><span style=\"font-family: arial;\"><b style=\"font-size: small;\"><span style=\"text-align: left;\">h.v.l.n.r. Jette, Clara, Leona, Juna, Tessa, Jenny<\/span><br style=\"text-align: left;\" \/><span style=\"text-align: left;\">v.v.l.n.r. Lauren, Neele, Henriette und Oskar<\/p>\n<p><\/span><\/b><\/p>\n<div class=\"separator\" style=\"clear: both; font-family: &quot;Times New Roman&quot;; font-size: medium;\"><b><span style=\"font-size: large;\">4 starke PSV&#8217;er f\u00fcr die Region-Mitte am Start bei den Regionsmeisterschaften 2021<\/span><\/b><\/div>\n<div class=\"separator\" style=\"clear: both; font-family: &quot;Times New Roman&quot;; font-size: medium;\"><\/div>\n<div class=\"separator\" style=\"clear: both; font-family: &quot;Times New Roman&quot;; font-size: medium; text-align: left;\"><\/div>\n<table align=\"center\" cellpadding=\"0\" cellspacing=\"0\" class=\"tr-caption-container\" style=\"font-family: &quot;Times New Roman&quot;; font-size: small; margin-left: auto; margin-right: auto;\">\n<tbody>\n<tr>\n<td style=\"text-align: center;\"><a href=\"https:\/\/1.bp.blogspot.com\/-MchzdcNY3UQ\/YVIYPjKwOGI\/AAAAAAAAb_w\/8f8e9hM0a7YTSEQKAdXIh06hz0rghwsYwCPcBGAsYHg\/s1600\/IMG-20210926-WA0015.jpg\" style=\"margin-left: auto; margin-right: auto;\"><img loading=\"lazy\" loading=\"lazy\" decoding=\"async\" border=\"0\" data-original-height=\"1200\" data-original-width=\"1600\" height=\"297\" src=\"https:\/\/www.psv-wuppertal-leichtathletik.de\/wp-content\/uploads\/2022\/03\/IMG-20210926-WA0015.jpg\" class=\"wp-image-863\" width=\"443\" \/><\/a><\/td>\n<\/tr>\n<tr>\n<td class=\"tr-caption\" style=\"text-align: center;\"><span><span style=\"font-size: large; font-weight: bold;\">v.l.nr.&nbsp; Lucian, Jarno, Tim und Flo<\/span><\/p>\n<div style=\"text-align: left;\"><span style=\"font-size: large; font-weight: 700;\"><br \/><\/span><\/div>\n<div style=\"text-align: left;\"><span style=\"font-size: large; font-weight: 700;\"><br \/><\/span><\/div>\n<div style=\"text-align: left;\"><span style=\"font-weight: 700;\"><span style=\"font-size: large;\">Oktober 2021<\/span><\/span><\/div>\n<p><\/p>\n<div style=\"text-align: left;\"><span style=\"font-weight: 700;\"><span style=\"font-size: medium;\">Mit Freude dabei !<\/span><\/span><\/div>\n<div style=\"font-size: large; text-align: left;\"><span style=\"font-size: medium; text-align: center;\">&nbsp;<\/span><b style=\"font-size: medium; text-align: center;\"><span style=\"font-size: medium;\">9 PSV&#8217;ler mit Spa\u00df beim letzten Kinderleichtathletikwettkampf in 2021<\/span><\/b><\/div>\n<p><\/span><\/td>\n<\/tr>\n<\/tbody>\n<\/table>\n<p><span style=\"text-align: left;\"><\/p>\n<table align=\"center\" cellpadding=\"0\" cellspacing=\"0\" class=\"tr-caption-container\" style=\"font-family: &quot;Times New Roman&quot;; font-size: small; margin-left: auto; margin-right: auto;\">\n<tbody>\n<tr>\n<td style=\"text-align: center;\"><a href=\"https:\/\/1.bp.blogspot.com\/-l1AuqgXmkRM\/YVndSQNoHUI\/AAAAAAAAcKg\/mWFseaBoR3oyW_Qa6Erb91VY2TBpjHX0gCPcBGAsYHg\/s2048\/IMG-20211002-WA0010.jpg\" style=\"margin-left: auto; margin-right: auto;\"><img loading=\"lazy\" loading=\"lazy\" decoding=\"async\" border=\"0\" data-original-height=\"1536\" data-original-width=\"2048\" height=\"362\" src=\"https:\/\/www.psv-wuppertal-leichtathletik.de\/wp-content\/uploads\/2022\/03\/IMG-20211002-WA0010.jpg\" class=\"wp-image-864\" width=\"482\" \/><\/a><\/td>\n<\/tr>\n<tr>\n<td class=\"tr-caption\" style=\"text-align: center;\"><span style=\"font-weight: bold;\">vorne v.l.n.r.&nbsp; &nbsp; &nbsp;Sophia, Clara, Nele u. Henritette<\/span><br \/><span style=\"font-weight: bold;\">hinten vl.n.r. Oskar, Tessa, Jette, Elias u. Lisa<br \/><\/span><\/p>\n<div style=\"text-align: left;\"><b><span style=\"font-size: large;\">Bahnabschluss bei Schmuddelwetter in Remscheid<\/span><\/b><\/div>\n<\/td>\n<\/tr>\n<\/tbody>\n<\/table>\n<p><b style=\"font-family: &quot;Times New Roman&quot;; font-size: medium; text-align: center;\"><span style=\"font-size: medium;\">PSV mit guten Ergebnissen zum Saisonausklang<\/span><\/b><\/p>\n<p><\/p>\n<table align=\"center\" cellpadding=\"0\" cellspacing=\"0\" class=\"tr-caption-container\" style=\"font-size: small; margin-left: auto; margin-right: auto;\">\n<tbody>\n<tr>\n<td style=\"text-align: center;\"><a href=\"https:\/\/1.bp.blogspot.com\/-FN8tuVdH3hg\/YVnd8qX0hWI\/AAAAAAAAcKo\/Wth2KV64mDEqKzkMiN6HOz_H902dnyP7gCPcBGAsYHg\/s1600\/IMG-20211003-WA0007.jpg\" style=\"margin-left: auto; margin-right: auto;\"><img loading=\"lazy\" loading=\"lazy\" decoding=\"async\" border=\"0\" data-original-height=\"1200\" data-original-width=\"1600\" height=\"302\" src=\"https:\/\/www.psv-wuppertal-leichtathletik.de\/wp-content\/uploads\/2022\/03\/IMG-20211003-WA0007.jpg\" class=\"wp-image-865\" width=\"403\" \/><\/a><\/td>\n<\/tr>\n<tr>\n<td class=\"tr-caption\" style=\"text-align: center;\"><b>v.l.n.r. Lauren, Hannah, Jannis und Tim<\/b><\/td>\n<\/tr>\n<\/tbody>\n<\/table>\n<div class=\"separator\" style=\"clear: both; font-size: small;\"><br style=\"font-family: &quot;Times New Roman&quot;; font-size: medium;\" \/><\/div>\n<p><span style=\"font-size: large;\"><b>Erfolgreicher Abschluss der starken U 8 des PSV Wuppertal<\/b><\/span><\/span><\/span><\/p>\n<table align=\"center\" cellpadding=\"0\" cellspacing=\"0\" class=\"tr-caption-container\" style=\"margin-left: auto; margin-right: auto;\">\n<tbody>\n<tr>\n<td style=\"text-align: center;\"><a href=\"https:\/\/1.bp.blogspot.com\/-IeGE_H2p2Fk\/YV1jmfu16cI\/AAAAAAAAcN8\/TUHzCO4_LGg6FODcDfN0g5Xsenni2Z2BACLcBGAsYHQ\/s2048\/IMG_20211002_154715545_BURST000_COVER.jpg\" style=\"margin-left: auto; margin-right: auto;\"><img loading=\"lazy\" loading=\"lazy\" decoding=\"async\" border=\"0\" data-original-height=\"1536\" data-original-width=\"2048\" height=\"466\" src=\"https:\/\/www.psv-wuppertal-leichtathletik.de\/wp-content\/uploads\/2022\/03\/IMG_20211002_154715545_BURST000_COVER.jpg\" class=\"wp-image-866\" width=\"640\" \/><\/a><\/td>\n<\/tr>\n<tr>\n<td class=\"tr-caption\" style=\"text-align: center;\"><b><span style=\"font-size: large;\">Platz 2 f\u00fcr die U 8 &#8211; Minis<\/span><\/b><\/td>\n<\/tr>\n<\/tbody>\n<\/table>\n<p><span style=\"font-family: arial;\"><span style=\"text-align: left;\"><\/p>\n<table align=\"center\" cellpadding=\"0\" cellspacing=\"0\" class=\"tr-caption-container\" style=\"font-family: &quot;Times New Roman&quot;; margin-left: auto; margin-right: auto;\">\n<tbody>\n<tr><\/tr>\n<tr>\n<td class=\"tr-caption\" style=\"text-align: center;\"><b>Die gl\u00fccklichen U 8&#8217;er mit Urkunde und Medaillen und ihrem stolzen Betreuer<br \/>Christopher<\/p>\n<p><\/b><\/td>\n<\/tr>\n<\/tbody>\n<\/table>\n<div style=\"text-align: justify;\"><\/div>\n<p><b><span style=\"font-size: large;\">Neusser Rennbahn-Cross (100 Jahre Stadtsportverband)<\/span><\/b><br \/><b style=\"font-family: &quot;Times New Roman&quot;; text-align: center;\"><span style=\"font-size: large;\">Crosslauf auf der Traditions-Galopprennbahn Neuss<\/span><\/b><\/p>\n<p><b style=\"font-family: &quot;Times New Roman&quot;; font-size: large; text-align: center;\"><\/p>\n<table cellpadding=\"0\" cellspacing=\"0\" class=\"tr-caption-container\" style=\"float: left;\">\n<tbody>\n<tr>\n<td style=\"text-align: center;\"><a href=\"https:\/\/1.bp.blogspot.com\/-v1hqLs7UTAs\/YX2BLSqGnoI\/AAAAAAAAc5M\/oeWLICnOQggaDSlIetQ6qEb34pBkdOs5QCPcBGAsYHg\/s4160\/IMG_20211030_102244.jpg\" style=\"clear: left; display: inline; margin-bottom: 1em; margin-left: auto; margin-right: auto;\"><img loading=\"lazy\" loading=\"lazy\" decoding=\"async\" border=\"0\" data-original-height=\"4160\" data-original-width=\"3120\" height=\"365\" src=\"https:\/\/www.psv-wuppertal-leichtathletik.de\/wp-content\/uploads\/2022\/03\/IMG_20211030_102244.jpg\" class=\"wp-image-867\" width=\"309\" \/><\/a><\/td>\n<\/tr>\n<tr>\n<td class=\"tr-caption\" style=\"text-align: center;\"><b>fr\u00f6hliche M\u00e4dels<span>&nbsp; &nbsp;&nbsp;<\/span><\/b><\/td>\n<\/tr>\n<\/tbody>\n<\/table>\n<p><\/b><b>Hannah vor dem Start<\/b><br \/><b style=\"font-family: &quot;Times New Roman&quot;;\"><a href=\"https:\/\/1.bp.blogspot.com\/-f0l3UmXAs-E\/YX2ndejxVOI\/AAAAAAAAc5s\/87iz9s1S7LE8LQFfaSfrD6348MCBvm3OACPcBGAsYHg\/s4160\/IMG_20211030_105645.jpg\" style=\"clear: right; display: inline; margin-bottom: 1em; margin-left: 1em; text-align: center;\"><img loading=\"lazy\" loading=\"lazy\" decoding=\"async\" border=\"0\" data-original-height=\"4160\" data-original-width=\"3120\" height=\"320\" src=\"https:\/\/www.psv-wuppertal-leichtathletik.de\/wp-content\/uploads\/2022\/03\/IMG_20211030_105645.jpg\" class=\"wp-image-868\" width=\"240\" \/><\/a><\/b><\/span><\/span><\/td>\n<\/tr>\n<\/tbody>\n<\/table>\n<p><b><br \/><\/b><\/p>\n<table align=\"center\" cellpadding=\"0\" cellspacing=\"0\" class=\"tr-caption-container\" style=\"float: right; margin-left: 1em; text-align: right;\">\n<tbody>\n<tr>\n<td style=\"text-align: center;\"><a href=\"https:\/\/1.bp.blogspot.com\/-TuwAy2RHJq0\/YX2rLYLO02I\/AAAAAAAAc54\/YmY24cahmyMtW5klBNUyUYHelBv6cshywCPcBGAsYHg\/s4160\/IMG_20211030_125150.jpg\" style=\"clear: right; margin-bottom: 1em; margin-left: auto; margin-right: auto; text-align: center;\"><img loading=\"lazy\" loading=\"lazy\" decoding=\"async\" border=\"0\" data-original-height=\"4160\" data-original-width=\"3120\" height=\"334\" src=\"https:\/\/www.psv-wuppertal-leichtathletik.de\/wp-content\/uploads\/2022\/03\/IMG_20211030_125150.jpg\" class=\"wp-image-869\" width=\"268\" \/><\/a><\/td>\n<\/tr>\n<tr>\n<td class=\"tr-caption\" style=\"text-align: center;\"><b>die 2 vom PSV<\/b><\/td>\n<\/tr>\n<\/tbody>\n<\/table>\n<table cellpadding=\"0\" cellspacing=\"0\" class=\"tr-caption-container\" style=\"float: left;\">\n<tbody>\n<tr>\n<td style=\"text-align: center;\"><a href=\"https:\/\/1.bp.blogspot.com\/-rCBqHYlI_pc\/YX2rLW5sudI\/AAAAAAAAc54\/4UN2oRL7IyQi3JOrWEeN1v4E8vA2pk3AgCPcBGAsYHg\/s4160\/IMG_20211030_125126.jpg\" style=\"clear: left; margin-bottom: 1em; margin-left: auto; margin-right: auto;\"><img loading=\"lazy\" loading=\"lazy\" decoding=\"async\" border=\"0\" data-original-height=\"4160\" data-original-width=\"3120\" height=\"329\" src=\"https:\/\/www.psv-wuppertal-leichtathletik.de\/wp-content\/uploads\/2022\/03\/IMG_20211030_125126.jpg\" class=\"wp-image-870\" width=\"262\" \/><\/a><\/td>\n<\/tr>\n<tr>\n<td class=\"tr-caption\" style=\"text-align: center;\"><b>abgek\u00e4mpft und gl\u00fccklich<\/b><\/td>\n<\/tr>\n<\/tbody>\n<\/table>\n<p><b><br \/><\/b><\/p>\n<p><b><br \/><\/b><\/p>\n<p><b><br \/><\/b><\/p>\n<p><b><br \/><\/b><\/p>\n<p><b><br \/><\/b><\/p>\n<p><b><br \/><\/b><\/p>\n<p><b><br \/><\/b><\/p>\n<p><b><br \/><\/b><\/p>\n<p><b><br \/><\/b><\/p>\n<p><\/p>\n<p><b><br \/><\/b><\/p>\n<p><b><span style=\"font-size: large;\">Gl\u00fcckliche PSV`ler<\/span><\/b><\/p>\n<p style=\"text-align: center;\"><b><span style=\"font-size: large;\">Erfolgreiche PSV L\u00e4ufer&nbsp; &nbsp; &nbsp; &nbsp; &nbsp; &nbsp; &nbsp; &nbsp; &nbsp; &nbsp; &nbsp; &nbsp; &nbsp; &nbsp; &nbsp; &nbsp; &nbsp; &nbsp; &nbsp; &nbsp; &nbsp; &nbsp; &nbsp; &nbsp; &nbsp; &nbsp; &nbsp; &nbsp; &nbsp; &nbsp; &nbsp; &nbsp; &nbsp; &nbsp;<\/span><\/b><b style=\"text-align: left;\">Am Sonntag wurden 3 unserer erfolgreichen L\u00e4ufer bei der Jugendausschusssitzung des LVN-Mitte f\u00fcr ihre sportliche Leistung in 2021 geehrt. Florian F., Jarno V. und Lucian U. geh\u00f6ren in unserer Region zu den st\u00e4rksten 6 Leichtathleten des Jahrganges 2008. Unsere 3 Jungen wurden durch ihre tollen Zeiten \u00fcber 800m bzw. 2000m zu dieser Ehrung eingeladen. Sie haben sich gegen viele andere Jungen aus Sprint, Sprung und Mittelstreckenlauf durchgesetzt.<\/b><\/p>\n<\/p>\n<div class=\"separator\" style=\"-webkit-text-stroke-width: 0px; clear: both; color: black; font-family: &quot;Times New Roman&quot;; font-size: medium; font-style: normal; font-variant-caps: normal; font-variant-ligatures: normal; font-weight: 400; letter-spacing: normal; orphans: 2; text-align: center; text-decoration-color: initial; text-decoration-style: initial; text-decoration-thickness: initial; text-indent: 0px; text-transform: none; white-space: normal; widows: 2; word-spacing: 0px;\"><\/div>\n<\/p>\n<table cellpadding=\"0\" cellspacing=\"0\" class=\"tr-caption-container\" style=\"-webkit-text-stroke-width: 0px; font-family: &quot;Times New Roman&quot;; letter-spacing: normal; margin-left: auto; margin-right: auto; orphans: 2; text-align: center; text-decoration-color: initial; text-decoration-style: initial; text-decoration-thickness: initial; text-transform: none; widows: 2; word-spacing: 0px;\">\n<tbody>\n<tr>\n<td style=\"text-align: center;\"><a href=\"https:\/\/1.bp.blogspot.com\/-RinXMfJRbAk\/YZFchRcKQFI\/AAAAAAAAdGM\/xZGjTOqLiOkLzGkibyBqEHDXEi18cBaYwCPcBGAsYHg\/s2016\/IMG-20211114-WA0005.jpg\" style=\"clear: left; margin-bottom: 1em; margin-left: auto; margin-right: auto;\"><b><img loading=\"lazy\" loading=\"lazy\" decoding=\"async\" border=\"0\" data-original-height=\"2016\" data-original-width=\"1512\" height=\"378\" src=\"https:\/\/www.psv-wuppertal-leichtathletik.de\/wp-content\/uploads\/2022\/03\/IMG-20211114-WA0005.jpg\" class=\"wp-image-871\" style=\"cursor: move;\" width=\"286\" \/><\/b><\/a><\/td>\n<\/tr>\n<tr>\n<td class=\"tr-caption\" style=\"text-align: center;\"><b>v.l.n.r. Lucian, Jarno, Florian<\/p>\n<p><\/b><\/p>\n<div style=\"text-align: left;\"><b><span style=\"font-size: large;\">November 2021<\/span><\/b><\/div>\n<p><b style=\"font-family: verdana; font-size: large;\">Speed Cross unterm Bayer Kreuz<\/b><b><\/p>\n<p><\/b><\/td>\n<\/tr>\n<\/tbody>\n<\/table>\n<p><a href=\"https:\/\/www.blogger.com\/#\"><img loading=\"lazy\" loading=\"lazy\" decoding=\"async\" width=\"213\" height=\"320\" border=\"0\" src=\"https:\/\/www.psv-wuppertal-leichtathletik.de\/wp-content\/uploads\/2022\/03\/DSC05956.jpg\" class=\"wp-image-872\" \/><\/a><a href=\"https:\/\/www.blogger.com\/#\"><img loading=\"lazy\" loading=\"lazy\" decoding=\"async\" width=\"320\" height=\"213\" border=\"0\" src=\"https:\/\/www.psv-wuppertal-leichtathletik.de\/wp-content\/uploads\/2022\/03\/DSC05947.jpg\" class=\"wp-image-873\" \/><\/a><\/p>\n<p><b><br \/><\/b><\/p>\n<p><b><br \/><\/b><\/p>\n<p><b><span style=\"font-size: large;\">48. Neusser Erftlauf<\/span><\/b><\/p>\n<p><span style=\"font-size: medium;\"><b style=\"text-align: center;\"><span>PSV Nachwuchs \u00fcberzeugt&nbsp;<\/span><\/b><b style=\"text-align: center;\"><span>beim<\/span><\/b><\/span><b style=\"text-align: center;\"><span style=\"font-size: medium;\">&nbsp;Neusser Erftl<\/span><span style=\"font-size: medium;\">auf<\/span><\/b><\/p>\n<table align=\"center\" cellpadding=\"0\" cellspacing=\"0\" class=\"tr-caption-container\" style=\"float: left; margin-right: 1em;\">\n<tbody>\n<tr>\n<td style=\"text-align: center;\"><a href=\"https:\/\/1.bp.blogspot.com\/-HCzXpPodmLI\/YZlO3I_BaeI\/AAAAAAAAdPE\/xdNIUD0gQ5IxYOBl_lfTkG-vcPiORWCkgCPcBGAsYHg\/s4160\/IMG_20211120_122249.jpg\" style=\"clear: left; display: inline; font-weight: bold; margin-bottom: 1em; margin-left: auto; margin-right: auto;\"><img loading=\"lazy\" loading=\"lazy\" decoding=\"async\" border=\"0\" data-original-height=\"4160\" data-original-width=\"3120\" height=\"320\" src=\"https:\/\/www.psv-wuppertal-leichtathletik.de\/wp-content\/uploads\/2022\/03\/IMG_20211120_122249.jpg\" class=\"wp-image-874\" width=\"240\" \/><\/a><\/td>\n<\/tr>\n<tr>\n<td class=\"tr-caption\" style=\"text-align: center;\"><b>Auf die Pl\u00e4tze fertig<\/p>\n<p><\/b><\/td>\n<\/tr>\n<\/tbody>\n<\/table>\n<p><b><br \/><\/b><\/p>\n<table cellpadding=\"0\" cellspacing=\"0\" class=\"tr-caption-container\" style=\"float: right;\">\n<tbody>\n<tr>\n<td style=\"text-align: center;\"><a href=\"https:\/\/1.bp.blogspot.com\/-bpC1ItnVyZs\/YZlO3BuwJOI\/AAAAAAAAdPE\/-pDpvxvS_LskshXTcgOn9RBqQfU3AGe8wCPcBGAsYHg\/s4160\/IMG_20211120_122250.jpg\" style=\"clear: right; display: inline; margin-bottom: 1em; margin-left: auto; margin-right: auto;\"><img loading=\"lazy\" loading=\"lazy\" decoding=\"async\" border=\"0\" data-original-height=\"4160\" data-original-width=\"3120\" height=\"320\" src=\"https:\/\/www.psv-wuppertal-leichtathletik.de\/wp-content\/uploads\/2022\/03\/IMG_20211120_122250.jpg\" class=\"wp-image-875\" width=\"240\" \/><\/a><\/td>\n<\/tr>\n<tr>\n<td class=\"tr-caption\" style=\"text-align: center;\"><b>Los<\/p>\n<p><\/b><\/p>\n<table align=\"center\" cellpadding=\"0\" cellspacing=\"0\" class=\"tr-caption-container\" style=\"float: left; margin-right: 1em;\">\n<tbody>\n<tr>\n<td style=\"text-align: center;\"><img loading=\"lazy\" loading=\"lazy\" decoding=\"async\" border=\"0\" data-original-height=\"4160\" data-original-width=\"3120\" height=\"320\" src=\"https:\/\/www.psv-wuppertal-leichtathletik.de\/wp-content\/uploads\/2022\/03\/IMG_20211120_123551.jpg\" class=\"wp-image-876\" style=\"margin-left: auto; margin-right: auto;\" width=\"240\" \/><\/td>\n<\/tr>\n<tr>\n<td class=\"tr-caption\" style=\"text-align: center;\"><b>Jannis und Kjell<\/p>\n<p><\/b><\/td>\n<\/tr>\n<\/tbody>\n<\/table>\n<p><b><\/p>\n<p><\/b><\/p>\n<table align=\"center\" cellpadding=\"0\" cellspacing=\"0\" class=\"tr-caption-container\" style=\"float: left; margin-right: 1em;\">\n<tbody>\n<tr>\n<td style=\"text-align: center;\"><a href=\"https:\/\/1.bp.blogspot.com\/-tn3bfMSeudU\/YZlKxN95QrI\/AAAAAAAAdO0\/5ZFZMyVaHco1AMCO5CaaLu1_Oq_ulhaFQCPcBGAsYHg\/s4160\/IMG_20211120_130908.jpg\" style=\"clear: right; display: inline; margin-bottom: 1em; margin-left: auto; margin-right: auto;\"><img loading=\"lazy\" loading=\"lazy\" decoding=\"async\" border=\"0\" data-original-height=\"4160\" data-original-width=\"3120\" height=\"320\" src=\"https:\/\/www.psv-wuppertal-leichtathletik.de\/wp-content\/uploads\/2022\/03\/IMG_20211120_130908.jpg\" class=\"wp-image-877\" width=\"240\" \/><\/a><\/td>\n<\/tr>\n<tr>\n<td class=\"tr-caption\" style=\"text-align: center;\"><b>stolz wie Oskar \u00fcber Pl. 2<\/p>\n<p><\/b><\/td>\n<\/tr>\n<\/tbody>\n<\/table>\n<p><b><\/p>\n<p><\/b><\/td>\n<\/tr>\n<\/tbody>\n<\/table>\n<p><b><br \/><\/b><\/p>\n<p><b><br \/><\/b><\/p>\n<p><b><br \/><\/b><\/p>\n<p><b><br \/><\/b><\/p>\n<p><b><br \/><\/b><\/p>\n<p><b><br \/><\/b><\/p>\n<p><b><br \/><\/b><\/p>\n<p><b><br \/><\/b><\/p>\n<p><b><\/b><\/p>\n<table align=\"center\" cellpadding=\"0\" cellspacing=\"0\" class=\"tr-caption-container\" style=\"float: left; margin-right: 1em; text-align: left;\">\n<tbody>\n<tr>\n<td style=\"text-align: center;\"><a href=\"https:\/\/1.bp.blogspot.com\/-d0xsPPI35Ew\/YZk-Zrp9B9I\/AAAAAAAAdN0\/0-aY1ZbPss8jb4-D5B5egT3LaJS9YyqgACPcBGAsYHg\/s4160\/IMG_20211120_114948.jpg\" style=\"clear: right; display: inline; font-weight: bold; margin-bottom: 1em; margin-left: auto; margin-right: auto;\"><img loading=\"lazy\" loading=\"lazy\" decoding=\"async\" border=\"0\" data-original-height=\"3120\" data-original-width=\"4160\" height=\"240\" src=\"https:\/\/www.psv-wuppertal-leichtathletik.de\/wp-content\/uploads\/2022\/03\/IMG_20211120_114948.jpg\" class=\"wp-image-878\" width=\"320\" \/><\/a><\/td>\n<\/tr>\n<tr>\n<td class=\"tr-caption\" style=\"text-align: center;\"><b>v.l.n.R. Nico,Tessa,Neele,Sofie u. Oskar<\/b><\/td>\n<\/tr>\n<\/tbody>\n<\/table>\n<table align=\"center\" cellpadding=\"0\" cellspacing=\"0\" class=\"tr-caption-container\" style=\"margin-left: auto; margin-right: auto;\">\n<tbody>\n<tr>\n<td style=\"text-align: center;\"><a href=\"https:\/\/1.bp.blogspot.com\/-RkAkb0bvJVg\/YZlKxFZZfOI\/AAAAAAAAdO0\/8g_QJKKHS0kzTOlzOxtnzp3b-zwlBqnvQCPcBGAsYHg\/s4160\/IMG_20211120_130318.jpg\" style=\"clear: left; display: inline; margin-bottom: 1em; margin-left: auto; margin-right: auto;\"><b><img loading=\"lazy\" loading=\"lazy\" decoding=\"async\" border=\"0\" data-original-height=\"4160\" data-original-width=\"3120\" height=\"320\" src=\"https:\/\/www.psv-wuppertal-leichtathletik.de\/wp-content\/uploads\/2022\/03\/IMG_20211120_130318.jpg\" class=\"wp-image-879\" width=\"240\" \/><\/b><\/a><\/td>\n<\/tr>\n<tr>\n<td class=\"tr-caption\" style=\"text-align: center;\"><b>strahlende Hannah auf dem Treppchen<\/b><\/td>\n<\/tr>\n<\/tbody>\n<\/table>\n<p><\/p>\n<table align=\"center\" cellpadding=\"0\" cellspacing=\"0\" class=\"tr-caption-container\" style=\"margin-left: auto; margin-right: auto;\">\n<tbody>\n<tr>\n<td style=\"text-align: center;\"><a href=\"https:\/\/1.bp.blogspot.com\/-6gFQ3uDJZa4\/YZlOpVV9PbI\/AAAAAAAAdPA\/amG3B3sLUqo9Q5rxDft7zP8W1OCYGF2lwCPcBGAsYHg\/s4160\/IMG_20211120_130802.jpg\" style=\"margin-left: auto; margin-right: auto;\"><img loading=\"lazy\" loading=\"lazy\" decoding=\"async\" border=\"0\" data-original-height=\"4160\" data-original-width=\"3120\" height=\"320\" src=\"https:\/\/www.psv-wuppertal-leichtathletik.de\/wp-content\/uploads\/2022\/03\/IMG_20211120_130802.jpg\" class=\"wp-image-880\" width=\"240\" \/><\/a><\/td>\n<\/tr>\n<tr>\n<td class=\"tr-caption\" style=\"text-align: center;\"><span style=\"font-weight: bold;\">seht her, Platz 3<\/span><\/p>\n<p><\/p>\n<div style=\"text-align: left;\"><span style=\"font-weight: 700;\"><span style=\"font-size: large;\">Dezember 2021<\/span><\/span><\/div>\n<\/td>\n<\/tr>\n<\/tbody>\n<\/table>\n<p><b><span style=\"font-size: large;\">Regionsmeisterschafen im Crosslauf der U 14<\/span><\/b><\/p>\n<p style=\"text-align: center;\"><b><span style=\"font-size: large;\">&nbsp; &nbsp; &nbsp; &nbsp; &nbsp; Mannschaftsregionsmeister 2021 in der U 14<\/span><span style=\"font-size: medium;\">&nbsp; &nbsp; &nbsp; &nbsp; &nbsp; &nbsp; &nbsp; &nbsp; &nbsp; &nbsp; &nbsp; &nbsp; &nbsp;<\/span><span style=\"font-size: large;\">&nbsp;PSV Wuppertal 1921 e.V.<\/span><\/b><\/p>\n<table align=\"center\" cellpadding=\"0\" cellspacing=\"0\" class=\"tr-caption-container\" style=\"margin-left: auto; margin-right: auto;\">\n<tbody>\n<tr>\n<td style=\"text-align: center;\"><a href=\"https:\/\/www.psv-wuppertal-leichtathletik.de\/wp-content\/uploads\/2022\/03\/sportlicher-jahresruckblick-2021-im-2-1798921184.jpeg\" style=\"font-weight: 700; margin-left: auto; margin-right: auto;\"><img loading=\"lazy\" loading=\"lazy\" decoding=\"async\" border=\"0\" data-original-height=\"3648\" data-original-width=\"5472\" height=\"426\" src=\"https:\/\/www.psv-wuppertal-leichtathletik.de\/wp-content\/uploads\/2022\/03\/sportlicher-jahresruckblick-2021-im-2-1798921184.jpeg\" class=\"wp-image-883\" width=\"640\" \/><\/a><\/td>\n<\/tr>\n<tr>\n<td class=\"tr-caption\" style=\"text-align: center;\"><b>v.l.n.r.&nbsp; Jarno V., Tim F. und Lucian U.<\/b><\/td>\n<\/tr>\n<\/tbody>\n<\/table>\n<p><b><span style=\"font-size: medium;\">Der Regionsmeister, Platz 1, 2&nbsp; und 3 gehen auch an den PSV Wuppertal !&nbsp; &nbsp; &nbsp; &nbsp; &nbsp; &nbsp; &nbsp; &nbsp; &nbsp; &nbsp; &nbsp;&nbsp;<\/span><\/b><b>was f\u00fcr ein starkes Ergebnis zum Saisonausklang !<\/b><\/p>\n<table align=\"center\" cellpadding=\"0\" cellspacing=\"0\" class=\"tr-caption-container\" style=\"margin-left: auto; margin-right: auto;\">\n<tbody>\n<tr>\n<td style=\"text-align: center;\"><a href=\"https:\/\/www.psv-wuppertal-leichtathletik.de\/wp-content\/uploads\/2022\/03\/sportlicher-jahresruckblick-2021-im-2-125961747.jpeg\" style=\"margin-left: auto; margin-right: auto;\"><img loading=\"lazy\" loading=\"lazy\" decoding=\"async\" border=\"0\" data-original-height=\"3648\" data-original-width=\"5472\" height=\"426\" src=\"https:\/\/www.psv-wuppertal-leichtathletik.de\/wp-content\/uploads\/2022\/03\/sportlicher-jahresruckblick-2021-im-2-125961747.jpeg\" class=\"wp-image-884\" width=\"640\" \/><\/a><\/td>\n<\/tr>\n<tr>\n<td class=\"tr-caption\" style=\"text-align: center;\"><b><span style=\"font-size: medium;\">&nbsp;Jarno V&nbsp; &nbsp; &nbsp; &nbsp; &nbsp; &nbsp; &nbsp; &nbsp; &nbsp; &nbsp; &nbsp; &nbsp; &nbsp; &nbsp; &nbsp; &nbsp; &nbsp; &nbsp; &nbsp; &nbsp; &nbsp; &nbsp; &nbsp; &nbsp; Lucian U.&nbsp; &nbsp; &nbsp; &nbsp; &nbsp; &nbsp; &nbsp; &nbsp; &nbsp; &nbsp; &nbsp; &nbsp; &nbsp; &nbsp; &nbsp; &nbsp; &nbsp; &nbsp; &nbsp; &nbsp; &nbsp; &nbsp; Tim F.<\/p>\n<p><\/span><\/b><\/td>\n<\/tr>\n<\/tbody>\n<\/table>\n<p><b style=\"text-align: center;\"><span style=\"font-size: medium;\">&nbsp; &nbsp; &nbsp; &nbsp; &nbsp; &nbsp; &nbsp; &nbsp; &nbsp; &nbsp; &nbsp; &nbsp; &nbsp; &nbsp; &nbsp; &nbsp;Tolle Platzierung bei unserem Nachwuchs ! ! !&nbsp;<\/span><\/b><\/p>\n<div><b><span style=\"font-size: medium;\"><\/p>\n<table cellpadding=\"0\" cellspacing=\"0\" class=\"tr-caption-container\" style=\"float: left;\">\n<tbody>\n<tr>\n<td style=\"text-align: center;\"><a href=\"https:\/\/www.psv-wuppertal-leichtathletik.de\/wp-content\/uploads\/2022\/03\/sportlicher-jahresruckblick-2021-im-2-1163087136.jpeg\" style=\"clear: left; margin-bottom: 1em; margin-left: auto; margin-right: auto;\"><img loading=\"lazy\" loading=\"lazy\" decoding=\"async\" border=\"0\" data-original-height=\"3648\" data-original-width=\"5472\" height=\"426\" src=\"https:\/\/www.psv-wuppertal-leichtathletik.de\/wp-content\/uploads\/2022\/03\/sportlicher-jahresruckblick-2021-im-2-1163087136.jpeg\" class=\"wp-image-885\" width=\"640\" \/><\/a><\/td>\n<\/tr>\n<tr>\n<td class=\"tr-caption\" style=\"text-align: center;\">\n<p><b style=\"text-align: left;\"><span style=\"font-size: medium;\"><\/p>\n<table align=\"center\" cellpadding=\"0\" cellspacing=\"0\" class=\"tr-caption-container\" style=\"margin-left: auto; margin-right: auto;\">\n<tbody>\n<tr>\n<td style=\"text-align: center;\"><a href=\"https:\/\/www.psv-wuppertal-leichtathletik.de\/wp-content\/uploads\/2022\/03\/sportlicher-jahresruckblick-2021-im-2-49738683.jpeg\" style=\"margin-left: auto; margin-right: auto;\"><img loading=\"lazy\" loading=\"lazy\" decoding=\"async\" border=\"0\" data-original-height=\"3648\" data-original-width=\"5472\" height=\"426\" src=\"https:\/\/www.psv-wuppertal-leichtathletik.de\/wp-content\/uploads\/2022\/03\/sportlicher-jahresruckblick-2021-im-2-49738683.jpeg\" class=\"wp-image-886\" width=\"640\" \/><\/a><\/td>\n<\/tr>\n<tr>\n<td class=\"tr-caption\" style=\"text-align: center;\"><b>Erfolgreiche&nbsp; PSV&#8217;er beim Crosslauf in Essen-Werden<br \/><\/b><b><span style=\"font-size: medium;\">Super Abschluss f\u00fcr das Jahr 2021<\/p>\n<p><\/span><\/b><\/td>\n<\/tr>\n<\/tbody>\n<\/table>\n<p><\/span><\/b><br \/><b><span style=\"font-size: large;\">Nikolauslauf 2021<\/span><\/b><\/p>\n<p><b style=\"font-size: large;\">PSV Wuppertal<\/b><\/p>\n<p><b style=\"font-size: large; text-align: left;\"><a href=\"https:\/\/www.psv-wuppertal-leichtathletik.de\/wp-content\/uploads\/2022\/03\/sportlicher-jahresruckblick-2021-im-2-1039593862.jpeg\" style=\"margin-left: 1em; margin-right: 1em;\"><img loading=\"lazy\" loading=\"lazy\" decoding=\"async\" border=\"0\" data-original-height=\"4160\" data-original-width=\"3120\" height=\"640\" src=\"https:\/\/www.psv-wuppertal-leichtathletik.de\/wp-content\/uploads\/2022\/03\/sportlicher-jahresruckblick-2021-im-2-1039593862.jpeg\" class=\"wp-image-887\" width=\"480\" \/><\/a><\/b><\/p>\n<p><\/td>\n<\/tr>\n<\/tbody>\n<\/table>\n<p><\/span><\/b><b><\/p>\n<div class=\"separator\" style=\"clear: both; text-align: center;\"><a href=\"https:\/\/www.psv-wuppertal-leichtathletik.de\/wp-content\/uploads\/2022\/03\/sportlicher-jahresruckblick-2021-im-2-196371099.jpeg\" style=\"clear: left; font-weight: 400; margin-bottom: 1em; margin-right: 1em;\"><img loading=\"lazy\" loading=\"lazy\" decoding=\"async\" border=\"0\" data-original-height=\"576\" data-original-width=\"1024\" height=\"360\" src=\"https:\/\/www.psv-wuppertal-leichtathletik.de\/wp-content\/uploads\/2022\/03\/sportlicher-jahresruckblick-2021-im-2-196371099.jpeg\" class=\"wp-image-888\" width=\"640\" \/><\/a><\/div>\n<p><\/b><\/p>\n<p><\/p>\n<p><a href=\"https:\/\/www.psv-wuppertal-leichtathletik.de\/wp-content\/uploads\/2022\/03\/sportlicher-jahresruckblick-2021-im-2-1646158243.jpeg\" style=\"clear: right; margin-bottom: 1em; margin-left: 1em; text-align: center;\"><img loading=\"lazy\" loading=\"lazy\" decoding=\"async\" border=\"0\" data-original-height=\"576\" data-original-width=\"1024\" height=\"360\" src=\"https:\/\/www.psv-wuppertal-leichtathletik.de\/wp-content\/uploads\/2022\/03\/sportlicher-jahresruckblick-2021-im-2-1646158243.jpeg\" class=\"wp-image-889\" width=\"640\" \/><\/a><\/p>\n<p><\/p>\n<p><a href=\"https:\/\/www.psv-wuppertal-leichtathletik.de\/wp-content\/uploads\/2022\/03\/sportlicher-jahresruckblick-2021-im-2-1970335271.jpeg\" style=\"clear: right; margin-bottom: 1em; margin-left: 1em; text-align: center;\"><img loading=\"lazy\" loading=\"lazy\" decoding=\"async\" border=\"0\" data-original-height=\"576\" data-original-width=\"1024\" height=\"360\" src=\"https:\/\/www.psv-wuppertal-leichtathletik.de\/wp-content\/uploads\/2022\/03\/sportlicher-jahresruckblick-2021-im-2-1970335271.jpeg\" class=\"wp-image-890\" width=\"640\" \/><\/a><\/p>\n<p><a href=\"https:\/\/www.psv-wuppertal-leichtathletik.de\/wp-content\/uploads\/2022\/03\/sportlicher-jahresruckblick-2021-im-2-1033886979.jpeg\" style=\"clear: left; margin-bottom: 1em; margin-right: 1em; text-align: center;\"><b><img loading=\"lazy\" loading=\"lazy\" decoding=\"async\" border=\"0\" data-original-height=\"576\" data-original-width=\"1024\" height=\"360\" src=\"https:\/\/www.psv-wuppertal-leichtathletik.de\/wp-content\/uploads\/2022\/03\/sportlicher-jahresruckblick-2021-im-2-1033886979.jpeg\" class=\"wp-image-891\" width=\"640\" \/><\/b><\/a><\/p>\n<p><a href=\"https:\/\/www.psv-wuppertal-leichtathletik.de\/wp-content\/uploads\/2022\/03\/sportlicher-jahresruckblick-2021-im-2-1535084108.jpeg\" style=\"clear: right; margin-bottom: 1em; margin-left: 1em; text-align: center;\"><b><img loading=\"lazy\" loading=\"lazy\" decoding=\"async\" border=\"0\" data-original-height=\"576\" data-original-width=\"1024\" height=\"360\" src=\"https:\/\/www.psv-wuppertal-leichtathletik.de\/wp-content\/uploads\/2022\/03\/sportlicher-jahresruckblick-2021-im-2-1535084108.jpeg\" class=\"wp-image-892\" width=\"640\" \/><\/b><\/a><\/p>\n<p><\/p>\n<p><a href=\"https:\/\/www.psv-wuppertal-leichtathletik.de\/wp-content\/uploads\/2022\/03\/sportlicher-jahresruckblick-2021-im-2-780162288.jpeg\" style=\"clear: right; margin-bottom: 1em; margin-left: 1em; text-align: center;\"><b><img loading=\"lazy\" loading=\"lazy\" decoding=\"async\" border=\"0\" data-original-height=\"576\" data-original-width=\"1024\" height=\"360\" src=\"https:\/\/www.psv-wuppertal-leichtathletik.de\/wp-content\/uploads\/2022\/03\/sportlicher-jahresruckblick-2021-im-2-780162288.jpeg\" class=\"wp-image-893\" width=\"640\" \/><\/b><\/a><\/p>\n<p><\/p>\n<p style=\"text-align: center;\"><span style=\"font-size: x-large;\"><b>Auf eine Neues in 2022<\/b><\/span><\/p>\n<p><\/p>\n<p><\/p>\n<\/div>\n","protected":false},"excerpt":{"rendered":"<p>&nbsp; &nbsp; &nbsp; &nbsp; &nbsp; &nbsp; &nbsp; &nbsp; &nbsp; &nbsp; &nbsp; &nbsp; &nbsp; &nbsp; &nbsp; &nbsp; &nbsp; &nbsp; &nbsp; &nbsp; &nbsp; &nbsp;&nbsp; &nbsp; Wir haben Corona die Stirn geboten !!!&nbsp; &nbsp; &nbsp; &nbsp;Ein&nbsp;Tolles Sportjahr liegt hinter uns ! Im vergangen Jahr konnten unsere Kinder im Laufe des Jahrs an einigen Wettk\u00e4mpfen und Meisterschaften teilnehmen. Dabei [&hellip;]<\/p>\n","protected":false},"author":2,"featured_media":847,"comment_status":"closed","ping_status":"closed","sticky":false,"template":"","format":"standard","meta":{"_et_pb_use_builder":"","_et_pb_old_content":"","_et_gb_content_width":"","footnotes":""},"categories":[20,1],"tags":[],"class_list":["post-846","post","type-post","status-publish","format-standard","has-post-thumbnail","hentry","category-alte-beitraege","category-uncategorized"],"featured_media_urls":{"thumbnail":["https:\/\/www.psv-wuppertal-leichtathletik.de\/wp-content\/uploads\/2022\/03\/Erik.jpg",113,150,false],"medium":["https:\/\/www.psv-wuppertal-leichtathletik.de\/wp-content\/uploads\/2022\/03\/Erik.jpg",225,300,false],"medium_large":["https:\/\/www.psv-wuppertal-leichtathletik.de\/wp-content\/uploads\/2022\/03\/Erik.jpg",480,640,false],"large":["https:\/\/www.psv-wuppertal-leichtathletik.de\/wp-content\/uploads\/2022\/03\/Erik.jpg",480,640,false],"1536x1536":["https:\/\/www.psv-wuppertal-leichtathletik.de\/wp-content\/uploads\/2022\/03\/Erik.jpg",480,640,false],"2048x2048":["https:\/\/www.psv-wuppertal-leichtathletik.de\/wp-content\/uploads\/2022\/03\/Erik.jpg",480,640,false],"et-pb-post-main-image":["https:\/\/www.psv-wuppertal-leichtathletik.de\/wp-content\/uploads\/2022\/03\/Erik.jpg",188,250,false],"et-pb-post-main-image-fullwidth":["https:\/\/www.psv-wuppertal-leichtathletik.de\/wp-content\/uploads\/2022\/03\/Erik.jpg",480,640,false],"et-pb-portfolio-image":["https:\/\/www.psv-wuppertal-leichtathletik.de\/wp-content\/uploads\/2022\/03\/Erik.jpg",213,284,false],"et-pb-portfolio-module-image":["https:\/\/www.psv-wuppertal-leichtathletik.de\/wp-content\/uploads\/2022\/03\/Erik.jpg",287,382,false],"et-pb-portfolio-image-single":["https:\/\/www.psv-wuppertal-leichtathletik.de\/wp-content\/uploads\/2022\/03\/Erik.jpg",480,640,false],"et-pb-gallery-module-image-portrait":["https:\/\/www.psv-wuppertal-leichtathletik.de\/wp-content\/uploads\/2022\/03\/Erik.jpg",387,516,false],"et-pb-post-main-image-fullwidth-large":["https:\/\/www.psv-wuppertal-leichtathletik.de\/wp-content\/uploads\/2022\/03\/Erik.jpg",480,640,false],"et-pb-image--responsive--desktop":["https:\/\/www.psv-wuppertal-leichtathletik.de\/wp-content\/uploads\/2022\/03\/Erik.jpg",480,640,false],"et-pb-image--responsive--tablet":["https:\/\/www.psv-wuppertal-leichtathletik.de\/wp-content\/uploads\/2022\/03\/Erik.jpg",413,551,false],"et-pb-image--responsive--phone":["https:\/\/www.psv-wuppertal-leichtathletik.de\/wp-content\/uploads\/2022\/03\/Erik.jpg",203,270,false],"portfolio_item-thumbnail":["https:\/\/www.psv-wuppertal-leichtathletik.de\/wp-content\/uploads\/2022\/03\/Erik.jpg",300,400,false],"portfolio_item-thumbnail@2x":["https:\/\/www.psv-wuppertal-leichtathletik.de\/wp-content\/uploads\/2022\/03\/Erik.jpg",480,640,false],"portfolio_item-masonry":["https:\/\/www.psv-wuppertal-leichtathletik.de\/wp-content\/uploads\/2022\/03\/Erik.jpg",480,640,false],"portfolio_item-masonry@2x":["https:\/\/www.psv-wuppertal-leichtathletik.de\/wp-content\/uploads\/2022\/03\/Erik.jpg",480,640,false],"portfolio_item-thumbnail_cinema":["https:\/\/www.psv-wuppertal-leichtathletik.de\/wp-content\/uploads\/2022\/03\/Erik.jpg",251,335,false],"portfolio_item-thumbnail_portrait":["https:\/\/www.psv-wuppertal-leichtathletik.de\/wp-content\/uploads\/2022\/03\/Erik.jpg",480,640,false],"portfolio_item-thumbnail_portrait@2x":["https:\/\/www.psv-wuppertal-leichtathletik.de\/wp-content\/uploads\/2022\/03\/Erik.jpg",480,640,false],"portfolio_item-thumbnail_square":["https:\/\/www.psv-wuppertal-leichtathletik.de\/wp-content\/uploads\/2022\/03\/Erik.jpg",480,640,false]},"_links":{"self":[{"href":"https:\/\/www.psv-wuppertal-leichtathletik.de\/index.php?rest_route=\/wp\/v2\/posts\/846","targetHints":{"allow":["GET"]}}],"collection":[{"href":"https:\/\/www.psv-wuppertal-leichtathletik.de\/index.php?rest_route=\/wp\/v2\/posts"}],"about":[{"href":"https:\/\/www.psv-wuppertal-leichtathletik.de\/index.php?rest_route=\/wp\/v2\/types\/post"}],"author":[{"embeddable":true,"href":"https:\/\/www.psv-wuppertal-leichtathletik.de\/index.php?rest_route=\/wp\/v2\/users\/2"}],"replies":[{"embeddable":true,"href":"https:\/\/www.psv-wuppertal-leichtathletik.de\/index.php?rest_route=%2Fwp%2Fv2%2Fcomments&post=846"}],"version-history":[{"count":1,"href":"https:\/\/www.psv-wuppertal-leichtathletik.de\/index.php?rest_route=\/wp\/v2\/posts\/846\/revisions"}],"predecessor-version":[{"id":1008,"href":"https:\/\/www.psv-wuppertal-leichtathletik.de\/index.php?rest_route=\/wp\/v2\/posts\/846\/revisions\/1008"}],"wp:featuredmedia":[{"embeddable":true,"href":"https:\/\/www.psv-wuppertal-leichtathletik.de\/index.php?rest_route=\/wp\/v2\/media\/847"}],"wp:attachment":[{"href":"https:\/\/www.psv-wuppertal-leichtathletik.de\/index.php?rest_route=%2Fwp%2Fv2%2Fmedia&parent=846"}],"wp:term":[{"taxonomy":"category","embeddable":true,"href":"https:\/\/www.psv-wuppertal-leichtathletik.de\/index.php?rest_route=%2Fwp%2Fv2%2Fcategories&post=846"},{"taxonomy":"post_tag","embeddable":true,"href":"https:\/\/www.psv-wuppertal-leichtathletik.de\/index.php?rest_route=%2Fwp%2Fv2%2Ftags&post=846"}],"curies":[{"name":"wp","href":"https:\/\/api.w.org\/{rel}","templated":true}]}}