{"id":894,"date":"2022-03-13T13:19:00","date_gmt":"2022-03-13T13:19:00","guid":{"rendered":"https:\/\/www.psv-wuppertal-leichtathletik.de\/uncategorized\/regio-u-14-lvn-mitte-in-dusseldorf\/"},"modified":"2023-01-08T17:43:18","modified_gmt":"2023-01-08T17:43:18","slug":"regio-u-14-lvn-mitte-in-dusseldorf","status":"publish","type":"post","link":"https:\/\/www.psv-wuppertal-leichtathletik.de\/?p=894","title":{"rendered":"Regio U 14 LVN _Mitte in D\u00fcsseldorf"},"content":{"rendered":"<p style=\"text-align: center;\">&nbsp; &nbsp; &nbsp; &nbsp;<b><span style=\"font-size: large;\">Mit Bestleistung auf Platz 7<\/span><\/b><\/p>\n<p style=\"text-align: center;\"><b style=\"text-align: left;\"><span style=\"font-size: medium;\"><\/span><\/b><\/p>\n<table align=\"center\" cellpadding=\"0\" cellspacing=\"0\" class=\"tr-caption-container\" style=\"margin-left: auto; margin-right: auto;\">\n<tbody>\n<tr>\n<td style=\"text-align: center;\"><a href=\"https:\/\/www.psv-wuppertal-leichtathletik.de\/wp-content\/uploads\/2022\/03\/regio-u-14-lvn-mitte-in-dusseldorf-1462673261.jpeg\" style=\"margin-left: auto; margin-right: auto;\"><img fetchpriority=\"high\" fetchpriority=\"high\" decoding=\"async\" border=\"0\" data-original-height=\"4160\" data-original-width=\"3120\" height=\"320\" src=\"https:\/\/www.psv-wuppertal-leichtathletik.de\/wp-content\/uploads\/2022\/03\/regio-u-14-lvn-mitte-in-dusseldorf-1462673261.jpeg\" class=\"wp-image-895\" width=\"240\" \/><\/a><\/td>\n<\/tr>\n<tr>\n<td class=\"tr-caption\" style=\"text-align: center;\"><b>Kurz vor dem Start<\/b><\/td>\n<\/tr>\n<\/tbody>\n<\/table>\n<p><b style=\"font-size: large;\"><span style=\"font-size: medium;\">Am Samstag,12.03. startete leider nur ein Athlet des PSV bei den Regionsmeisterschaften in D\u00fcsseldorf. Jannis R. fieberte seinem ersten Start beim Hallenwettkampf \u00fcber 800m entgegen. Mit dem Ziel einer neuen pers\u00f6nlichen Bestleistung zu erzielen ging Jannis in sein Rennen. Jannis startete von der Au\u00dfenbahn und hatte einen guten Start. Leider rieb er sich schon nach 80m in einem Positionskampf auf und verlor einiges an Kraft die ihm in der 3 und vierten Runde fehlte. So \u00fcberholten ihn in der letzten Runde noch 2 L\u00e4ufer. Jannis verpasste eine Urkunde nur ganz knapp. Ein gro\u00dfes Trostpflaster ist jedoch die tolle neue pers\u00f6nliche Bestzeit von 2:41,78 Min.&nbsp; Jannis verbesserte seine alte Bestleistung um 16 Sekunden.&nbsp; &nbsp;<\/span><\/b><b style=\"font-size: large;\"><span style=\"font-size: medium;\">Das gezielte und regelm\u00e4\u00dfige Training hat sich gelohnt und erste Fr\u00fcchte getragen.<\/span><\/b><\/p>\n<table align=\"center\" cellpadding=\"0\" cellspacing=\"0\" class=\"tr-caption-container\" style=\"margin-left: auto; margin-right: auto;\">\n<tbody>\n<tr>\n<td style=\"text-align: center;\"><a href=\"https:\/\/www.psv-wuppertal-leichtathletik.de\/wp-content\/uploads\/2022\/03\/regio-u-14-lvn-mitte-in-dusseldorf-1850568557.jpeg\" style=\"font-size: large; font-weight: 700; margin-left: auto; margin-right: auto;\"><img decoding=\"async\" border=\"0\" data-original-height=\"4160\" data-original-width=\"1520\" height=\"400\" src=\"https:\/\/www.psv-wuppertal-leichtathletik.de\/wp-content\/uploads\/2022\/03\/regio-u-14-lvn-mitte-in-dusseldorf-1850568557.jpeg\" class=\"wp-image-896\" width=\"146\" \/><\/a><\/td>\n<\/tr>\n<tr>\n<td class=\"tr-caption\" style=\"text-align: center;\"><b>Jannis 800m<br \/>2:41,78 Min.<\/b><\/td>\n<\/tr>\n<\/tbody>\n<\/table>\n<p style=\"text-align: center;\"><b style=\"text-align: left;\"><span style=\"font-size: medium;\"><br \/><\/span><\/b><\/p>\n<p style=\"text-align: center;\"><b style=\"text-align: left;\"><span style=\"font-size: medium;\"><br \/><\/span><\/b><\/p>\n<p style=\"text-align: center;\"><b style=\"text-align: left;\"><span style=\"font-size: medium;\"><br \/><\/span><\/b><\/p>\n<p style=\"text-align: center;\"><b style=\"text-align: left;\"><span style=\"font-size: medium;\"><br \/><\/span><\/b><\/p>\n","protected":false},"excerpt":{"rendered":"<p>&nbsp; &nbsp; &nbsp; &nbsp;Mit Bestleistung auf Platz 7 Kurz vor dem Start Am Samstag,12.03. startete leider nur ein Athlet des PSV bei den Regionsmeisterschaften in D\u00fcsseldorf. Jannis R. fieberte seinem ersten Start beim Hallenwettkampf \u00fcber 800m entgegen. Mit dem Ziel einer neuen pers\u00f6nlichen Bestleistung zu erzielen ging Jannis in sein Rennen. Jannis startete von der [&hellip;]<\/p>\n","protected":false},"author":2,"featured_media":895,"comment_status":"closed","ping_status":"closed","sticky":false,"template":"","format":"standard","meta":{"_et_pb_use_builder":"","_et_pb_old_content":"","_et_gb_content_width":"","footnotes":""},"categories":[20,1],"tags":[],"class_list":["post-894","post","type-post","status-publish","format-standard","has-post-thumbnail","hentry","category-alte-beitraege","category-uncategorized"],"featured_media_urls":{"thumbnail":["https:\/\/www.psv-wuppertal-leichtathletik.de\/wp-content\/uploads\/2022\/03\/regio-u-14-lvn-mitte-in-dusseldorf-1462673261.jpeg",113,150,false],"medium":["https:\/\/www.psv-wuppertal-leichtathletik.de\/wp-content\/uploads\/2022\/03\/regio-u-14-lvn-mitte-in-dusseldorf-1462673261.jpeg",225,300,false],"medium_large":["https:\/\/www.psv-wuppertal-leichtathletik.de\/wp-content\/uploads\/2022\/03\/regio-u-14-lvn-mitte-in-dusseldorf-1462673261.jpeg",768,1024,false],"large":["https:\/\/www.psv-wuppertal-leichtathletik.de\/wp-content\/uploads\/2022\/03\/regio-u-14-lvn-mitte-in-dusseldorf-1462673261.jpeg",768,1024,false],"1536x1536":["https:\/\/www.psv-wuppertal-leichtathletik.de\/wp-content\/uploads\/2022\/03\/regio-u-14-lvn-mitte-in-dusseldorf-1462673261.jpeg",1152,1536,false],"2048x2048":["https:\/\/www.psv-wuppertal-leichtathletik.de\/wp-content\/uploads\/2022\/03\/regio-u-14-lvn-mitte-in-dusseldorf-1462673261.jpeg",1200,1600,false],"et-pb-post-main-image":["https:\/\/www.psv-wuppertal-leichtathletik.de\/wp-content\/uploads\/2022\/03\/regio-u-14-lvn-mitte-in-dusseldorf-1462673261.jpeg",188,250,false],"et-pb-post-main-image-fullwidth":["https:\/\/www.psv-wuppertal-leichtathletik.de\/wp-content\/uploads\/2022\/03\/regio-u-14-lvn-mitte-in-dusseldorf-1462673261.jpeg",506,675,false],"et-pb-portfolio-image":["https:\/\/www.psv-wuppertal-leichtathletik.de\/wp-content\/uploads\/2022\/03\/regio-u-14-lvn-mitte-in-dusseldorf-1462673261.jpeg",213,284,false],"et-pb-portfolio-module-image":["https:\/\/www.psv-wuppertal-leichtathletik.de\/wp-content\/uploads\/2022\/03\/regio-u-14-lvn-mitte-in-dusseldorf-1462673261.jpeg",287,382,false],"et-pb-portfolio-image-single":["https:\/\/www.psv-wuppertal-leichtathletik.de\/wp-content\/uploads\/2022\/03\/regio-u-14-lvn-mitte-in-dusseldorf-1462673261.jpeg",1080,1440,false],"et-pb-gallery-module-image-portrait":["https:\/\/www.psv-wuppertal-leichtathletik.de\/wp-content\/uploads\/2022\/03\/regio-u-14-lvn-mitte-in-dusseldorf-1462673261.jpeg",387,516,false],"et-pb-post-main-image-fullwidth-large":["https:\/\/www.psv-wuppertal-leichtathletik.de\/wp-content\/uploads\/2022\/03\/regio-u-14-lvn-mitte-in-dusseldorf-1462673261.jpeg",1200,1600,false],"et-pb-image--responsive--desktop":["https:\/\/www.psv-wuppertal-leichtathletik.de\/wp-content\/uploads\/2022\/03\/regio-u-14-lvn-mitte-in-dusseldorf-1462673261.jpeg",540,720,false],"et-pb-image--responsive--tablet":["https:\/\/www.psv-wuppertal-leichtathletik.de\/wp-content\/uploads\/2022\/03\/regio-u-14-lvn-mitte-in-dusseldorf-1462673261.jpeg",413,551,false],"et-pb-image--responsive--phone":["https:\/\/www.psv-wuppertal-leichtathletik.de\/wp-content\/uploads\/2022\/03\/regio-u-14-lvn-mitte-in-dusseldorf-1462673261.jpeg",203,270,false],"portfolio_item-thumbnail":["https:\/\/www.psv-wuppertal-leichtathletik.de\/wp-content\/uploads\/2022\/03\/regio-u-14-lvn-mitte-in-dusseldorf-1462673261.jpeg",300,400,false],"portfolio_item-thumbnail@2x":["https:\/\/www.psv-wuppertal-leichtathletik.de\/wp-content\/uploads\/2022\/03\/regio-u-14-lvn-mitte-in-dusseldorf-1462673261.jpeg",600,800,false],"portfolio_item-masonry":["https:\/\/www.psv-wuppertal-leichtathletik.de\/wp-content\/uploads\/2022\/03\/regio-u-14-lvn-mitte-in-dusseldorf-1462673261.jpeg",600,800,false],"portfolio_item-masonry@2x":["https:\/\/www.psv-wuppertal-leichtathletik.de\/wp-content\/uploads\/2022\/03\/regio-u-14-lvn-mitte-in-dusseldorf-1462673261.jpeg",1200,1600,false],"portfolio_item-thumbnail_cinema":["https:\/\/www.psv-wuppertal-leichtathletik.de\/wp-content\/uploads\/2022\/03\/regio-u-14-lvn-mitte-in-dusseldorf-1462673261.jpeg",251,335,false],"portfolio_item-thumbnail_portrait":["https:\/\/www.psv-wuppertal-leichtathletik.de\/wp-content\/uploads\/2022\/03\/regio-u-14-lvn-mitte-in-dusseldorf-1462673261.jpeg",600,800,false],"portfolio_item-thumbnail_portrait@2x":["https:\/\/www.psv-wuppertal-leichtathletik.de\/wp-content\/uploads\/2022\/03\/regio-u-14-lvn-mitte-in-dusseldorf-1462673261.jpeg",1200,1600,false],"portfolio_item-thumbnail_square":["https:\/\/www.psv-wuppertal-leichtathletik.de\/wp-content\/uploads\/2022\/03\/regio-u-14-lvn-mitte-in-dusseldorf-1462673261.jpeg",600,800,false]},"_links":{"self":[{"href":"https:\/\/www.psv-wuppertal-leichtathletik.de\/index.php?rest_route=\/wp\/v2\/posts\/894","targetHints":{"allow":["GET"]}}],"collection":[{"href":"https:\/\/www.psv-wuppertal-leichtathletik.de\/index.php?rest_route=\/wp\/v2\/posts"}],"about":[{"href":"https:\/\/www.psv-wuppertal-leichtathletik.de\/index.php?rest_route=\/wp\/v2\/types\/post"}],"author":[{"embeddable":true,"href":"https:\/\/www.psv-wuppertal-leichtathletik.de\/index.php?rest_route=\/wp\/v2\/users\/2"}],"replies":[{"embeddable":true,"href":"https:\/\/www.psv-wuppertal-leichtathletik.de\/index.php?rest_route=%2Fwp%2Fv2%2Fcomments&post=894"}],"version-history":[{"count":1,"href":"https:\/\/www.psv-wuppertal-leichtathletik.de\/index.php?rest_route=\/wp\/v2\/posts\/894\/revisions"}],"predecessor-version":[{"id":1009,"href":"https:\/\/www.psv-wuppertal-leichtathletik.de\/index.php?rest_route=\/wp\/v2\/posts\/894\/revisions\/1009"}],"wp:featuredmedia":[{"embeddable":true,"href":"https:\/\/www.psv-wuppertal-leichtathletik.de\/index.php?rest_route=\/wp\/v2\/media\/895"}],"wp:attachment":[{"href":"https:\/\/www.psv-wuppertal-leichtathletik.de\/index.php?rest_route=%2Fwp%2Fv2%2Fmedia&parent=894"}],"wp:term":[{"taxonomy":"category","embeddable":true,"href":"https:\/\/www.psv-wuppertal-leichtathletik.de\/index.php?rest_route=%2Fwp%2Fv2%2Fcategories&post=894"},{"taxonomy":"post_tag","embeddable":true,"href":"https:\/\/www.psv-wuppertal-leichtathletik.de\/index.php?rest_route=%2Fwp%2Fv2%2Ftags&post=894"}],"curies":[{"name":"wp","href":"https:\/\/api.w.org\/{rel}","templated":true}]}}