{"id":897,"date":"2022-02-23T11:36:00","date_gmt":"2022-02-23T11:36:00","guid":{"rendered":"https:\/\/www.psv-wuppertal-leichtathletik.de\/uncategorized\/sonne-blauer-himmel-heuballen-und-stark\/"},"modified":"2023-01-08T17:43:26","modified_gmt":"2023-01-08T17:43:26","slug":"sonne-blauer-himmel-heuballen-und-stark","status":"publish","type":"post","link":"https:\/\/www.psv-wuppertal-leichtathletik.de\/?p=897","title":{"rendered":"Sonne, blauer Himmel, Heuballen und stark motivierte L\u00e4ufer\/innen des PSV"},"content":{"rendered":"<p style=\"text-align: center;\">&nbsp;<span style=\"font-size: large;\">Cross &#8211; Heuballenlauf in Neukirchen-H\u00fclchrath<\/span><\/p>\n<p style=\"text-align: center;\">\n<div class=\"separator\" style=\"clear: both; text-align: center;\"><a href=\"https:\/\/www.psv-wuppertal-leichtathletik.de\/wp-content\/uploads\/2022\/02\/sonne-blauer-himmel-heuballen-und-stark-724444612.jpeg\" imageanchor=\"1\" style=\"margin-left: 1em; margin-right: 1em;\"><img fetchpriority=\"high\" fetchpriority=\"high\" decoding=\"async\" border=\"0\" data-original-height=\"3018\" data-original-width=\"4528\" height=\"426\" src=\"https:\/\/www.psv-wuppertal-leichtathletik.de\/wp-content\/uploads\/2022\/02\/sonne-blauer-himmel-heuballen-und-stark-724444612.jpeg\" class=\"wp-image-898\" width=\"640\" \/><\/a><\/div>\n<p><\/p>\n<div class=\"separator\" style=\"clear: both; text-align: left;\"><b>Bei herrlichem Crosslaufwetter starteten am Samstag,19.02., 13 PSV&#8217;er\/innen beim traditionellen Heuballenlauf in Neukirchen. Leider konnten 4 Kinder kurzfristig durch Krankheit nicht teilnehmen. Alle Kinder wurden im Ziel mit einer Medaille f\u00fcr ihren tollen Lauf belohnt. Die Teilnehmer\/innen des PSV \u00fcberzeugten in allen Altersklassen und erzielten viele gute Ergebnisse. 4x Platz 1, 2x Pl. 2, 2x Pl. 3 und viele weitere gute Platzierungen im Vorderfeld waren die starke Ausbeute des PSV Wuppertal. Am Ende des Wettkampfes hatten 3 kleine PSV&#8217;er immer noch nicht genug vom Laufen und nahmen mit viel Spa\u00df und Ernst noch an einer 3 x 1700m Staffel Teil. Die 3 kleinen Blaulichter erk\u00e4mpften sich&nbsp; von 15 Staffeln ein tollen 9. Platz. Sie waren mit Abstand die j\u00fcngste Staffel. Eine gelungene Veranstaltung mit vielen sch\u00f6nen, freudigen und lustigen Eindr\u00fccken liegt hinter uns. Wir hoffen sehr, dass in diesem Jahr noch viele Veranstaltungen dazu kommen.<\/b><\/div>\n<table align=\"center\" cellpadding=\"0\" cellspacing=\"0\" class=\"tr-caption-container\" style=\"margin-left: auto; margin-right: auto;\">\n<tbody>\n<tr>\n<td style=\"text-align: center;\"><a href=\"https:\/\/www.psv-wuppertal-leichtathletik.de\/wp-content\/uploads\/2022\/02\/sonne-blauer-himmel-heuballen-und-stark-1903270611.jpeg\" imageanchor=\"1\" style=\"clear: left; display: inline !important; margin-bottom: 1em; margin-left: auto; margin-right: auto;\"><img decoding=\"async\" border=\"0\" data-original-height=\"2286\" data-original-width=\"3429\" height=\"222\" src=\"https:\/\/www.psv-wuppertal-leichtathletik.de\/wp-content\/uploads\/2022\/02\/sonne-blauer-himmel-heuballen-und-stark-1903270611.jpeg\" class=\"wp-image-899\" width=\"319\" \/><\/a><\/td>\n<\/tr>\n<tr>\n<td class=\"tr-caption\" style=\"text-align: center;\"><b>Benno U8 M6&nbsp; 500m 1. Pl. in 2:18 Min.<\/b>&nbsp;&nbsp;<\/td>\n<\/tr>\n<\/tbody>\n<\/table>\n<div class=\"separator\" style=\"clear: both; text-align: left;\"><\/p>\n<table cellpadding=\"0\" cellspacing=\"0\" class=\"tr-caption-container\" style=\"float: right;\">\n<tbody>\n<tr>\n<td style=\"text-align: center;\"><a href=\"https:\/\/www.psv-wuppertal-leichtathletik.de\/wp-content\/uploads\/2022\/02\/sonne-blauer-himmel-heuballen-und-stark-1379565780.jpeg\" imageanchor=\"1\" style=\"clear: right; margin-bottom: 1em; margin-left: auto; margin-right: auto;\"><img decoding=\"async\" border=\"0\" data-original-height=\"3162\" data-original-width=\"4742\" height=\"265\" src=\"https:\/\/www.psv-wuppertal-leichtathletik.de\/wp-content\/uploads\/2022\/02\/sonne-blauer-himmel-heuballen-und-stark-1379565780.jpeg\" class=\"wp-image-900\" width=\"400\" \/><\/a><\/td>\n<\/tr>\n<tr>\n<td class=\"tr-caption\" style=\"text-align: center;\"><b>Oskar Pl. 1 U10 M9&nbsp; 900m in 3:05 Min.&nbsp;<\/b><\/td>\n<\/tr>\n<\/tbody>\n<\/table>\n<table cellpadding=\"0\" cellspacing=\"0\" class=\"tr-caption-container\" style=\"float: left;\">\n<tbody>\n<tr>\n<td style=\"text-align: center;\"><a href=\"https:\/\/www.psv-wuppertal-leichtathletik.de\/wp-content\/uploads\/2022\/02\/sonne-blauer-himmel-heuballen-und-stark-1798650460.jpeg\" imageanchor=\"1\" style=\"clear: left; margin-bottom: 1em; margin-left: auto; margin-right: auto;\"><img loading=\"lazy\" loading=\"lazy\" decoding=\"async\" border=\"0\" data-original-height=\"2604\" data-original-width=\"3906\" height=\"234\" src=\"https:\/\/www.psv-wuppertal-leichtathletik.de\/wp-content\/uploads\/2022\/02\/sonne-blauer-himmel-heuballen-und-stark-1798650460.jpeg\" class=\"wp-image-901\" width=\"400\" \/><\/a><\/td>\n<\/tr>\n<tr>\n<td class=\"tr-caption\" style=\"text-align: center;\"><b>Jona Pl. 2 U 10 M8&nbsp; 900m in 3:10 Min.<\/b><\/td>\n<\/tr>\n<\/tbody>\n<\/table>\n<table cellpadding=\"0\" cellspacing=\"0\" class=\"tr-caption-container\" style=\"float: right;\">\n<tbody>\n<tr>\n<td style=\"text-align: center;\"><a href=\"https:\/\/www.psv-wuppertal-leichtathletik.de\/wp-content\/uploads\/2022\/02\/sonne-blauer-himmel-heuballen-und-stark-273625831.jpeg\" imageanchor=\"1\" style=\"clear: right; margin-bottom: 1em; margin-left: auto; margin-right: auto;\"><img loading=\"lazy\" loading=\"lazy\" decoding=\"async\" border=\"0\" data-original-height=\"2244\" data-original-width=\"3366\" height=\"213\" src=\"https:\/\/www.psv-wuppertal-leichtathletik.de\/wp-content\/uploads\/2022\/02\/sonne-blauer-himmel-heuballen-und-stark-273625831.jpeg\" class=\"wp-image-902\" width=\"320\" \/><\/a><\/td>\n<\/tr>\n<tr>\n<td class=\"tr-caption\" style=\"text-align: center;\"><b>Clara Pl. 5 U10 W8 900m in 04:00 Min.<\/b><\/td>\n<\/tr>\n<\/tbody>\n<\/table>\n<table align=\"center\" cellpadding=\"0\" cellspacing=\"0\" class=\"tr-caption-container\" style=\"margin-left: auto; margin-right: auto;\">\n<tbody>\n<tr>\n<td style=\"text-align: center;\"><a href=\"https:\/\/www.psv-wuppertal-leichtathletik.de\/wp-content\/uploads\/2022\/02\/sonne-blauer-himmel-heuballen-und-stark-973511676.jpeg\" imageanchor=\"1\" style=\"margin-left: auto; margin-right: auto; text-align: center;\"><img loading=\"lazy\" loading=\"lazy\" decoding=\"async\" border=\"0\" data-original-height=\"2550\" data-original-width=\"3415\" height=\"230\" src=\"https:\/\/www.psv-wuppertal-leichtathletik.de\/wp-content\/uploads\/2022\/02\/sonne-blauer-himmel-heuballen-und-stark-973511676.jpeg\" class=\"wp-image-903\" width=\"308\" \/><\/a><\/td>\n<\/tr>\n<tr>\n<td class=\"tr-caption\" style=\"text-align: center;\"><b>Neele Pl. 3 U 10 W9 900m in 3.08 Min.<\/b><\/td>\n<\/tr>\n<\/tbody>\n<\/table>\n<p><\/div>\n<div class=\"separator\" style=\"clear: both; text-align: left;\"><\/div>\n<div class=\"separator\" style=\"clear: both; text-align: center;\"><\/div>\n<p><\/p>\n<table cellpadding=\"0\" cellspacing=\"0\" class=\"tr-caption-container\" style=\"float: left;\">\n<tbody>\n<tr>\n<td style=\"text-align: center;\"><a href=\"https:\/\/www.psv-wuppertal-leichtathletik.de\/wp-content\/uploads\/2022\/02\/sonne-blauer-himmel-heuballen-und-stark-1038812445.jpeg\" imageanchor=\"1\" style=\"clear: left; margin-bottom: 1em; margin-left: auto; margin-right: auto;\"><img loading=\"lazy\" loading=\"lazy\" decoding=\"async\" border=\"0\" data-original-height=\"2038\" data-original-width=\"3057\" height=\"213\" src=\"https:\/\/www.psv-wuppertal-leichtathletik.de\/wp-content\/uploads\/2022\/02\/sonne-blauer-himmel-heuballen-und-stark-1038812445.jpeg\" class=\"wp-image-904\" width=\"320\" \/><\/a><\/td>\n<\/tr>\n<tr>\n<td class=\"tr-caption\" style=\"text-align: center;\"><b>Kjell Pl. 6 U14 M13 1700m in 8:01 Min.<\/b><\/td>\n<\/tr>\n<\/tbody>\n<\/table>\n<p><\/p>\n<table cellpadding=\"0\" cellspacing=\"0\" class=\"tr-caption-container\" style=\"float: right;\">\n<tbody>\n<tr>\n<td style=\"text-align: center;\"><a href=\"https:\/\/www.psv-wuppertal-leichtathletik.de\/wp-content\/uploads\/2022\/02\/sonne-blauer-himmel-heuballen-und-stark-1590379925.jpeg\" imageanchor=\"1\" style=\"clear: right; margin-bottom: 1em; margin-left: auto; margin-right: auto;\"><img loading=\"lazy\" loading=\"lazy\" decoding=\"async\" border=\"0\" data-original-height=\"2405\" data-original-width=\"3608\" height=\"213\" src=\"https:\/\/www.psv-wuppertal-leichtathletik.de\/wp-content\/uploads\/2022\/02\/sonne-blauer-himmel-heuballen-und-stark-1590379925.jpeg\" class=\"wp-image-905\" width=\"320\" \/><\/a><\/td>\n<\/tr>\n<tr>\n<td class=\"tr-caption\" style=\"text-align: center;\"><b>Jannis Pl. 5 U 14 M13 1700m in 7:31 Min.<\/b><\/td>\n<\/tr>\n<\/tbody>\n<\/table>\n<p><\/p>\n<table cellpadding=\"0\" cellspacing=\"0\" class=\"tr-caption-container\" style=\"float: left;\">\n<tbody>\n<tr>\n<td style=\"text-align: center;\"><a href=\"https:\/\/www.psv-wuppertal-leichtathletik.de\/wp-content\/uploads\/2022\/02\/sonne-blauer-himmel-heuballen-und-stark-1883302264.jpeg\" imageanchor=\"1\" style=\"clear: left; margin-bottom: 1em; margin-left: auto; margin-right: auto;\"><img loading=\"lazy\" loading=\"lazy\" decoding=\"async\" border=\"0\" data-original-height=\"2790\" data-original-width=\"4185\" height=\"213\" src=\"https:\/\/www.psv-wuppertal-leichtathletik.de\/wp-content\/uploads\/2022\/02\/sonne-blauer-himmel-heuballen-und-stark-1883302264.jpeg\" class=\"wp-image-906\" width=\"320\" \/><\/a><\/td>\n<\/tr>\n<tr>\n<td class=\"tr-caption\" style=\"text-align: center;\"><b>Tessa Pl. 4 U12 W10 1300m in 6:31 Min.<\/b><\/td>\n<\/tr>\n<\/tbody>\n<\/table>\n<p><\/p>\n<table cellpadding=\"0\" cellspacing=\"0\" class=\"tr-caption-container\" style=\"float: right;\">\n<tbody>\n<tr>\n<td style=\"text-align: center;\"><a href=\"https:\/\/www.psv-wuppertal-leichtathletik.de\/wp-content\/uploads\/2022\/02\/sonne-blauer-himmel-heuballen-und-stark-1647027278.jpeg\" imageanchor=\"1\" style=\"clear: right; margin-bottom: 1em; margin-left: auto; margin-right: auto;\"><img loading=\"lazy\" loading=\"lazy\" decoding=\"async\" border=\"0\" data-original-height=\"2484\" data-original-width=\"3725\" height=\"213\" src=\"https:\/\/www.psv-wuppertal-leichtathletik.de\/wp-content\/uploads\/2022\/02\/sonne-blauer-himmel-heuballen-und-stark-1647027278.jpeg\" class=\"wp-image-907\" width=\"320\" \/><\/a><\/td>\n<\/tr>\n<tr>\n<td class=\"tr-caption\" style=\"text-align: center;\"><b>Hannah Pl. 2 U12 W13 1300m in 6:03 Min.<\/b><\/td>\n<\/tr>\n<\/tbody>\n<\/table>\n<p><\/p>\n<table cellpadding=\"0\" cellspacing=\"0\" class=\"tr-caption-container\" style=\"float: left;\">\n<tbody>\n<tr>\n<td style=\"text-align: center;\"><a href=\"https:\/\/www.psv-wuppertal-leichtathletik.de\/wp-content\/uploads\/2022\/02\/sonne-blauer-himmel-heuballen-und-stark-480789991.jpeg\" imageanchor=\"1\" style=\"clear: left; margin-bottom: 1em; margin-left: auto; margin-right: auto;\"><img loading=\"lazy\" loading=\"lazy\" decoding=\"async\" border=\"0\" data-original-height=\"2548\" data-original-width=\"3822\" height=\"213\" src=\"https:\/\/www.psv-wuppertal-leichtathletik.de\/wp-content\/uploads\/2022\/02\/sonne-blauer-himmel-heuballen-und-stark-480789991.jpeg\" class=\"wp-image-908\" width=\"320\" \/><\/a><\/td>\n<\/tr>\n<tr>\n<td class=\"tr-caption\" style=\"text-align: center;\"><b>Lauren Pl. 3. U12 M10 1300m in 6:12 Min.<\/b><\/td>\n<\/tr>\n<\/tbody>\n<\/table>\n<p><b><br \/><\/b><\/p>\n<table cellpadding=\"0\" cellspacing=\"0\" class=\"tr-caption-container\" style=\"float: right;\">\n<tbody>\n<tr>\n<td style=\"text-align: center;\"><a href=\"https:\/\/www.psv-wuppertal-leichtathletik.de\/wp-content\/uploads\/2022\/02\/sonne-blauer-himmel-heuballen-und-stark-1957356232.jpeg\" imageanchor=\"1\" style=\"clear: right; margin-bottom: 1em; margin-left: auto; margin-right: auto;\"><img loading=\"lazy\" loading=\"lazy\" decoding=\"async\" border=\"0\" data-original-height=\"1200\" data-original-width=\"1600\" height=\"240\" src=\"https:\/\/www.psv-wuppertal-leichtathletik.de\/wp-content\/uploads\/2022\/02\/sonne-blauer-himmel-heuballen-und-stark-1957356232.jpeg\" class=\"wp-image-909\" width=\"320\" \/><\/a><\/td>\n<\/tr>\n<tr>\n<td class=\"tr-caption\" style=\"text-align: center;\"><b>Lucian Pl. 1 U16 M14 2500m in 11:03 Min.<\/b><\/td>\n<\/tr>\n<\/tbody>\n<\/table>\n<p><\/p>\n<table cellpadding=\"0\" cellspacing=\"0\" class=\"tr-caption-container\" style=\"float: left;\">\n<tbody>\n<tr>\n<td style=\"text-align: center;\"><a href=\"https:\/\/www.psv-wuppertal-leichtathletik.de\/wp-content\/uploads\/2022\/02\/sonne-blauer-himmel-heuballen-und-stark-1592336177.jpeg\" imageanchor=\"1\" style=\"clear: left; margin-bottom: 1em; margin-left: auto; margin-right: auto;\"><img loading=\"lazy\" loading=\"lazy\" decoding=\"async\" border=\"0\" data-original-height=\"2388\" data-original-width=\"3255\" height=\"235\" src=\"https:\/\/www.psv-wuppertal-leichtathletik.de\/wp-content\/uploads\/2022\/02\/sonne-blauer-himmel-heuballen-und-stark-1592336177.jpeg\" class=\"wp-image-910\" width=\"320\" \/><\/a><\/td>\n<\/tr>\n<tr>\n<td class=\"tr-caption\" style=\"text-align: center;\"><b>Tim Pl. 2 U16 M14 2500m in 11:50 Min.<\/b><\/td>\n<\/tr>\n<\/tbody>\n<\/table>\n<p><\/p>\n<table cellpadding=\"0\" cellspacing=\"0\" class=\"tr-caption-container\" style=\"float: right;\">\n<tbody>\n<tr>\n<td style=\"text-align: center;\"><a href=\"https:\/\/www.psv-wuppertal-leichtathletik.de\/wp-content\/uploads\/2022\/02\/sonne-blauer-himmel-heuballen-und-stark-1451963664.jpeg\" imageanchor=\"1\" style=\"clear: right; margin-bottom: 1em; margin-left: auto; margin-right: auto;\"><img loading=\"lazy\" loading=\"lazy\" decoding=\"async\" border=\"0\" data-original-height=\"2671\" data-original-width=\"4007\" height=\"213\" src=\"https:\/\/www.psv-wuppertal-leichtathletik.de\/wp-content\/uploads\/2022\/02\/sonne-blauer-himmel-heuballen-und-stark-1451963664.jpeg\" class=\"wp-image-911\" width=\"320\" \/><\/a><\/td>\n<\/tr>\n<tr>\n<td class=\"tr-caption\" style=\"text-align: center;\"><b>Lukas Pl. 7 U16 M14&nbsp; 2500m in 14:22 Min.<\/b><\/td>\n<\/tr>\n<\/tbody>\n<\/table>\n<p><\/p>\n<div><\/div>\n<div><\/div>\n<div><\/div>\n<div><\/div>\n<div><\/div>\n<div><\/div>\n<div><\/div>\n<div><\/div>\n<div><\/div>\n<div><\/div>\n<div><\/div>\n<div><\/div>\n<div><\/div>\n<div><\/div>\n<div><\/div>\n<div><\/div>\n<div><\/div>\n<div><\/div>\n<div><\/div>\n<div><\/div>\n<div><\/div>\n<div><\/div>\n<div><\/div>\n<div><\/div>\n<div><\/div>\n<div><\/div>\n<div><\/div>\n<div><\/div>\n<div><\/div>\n<div><\/div>\n<div><\/div>\n<div><\/div>\n<div><\/div>\n<div><\/div>\n<div><\/div>\n<div><\/div>\n<div><\/div>\n<div><\/div>\n<div><\/div>\n<div><\/div>\n<div><\/div>\n<div><\/div>\n<div><\/div>\n<table cellpadding=\"0\" cellspacing=\"0\" class=\"tr-caption-container\" style=\"float: right;\">\n<tbody>\n<tr>\n<td style=\"text-align: center;\"><a href=\"https:\/\/www.psv-wuppertal-leichtathletik.de\/wp-content\/uploads\/2022\/02\/sonne-blauer-himmel-heuballen-und-stark-284979727.jpeg\" imageanchor=\"1\" style=\"clear: right; margin-bottom: 1em; margin-left: auto; margin-right: auto; text-align: center;\"><img loading=\"lazy\" loading=\"lazy\" decoding=\"async\" border=\"0\" data-original-height=\"3120\" data-original-width=\"4160\" height=\"480\" src=\"https:\/\/www.psv-wuppertal-leichtathletik.de\/wp-content\/uploads\/2022\/02\/sonne-blauer-himmel-heuballen-und-stark-284979727.jpeg\" class=\"wp-image-912\" width=\"640\" \/><\/a><\/td>\n<\/tr>\n<tr>\n<td class=\"tr-caption\" style=\"text-align: center;\"><b>Die Blaulichter Staffel 3&#215;1700 m Pl. 9 in 25:53 Min.<br \/>v.l.nr. Neele &#8211; Oskar &#8211; Linda<\/b><\/td>\n<\/tr>\n<\/tbody>\n<\/table>\n<div><\/div>\n","protected":false},"excerpt":{"rendered":"<p>&nbsp;Cross &#8211; Heuballenlauf in Neukirchen-H\u00fclchrath Bei herrlichem Crosslaufwetter starteten am Samstag,19.02., 13 PSV&#8217;er\/innen beim traditionellen Heuballenlauf in Neukirchen. Leider konnten 4 Kinder kurzfristig durch Krankheit nicht teilnehmen. Alle Kinder wurden im Ziel mit einer Medaille f\u00fcr ihren tollen Lauf belohnt. Die Teilnehmer\/innen des PSV \u00fcberzeugten in allen Altersklassen und erzielten viele gute Ergebnisse. 4x Platz [&hellip;]<\/p>\n","protected":false},"author":2,"featured_media":898,"comment_status":"closed","ping_status":"closed","sticky":false,"template":"","format":"standard","meta":{"_et_pb_use_builder":"","_et_pb_old_content":"","_et_gb_content_width":"","footnotes":""},"categories":[20,1],"tags":[],"class_list":["post-897","post","type-post","status-publish","format-standard","has-post-thumbnail","hentry","category-alte-beitraege","category-uncategorized"],"featured_media_urls":{"thumbnail":["https:\/\/www.psv-wuppertal-leichtathletik.de\/wp-content\/uploads\/2022\/02\/sonne-blauer-himmel-heuballen-und-stark-724444612.jpeg",150,100,false],"medium":["https:\/\/www.psv-wuppertal-leichtathletik.de\/wp-content\/uploads\/2022\/02\/sonne-blauer-himmel-heuballen-und-stark-724444612.jpeg",300,200,false],"medium_large":["https:\/\/www.psv-wuppertal-leichtathletik.de\/wp-content\/uploads\/2022\/02\/sonne-blauer-himmel-heuballen-und-stark-724444612.jpeg",768,512,false],"large":["https:\/\/www.psv-wuppertal-leichtathletik.de\/wp-content\/uploads\/2022\/02\/sonne-blauer-himmel-heuballen-und-stark-724444612.jpeg",1024,682,false],"1536x1536":["https:\/\/www.psv-wuppertal-leichtathletik.de\/wp-content\/uploads\/2022\/02\/sonne-blauer-himmel-heuballen-und-stark-724444612.jpeg",1536,1023,false],"2048x2048":["https:\/\/www.psv-wuppertal-leichtathletik.de\/wp-content\/uploads\/2022\/02\/sonne-blauer-himmel-heuballen-und-stark-724444612.jpeg",1600,1066,false],"et-pb-post-main-image":["https:\/\/www.psv-wuppertal-leichtathletik.de\/wp-content\/uploads\/2022\/02\/sonne-blauer-himmel-heuballen-und-stark-724444612.jpeg",375,250,false],"et-pb-post-main-image-fullwidth":["https:\/\/www.psv-wuppertal-leichtathletik.de\/wp-content\/uploads\/2022\/02\/sonne-blauer-himmel-heuballen-und-stark-724444612.jpeg",1013,675,false],"et-pb-portfolio-image":["https:\/\/www.psv-wuppertal-leichtathletik.de\/wp-content\/uploads\/2022\/02\/sonne-blauer-himmel-heuballen-und-stark-724444612.jpeg",400,267,false],"et-pb-portfolio-module-image":["https:\/\/www.psv-wuppertal-leichtathletik.de\/wp-content\/uploads\/2022\/02\/sonne-blauer-himmel-heuballen-und-stark-724444612.jpeg",510,340,false],"et-pb-portfolio-image-single":["https:\/\/www.psv-wuppertal-leichtathletik.de\/wp-content\/uploads\/2022\/02\/sonne-blauer-himmel-heuballen-und-stark-724444612.jpeg",1080,720,false],"et-pb-gallery-module-image-portrait":["https:\/\/www.psv-wuppertal-leichtathletik.de\/wp-content\/uploads\/2022\/02\/sonne-blauer-himmel-heuballen-und-stark-724444612.jpeg",400,267,false],"et-pb-post-main-image-fullwidth-large":["https:\/\/www.psv-wuppertal-leichtathletik.de\/wp-content\/uploads\/2022\/02\/sonne-blauer-himmel-heuballen-und-stark-724444612.jpeg",1600,1066,false],"et-pb-image--responsive--desktop":["https:\/\/www.psv-wuppertal-leichtathletik.de\/wp-content\/uploads\/2022\/02\/sonne-blauer-himmel-heuballen-und-stark-724444612.jpeg",1081,720,false],"et-pb-image--responsive--tablet":["https:\/\/www.psv-wuppertal-leichtathletik.de\/wp-content\/uploads\/2022\/02\/sonne-blauer-himmel-heuballen-und-stark-724444612.jpeg",827,551,false],"et-pb-image--responsive--phone":["https:\/\/www.psv-wuppertal-leichtathletik.de\/wp-content\/uploads\/2022\/02\/sonne-blauer-himmel-heuballen-und-stark-724444612.jpeg",405,270,false],"portfolio_item-thumbnail":["https:\/\/www.psv-wuppertal-leichtathletik.de\/wp-content\/uploads\/2022\/02\/sonne-blauer-himmel-heuballen-und-stark-724444612.jpeg",600,400,false],"portfolio_item-thumbnail@2x":["https:\/\/www.psv-wuppertal-leichtathletik.de\/wp-content\/uploads\/2022\/02\/sonne-blauer-himmel-heuballen-und-stark-724444612.jpeg",1200,800,false],"portfolio_item-masonry":["https:\/\/www.psv-wuppertal-leichtathletik.de\/wp-content\/uploads\/2022\/02\/sonne-blauer-himmel-heuballen-und-stark-724444612.jpeg",600,400,false],"portfolio_item-masonry@2x":["https:\/\/www.psv-wuppertal-leichtathletik.de\/wp-content\/uploads\/2022\/02\/sonne-blauer-himmel-heuballen-und-stark-724444612.jpeg",1200,800,false],"portfolio_item-thumbnail_cinema":["https:\/\/www.psv-wuppertal-leichtathletik.de\/wp-content\/uploads\/2022\/02\/sonne-blauer-himmel-heuballen-und-stark-724444612.jpeg",503,335,false],"portfolio_item-thumbnail_portrait":["https:\/\/www.psv-wuppertal-leichtathletik.de\/wp-content\/uploads\/2022\/02\/sonne-blauer-himmel-heuballen-und-stark-724444612.jpeg",600,400,false],"portfolio_item-thumbnail_portrait@2x":["https:\/\/www.psv-wuppertal-leichtathletik.de\/wp-content\/uploads\/2022\/02\/sonne-blauer-himmel-heuballen-und-stark-724444612.jpeg",1200,800,false],"portfolio_item-thumbnail_square":["https:\/\/www.psv-wuppertal-leichtathletik.de\/wp-content\/uploads\/2022\/02\/sonne-blauer-himmel-heuballen-und-stark-724444612.jpeg",800,533,false]},"_links":{"self":[{"href":"https:\/\/www.psv-wuppertal-leichtathletik.de\/index.php?rest_route=\/wp\/v2\/posts\/897","targetHints":{"allow":["GET"]}}],"collection":[{"href":"https:\/\/www.psv-wuppertal-leichtathletik.de\/index.php?rest_route=\/wp\/v2\/posts"}],"about":[{"href":"https:\/\/www.psv-wuppertal-leichtathletik.de\/index.php?rest_route=\/wp\/v2\/types\/post"}],"author":[{"embeddable":true,"href":"https:\/\/www.psv-wuppertal-leichtathletik.de\/index.php?rest_route=\/wp\/v2\/users\/2"}],"replies":[{"embeddable":true,"href":"https:\/\/www.psv-wuppertal-leichtathletik.de\/index.php?rest_route=%2Fwp%2Fv2%2Fcomments&post=897"}],"version-history":[{"count":1,"href":"https:\/\/www.psv-wuppertal-leichtathletik.de\/index.php?rest_route=\/wp\/v2\/posts\/897\/revisions"}],"predecessor-version":[{"id":1010,"href":"https:\/\/www.psv-wuppertal-leichtathletik.de\/index.php?rest_route=\/wp\/v2\/posts\/897\/revisions\/1010"}],"wp:featuredmedia":[{"embeddable":true,"href":"https:\/\/www.psv-wuppertal-leichtathletik.de\/index.php?rest_route=\/wp\/v2\/media\/898"}],"wp:attachment":[{"href":"https:\/\/www.psv-wuppertal-leichtathletik.de\/index.php?rest_route=%2Fwp%2Fv2%2Fmedia&parent=897"}],"wp:term":[{"taxonomy":"category","embeddable":true,"href":"https:\/\/www.psv-wuppertal-leichtathletik.de\/index.php?rest_route=%2Fwp%2Fv2%2Fcategories&post=897"},{"taxonomy":"post_tag","embeddable":true,"href":"https:\/\/www.psv-wuppertal-leichtathletik.de\/index.php?rest_route=%2Fwp%2Fv2%2Ftags&post=897"}],"curies":[{"name":"wp","href":"https:\/\/api.w.org\/{rel}","templated":true}]}}