{"id":955,"date":"2021-11-20T20:50:00","date_gmt":"2021-11-20T20:50:00","guid":{"rendered":"https:\/\/www.psv-wuppertal-leichtathletik.de\/uncategorized\/48-neusser-erftlauf_20\/"},"modified":"2023-01-08T17:42:48","modified_gmt":"2023-01-08T17:42:48","slug":"48-neusser-erftlauf_20","status":"publish","type":"post","link":"https:\/\/www.psv-wuppertal-leichtathletik.de\/?p=955","title":{"rendered":"48. Neusser Erftlauf"},"content":{"rendered":"<p style=\"text-align: center;\">&nbsp; &nbsp; &nbsp; &nbsp; &nbsp; &nbsp; &nbsp; &nbsp; &nbsp; &nbsp; &nbsp; &nbsp; &nbsp; &nbsp; &nbsp; &nbsp; &nbsp; &nbsp; &nbsp; &nbsp; &nbsp; &nbsp; &nbsp;&nbsp;<b><span style=\"font-size: large;\">PSV Nachwuchs \u00fcberzeugt&nbsp; &nbsp; &nbsp; &nbsp; &nbsp; &nbsp; &nbsp; &nbsp; &nbsp; &nbsp; &nbsp; &nbsp; &nbsp; &nbsp; &nbsp; &nbsp;&nbsp;<\/span><\/b><b><span style=\"font-size: large;\">beim<\/span><\/b><b><span style=\"font-size: large;\">&nbsp;Neusser Erftlauf<\/span><\/b><\/p>\n<p style=\"text-align: left;\"><b><span style=\"font-size: medium;\">Mit einem kleinen Aufgebot ging der PSV Wuppertal beim Erftlauf in Neuss an den Start. Nach einer Einlaufrunde und ein wenig Dehnung ging es schon f\u00fcr Nico Sch. auf die 800m lange Stecke durchs Gel\u00e4nde der Sportanlage. Nico belegte einen guten 9. Platz in seiner Altersklasse. Sofie E. konnte in ihrem Lauf bei den M\u00e4dels W7 auch einen sch\u00f6nen 9. Platz erk\u00e4mpfen. Wenig sp\u00e4ter schaltete die Ampel dann f\u00fcr Oskar B. auf&nbsp; gr\u00fcn und er begab sich auf die 1000m Strecke. Oskar k\u00e4mpfte sich \u00fcber die schnelle Strecke und wurde mit einer tollen Zeit von 3:51 Min. und dem 2. Platz belohnt. Neele L. fehlte nach ihrer Krankheit ein wenig die Kraft und kam bei den M\u00e4dels W 8 auf den 5. Platz. Einen tollen Wettkampf bot Tessa in ihrem 1. Wettkampflauf. Mutig ging sie das schnelle Tempo der M\u00e4dels vom Start weg mit. Gegen Ende ging ihr ein wenig die Luft aus, sie konnte ihren starken 5. Platz jedoch bis ins Ziel verteidigen. Kurze Zeit sp\u00e4ter schaltete die Ampel dann f\u00fcr Hannah Sch. auf Gr\u00fcn und es ging los. Von Anfang an war Hannah in der Spitzengruppe und f\u00fchrte diese bis kurz vor dem Ziel an. Auf der Zielgeraden musste Hannah noch 2 M\u00e4dels vorbei lassen und verpasste den Sieg um eine knappe Sekunde. Im letzten Rennen gingen dann Jannis und Kjell bei der U14 auf die schnelle Reise \u00fcber 1000m. Kjell konnte sich am Ende nach gutem Lauf \u00fcber Platz 5 und Jannis \u00fcber Platz 3 und dem Platz auf dem Stockerl freuen.<\/span><\/b><\/p>\n<p style=\"text-align: left;\"><b><span style=\"font-size: medium;\">Allen Kinder haben eine tolle Leistung erzielt und den PSV Wuppertal sehr gut beim Erftlauf vertreten.<\/span><\/b><\/p>\n<p style=\"text-align: left;\"><b><span style=\"font-size: medium;\">Euer Runny<\/span><\/b><\/p>\n<p style=\"text-align: center;\"><b><span style=\"font-size: large;\">Start mit der Ampel !<\/span><\/b><\/p>\n<table align=\"center\" cellpadding=\"0\" cellspacing=\"0\" class=\"tr-caption-container\" style=\"float: left; margin-right: 1em; text-align: left;\">\n<tbody>\n<tr>\n<td style=\"text-align: center;\"><a href=\"https:\/\/1.bp.blogspot.com\/-HCzXpPodmLI\/YZlO3I_BaeI\/AAAAAAAAdPE\/xdNIUD0gQ5IxYOBl_lfTkG-vcPiORWCkgCPcBGAsYHg\/s4160\/IMG_20211120_122249.jpg\" style=\"clear: left; display: inline; font-weight: bold; margin-bottom: 1em; margin-left: auto; margin-right: auto; text-align: center;\"><img fetchpriority=\"high\" fetchpriority=\"high\" decoding=\"async\" border=\"0\" data-original-height=\"4160\" data-original-width=\"3120\" height=\"320\" src=\"https:\/\/www.psv-wuppertal-leichtathletik.de\/wp-content\/uploads\/2021\/11\/IMG_20211120_122249.jpg\" class=\"wp-image-956\" width=\"240\" \/><\/a><\/td>\n<\/tr>\n<tr>\n<td class=\"tr-caption\" style=\"text-align: center;\"><b>Auf die Pl\u00e4tze fertig<\/b><\/td>\n<\/tr>\n<\/tbody>\n<\/table>\n<table cellpadding=\"0\" cellspacing=\"0\" class=\"tr-caption-container\" style=\"float: right;\">\n<tbody>\n<tr>\n<td style=\"text-align: center;\"><a href=\"https:\/\/1.bp.blogspot.com\/-bpC1ItnVyZs\/YZlO3BuwJOI\/AAAAAAAAdPE\/-pDpvxvS_LskshXTcgOn9RBqQfU3AGe8wCPcBGAsYHg\/s4160\/IMG_20211120_122250.jpg\" style=\"clear: right; display: inline; margin-bottom: 1em; margin-left: auto; margin-right: auto; text-align: center;\"><img decoding=\"async\" border=\"0\" data-original-height=\"4160\" data-original-width=\"3120\" height=\"320\" src=\"https:\/\/www.psv-wuppertal-leichtathletik.de\/wp-content\/uploads\/2021\/11\/IMG_20211120_122250.jpg\" class=\"wp-image-957\" width=\"240\" \/><\/a><\/td>\n<\/tr>\n<tr>\n<td class=\"tr-caption\" style=\"text-align: center;\"><b>Los<\/b><\/td>\n<\/tr>\n<\/tbody>\n<\/table>\n<table align=\"center\" cellpadding=\"0\" cellspacing=\"0\" class=\"tr-caption-container\" style=\"float: left; margin-right: 1em; text-align: left;\">\n<tbody>\n<tr>\n<td style=\"text-align: center;\"><img decoding=\"async\" border=\"0\" data-original-height=\"4160\" data-original-width=\"3120\" height=\"320\" src=\"https:\/\/www.psv-wuppertal-leichtathletik.de\/wp-content\/uploads\/2021\/11\/IMG_20211120_115537.jpg\" class=\"wp-image-958\" style=\"margin-left: auto; margin-right: auto;\" width=\"240\" \/><\/td>\n<\/tr>\n<tr>\n<td class=\"tr-caption\" style=\"text-align: center;\"><b>Nico am Start<\/b><\/td>\n<\/tr>\n<\/tbody>\n<\/table>\n<table align=\"center\" cellpadding=\"0\" cellspacing=\"0\" class=\"tr-caption-container\" style=\"margin-left: auto; margin-right: auto;\">\n<tbody>\n<tr>\n<td style=\"text-align: center;\"><a href=\"https:\/\/1.bp.blogspot.com\/-d0xsPPI35Ew\/YZk-Zrp9B9I\/AAAAAAAAdN0\/0-aY1ZbPss8jb4-D5B5egT3LaJS9YyqgACPcBGAsYHg\/s4160\/IMG_20211120_114948.jpg\" style=\"clear: right; display: inline; font-weight: bold; margin-bottom: 1em; margin-left: auto; margin-right: auto;\"><img loading=\"lazy\" loading=\"lazy\" decoding=\"async\" border=\"0\" data-original-height=\"3120\" data-original-width=\"4160\" height=\"240\" src=\"https:\/\/www.psv-wuppertal-leichtathletik.de\/wp-content\/uploads\/2021\/11\/IMG_20211120_114948.jpg\" class=\"wp-image-959\" width=\"320\" \/><\/a><\/td>\n<\/tr>\n<tr>\n<td class=\"tr-caption\" style=\"text-align: center;\"><b>v.l.n.R. Nico,Tessa,Neele,Sofie u. Oskar<\/b><\/td>\n<\/tr>\n<\/tbody>\n<\/table>\n<table cellpadding=\"0\" cellspacing=\"0\" class=\"tr-caption-container\" style=\"float: right;\">\n<tbody>\n<tr>\n<td style=\"text-align: center;\"><a href=\"https:\/\/1.bp.blogspot.com\/-GhTvnE0j6Ic\/YZk_eykbnlI\/AAAAAAAAdOI\/rpexHTJI9-Q9ZrefmDy4mdy7zKp8-NdBwCPcBGAsYHg\/s4160\/IMG_20211120_121211.jpg\" style=\"clear: right; display: inline; margin-bottom: 1em; margin-left: auto; margin-right: auto; text-align: center;\"><img loading=\"lazy\" loading=\"lazy\" decoding=\"async\" border=\"0\" data-original-height=\"4160\" data-original-width=\"3120\" height=\"320\" src=\"https:\/\/www.psv-wuppertal-leichtathletik.de\/wp-content\/uploads\/2021\/11\/IMG_20211120_121211.jpg\" class=\"wp-image-960\" width=\"240\" \/><\/a><\/td>\n<\/tr>\n<tr>\n<td class=\"tr-caption\" style=\"text-align: center;\"><b>Hallo, was ist los?<\/b><\/td>\n<\/tr>\n<\/tbody>\n<\/table>\n<table align=\"center\" cellpadding=\"0\" cellspacing=\"0\" class=\"tr-caption-container\" style=\"margin-left: auto; margin-right: auto;\">\n<tbody>\n<tr>\n<td style=\"text-align: center;\"><a href=\"https:\/\/1.bp.blogspot.com\/-SAotY1wBHHM\/YZk_VKeXQiI\/AAAAAAAAdOE\/LG57GT8sgzcBM_-1DeKx3CyEp0Zomos6wCPcBGAsYHg\/s4160\/IMG_20211120_120032.jpg\" style=\"clear: left; display: inline; margin-bottom: 1em; margin-left: auto; margin-right: auto; text-align: center;\"><img loading=\"lazy\" loading=\"lazy\" decoding=\"async\" border=\"0\" data-original-height=\"4160\" data-original-width=\"3120\" height=\"320\" src=\"https:\/\/www.psv-wuppertal-leichtathletik.de\/wp-content\/uploads\/2021\/11\/IMG_20211120_120032.jpg\" class=\"wp-image-961\" width=\"240\" \/><\/a><\/td>\n<\/tr>\n<tr>\n<td class=\"tr-caption\" style=\"text-align: center;\">Jetzt geht&#8217;s los<\/td>\n<\/tr>\n<\/tbody>\n<\/table>\n<table align=\"center\" cellpadding=\"0\" cellspacing=\"0\" class=\"tr-caption-container\" style=\"float: left; margin-right: 1em; text-align: left;\">\n<tbody>\n<tr>\n<td style=\"text-align: center;\"><img loading=\"lazy\" loading=\"lazy\" decoding=\"async\" border=\"0\" data-original-height=\"4160\" data-original-width=\"3120\" height=\"320\" src=\"https:\/\/www.psv-wuppertal-leichtathletik.de\/wp-content\/uploads\/2021\/11\/IMG_20211120_122036.jpg\" class=\"wp-image-962\" style=\"margin-left: auto; margin-right: auto;\" width=\"240\" \/><\/td>\n<\/tr>\n<tr>\n<td class=\"tr-caption\" style=\"text-align: center;\"><b>Neele und Tessa<\/b><\/td>\n<\/tr>\n<\/tbody>\n<\/table>\n<table cellpadding=\"0\" cellspacing=\"0\" class=\"tr-caption-container\" style=\"float: right;\">\n<tbody>\n<tr>\n<td style=\"text-align: center;\"><a href=\"https:\/\/1.bp.blogspot.com\/-a7b-p6Vp3ks\/YZlHItOIMtI\/AAAAAAAAdOc\/-LVS5GAVpqQr9nwEm9ZU0kHs4FgpyuSPwCPcBGAsYHg\/s4160\/IMG_20211120_121159.jpg\" style=\"clear: right; margin-bottom: 1em; margin-left: auto; margin-right: auto;\"><img loading=\"lazy\" loading=\"lazy\" decoding=\"async\" border=\"0\" data-original-height=\"4160\" data-original-width=\"3120\" height=\"320\" src=\"https:\/\/www.psv-wuppertal-leichtathletik.de\/wp-content\/uploads\/2021\/11\/IMG_20211120_121159.jpg\" class=\"wp-image-963\" width=\"240\" \/><\/a><\/td>\n<\/tr>\n<tr>\n<td class=\"tr-caption\" style=\"text-align: center;\"><b>Oskar ist gespannt<\/b><\/td>\n<\/tr>\n<\/tbody>\n<\/table>\n<div class=\"separator\" style=\"clear: both; text-align: center;\"><\/div>\n<table align=\"center\" cellpadding=\"0\" cellspacing=\"0\" class=\"tr-caption-container\" style=\"float: left; margin-right: 1em; text-align: left;\">\n<tbody>\n<tr>\n<td style=\"text-align: center;\"><img loading=\"lazy\" loading=\"lazy\" decoding=\"async\" border=\"0\" data-original-height=\"4160\" data-original-width=\"3120\" height=\"320\" src=\"https:\/\/www.psv-wuppertal-leichtathletik.de\/wp-content\/uploads\/2021\/11\/IMG_20211120_123551.jpg\" class=\"wp-image-964\" style=\"margin-left: auto; margin-right: auto;\" width=\"240\" \/><\/td>\n<\/tr>\n<tr>\n<td class=\"tr-caption\" style=\"text-align: center;\"><b>Jannis und Kjell<\/b><\/td>\n<\/tr>\n<\/tbody>\n<\/table>\n<table align=\"center\" cellpadding=\"0\" cellspacing=\"0\" class=\"tr-caption-container\" style=\"margin-left: auto; margin-right: auto;\">\n<tbody>\n<tr>\n<td style=\"text-align: center;\"><img loading=\"lazy\" loading=\"lazy\" decoding=\"async\" border=\"0\" data-original-height=\"4160\" data-original-width=\"3120\" height=\"320\" src=\"https:\/\/www.psv-wuppertal-leichtathletik.de\/wp-content\/uploads\/2021\/11\/IMG_20211120_122904.jpg\" class=\"wp-image-965\" style=\"margin-left: auto; margin-right: auto;\" width=\"240\" \/><\/td>\n<\/tr>\n<tr>\n<td class=\"tr-caption\" style=\"text-align: center;\"><b>Hannah etwas vertr\u00e4umt<\/b><\/td>\n<\/tr>\n<\/tbody>\n<\/table>\n<div class=\"separator\" style=\"clear: both; text-align: center;\"><\/div>\n<table align=\"center\" cellpadding=\"0\" cellspacing=\"0\" class=\"tr-caption-container\" style=\"float: left; margin-right: 1em; text-align: left;\">\n<tbody>\n<tr>\n<td style=\"text-align: center;\"><a href=\"https:\/\/1.bp.blogspot.com\/-tn3bfMSeudU\/YZlKxN95QrI\/AAAAAAAAdO0\/5ZFZMyVaHco1AMCO5CaaLu1_Oq_ulhaFQCPcBGAsYHg\/s4160\/IMG_20211120_130908.jpg\" style=\"clear: right; display: inline; margin-bottom: 1em; margin-left: auto; margin-right: auto;\"><img loading=\"lazy\" loading=\"lazy\" decoding=\"async\" border=\"0\" data-original-height=\"4160\" data-original-width=\"3120\" height=\"320\" src=\"https:\/\/www.psv-wuppertal-leichtathletik.de\/wp-content\/uploads\/2021\/11\/IMG_20211120_130908.jpg\" class=\"wp-image-966\" width=\"240\" \/><\/a><\/td>\n<\/tr>\n<tr>\n<td class=\"tr-caption\" style=\"text-align: center;\"><b>stolz wie Oskar \u00fcber Pl. 2<\/b><\/td>\n<\/tr>\n<\/tbody>\n<\/table>\n<table align=\"center\" cellpadding=\"0\" cellspacing=\"0\" class=\"tr-caption-container\" style=\"margin-left: auto; margin-right: auto;\">\n<tbody>\n<tr>\n<td style=\"text-align: center;\"><a href=\"https:\/\/1.bp.blogspot.com\/-RkAkb0bvJVg\/YZlKxFZZfOI\/AAAAAAAAdO0\/8g_QJKKHS0kzTOlzOxtnzp3b-zwlBqnvQCPcBGAsYHg\/s4160\/IMG_20211120_130318.jpg\" style=\"clear: left; display: inline; margin-bottom: 1em; margin-left: auto; margin-right: auto;\"><b><img loading=\"lazy\" loading=\"lazy\" decoding=\"async\" border=\"0\" data-original-height=\"4160\" data-original-width=\"3120\" height=\"320\" src=\"https:\/\/www.psv-wuppertal-leichtathletik.de\/wp-content\/uploads\/2021\/11\/IMG_20211120_130318.jpg\" class=\"wp-image-967\" width=\"240\" \/><\/b><\/a><\/td>\n<\/tr>\n<tr>\n<td class=\"tr-caption\" style=\"text-align: center;\"><b>strahlende Hannah auf dem Treppchen<\/b><\/td>\n<\/tr>\n<\/tbody>\n<\/table>\n<div class=\"separator\" style=\"clear: both; text-align: center;\"><a href=\"https:\/\/1.bp.blogspot.com\/-tn3bfMSeudU\/YZlKxN95QrI\/AAAAAAAAdO0\/5ZFZMyVaHco1AMCO5CaaLu1_Oq_ulhaFQCPcBGAsYHg\/s4160\/IMG_20211120_130908.jpg\" style=\"clear: right; display: inline; float: right; margin-bottom: 1em; margin-left: 1em;\"><\/a><\/div>\n<table align=\"center\" cellpadding=\"0\" cellspacing=\"0\" class=\"tr-caption-container\" style=\"margin-left: auto; margin-right: auto;\">\n<tbody>\n<tr>\n<td style=\"text-align: center;\"><a href=\"https:\/\/1.bp.blogspot.com\/-6gFQ3uDJZa4\/YZlOpVV9PbI\/AAAAAAAAdPA\/amG3B3sLUqo9Q5rxDft7zP8W1OCYGF2lwCPcBGAsYHg\/s4160\/IMG_20211120_130802.jpg\" style=\"margin-left: auto; margin-right: auto;\"><img loading=\"lazy\" loading=\"lazy\" decoding=\"async\" border=\"0\" data-original-height=\"4160\" data-original-width=\"3120\" height=\"320\" src=\"https:\/\/www.psv-wuppertal-leichtathletik.de\/wp-content\/uploads\/2021\/11\/IMG_20211120_130802.jpg\" class=\"wp-image-968\" width=\"240\" \/><\/a><\/td>\n<\/tr>\n<tr>\n<td class=\"tr-caption\" style=\"text-align: center;\"><b>seht her, Platz 3<\/b><\/td>\n<\/tr>\n<\/tbody>\n<\/table>\n<p><\/p>\n<div class=\"separator\" style=\"clear: both; text-align: center;\"><\/div>\n","protected":false},"excerpt":{"rendered":"<p>&nbsp; &nbsp; &nbsp; &nbsp; &nbsp; &nbsp; &nbsp; &nbsp; &nbsp; &nbsp; &nbsp; &nbsp; &nbsp; &nbsp; &nbsp; &nbsp; &nbsp; &nbsp; &nbsp; &nbsp; &nbsp; &nbsp; &nbsp;&nbsp;PSV Nachwuchs \u00fcberzeugt&nbsp; &nbsp; &nbsp; &nbsp; &nbsp; &nbsp; &nbsp; &nbsp; &nbsp; &nbsp; &nbsp; &nbsp; &nbsp; &nbsp; &nbsp; &nbsp;&nbsp;beim&nbsp;Neusser Erftlauf Mit einem kleinen Aufgebot ging der PSV Wuppertal beim Erftlauf in Neuss an den [&hellip;]<\/p>\n","protected":false},"author":2,"featured_media":956,"comment_status":"closed","ping_status":"closed","sticky":false,"template":"","format":"standard","meta":{"_et_pb_use_builder":"","_et_pb_old_content":"","_et_gb_content_width":"","footnotes":""},"categories":[20,1],"tags":[],"class_list":["post-955","post","type-post","status-publish","format-standard","has-post-thumbnail","hentry","category-alte-beitraege","category-uncategorized"],"featured_media_urls":{"thumbnail":["https:\/\/www.psv-wuppertal-leichtathletik.de\/wp-content\/uploads\/2021\/11\/IMG_20211120_122249.jpg",113,150,false],"medium":["https:\/\/www.psv-wuppertal-leichtathletik.de\/wp-content\/uploads\/2021\/11\/IMG_20211120_122249.jpg",225,300,false],"medium_large":["https:\/\/www.psv-wuppertal-leichtathletik.de\/wp-content\/uploads\/2021\/11\/IMG_20211120_122249.jpg",240,320,false],"large":["https:\/\/www.psv-wuppertal-leichtathletik.de\/wp-content\/uploads\/2021\/11\/IMG_20211120_122249.jpg",240,320,false],"1536x1536":["https:\/\/www.psv-wuppertal-leichtathletik.de\/wp-content\/uploads\/2021\/11\/IMG_20211120_122249.jpg",240,320,false],"2048x2048":["https:\/\/www.psv-wuppertal-leichtathletik.de\/wp-content\/uploads\/2021\/11\/IMG_20211120_122249.jpg",240,320,false],"et-pb-post-main-image":["https:\/\/www.psv-wuppertal-leichtathletik.de\/wp-content\/uploads\/2021\/11\/IMG_20211120_122249.jpg",188,250,false],"et-pb-post-main-image-fullwidth":["https:\/\/www.psv-wuppertal-leichtathletik.de\/wp-content\/uploads\/2021\/11\/IMG_20211120_122249.jpg",240,320,false],"et-pb-portfolio-image":["https:\/\/www.psv-wuppertal-leichtathletik.de\/wp-content\/uploads\/2021\/11\/IMG_20211120_122249.jpg",213,284,false],"et-pb-portfolio-module-image":["https:\/\/www.psv-wuppertal-leichtathletik.de\/wp-content\/uploads\/2021\/11\/IMG_20211120_122249.jpg",240,320,false],"et-pb-portfolio-image-single":["https:\/\/www.psv-wuppertal-leichtathletik.de\/wp-content\/uploads\/2021\/11\/IMG_20211120_122249.jpg",240,320,false],"et-pb-gallery-module-image-portrait":["https:\/\/www.psv-wuppertal-leichtathletik.de\/wp-content\/uploads\/2021\/11\/IMG_20211120_122249.jpg",240,320,false],"et-pb-post-main-image-fullwidth-large":["https:\/\/www.psv-wuppertal-leichtathletik.de\/wp-content\/uploads\/2021\/11\/IMG_20211120_122249.jpg",240,320,false],"et-pb-image--responsive--desktop":["https:\/\/www.psv-wuppertal-leichtathletik.de\/wp-content\/uploads\/2021\/11\/IMG_20211120_122249.jpg",240,320,false],"et-pb-image--responsive--tablet":["https:\/\/www.psv-wuppertal-leichtathletik.de\/wp-content\/uploads\/2021\/11\/IMG_20211120_122249.jpg",240,320,false],"et-pb-image--responsive--phone":["https:\/\/www.psv-wuppertal-leichtathletik.de\/wp-content\/uploads\/2021\/11\/IMG_20211120_122249.jpg",203,270,false],"portfolio_item-thumbnail":["https:\/\/www.psv-wuppertal-leichtathletik.de\/wp-content\/uploads\/2021\/11\/IMG_20211120_122249.jpg",240,320,false],"portfolio_item-thumbnail@2x":["https:\/\/www.psv-wuppertal-leichtathletik.de\/wp-content\/uploads\/2021\/11\/IMG_20211120_122249.jpg",240,320,false],"portfolio_item-masonry":["https:\/\/www.psv-wuppertal-leichtathletik.de\/wp-content\/uploads\/2021\/11\/IMG_20211120_122249.jpg",240,320,false],"portfolio_item-masonry@2x":["https:\/\/www.psv-wuppertal-leichtathletik.de\/wp-content\/uploads\/2021\/11\/IMG_20211120_122249.jpg",240,320,false],"portfolio_item-thumbnail_cinema":["https:\/\/www.psv-wuppertal-leichtathletik.de\/wp-content\/uploads\/2021\/11\/IMG_20211120_122249.jpg",240,320,false],"portfolio_item-thumbnail_portrait":["https:\/\/www.psv-wuppertal-leichtathletik.de\/wp-content\/uploads\/2021\/11\/IMG_20211120_122249.jpg",240,320,false],"portfolio_item-thumbnail_portrait@2x":["https:\/\/www.psv-wuppertal-leichtathletik.de\/wp-content\/uploads\/2021\/11\/IMG_20211120_122249.jpg",240,320,false],"portfolio_item-thumbnail_square":["https:\/\/www.psv-wuppertal-leichtathletik.de\/wp-content\/uploads\/2021\/11\/IMG_20211120_122249.jpg",240,320,false]},"_links":{"self":[{"href":"https:\/\/www.psv-wuppertal-leichtathletik.de\/index.php?rest_route=\/wp\/v2\/posts\/955","targetHints":{"allow":["GET"]}}],"collection":[{"href":"https:\/\/www.psv-wuppertal-leichtathletik.de\/index.php?rest_route=\/wp\/v2\/posts"}],"about":[{"href":"https:\/\/www.psv-wuppertal-leichtathletik.de\/index.php?rest_route=\/wp\/v2\/types\/post"}],"author":[{"embeddable":true,"href":"https:\/\/www.psv-wuppertal-leichtathletik.de\/index.php?rest_route=\/wp\/v2\/users\/2"}],"replies":[{"embeddable":true,"href":"https:\/\/www.psv-wuppertal-leichtathletik.de\/index.php?rest_route=%2Fwp%2Fv2%2Fcomments&post=955"}],"version-history":[{"count":1,"href":"https:\/\/www.psv-wuppertal-leichtathletik.de\/index.php?rest_route=\/wp\/v2\/posts\/955\/revisions"}],"predecessor-version":[{"id":1015,"href":"https:\/\/www.psv-wuppertal-leichtathletik.de\/index.php?rest_route=\/wp\/v2\/posts\/955\/revisions\/1015"}],"wp:featuredmedia":[{"embeddable":true,"href":"https:\/\/www.psv-wuppertal-leichtathletik.de\/index.php?rest_route=\/wp\/v2\/media\/956"}],"wp:attachment":[{"href":"https:\/\/www.psv-wuppertal-leichtathletik.de\/index.php?rest_route=%2Fwp%2Fv2%2Fmedia&parent=955"}],"wp:term":[{"taxonomy":"category","embeddable":true,"href":"https:\/\/www.psv-wuppertal-leichtathletik.de\/index.php?rest_route=%2Fwp%2Fv2%2Fcategories&post=955"},{"taxonomy":"post_tag","embeddable":true,"href":"https:\/\/www.psv-wuppertal-leichtathletik.de\/index.php?rest_route=%2Fwp%2Fv2%2Ftags&post=955"}],"curies":[{"name":"wp","href":"https:\/\/api.w.org\/{rel}","templated":true}]}}