{"id":980,"date":"2021-11-14T19:12:00","date_gmt":"2021-11-14T19:12:00","guid":{"rendered":"https:\/\/www.psv-wuppertal-leichtathletik.de\/uncategorized\/gluckliche-psvler\/"},"modified":"2023-01-08T17:41:33","modified_gmt":"2023-01-08T17:41:33","slug":"gluckliche-psvler","status":"publish","type":"post","link":"https:\/\/www.psv-wuppertal-leichtathletik.de\/?p=980","title":{"rendered":"Gl\u00fcckliche PSV`ler"},"content":{"rendered":"<p style=\"text-align: center;\"><b><span style=\"font-size: large;\">Erfolgreiche PSV L\u00e4ufer<\/span><\/b><\/p>\n<div class=\"separator\" style=\"clear: both; text-align: center;\">\n<p><\/p>\n<p style=\"text-align: left;\"><b>Am Sonntag wurden 3 unserer erfolgreichen L\u00e4ufer bei der Jugendausschusssitzung des LVN-Mitte f\u00fcr ihre sportliche Leistung in 2021 geehrt. Florian F., Jarno V. und Lucian U. geh\u00f6ren in unserer Region zu den st\u00e4rksten 6 Leichtathleten des Jahrganges 2008. Unsere 3 Jungen wurden durch ihre tollen Zeiten \u00fcber 800m bzw. 2000m zu dieser Ehrung eingeladen. Sie haben sich gegen viele andere Jungen aus Sprint, Sprung und Mittelstreckenlauf durchgesetzt.<\/b><\/p>\n<p style=\"text-align: left;\"><b>Herzlichen Gl\u00fcckwunsch ! Macht so weiter!<\/b><\/p>\n<\/div>\n<div class=\"separator\" style=\"clear: both; text-align: center;\"><\/div>\n<table cellpadding=\"0\" cellspacing=\"0\" class=\"tr-caption-container\" style=\"float: left;\">\n<tbody>\n<tr>\n<td style=\"text-align: center;\"><a href=\"https:\/\/1.bp.blogspot.com\/-K3YTL09oPEc\/YZFchYFVV4I\/AAAAAAAAdGM\/Y7T_ZM-lcKMnDHxqrXCOi9kuI7LCPPESACPcBGAsYHg\/s2016\/IMG-20211114-WA0011.jpg\" imageanchor=\"1\" style=\"clear: left; margin-bottom: 1em; margin-left: auto; margin-right: auto;\"><img fetchpriority=\"high\" fetchpriority=\"high\" decoding=\"async\" border=\"0\" data-original-height=\"1512\" data-original-width=\"2016\" height=\"266\" src=\"https:\/\/www.psv-wuppertal-leichtathletik.de\/wp-content\/uploads\/2021\/11\/IMG-20211114-WA0011.jpg\" class=\"wp-image-981\" width=\"368\" \/><\/a><\/td>\n<\/tr>\n<tr>\n<td class=\"tr-caption\" style=\"text-align: center;\"><b>Ehrung in der Walter-Rettinghaus Halle<\/b><\/td>\n<\/tr>\n<\/tbody>\n<\/table>\n<table cellpadding=\"0\" cellspacing=\"0\" class=\"tr-caption-container\" style=\"float: right;\">\n<tbody>\n<tr>\n<td style=\"text-align: center;\"><a href=\"https:\/\/1.bp.blogspot.com\/-RS5KzoTCFgs\/YZFchcEugbI\/AAAAAAAAdGM\/cT9590ZO8uEcWh-ngUQI86rrQzk4IDPWwCPcBGAsYHg\/s2016\/IMG-20211114-WA0010.jpg\" imageanchor=\"1\" style=\"clear: right; margin-bottom: 1em; margin-left: auto; margin-right: auto;\"><img decoding=\"async\" border=\"0\" data-original-height=\"1512\" data-original-width=\"2016\" height=\"269\" src=\"https:\/\/www.psv-wuppertal-leichtathletik.de\/wp-content\/uploads\/2021\/11\/IMG-20211114-WA0010.jpg\" class=\"wp-image-982\" width=\"452\" \/><\/a><\/td>\n<\/tr>\n<tr>\n<td class=\"tr-caption\" style=\"text-align: center;\"><b>in D\u00fcsseldorf-Angermund<\/b><\/td>\n<\/tr>\n<\/tbody>\n<\/table>\n<table cellpadding=\"0\" cellspacing=\"0\" class=\"tr-caption-container\" style=\"float: left;\">\n<tbody>\n<tr>\n<td style=\"text-align: center;\"><a href=\"https:\/\/1.bp.blogspot.com\/-RinXMfJRbAk\/YZFchRcKQFI\/AAAAAAAAdGM\/xZGjTOqLiOkLzGkibyBqEHDXEi18cBaYwCPcBGAsYHg\/s2016\/IMG-20211114-WA0005.jpg\" imageanchor=\"1\" style=\"clear: left; margin-bottom: 1em; margin-left: auto; margin-right: auto;\"><img decoding=\"async\" border=\"0\" data-original-height=\"2016\" data-original-width=\"1512\" height=\"378\" src=\"https:\/\/www.psv-wuppertal-leichtathletik.de\/wp-content\/uploads\/2021\/11\/IMG-20211114-WA0005.jpg\" class=\"wp-image-983\" width=\"286\" \/><\/a><\/td>\n<\/tr>\n<tr>\n<td class=\"tr-caption\" style=\"text-align: center;\"><b>v.l.n.r. Lucian, Jarno, Florian<\/b><\/td>\n<\/tr>\n<\/tbody>\n<\/table>\n<div class=\"separator\" style=\"clear: both; text-align: center;\"><a href=\"https:\/\/1.bp.blogspot.com\/-Y6d5wstvy-4\/YZFchScPfUI\/AAAAAAAAdGM\/yewzlohqupcrFWIcWYd7DHXqfThz1lsAACPcBGAsYHg\/s2016\/IMG-20211114-WA0008.jpg\" imageanchor=\"1\" style=\"clear: right; float: right; margin-bottom: 1em; margin-left: 1em;\"><img loading=\"lazy\" loading=\"lazy\" decoding=\"async\" border=\"0\" data-original-height=\"2016\" data-original-width=\"1512\" height=\"360\" src=\"https:\/\/www.psv-wuppertal-leichtathletik.de\/wp-content\/uploads\/2021\/11\/IMG-20211114-WA0008.jpg\" class=\"wp-image-984\" width=\"290\" \/><\/a><\/div>\n<p>&nbsp;<\/p>\n<p style=\"text-align: center;\"><\/p>\n","protected":false},"excerpt":{"rendered":"<p>Erfolgreiche PSV L\u00e4ufer Am Sonntag wurden 3 unserer erfolgreichen L\u00e4ufer bei der Jugendausschusssitzung des LVN-Mitte f\u00fcr ihre sportliche Leistung in 2021 geehrt. Florian F., Jarno V. und Lucian U. geh\u00f6ren in unserer Region zu den st\u00e4rksten 6 Leichtathleten des Jahrganges 2008. Unsere 3 Jungen wurden durch ihre tollen Zeiten \u00fcber 800m bzw. 2000m zu dieser [&hellip;]<\/p>\n","protected":false},"author":2,"featured_media":981,"comment_status":"open","ping_status":"closed","sticky":false,"template":"","format":"standard","meta":{"_et_pb_use_builder":"","_et_pb_old_content":"","_et_gb_content_width":"","footnotes":""},"categories":[20,1],"tags":[],"class_list":["post-980","post","type-post","status-publish","format-standard","has-post-thumbnail","hentry","category-alte-beitraege","category-uncategorized"],"featured_media_urls":{"thumbnail":["https:\/\/www.psv-wuppertal-leichtathletik.de\/wp-content\/uploads\/2021\/11\/IMG-20211114-WA0011.jpg",150,112,false],"medium":["https:\/\/www.psv-wuppertal-leichtathletik.de\/wp-content\/uploads\/2021\/11\/IMG-20211114-WA0011.jpg",300,225,false],"medium_large":["https:\/\/www.psv-wuppertal-leichtathletik.de\/wp-content\/uploads\/2021\/11\/IMG-20211114-WA0011.jpg",355,266,false],"large":["https:\/\/www.psv-wuppertal-leichtathletik.de\/wp-content\/uploads\/2021\/11\/IMG-20211114-WA0011.jpg",355,266,false],"1536x1536":["https:\/\/www.psv-wuppertal-leichtathletik.de\/wp-content\/uploads\/2021\/11\/IMG-20211114-WA0011.jpg",355,266,false],"2048x2048":["https:\/\/www.psv-wuppertal-leichtathletik.de\/wp-content\/uploads\/2021\/11\/IMG-20211114-WA0011.jpg",355,266,false],"et-pb-post-main-image":["https:\/\/www.psv-wuppertal-leichtathletik.de\/wp-content\/uploads\/2021\/11\/IMG-20211114-WA0011.jpg",334,250,false],"et-pb-post-main-image-fullwidth":["https:\/\/www.psv-wuppertal-leichtathletik.de\/wp-content\/uploads\/2021\/11\/IMG-20211114-WA0011.jpg",355,266,false],"et-pb-portfolio-image":["https:\/\/www.psv-wuppertal-leichtathletik.de\/wp-content\/uploads\/2021\/11\/IMG-20211114-WA0011.jpg",355,266,false],"et-pb-portfolio-module-image":["https:\/\/www.psv-wuppertal-leichtathletik.de\/wp-content\/uploads\/2021\/11\/IMG-20211114-WA0011.jpg",355,266,false],"et-pb-portfolio-image-single":["https:\/\/www.psv-wuppertal-leichtathletik.de\/wp-content\/uploads\/2021\/11\/IMG-20211114-WA0011.jpg",355,266,false],"et-pb-gallery-module-image-portrait":["https:\/\/www.psv-wuppertal-leichtathletik.de\/wp-content\/uploads\/2021\/11\/IMG-20211114-WA0011.jpg",355,266,false],"et-pb-post-main-image-fullwidth-large":["https:\/\/www.psv-wuppertal-leichtathletik.de\/wp-content\/uploads\/2021\/11\/IMG-20211114-WA0011.jpg",355,266,false],"et-pb-image--responsive--desktop":["https:\/\/www.psv-wuppertal-leichtathletik.de\/wp-content\/uploads\/2021\/11\/IMG-20211114-WA0011.jpg",355,266,false],"et-pb-image--responsive--tablet":["https:\/\/www.psv-wuppertal-leichtathletik.de\/wp-content\/uploads\/2021\/11\/IMG-20211114-WA0011.jpg",355,266,false],"et-pb-image--responsive--phone":["https:\/\/www.psv-wuppertal-leichtathletik.de\/wp-content\/uploads\/2021\/11\/IMG-20211114-WA0011.jpg",355,266,false],"portfolio_item-thumbnail":["https:\/\/www.psv-wuppertal-leichtathletik.de\/wp-content\/uploads\/2021\/11\/IMG-20211114-WA0011.jpg",355,266,false],"portfolio_item-thumbnail@2x":["https:\/\/www.psv-wuppertal-leichtathletik.de\/wp-content\/uploads\/2021\/11\/IMG-20211114-WA0011.jpg",355,266,false],"portfolio_item-masonry":["https:\/\/www.psv-wuppertal-leichtathletik.de\/wp-content\/uploads\/2021\/11\/IMG-20211114-WA0011.jpg",355,266,false],"portfolio_item-masonry@2x":["https:\/\/www.psv-wuppertal-leichtathletik.de\/wp-content\/uploads\/2021\/11\/IMG-20211114-WA0011.jpg",355,266,false],"portfolio_item-thumbnail_cinema":["https:\/\/www.psv-wuppertal-leichtathletik.de\/wp-content\/uploads\/2021\/11\/IMG-20211114-WA0011.jpg",355,266,false],"portfolio_item-thumbnail_portrait":["https:\/\/www.psv-wuppertal-leichtathletik.de\/wp-content\/uploads\/2021\/11\/IMG-20211114-WA0011.jpg",355,266,false],"portfolio_item-thumbnail_portrait@2x":["https:\/\/www.psv-wuppertal-leichtathletik.de\/wp-content\/uploads\/2021\/11\/IMG-20211114-WA0011.jpg",355,266,false],"portfolio_item-thumbnail_square":["https:\/\/www.psv-wuppertal-leichtathletik.de\/wp-content\/uploads\/2021\/11\/IMG-20211114-WA0011.jpg",355,266,false]},"_links":{"self":[{"href":"https:\/\/www.psv-wuppertal-leichtathletik.de\/index.php?rest_route=\/wp\/v2\/posts\/980","targetHints":{"allow":["GET"]}}],"collection":[{"href":"https:\/\/www.psv-wuppertal-leichtathletik.de\/index.php?rest_route=\/wp\/v2\/posts"}],"about":[{"href":"https:\/\/www.psv-wuppertal-leichtathletik.de\/index.php?rest_route=\/wp\/v2\/types\/post"}],"author":[{"embeddable":true,"href":"https:\/\/www.psv-wuppertal-leichtathletik.de\/index.php?rest_route=\/wp\/v2\/users\/2"}],"replies":[{"embeddable":true,"href":"https:\/\/www.psv-wuppertal-leichtathletik.de\/index.php?rest_route=%2Fwp%2Fv2%2Fcomments&post=980"}],"version-history":[{"count":1,"href":"https:\/\/www.psv-wuppertal-leichtathletik.de\/index.php?rest_route=\/wp\/v2\/posts\/980\/revisions"}],"predecessor-version":[{"id":1017,"href":"https:\/\/www.psv-wuppertal-leichtathletik.de\/index.php?rest_route=\/wp\/v2\/posts\/980\/revisions\/1017"}],"wp:featuredmedia":[{"embeddable":true,"href":"https:\/\/www.psv-wuppertal-leichtathletik.de\/index.php?rest_route=\/wp\/v2\/media\/981"}],"wp:attachment":[{"href":"https:\/\/www.psv-wuppertal-leichtathletik.de\/index.php?rest_route=%2Fwp%2Fv2%2Fmedia&parent=980"}],"wp:term":[{"taxonomy":"category","embeddable":true,"href":"https:\/\/www.psv-wuppertal-leichtathletik.de\/index.php?rest_route=%2Fwp%2Fv2%2Fcategories&post=980"},{"taxonomy":"post_tag","embeddable":true,"href":"https:\/\/www.psv-wuppertal-leichtathletik.de\/index.php?rest_route=%2Fwp%2Fv2%2Ftags&post=980"}],"curies":[{"name":"wp","href":"https:\/\/api.w.org\/{rel}","templated":true}]}}