{"id":985,"date":"2021-11-01T13:12:00","date_gmt":"2021-11-01T13:12:00","guid":{"rendered":"https:\/\/www.psv-wuppertal-leichtathletik.de\/uncategorized\/neusser-rennbahn-cross-100-jahre\/"},"modified":"2023-01-08T17:41:19","modified_gmt":"2023-01-08T17:41:19","slug":"neusser-rennbahn-cross-100-jahre","status":"publish","type":"post","link":"https:\/\/www.psv-wuppertal-leichtathletik.de\/?p=985","title":{"rendered":"Neusser Rennbahn-Cross (100 Jahre Stadtsportverband)"},"content":{"rendered":"<p>&nbsp;<\/p>\n<blockquote style=\"border: none; margin: 0px 0px 0px 40px; padding: 0px;\">\n<blockquote style=\"border: none; margin: 0px 0px 0px 40px; padding: 0px;\">\n<p style=\"text-align: left;\"><b style=\"text-align: center;\"><span style=\"font-size: large;\">Crosslauf auf der Traditions-Galopprennbahn Neuss<\/span><\/b><\/p>\n<\/blockquote>\n<\/blockquote>\n<p style=\"text-align: center;\"><b style=\"text-align: left;\">Im Dauerregen von Neuss ging der PSV mit einigen L\u00e4ufern\/innen an den Start.&nbsp; Auf alle wartete eine schwere Strecke. Aufgeweichte Wiese, Unebenheiten, Baumst\u00e4mme, Heuballen und tiefer, nasser Sand. Alle diese Unwegbarkeiten&nbsp; konnten unsere L\u00e4ufer\/innen nicht von einer tollen Leistung abhalten. Bei der U10 ging unser Duo Sophia und Neele an den Start. Kurz nach dem Start machten sich die M\u00e4dels auf und \u00fcberholten ein M\u00e4dchen nach dem anderen. Kurz vor Ende der 1 Runde \u00fcbernahmen sie die Spitze und setzten sich fortan von den anderen M\u00e4dchen immer weiter ab. Neele hatte heute die gr\u00f6\u00dfere Power und konnte sich mit starkem Schlussspurt von ihrer Freundin Sophia absetzen und das Rennen f\u00fcr sich entscheiden. Kurz nach ihr kam Sophia als 2. ins Ziel. Beide hatten einen riesigen Vorsprung vor der 3. L\u00e4uferin.<\/b><\/p>\n<div class=\"separator\" style=\"clear: both; text-align: center;\"><span style=\"font-size: medium;\"><b><\/p>\n<div class=\"separator\" style=\"clear: both; text-align: right;\"><a href=\"https:\/\/1.bp.blogspot.com\/-q8JYpLzR-qk\/YX2A19pghYI\/AAAAAAAAc5E\/dmCpRIVXICwC44M_93RNEeQrvydwGuqGQCPcBGAsYHg\/s4160\/IMG_20211030_101655.jpg\" style=\"clear: left; float: left; margin-bottom: 1em; margin-right: 1em; text-align: center;\"><\/a><\/p>\n<table cellpadding=\"0\" cellspacing=\"0\" class=\"tr-caption-container\" style=\"float: left;\">\n<tbody>\n<tr>\n<td style=\"text-align: center;\"><a href=\"https:\/\/1.bp.blogspot.com\/-q8JYpLzR-qk\/YX2A19pghYI\/AAAAAAAAc5E\/dmCpRIVXICwC44M_93RNEeQrvydwGuqGQCPcBGAsYHg\/s4160\/IMG_20211030_101655.jpg\" style=\"clear: left; margin-bottom: 1em; margin-left: auto; margin-right: auto; text-align: center;\"><img fetchpriority=\"high\" fetchpriority=\"high\" decoding=\"async\" border=\"0\" data-original-height=\"3120\" data-original-width=\"4160\" height=\"287\" src=\"https:\/\/www.psv-wuppertal-leichtathletik.de\/wp-content\/uploads\/2021\/11\/IMG_20211030_101655.jpg\" class=\"wp-image-986\" width=\"382\" \/><\/a><\/td>\n<\/tr>\n<tr>\n<td class=\"tr-caption\" style=\"text-align: center;\"><b>Auf dem Weg nach vorne<\/b><\/td>\n<\/tr>\n<\/tbody>\n<\/table>\n<table align=\"center\" cellpadding=\"0\" cellspacing=\"0\" class=\"tr-caption-container\" style=\"margin-left: auto; margin-right: auto;\">\n<tbody>\n<tr>\n<td style=\"text-align: center;\"><a href=\"https:\/\/1.bp.blogspot.com\/-y6bt9MVLyJY\/YX2A_E5lfVI\/AAAAAAAAc5I\/IVklpDth6hMvTi4nZ0LrWSXl10aalrVRgCPcBGAsYHg\/s4160\/IMG_20211030_101911.jpg\" style=\"clear: right; margin-bottom: 1em; margin-left: auto; margin-right: auto;\"><img decoding=\"async\" border=\"0\" data-original-height=\"4160\" data-original-width=\"3120\" height=\"303\" src=\"https:\/\/www.psv-wuppertal-leichtathletik.de\/wp-content\/uploads\/2021\/11\/IMG_20211030_101911.jpg\" class=\"wp-image-987\" width=\"247\" \/><\/a><\/td>\n<\/tr>\n<tr>\n<td class=\"tr-caption\" style=\"text-align: center;\"><b>Neele und Sophia an der Spitze<\/b><\/td>\n<\/tr>\n<\/tbody>\n<\/table>\n<\/div>\n<div class=\"separator\" style=\"clear: both; text-align: right;\"><\/div>\n<p><\/b><\/span><\/div>\n<div class=\"separator\" style=\"clear: both; text-align: center;\"><span style=\"font-size: medium;\"><b><\/p>\n<div class=\"separator\" style=\"clear: both; text-align: center;\"><a href=\"https:\/\/1.bp.blogspot.com\/-tQMxBatypdc\/YX2BLXoMQtI\/AAAAAAAAc5M\/M57dh-bEM7MQM9Fy5O2VXiW6TvrJVrz6ACPcBGAsYHg\/s4160\/IMG_20211030_105138.jpg\" style=\"clear: left; float: left; margin-bottom: 1em; margin-left: 1em;\"><\/a><\/div>\n<p><\/b><\/span><\/div>\n<div class=\"separator\" style=\"clear: both; text-align: center;\"><span style=\"font-size: medium;\"><b><\/p>\n<table cellpadding=\"0\" cellspacing=\"0\" class=\"tr-caption-container\" style=\"float: left;\">\n<tbody>\n<tr>\n<td style=\"text-align: center;\"><a href=\"https:\/\/1.bp.blogspot.com\/-v1hqLs7UTAs\/YX2BLSqGnoI\/AAAAAAAAc5M\/oeWLICnOQggaDSlIetQ6qEb34pBkdOs5QCPcBGAsYHg\/s4160\/IMG_20211030_102244.jpg\" style=\"clear: left; display: inline; margin-bottom: 1em; margin-left: auto; margin-right: auto;\"><img decoding=\"async\" border=\"0\" data-original-height=\"4160\" data-original-width=\"3120\" height=\"365\" src=\"https:\/\/www.psv-wuppertal-leichtathletik.de\/wp-content\/uploads\/2021\/11\/IMG_20211030_102244.jpg\" class=\"wp-image-988\" width=\"309\" \/><\/a><\/td>\n<\/tr>\n<tr>\n<td class=\"tr-caption\" style=\"text-align: center;\"><b>fr\u00f6hliche M\u00e4dels<span>&nbsp;&nbsp; &nbsp;<\/span><\/b><\/td>\n<\/tr>\n<\/tbody>\n<\/table>\n<p><\/b><\/span><\/div>\n<blockquote style=\"border: none; margin: 0px 0px 0px 40px; padding: 0px;\">\n<blockquote style=\"border: none; margin: 0px 0px 0px 40px; padding: 0px;\">\n<blockquote style=\"border: none; margin: 0px 0px 0px 40px; padding: 0px;\">\n<blockquote style=\"border: none; margin: 0px 0px 0px 40px; padding: 0px;\">\n<blockquote style=\"border: none; margin: 0px 0px 0px 40px; padding: 0px;\">\n<blockquote style=\"border: none; margin: 0px 0px 0px 40px; padding: 0px;\">\n<table align=\"center\" cellpadding=\"0\" cellspacing=\"0\" class=\"tr-caption-container\" style=\"margin-left: auto; margin-right: auto;\">\n<tbody>\n<tr>\n<td style=\"text-align: center;\"><a href=\"https:\/\/1.bp.blogspot.com\/-tQMxBatypdc\/YX2BLXoMQtI\/AAAAAAAAc5M\/M57dh-bEM7MQM9Fy5O2VXiW6TvrJVrz6ACPcBGAsYHg\/s4160\/IMG_20211030_105138.jpg\" style=\"clear: right; display: inline; font-size: large; font-weight: bold; margin-bottom: 1em; margin-left: auto; margin-right: auto; text-align: center;\"><img loading=\"lazy\" loading=\"lazy\" decoding=\"async\" border=\"0\" data-original-height=\"4160\" data-original-width=\"3120\" height=\"367\" src=\"https:\/\/www.psv-wuppertal-leichtathletik.de\/wp-content\/uploads\/2021\/11\/IMG_20211030_105138.jpg\" class=\"wp-image-989\" width=\"298\" \/><\/a><\/td>\n<\/tr>\n<tr>\n<td class=\"tr-caption\" style=\"text-align: center;\"><b>stolze Siegerinnen<\/b><\/td>\n<\/tr>\n<\/tbody>\n<\/table>\n<\/blockquote>\n<\/blockquote>\n<\/blockquote>\n<\/blockquote>\n<\/blockquote>\n<\/blockquote>\n<p><b>Im n\u00e4chsten Lauf mit PSV Beteiligung ging Hannah auf die Strecke. Sie hielt sich von Anfang an in der Spitzengruppe, konnte aber ganz vorne nicht angreifen. Geschw\u00e4cht durch ihre Krankheit in der vergangenen Woche fehlte am Ende die Kraft, um noch im Endspurt um den 3. Platz gegenzuhalten. Hannah wurde gute 4.. Auf den ersten 6 Pl\u00e4tzen waren 4&nbsp; M\u00e4dchen und nur 2 Jungen.<\/b><\/p>\n<p><b><\/b><\/p>\n<div class=\"separator\" style=\"clear: both; text-align: left;\"><b><a href=\"https:\/\/1.bp.blogspot.com\/-ILJckx-T3Bw\/YX2ndURfqOI\/AAAAAAAAc5s\/7PsOMbwEYRMsXbsQGkNweyixU2QVVdJmwCPcBGAsYHg\/s4160\/IMG_20211030_105653.jpg\" style=\"margin-left: 1em; margin-right: 1em;\"><img loading=\"lazy\" loading=\"lazy\" decoding=\"async\" border=\"0\" data-original-height=\"3120\" data-original-width=\"4160\" height=\"286\" src=\"https:\/\/www.psv-wuppertal-leichtathletik.de\/wp-content\/uploads\/2021\/11\/IMG_20211030_105653.jpg\" class=\"wp-image-990\" width=\"336\" \/><\/a><a href=\"https:\/\/1.bp.blogspot.com\/-f0l3UmXAs-E\/YX2ndejxVOI\/AAAAAAAAc5s\/87iz9s1S7LE8LQFfaSfrD6348MCBvm3OACPcBGAsYHg\/s4160\/IMG_20211030_105645.jpg\" style=\"clear: right; display: inline; margin-bottom: 1em; margin-left: 1em; text-align: center;\"><img loading=\"lazy\" loading=\"lazy\" decoding=\"async\" border=\"0\" data-original-height=\"4160\" data-original-width=\"3120\" height=\"320\" src=\"https:\/\/www.psv-wuppertal-leichtathletik.de\/wp-content\/uploads\/2021\/11\/IMG_20211030_105645.jpg\" class=\"wp-image-991\" width=\"240\" \/><\/a><\/b><\/div>\n<p><b><br \/><\/b><b>Um 12.30 Uhr gingen Tim und Florian auf die 3900m lange, schwere Crosstrecke. Unsere U14&#8217;er starteten im Jedermannlauf und waren mit Abstand die J\u00fcngsten. Beide wurden in der U18&nbsp; gewertet. Tim und Florian setzten sich gegen die 3-4 Jahre \u00e4lteren und k\u00f6rperlich \u00fcberlegenen Gegner stark in Szene.<\/b><\/p>\n<div><b>Direkt nach dem Start orientierten sich unsere beiden L\u00e4ufer in Richtung Spitze. Flo versuchte sich an den F\u00fchrenden zu h\u00e4ngen und lief in dessen Kielwasser. Tim k\u00e4mpfte sich einige Pl\u00e4tze dahinter \u00fcber die matschige Strecke und belohnte sich am Ende mit einem tollen 5. Platz. Flo wehrte alle Angriffe von hinten souver\u00e4n ab und erzielte einen ungef\u00e4hrdeten 2. Platz.&nbsp;<\/b><\/p>\n<div><b><br \/><\/b><\/p>\n<div><b>Lockerungs\u00fcbungen kurz vor dem Start !<br \/><\/b><\/p>\n<div>\n<div class=\"separator\" style=\"clear: both; text-align: left;\"><a href=\"https:\/\/1.bp.blogspot.com\/-OZ2TWyjm1fs\/YX2rLVaht3I\/AAAAAAAAc54\/dVKWlrEZOY0rRmt_FG-f8XVZG_M_t0eFgCPcBGAsYHg\/s4160\/IMG_20211030_122828.jpg\" style=\"clear: left; float: left; margin-bottom: 1em; margin-right: 1em;\"><img loading=\"lazy\" loading=\"lazy\" decoding=\"async\" border=\"0\" data-original-height=\"4160\" data-original-width=\"3120\" height=\"333\" src=\"https:\/\/www.psv-wuppertal-leichtathletik.de\/wp-content\/uploads\/2021\/11\/IMG_20211030_122828.jpg\" class=\"wp-image-992\" width=\"289\" \/><\/a><a href=\"https:\/\/1.bp.blogspot.com\/-IJXjJUrL5hk\/YX2rLRPAHII\/AAAAAAAAc54\/JXJhMX9J6o4LHr0mqc7gtKfTCUiesxk3wCPcBGAsYHg\/s4160\/IMG_20211030_122816.jpg\" style=\"clear: right; float: right; margin-bottom: 1em; margin-left: 1em; text-align: center;\"><img loading=\"lazy\" loading=\"lazy\" decoding=\"async\" border=\"0\" data-original-height=\"4160\" data-original-width=\"3120\" height=\"332\" src=\"https:\/\/www.psv-wuppertal-leichtathletik.de\/wp-content\/uploads\/2021\/11\/IMG_20211030_122816.jpg\" class=\"wp-image-993\" width=\"268\" \/><\/a><\/div>\n<p><\/p>\n<div class=\"separator\" style=\"clear: both; text-align: left;\"><a href=\"https:\/\/1.bp.blogspot.com\/-FzcrhijL1tQ\/YX2rLajYc9I\/AAAAAAAAc54\/KVADv4k-aiAdIp7l27-PFdxXhK2fISofgCPcBGAsYHg\/s4160\/IMG_20211030_123737.jpg\" style=\"clear: left; float: left; margin-bottom: 1em; margin-right: 1em;\"><img loading=\"lazy\" loading=\"lazy\" decoding=\"async\" border=\"0\" data-original-height=\"4160\" data-original-width=\"3120\" height=\"320\" src=\"https:\/\/www.psv-wuppertal-leichtathletik.de\/wp-content\/uploads\/2021\/11\/IMG_20211030_123737.jpg\" class=\"wp-image-994\" width=\"266\" \/><\/a><a href=\"https:\/\/1.bp.blogspot.com\/-_khXxIIcppU\/YX2rLUpMvDI\/AAAAAAAAc54\/oDo2oAVeEiAI4FfSZFCd9G7X5qIsniijwCPcBGAsYHg\/s4160\/IMG_20211030_124648.jpg\" style=\"clear: right; float: right; margin-bottom: 1em; margin-left: 1em; text-align: center;\"><img loading=\"lazy\" loading=\"lazy\" decoding=\"async\" border=\"0\" data-original-height=\"4160\" data-original-width=\"3120\" height=\"320\" src=\"https:\/\/www.psv-wuppertal-leichtathletik.de\/wp-content\/uploads\/2021\/11\/IMG_20211030_124648.jpg\" class=\"wp-image-995\" width=\"258\" \/><\/a><\/div>\n<div><\/div>\n<div><\/div>\n<div><\/div>\n<div><\/div>\n<div><\/div>\n<div><\/div>\n<div><\/div>\n<div><\/div>\n<div><b>Flo und Tim&nbsp; &nbsp; &nbsp; &nbsp;auf den letzten Metern zum&nbsp; &nbsp; &nbsp; &nbsp; &nbsp; &nbsp; &nbsp;Ziel<\/b><\/div>\n<div class=\"separator\" style=\"clear: both; text-align: right;\"><a href=\"https:\/\/1.bp.blogspot.com\/-TuwAy2RHJq0\/YX2rLYLO02I\/AAAAAAAAc54\/YmY24cahmyMtW5klBNUyUYHelBv6cshywCPcBGAsYHg\/s4160\/IMG_20211030_125150.jpg\" style=\"clear: right; float: right; margin-bottom: 1em; margin-left: 1em; text-align: center;\"><img loading=\"lazy\" loading=\"lazy\" decoding=\"async\" border=\"0\" data-original-height=\"4160\" data-original-width=\"3120\" height=\"334\" src=\"https:\/\/www.psv-wuppertal-leichtathletik.de\/wp-content\/uploads\/2021\/11\/IMG_20211030_125150.jpg\" class=\"wp-image-996\" width=\"268\" \/><\/a><a href=\"https:\/\/1.bp.blogspot.com\/-rCBqHYlI_pc\/YX2rLW5sudI\/AAAAAAAAc54\/4UN2oRL7IyQi3JOrWEeN1v4E8vA2pk3AgCPcBGAsYHg\/s4160\/IMG_20211030_125126.jpg\" style=\"clear: left; float: left; margin-bottom: 1em; margin-right: 1em;\"><img loading=\"lazy\" loading=\"lazy\" decoding=\"async\" border=\"0\" data-original-height=\"4160\" data-original-width=\"3120\" height=\"329\" src=\"https:\/\/www.psv-wuppertal-leichtathletik.de\/wp-content\/uploads\/2021\/11\/IMG_20211030_125126.jpg\" class=\"wp-image-997\" width=\"262\" \/><\/a><\/div>\n<div><\/div>\n<div><\/div>\n<div><\/div>\n<div><\/div>\n<div><\/div>\n<div><\/div>\n<div><\/div>\n<div><\/div>\n<div>&nbsp; &nbsp; &nbsp; &nbsp; &nbsp; &nbsp; &nbsp; &nbsp; &nbsp; &nbsp; &nbsp; &nbsp; &nbsp; &nbsp; <b>abgek\u00e4mpft und gl\u00fccklich&nbsp; &nbsp; &nbsp; &nbsp; &nbsp; &nbsp; &nbsp; &nbsp; &nbsp; &nbsp; &nbsp; &nbsp; &nbsp; &nbsp; &nbsp; &nbsp; &nbsp; &nbsp; die 2 vom&nbsp; &nbsp; &nbsp; &nbsp; &nbsp; &nbsp; &nbsp; &nbsp; PSV&nbsp;<\/b> &nbsp; &nbsp; &nbsp; &nbsp; &nbsp; &nbsp; &nbsp; &nbsp; &nbsp; &nbsp; &nbsp; &nbsp; &nbsp; &nbsp; &nbsp; &nbsp; &nbsp; &nbsp; &nbsp; &nbsp; &nbsp; &nbsp; &nbsp; &nbsp;&nbsp;<\/div>\n<div><\/div>\n<div><\/div>\n<div><\/div>\n<div><\/div>\n<p><\/p>\n<p><\/p>\n<p><\/p>\n<p>&nbsp;<\/p>\n<\/div>\n<\/div>\n<\/div>\n<\/div>\n","protected":false},"excerpt":{"rendered":"<p>&nbsp; Crosslauf auf der Traditions-Galopprennbahn Neuss Im Dauerregen von Neuss ging der PSV mit einigen L\u00e4ufern\/innen an den Start.&nbsp; Auf alle wartete eine schwere Strecke. Aufgeweichte Wiese, Unebenheiten, Baumst\u00e4mme, Heuballen und tiefer, nasser Sand. Alle diese Unwegbarkeiten&nbsp; konnten unsere L\u00e4ufer\/innen nicht von einer tollen Leistung abhalten. Bei der U10 ging unser Duo Sophia und Neele [&hellip;]<\/p>\n","protected":false},"author":2,"featured_media":986,"comment_status":"open","ping_status":"closed","sticky":false,"template":"","format":"standard","meta":{"_et_pb_use_builder":"","_et_pb_old_content":"","_et_gb_content_width":"","footnotes":""},"categories":[20,1],"tags":[],"class_list":["post-985","post","type-post","status-publish","format-standard","has-post-thumbnail","hentry","category-alte-beitraege","category-uncategorized"],"featured_media_urls":{"thumbnail":["https:\/\/www.psv-wuppertal-leichtathletik.de\/wp-content\/uploads\/2021\/11\/IMG_20211030_101655.jpg",150,112,false],"medium":["https:\/\/www.psv-wuppertal-leichtathletik.de\/wp-content\/uploads\/2021\/11\/IMG_20211030_101655.jpg",300,225,false],"medium_large":["https:\/\/www.psv-wuppertal-leichtathletik.de\/wp-content\/uploads\/2021\/11\/IMG_20211030_101655.jpg",382,286,false],"large":["https:\/\/www.psv-wuppertal-leichtathletik.de\/wp-content\/uploads\/2021\/11\/IMG_20211030_101655.jpg",382,286,false],"1536x1536":["https:\/\/www.psv-wuppertal-leichtathletik.de\/wp-content\/uploads\/2021\/11\/IMG_20211030_101655.jpg",382,286,false],"2048x2048":["https:\/\/www.psv-wuppertal-leichtathletik.de\/wp-content\/uploads\/2021\/11\/IMG_20211030_101655.jpg",382,286,false],"et-pb-post-main-image":["https:\/\/www.psv-wuppertal-leichtathletik.de\/wp-content\/uploads\/2021\/11\/IMG_20211030_101655.jpg",334,250,false],"et-pb-post-main-image-fullwidth":["https:\/\/www.psv-wuppertal-leichtathletik.de\/wp-content\/uploads\/2021\/11\/IMG_20211030_101655.jpg",382,286,false],"et-pb-portfolio-image":["https:\/\/www.psv-wuppertal-leichtathletik.de\/wp-content\/uploads\/2021\/11\/IMG_20211030_101655.jpg",379,284,false],"et-pb-portfolio-module-image":["https:\/\/www.psv-wuppertal-leichtathletik.de\/wp-content\/uploads\/2021\/11\/IMG_20211030_101655.jpg",382,286,false],"et-pb-portfolio-image-single":["https:\/\/www.psv-wuppertal-leichtathletik.de\/wp-content\/uploads\/2021\/11\/IMG_20211030_101655.jpg",382,286,false],"et-pb-gallery-module-image-portrait":["https:\/\/www.psv-wuppertal-leichtathletik.de\/wp-content\/uploads\/2021\/11\/IMG_20211030_101655.jpg",382,286,false],"et-pb-post-main-image-fullwidth-large":["https:\/\/www.psv-wuppertal-leichtathletik.de\/wp-content\/uploads\/2021\/11\/IMG_20211030_101655.jpg",382,286,false],"et-pb-image--responsive--desktop":["https:\/\/www.psv-wuppertal-leichtathletik.de\/wp-content\/uploads\/2021\/11\/IMG_20211030_101655.jpg",382,286,false],"et-pb-image--responsive--tablet":["https:\/\/www.psv-wuppertal-leichtathletik.de\/wp-content\/uploads\/2021\/11\/IMG_20211030_101655.jpg",382,286,false],"et-pb-image--responsive--phone":["https:\/\/www.psv-wuppertal-leichtathletik.de\/wp-content\/uploads\/2021\/11\/IMG_20211030_101655.jpg",361,270,false],"portfolio_item-thumbnail":["https:\/\/www.psv-wuppertal-leichtathletik.de\/wp-content\/uploads\/2021\/11\/IMG_20211030_101655.jpg",382,286,false],"portfolio_item-thumbnail@2x":["https:\/\/www.psv-wuppertal-leichtathletik.de\/wp-content\/uploads\/2021\/11\/IMG_20211030_101655.jpg",382,286,false],"portfolio_item-masonry":["https:\/\/www.psv-wuppertal-leichtathletik.de\/wp-content\/uploads\/2021\/11\/IMG_20211030_101655.jpg",382,286,false],"portfolio_item-masonry@2x":["https:\/\/www.psv-wuppertal-leichtathletik.de\/wp-content\/uploads\/2021\/11\/IMG_20211030_101655.jpg",382,286,false],"portfolio_item-thumbnail_cinema":["https:\/\/www.psv-wuppertal-leichtathletik.de\/wp-content\/uploads\/2021\/11\/IMG_20211030_101655.jpg",382,286,false],"portfolio_item-thumbnail_portrait":["https:\/\/www.psv-wuppertal-leichtathletik.de\/wp-content\/uploads\/2021\/11\/IMG_20211030_101655.jpg",382,286,false],"portfolio_item-thumbnail_portrait@2x":["https:\/\/www.psv-wuppertal-leichtathletik.de\/wp-content\/uploads\/2021\/11\/IMG_20211030_101655.jpg",382,286,false],"portfolio_item-thumbnail_square":["https:\/\/www.psv-wuppertal-leichtathletik.de\/wp-content\/uploads\/2021\/11\/IMG_20211030_101655.jpg",382,286,false]},"_links":{"self":[{"href":"https:\/\/www.psv-wuppertal-leichtathletik.de\/index.php?rest_route=\/wp\/v2\/posts\/985","targetHints":{"allow":["GET"]}}],"collection":[{"href":"https:\/\/www.psv-wuppertal-leichtathletik.de\/index.php?rest_route=\/wp\/v2\/posts"}],"about":[{"href":"https:\/\/www.psv-wuppertal-leichtathletik.de\/index.php?rest_route=\/wp\/v2\/types\/post"}],"author":[{"embeddable":true,"href":"https:\/\/www.psv-wuppertal-leichtathletik.de\/index.php?rest_route=\/wp\/v2\/users\/2"}],"replies":[{"embeddable":true,"href":"https:\/\/www.psv-wuppertal-leichtathletik.de\/index.php?rest_route=%2Fwp%2Fv2%2Fcomments&post=985"}],"version-history":[{"count":1,"href":"https:\/\/www.psv-wuppertal-leichtathletik.de\/index.php?rest_route=\/wp\/v2\/posts\/985\/revisions"}],"predecessor-version":[{"id":1018,"href":"https:\/\/www.psv-wuppertal-leichtathletik.de\/index.php?rest_route=\/wp\/v2\/posts\/985\/revisions\/1018"}],"wp:featuredmedia":[{"embeddable":true,"href":"https:\/\/www.psv-wuppertal-leichtathletik.de\/index.php?rest_route=\/wp\/v2\/media\/986"}],"wp:attachment":[{"href":"https:\/\/www.psv-wuppertal-leichtathletik.de\/index.php?rest_route=%2Fwp%2Fv2%2Fmedia&parent=985"}],"wp:term":[{"taxonomy":"category","embeddable":true,"href":"https:\/\/www.psv-wuppertal-leichtathletik.de\/index.php?rest_route=%2Fwp%2Fv2%2Fcategories&post=985"},{"taxonomy":"post_tag","embeddable":true,"href":"https:\/\/www.psv-wuppertal-leichtathletik.de\/index.php?rest_route=%2Fwp%2Fv2%2Ftags&post=985"}],"curies":[{"name":"wp","href":"https:\/\/api.w.org\/{rel}","templated":true}]}}